{"id":10000,"date":"2021-02-04T18:10:52","date_gmt":"2021-02-05T00:10:52","guid":{"rendered":"http:\/\/volcanes.net\/?p=10000"},"modified":"2021-02-04T18:10:52","modified_gmt":"2021-02-05T00:10:52","slug":"presidente-municipal-de-amecameca-se-reune-con-familiares-de-la-joven-desaparecida-dulce-karen","status":"publish","type":"post","link":"https:\/\/volcanes.net\/?p=10000","title":{"rendered":"Presidente municipal de Amecameca se re\u00fane con familiares de la joven desaparecida Dulce Karen"},"content":{"rendered":"<div style=\"margin-top: 0px; margin-bottom: 0px;\" class=\"sharethis-inline-share-buttons\" ><\/div><p style=\"text-align: justify;\">Amecameca de Ju\u00e1rez.- Familiares de Dulce Karen Conde P\u00e9rez, de 20 a\u00f1os de edad, quien desapareci\u00f3 el pasado 24 de enero se reunieron con el Presidente Municipal Miguel \u00c1ngel Salom\u00f3n Cort\u00e9s a quien solicitaron apoyo para localizar a la joven oriunda de la Delegaci\u00f3n de San Pedro Nexapa.<\/p>\n<p style=\"text-align: justify;\">Luego de escuchar a los familiares el Presidente Municipal les manifest\u00f3 todo su apoyo y adelant\u00f3 que personalmente estar\u00e1 al frente de las reuniones que se realicen con las autoridades competentes hasta dar con el paradero de la joven, quien adem\u00e1s es mam\u00e1 de una menor.<\/p>\n<p style=\"text-align: justify;\">Cabe mencionar que la familia enfatiz\u00f3 en que la hoy desaparecida mientras estuvo casada padeci\u00f3 de violencia intrafamiliar, incluso a\u00fan despu\u00e9s de separarse de su pareja, que aunque nunca denunci\u00f3 la situaci\u00f3n si la comentaba frecuentemente con sus familiares m\u00e1s cercanos.<\/p>\n<p style=\"text-align: justify;\">Ah\u00ed mismo la familia solicit\u00f3 el apoyo del sistema DIF para atender el asunto de la hija menor de Dulce Karen, por lo que inmediatamente fueron atendidos por personal del DIF Amecameca<\/p>\n","protected":false},"excerpt":{"rendered":"<p>Amecameca de Ju\u00e1rez.- Familiares de Dulce Karen Conde P\u00e9rez, de 20 a\u00f1os de edad, quien<\/p>\n","protected":false},"author":1,"featured_media":10001,"comment_status":"open","ping_status":"open","sticky":false,"template":"","format":"standard","meta":{"footnotes":""},"categories":[1],"tags":[7],"class_list":["post-10000","post","type-post","status-publish","format-standard","has-post-thumbnail","hentry","category-municipales","tag-amecameca"],"yoast_head":"<!-- This site is optimized with the Yoast SEO plugin v25.3 - https:\/\/yoast.com\/wordpress\/plugins\/seo\/ -->\n<title>Presidente municipal de Amecameca se re\u00fane con familiares de la joven desaparecida Dulce Karen - Volcanes<\/title>\n<meta name=\"robots\" content=\"index, follow, max-snippet:-1, max-image-preview:large, max-video-preview:-1\" \/>\n<link rel=\"canonical\" href=\"https:\/\/volcanes.net\/?p=10000\" \/>\n<meta property=\"og:locale\" content=\"es_MX\" \/>\n<meta property=\"og:type\" content=\"article\" \/>\n<meta property=\"og:title\" content=\"Presidente municipal de Amecameca se re\u00fane con familiares de la joven desaparecida Dulce Karen - Volcanes\" \/>\n<meta property=\"og:description\" content=\"Amecameca de Ju\u00e1rez.- Familiares de Dulce Karen Conde P\u00e9rez, de 20 a\u00f1os de edad, quien\" \/>\n<meta property=\"og:url\" content=\"https:\/\/volcanes.net\/?p=10000\" \/>\n<meta property=\"og:site_name\" content=\"Volcanes\" \/>\n<meta property=\"article:publisher\" content=\"https:\/\/www.facebook.com\/volcanes.net\/\" \/>\n<meta property=\"article:published_time\" content=\"2021-02-05T00:10:52+00:00\" \/>\n<meta property=\"og:image\" content=\"https:\/\/volcanes.net\/wp-content\/uploads\/2021\/02\/IMG-20210204-WA0030.jpg\" \/>\n\t<meta property=\"og:image:width\" content=\"1073\" \/>\n\t<meta property=\"og:image:height\" content=\"719\" \/>\n\t<meta property=\"og:image:type\" content=\"image\/jpeg\" \/>\n<meta name=\"author\" content=\"admin\" \/>\n<meta name=\"twitter:card\" content=\"summary_large_image\" \/>\n<meta name=\"twitter:label1\" content=\"Escrito por\" \/>\n\t<meta name=\"twitter:data1\" content=\"admin\" \/>\n\t<meta name=\"twitter:label2\" content=\"Tiempo de lectura\" \/>\n\t<meta name=\"twitter:data2\" content=\"1 minuto\" \/>\n<script type=\"application\/ld+json\" class=\"yoast-schema-graph\">{\"@context\":\"https:\/\/schema.org\",\"@graph\":[{\"@type\":\"Article\",\"@id\":\"https:\/\/volcanes.net\/?p=10000#article\",\"isPartOf\":{\"@id\":\"https:\/\/volcanes.net\/?p=10000\"},\"author\":{\"name\":\"admin\",\"@id\":\"https:\/\/volcanes.net\/#\/schema\/person\/4bf0f383940966a4abd53f5048c0e6b9\"},\"headline\":\"Presidente municipal de Amecameca se re\u00fane con familiares de la joven desaparecida Dulce Karen\",\"datePublished\":\"2021-02-05T00:10:52+00:00\",\"mainEntityOfPage\":{\"@id\":\"https:\/\/volcanes.net\/?p=10000\"},\"wordCount\":192,\"commentCount\":0,\"publisher\":{\"@id\":\"https:\/\/volcanes.net\/#organization\"},\"image\":{\"@id\":\"https:\/\/volcanes.net\/?p=10000#primaryimage\"},\"thumbnailUrl\":\"https:\/\/volcanes.net\/wp-content\/uploads\/2021\/02\/IMG-20210204-WA0030.jpg\",\"keywords\":[\"Amecameca\"],\"articleSection\":[\"Municipales\"],\"inLanguage\":\"es\",\"potentialAction\":[{\"@type\":\"CommentAction\",\"name\":\"Comment\",\"target\":[\"https:\/\/volcanes.net\/?p=10000#respond\"]}]},{\"@type\":\"WebPage\",\"@id\":\"https:\/\/volcanes.net\/?p=10000\",\"url\":\"https:\/\/volcanes.net\/?p=10000\",\"name\":\"Presidente municipal de Amecameca se re\u00fane con familiares de la joven desaparecida Dulce Karen - Volcanes\",\"isPartOf\":{\"@id\":\"https:\/\/volcanes.net\/#website\"},\"primaryImageOfPage\":{\"@id\":\"https:\/\/volcanes.net\/?p=10000#primaryimage\"},\"image\":{\"@id\":\"https:\/\/volcanes.net\/?p=10000#primaryimage\"},\"thumbnailUrl\":\"https:\/\/volcanes.net\/wp-content\/uploads\/2021\/02\/IMG-20210204-WA0030.jpg\",\"datePublished\":\"2021-02-05T00:10:52+00:00\",\"breadcrumb\":{\"@id\":\"https:\/\/volcanes.net\/?p=10000#breadcrumb\"},\"inLanguage\":\"es\",\"potentialAction\":[{\"@type\":\"ReadAction\",\"target\":[\"https:\/\/volcanes.net\/?p=10000\"]}]},{\"@type\":\"ImageObject\",\"inLanguage\":\"es\",\"@id\":\"https:\/\/volcanes.net\/?p=10000#primaryimage\",\"url\":\"https:\/\/volcanes.net\/wp-content\/uploads\/2021\/02\/IMG-20210204-WA0030.jpg\",\"contentUrl\":\"https:\/\/volcanes.net\/wp-content\/uploads\/2021\/02\/IMG-20210204-WA0030.jpg\",\"width\":1073,\"height\":719},{\"@type\":\"BreadcrumbList\",\"@id\":\"https:\/\/volcanes.net\/?p=10000#breadcrumb\",\"itemListElement\":[{\"@type\":\"ListItem\",\"position\":1,\"name\":\"Portada\",\"item\":\"https:\/\/volcanes.net\/\"},{\"@type\":\"ListItem\",\"position\":2,\"name\":\"Presidente municipal de Amecameca se re\u00fane con familiares de la joven desaparecida Dulce Karen\"}]},{\"@type\":\"WebSite\",\"@id\":\"https:\/\/volcanes.net\/#website\",\"url\":\"https:\/\/volcanes.net\/\",\"name\":\"Volcanes.Net\",\"description\":\"Periodismo Profesional\",\"publisher\":{\"@id\":\"https:\/\/volcanes.net\/#organization\"},\"potentialAction\":[{\"@type\":\"SearchAction\",\"target\":{\"@type\":\"EntryPoint\",\"urlTemplate\":\"https:\/\/volcanes.net\/?s={search_term_string}\"},\"query-input\":{\"@type\":\"PropertyValueSpecification\",\"valueRequired\":true,\"valueName\":\"search_term_string\"}}],\"inLanguage\":\"es\"},{\"@type\":\"Organization\",\"@id\":\"https:\/\/volcanes.net\/#organization\",\"name\":\"Grupo Volcanes\",\"url\":\"https:\/\/volcanes.net\/\",\"logo\":{\"@type\":\"ImageObject\",\"inLanguage\":\"es\",\"@id\":\"https:\/\/volcanes.net\/#\/schema\/logo\/image\/\",\"url\":\"http:\/\/volcanes.net\/wp-content\/uploads\/2017\/12\/Avatar2.jpg\",\"contentUrl\":\"http:\/\/volcanes.net\/wp-content\/uploads\/2017\/12\/Avatar2.jpg\",\"width\":378,\"height\":378,\"caption\":\"Grupo Volcanes\"},\"image\":{\"@id\":\"https:\/\/volcanes.net\/#\/schema\/logo\/image\/\"},\"sameAs\":[\"https:\/\/www.facebook.com\/volcanes.net\/\"]},{\"@type\":\"Person\",\"@id\":\"https:\/\/volcanes.net\/#\/schema\/person\/4bf0f383940966a4abd53f5048c0e6b9\",\"name\":\"admin\",\"image\":{\"@type\":\"ImageObject\",\"inLanguage\":\"es\",\"@id\":\"https:\/\/volcanes.net\/#\/schema\/person\/image\/\",\"url\":\"https:\/\/secure.gravatar.com\/avatar\/ca004e6cba8462b8cb7abc86e382930c?s=96&d=mm&r=g\",\"contentUrl\":\"https:\/\/secure.gravatar.com\/avatar\/ca004e6cba8462b8cb7abc86e382930c?s=96&d=mm&r=g\",\"caption\":\"admin\"}}]}<\/script>\n<!-- \/ Yoast SEO plugin. -->","yoast_head_json":{"title":"Presidente municipal de Amecameca se re\u00fane con familiares de la joven desaparecida Dulce Karen - Volcanes","robots":{"index":"index","follow":"follow","max-snippet":"max-snippet:-1","max-image-preview":"max-image-preview:large","max-video-preview":"max-video-preview:-1"},"canonical":"https:\/\/volcanes.net\/?p=10000","og_locale":"es_MX","og_type":"article","og_title":"Presidente municipal de Amecameca se re\u00fane con familiares de la joven desaparecida Dulce Karen - Volcanes","og_description":"Amecameca de Ju\u00e1rez.- Familiares de Dulce Karen Conde P\u00e9rez, de 20 a\u00f1os de edad, quien","og_url":"https:\/\/volcanes.net\/?p=10000","og_site_name":"Volcanes","article_publisher":"https:\/\/www.facebook.com\/volcanes.net\/","article_published_time":"2021-02-05T00:10:52+00:00","og_image":[{"width":1073,"height":719,"url":"https:\/\/volcanes.net\/wp-content\/uploads\/2021\/02\/IMG-20210204-WA0030.jpg","type":"image\/jpeg"}],"author":"admin","twitter_card":"summary_large_image","twitter_misc":{"Escrito por":"admin","Tiempo de lectura":"1 minuto"},"schema":{"@context":"https:\/\/schema.org","@graph":[{"@type":"Article","@id":"https:\/\/volcanes.net\/?p=10000#article","isPartOf":{"@id":"https:\/\/volcanes.net\/?p=10000"},"author":{"name":"admin","@id":"https:\/\/volcanes.net\/#\/schema\/person\/4bf0f383940966a4abd53f5048c0e6b9"},"headline":"Presidente municipal de Amecameca se re\u00fane con familiares de la joven desaparecida Dulce Karen","datePublished":"2021-02-05T00:10:52+00:00","mainEntityOfPage":{"@id":"https:\/\/volcanes.net\/?p=10000"},"wordCount":192,"commentCount":0,"publisher":{"@id":"https:\/\/volcanes.net\/#organization"},"image":{"@id":"https:\/\/volcanes.net\/?p=10000#primaryimage"},"thumbnailUrl":"https:\/\/volcanes.net\/wp-content\/uploads\/2021\/02\/IMG-20210204-WA0030.jpg","keywords":["Amecameca"],"articleSection":["Municipales"],"inLanguage":"es","potentialAction":[{"@type":"CommentAction","name":"Comment","target":["https:\/\/volcanes.net\/?p=10000#respond"]}]},{"@type":"WebPage","@id":"https:\/\/volcanes.net\/?p=10000","url":"https:\/\/volcanes.net\/?p=10000","name":"Presidente municipal de Amecameca se re\u00fane con familiares de la joven desaparecida Dulce Karen - Volcanes","isPartOf":{"@id":"https:\/\/volcanes.net\/#website"},"primaryImageOfPage":{"@id":"https:\/\/volcanes.net\/?p=10000#primaryimage"},"image":{"@id":"https:\/\/volcanes.net\/?p=10000#primaryimage"},"thumbnailUrl":"https:\/\/volcanes.net\/wp-content\/uploads\/2021\/02\/IMG-20210204-WA0030.jpg","datePublished":"2021-02-05T00:10:52+00:00","breadcrumb":{"@id":"https:\/\/volcanes.net\/?p=10000#breadcrumb"},"inLanguage":"es","potentialAction":[{"@type":"ReadAction","target":["https:\/\/volcanes.net\/?p=10000"]}]},{"@type":"ImageObject","inLanguage":"es","@id":"https:\/\/volcanes.net\/?p=10000#primaryimage","url":"https:\/\/volcanes.net\/wp-content\/uploads\/2021\/02\/IMG-20210204-WA0030.jpg","contentUrl":"https:\/\/volcanes.net\/wp-content\/uploads\/2021\/02\/IMG-20210204-WA0030.jpg","width":1073,"height":719},{"@type":"BreadcrumbList","@id":"https:\/\/volcanes.net\/?p=10000#breadcrumb","itemListElement":[{"@type":"ListItem","position":1,"name":"Portada","item":"https:\/\/volcanes.net\/"},{"@type":"ListItem","position":2,"name":"Presidente municipal de Amecameca se re\u00fane con familiares de la joven desaparecida Dulce Karen"}]},{"@type":"WebSite","@id":"https:\/\/volcanes.net\/#website","url":"https:\/\/volcanes.net\/","name":"Volcanes.Net","description":"Periodismo Profesional","publisher":{"@id":"https:\/\/volcanes.net\/#organization"},"potentialAction":[{"@type":"SearchAction","target":{"@type":"EntryPoint","urlTemplate":"https:\/\/volcanes.net\/?s={search_term_string}"},"query-input":{"@type":"PropertyValueSpecification","valueRequired":true,"valueName":"search_term_string"}}],"inLanguage":"es"},{"@type":"Organization","@id":"https:\/\/volcanes.net\/#organization","name":"Grupo Volcanes","url":"https:\/\/volcanes.net\/","logo":{"@type":"ImageObject","inLanguage":"es","@id":"https:\/\/volcanes.net\/#\/schema\/logo\/image\/","url":"http:\/\/volcanes.net\/wp-content\/uploads\/2017\/12\/Avatar2.jpg","contentUrl":"http:\/\/volcanes.net\/wp-content\/uploads\/2017\/12\/Avatar2.jpg","width":378,"height":378,"caption":"Grupo Volcanes"},"image":{"@id":"https:\/\/volcanes.net\/#\/schema\/logo\/image\/"},"sameAs":["https:\/\/www.facebook.com\/volcanes.net\/"]},{"@type":"Person","@id":"https:\/\/volcanes.net\/#\/schema\/person\/4bf0f383940966a4abd53f5048c0e6b9","name":"admin","image":{"@type":"ImageObject","inLanguage":"es","@id":"https:\/\/volcanes.net\/#\/schema\/person\/image\/","url":"https:\/\/secure.gravatar.com\/avatar\/ca004e6cba8462b8cb7abc86e382930c?s=96&d=mm&r=g","contentUrl":"https:\/\/secure.gravatar.com\/avatar\/ca004e6cba8462b8cb7abc86e382930c?s=96&d=mm&r=g","caption":"admin"}}]}},"_links":{"self":[{"href":"https:\/\/volcanes.net\/index.php?rest_route=\/wp\/v2\/posts\/10000"}],"collection":[{"href":"https:\/\/volcanes.net\/index.php?rest_route=\/wp\/v2\/posts"}],"about":[{"href":"https:\/\/volcanes.net\/index.php?rest_route=\/wp\/v2\/types\/post"}],"author":[{"embeddable":true,"href":"https:\/\/volcanes.net\/index.php?rest_route=\/wp\/v2\/users\/1"}],"replies":[{"embeddable":true,"href":"https:\/\/volcanes.net\/index.php?rest_route=%2Fwp%2Fv2%2Fcomments&post=10000"}],"version-history":[{"count":1,"href":"https:\/\/volcanes.net\/index.php?rest_route=\/wp\/v2\/posts\/10000\/revisions"}],"predecessor-version":[{"id":10002,"href":"https:\/\/volcanes.net\/index.php?rest_route=\/wp\/v2\/posts\/10000\/revisions\/10002"}],"wp:featuredmedia":[{"embeddable":true,"href":"https:\/\/volcanes.net\/index.php?rest_route=\/wp\/v2\/media\/10001"}],"wp:attachment":[{"href":"https:\/\/volcanes.net\/index.php?rest_route=%2Fwp%2Fv2%2Fmedia&parent=10000"}],"wp:term":[{"taxonomy":"category","embeddable":true,"href":"https:\/\/volcanes.net\/index.php?rest_route=%2Fwp%2Fv2%2Fcategories&post=10000"},{"taxonomy":"post_tag","embeddable":true,"href":"https:\/\/volcanes.net\/index.php?rest_route=%2Fwp%2Fv2%2Ftags&post=10000"}],"curies":[{"name":"wp","href":"https:\/\/api.w.org\/{rel}","templated":true}]}}