{"id":10028,"date":"2021-02-06T13:42:27","date_gmt":"2021-02-06T19:42:27","guid":{"rendered":"http:\/\/volcanes.net\/?p=10028"},"modified":"2021-02-06T13:42:27","modified_gmt":"2021-02-06T19:42:27","slug":"conmemoran-en-chalco-el-104-aniversario-de-la-promulgacion-de-la-constitucion-politica-de-los-estados-unidos-mexicanos","status":"publish","type":"post","link":"https:\/\/volcanes.net\/?p=10028","title":{"rendered":"Conmemoran en Chalco el 104 Aniversario de la Promulgaci\u00f3n de la Constituci\u00f3n Pol\u00edtica de los Estados Unidos Mexicanos"},"content":{"rendered":"<div style=\"margin-top: 0px; margin-bottom: 0px;\" class=\"sharethis-inline-share-buttons\" ><\/div><p style=\"text-align: justify;\">Chalco, Estado de M\u00e9xico.-En el marco del 104 Aniversario de la Promulgaci\u00f3n de la Constituci\u00f3n Pol\u00edtica de los Estados Unidos Mexicanos, el presidente municipal, Miguel Guti\u00e9rrez promulg\u00f3 el Bando Municipal 2021, en el que contempla 111 modificaciones a los art\u00edculos de esta ley.<\/p>\n<p style=\"text-align: justify;\">Guti\u00e9rrez Morales, indic\u00f3 que la Constituci\u00f3n que rige a nuestro pa\u00eds es resultado de las luchas revolucionarias y gracias a la Carta Magna el pueblo mexicano vive en libertad.<\/p>\n<p style=\"text-align: justify;\">Afirm\u00f3 que en la Constituci\u00f3n se establecen los principios que rigen al ayuntamiento y que dan sentido a las relaciones entre el gobierno y su pueblo, pidi\u00f3 a la ciudadan\u00eda de Chalco citar el bando municipal 2021 como el documento m\u00e1s importante en el municipio.<\/p>\n<p style=\"text-align: justify;\">El secretario del ayuntamiento, C\u00e9sar Vallejo S\u00e1nchez dijo que las modificaciones realizadas al bando municipal, que fueron aprobadas durante la 128 Sesi\u00f3n Ordinaria de Cabildo, celebrada el pasado 29 de enero.<\/p>\n<p style=\"text-align: justify;\">Inform\u00f3 que los integrantes del ayuntamiento decidieron nombrar a la Cabecera Municipal como la Ciudad de Chalco de D\u00edaz Covarrubias y hacer obligatorio el uso de cubrebocas en espacios p\u00fablicos, establecimientos comerciales y transporte p\u00fablico de todo el municipio, con la finalidad de contribuir a la disminuci\u00f3n de contagios de SARS-COV2; con esta reforma, el gobierno de Chalco innova al elevar a grado de ley municipal esta iniciativa.<\/p>\n<p style=\"text-align: justify;\">Asegur\u00f3 que la direcci\u00f3n de Ecolog\u00eda del gobierno municipal tendr\u00e1 m\u00e1s facultades para el cuidado del medio ambiente y como parte de estas acciones, se reform\u00f3 un art\u00edculo en el que se exhorta a la ciudadan\u00eda a separar los residuos s\u00f3lidos en tres categor\u00edas: org\u00e1nicos, inorg\u00e1nicos y residuos sanitarios Covid-19.<\/p>\n<p style=\"text-align: justify;\">Vallejo S\u00e1nchez puntualiz\u00f3\u00a0 que gracias a la iniciativa del presidente municipal; los integrantes de la comunidad LGBTTTI+ tienen un espacio en la secretar\u00eda del ayuntamiento, donde coordinar\u00e1n acciones en beneficio de la diversidad.<\/p>\n","protected":false},"excerpt":{"rendered":"<p>Chalco, Estado de M\u00e9xico.-En el marco del 104 Aniversario de la Promulgaci\u00f3n de la Constituci\u00f3n<\/p>\n","protected":false},"author":1,"featured_media":10029,"comment_status":"open","ping_status":"open","sticky":false,"template":"","format":"standard","meta":{"footnotes":""},"categories":[1],"tags":[9],"class_list":["post-10028","post","type-post","status-publish","format-standard","has-post-thumbnail","hentry","category-municipales","tag-chalco"],"yoast_head":"<!-- This site is optimized with the Yoast SEO plugin v25.3 - https:\/\/yoast.com\/wordpress\/plugins\/seo\/ -->\n<title>Conmemoran en Chalco el 104 Aniversario de la Promulgaci\u00f3n de la Constituci\u00f3n Pol\u00edtica de los Estados Unidos Mexicanos - Volcanes<\/title>\n<meta name=\"robots\" content=\"index, follow, max-snippet:-1, max-image-preview:large, max-video-preview:-1\" \/>\n<link rel=\"canonical\" href=\"https:\/\/volcanes.net\/?p=10028\" \/>\n<meta property=\"og:locale\" content=\"es_MX\" \/>\n<meta property=\"og:type\" content=\"article\" \/>\n<meta property=\"og:title\" content=\"Conmemoran en Chalco el 104 Aniversario de la Promulgaci\u00f3n de la Constituci\u00f3n Pol\u00edtica de los Estados Unidos Mexicanos - Volcanes\" \/>\n<meta property=\"og:description\" content=\"Chalco, Estado de M\u00e9xico.-En el marco del 104 Aniversario de la Promulgaci\u00f3n de la Constituci\u00f3n\" \/>\n<meta property=\"og:url\" content=\"https:\/\/volcanes.net\/?p=10028\" \/>\n<meta property=\"og:site_name\" content=\"Volcanes\" \/>\n<meta property=\"article:publisher\" content=\"https:\/\/www.facebook.com\/volcanes.net\/\" \/>\n<meta property=\"article:published_time\" content=\"2021-02-06T19:42:27+00:00\" \/>\n<meta property=\"og:image\" content=\"https:\/\/volcanes.net\/wp-content\/uploads\/2021\/02\/Screenshot_2021-02-06-08-58-152.jpg\" \/>\n\t<meta property=\"og:image:width\" content=\"713\" \/>\n\t<meta property=\"og:image:height\" content=\"385\" \/>\n\t<meta property=\"og:image:type\" content=\"image\/jpeg\" \/>\n<meta name=\"author\" content=\"admin\" \/>\n<meta name=\"twitter:card\" content=\"summary_large_image\" \/>\n<meta name=\"twitter:label1\" content=\"Escrito por\" \/>\n\t<meta name=\"twitter:data1\" content=\"admin\" \/>\n\t<meta name=\"twitter:label2\" content=\"Tiempo de lectura\" \/>\n\t<meta name=\"twitter:data2\" content=\"2 minutos\" \/>\n<script type=\"application\/ld+json\" class=\"yoast-schema-graph\">{\"@context\":\"https:\/\/schema.org\",\"@graph\":[{\"@type\":\"Article\",\"@id\":\"https:\/\/volcanes.net\/?p=10028#article\",\"isPartOf\":{\"@id\":\"https:\/\/volcanes.net\/?p=10028\"},\"author\":{\"name\":\"admin\",\"@id\":\"https:\/\/volcanes.net\/#\/schema\/person\/4bf0f383940966a4abd53f5048c0e6b9\"},\"headline\":\"Conmemoran en Chalco el 104 Aniversario de la Promulgaci\u00f3n de la Constituci\u00f3n Pol\u00edtica de los Estados Unidos Mexicanos\",\"datePublished\":\"2021-02-06T19:42:27+00:00\",\"mainEntityOfPage\":{\"@id\":\"https:\/\/volcanes.net\/?p=10028\"},\"wordCount\":345,\"commentCount\":0,\"publisher\":{\"@id\":\"https:\/\/volcanes.net\/#organization\"},\"image\":{\"@id\":\"https:\/\/volcanes.net\/?p=10028#primaryimage\"},\"thumbnailUrl\":\"https:\/\/volcanes.net\/wp-content\/uploads\/2021\/02\/Screenshot_2021-02-06-08-58-152.jpg\",\"keywords\":[\"Chalco\"],\"articleSection\":[\"Municipales\"],\"inLanguage\":\"es\",\"potentialAction\":[{\"@type\":\"CommentAction\",\"name\":\"Comment\",\"target\":[\"https:\/\/volcanes.net\/?p=10028#respond\"]}]},{\"@type\":\"WebPage\",\"@id\":\"https:\/\/volcanes.net\/?p=10028\",\"url\":\"https:\/\/volcanes.net\/?p=10028\",\"name\":\"Conmemoran en Chalco el 104 Aniversario de la Promulgaci\u00f3n de la Constituci\u00f3n Pol\u00edtica de los Estados Unidos Mexicanos - Volcanes\",\"isPartOf\":{\"@id\":\"https:\/\/volcanes.net\/#website\"},\"primaryImageOfPage\":{\"@id\":\"https:\/\/volcanes.net\/?p=10028#primaryimage\"},\"image\":{\"@id\":\"https:\/\/volcanes.net\/?p=10028#primaryimage\"},\"thumbnailUrl\":\"https:\/\/volcanes.net\/wp-content\/uploads\/2021\/02\/Screenshot_2021-02-06-08-58-152.jpg\",\"datePublished\":\"2021-02-06T19:42:27+00:00\",\"breadcrumb\":{\"@id\":\"https:\/\/volcanes.net\/?p=10028#breadcrumb\"},\"inLanguage\":\"es\",\"potentialAction\":[{\"@type\":\"ReadAction\",\"target\":[\"https:\/\/volcanes.net\/?p=10028\"]}]},{\"@type\":\"ImageObject\",\"inLanguage\":\"es\",\"@id\":\"https:\/\/volcanes.net\/?p=10028#primaryimage\",\"url\":\"https:\/\/volcanes.net\/wp-content\/uploads\/2021\/02\/Screenshot_2021-02-06-08-58-152.jpg\",\"contentUrl\":\"https:\/\/volcanes.net\/wp-content\/uploads\/2021\/02\/Screenshot_2021-02-06-08-58-152.jpg\",\"width\":713,\"height\":385},{\"@type\":\"BreadcrumbList\",\"@id\":\"https:\/\/volcanes.net\/?p=10028#breadcrumb\",\"itemListElement\":[{\"@type\":\"ListItem\",\"position\":1,\"name\":\"Portada\",\"item\":\"https:\/\/volcanes.net\/\"},{\"@type\":\"ListItem\",\"position\":2,\"name\":\"Conmemoran en Chalco el 104 Aniversario de la Promulgaci\u00f3n de la Constituci\u00f3n Pol\u00edtica de los Estados Unidos Mexicanos\"}]},{\"@type\":\"WebSite\",\"@id\":\"https:\/\/volcanes.net\/#website\",\"url\":\"https:\/\/volcanes.net\/\",\"name\":\"Volcanes.Net\",\"description\":\"Periodismo Profesional\",\"publisher\":{\"@id\":\"https:\/\/volcanes.net\/#organization\"},\"potentialAction\":[{\"@type\":\"SearchAction\",\"target\":{\"@type\":\"EntryPoint\",\"urlTemplate\":\"https:\/\/volcanes.net\/?s={search_term_string}\"},\"query-input\":{\"@type\":\"PropertyValueSpecification\",\"valueRequired\":true,\"valueName\":\"search_term_string\"}}],\"inLanguage\":\"es\"},{\"@type\":\"Organization\",\"@id\":\"https:\/\/volcanes.net\/#organization\",\"name\":\"Grupo Volcanes\",\"url\":\"https:\/\/volcanes.net\/\",\"logo\":{\"@type\":\"ImageObject\",\"inLanguage\":\"es\",\"@id\":\"https:\/\/volcanes.net\/#\/schema\/logo\/image\/\",\"url\":\"http:\/\/volcanes.net\/wp-content\/uploads\/2017\/12\/Avatar2.jpg\",\"contentUrl\":\"http:\/\/volcanes.net\/wp-content\/uploads\/2017\/12\/Avatar2.jpg\",\"width\":378,\"height\":378,\"caption\":\"Grupo Volcanes\"},\"image\":{\"@id\":\"https:\/\/volcanes.net\/#\/schema\/logo\/image\/\"},\"sameAs\":[\"https:\/\/www.facebook.com\/volcanes.net\/\"]},{\"@type\":\"Person\",\"@id\":\"https:\/\/volcanes.net\/#\/schema\/person\/4bf0f383940966a4abd53f5048c0e6b9\",\"name\":\"admin\",\"image\":{\"@type\":\"ImageObject\",\"inLanguage\":\"es\",\"@id\":\"https:\/\/volcanes.net\/#\/schema\/person\/image\/\",\"url\":\"https:\/\/secure.gravatar.com\/avatar\/ca004e6cba8462b8cb7abc86e382930c?s=96&d=mm&r=g\",\"contentUrl\":\"https:\/\/secure.gravatar.com\/avatar\/ca004e6cba8462b8cb7abc86e382930c?s=96&d=mm&r=g\",\"caption\":\"admin\"}}]}<\/script>\n<!-- \/ Yoast SEO plugin. -->","yoast_head_json":{"title":"Conmemoran en Chalco el 104 Aniversario de la Promulgaci\u00f3n de la Constituci\u00f3n Pol\u00edtica de los Estados Unidos Mexicanos - Volcanes","robots":{"index":"index","follow":"follow","max-snippet":"max-snippet:-1","max-image-preview":"max-image-preview:large","max-video-preview":"max-video-preview:-1"},"canonical":"https:\/\/volcanes.net\/?p=10028","og_locale":"es_MX","og_type":"article","og_title":"Conmemoran en Chalco el 104 Aniversario de la Promulgaci\u00f3n de la Constituci\u00f3n Pol\u00edtica de los Estados Unidos Mexicanos - Volcanes","og_description":"Chalco, Estado de M\u00e9xico.-En el marco del 104 Aniversario de la Promulgaci\u00f3n de la Constituci\u00f3n","og_url":"https:\/\/volcanes.net\/?p=10028","og_site_name":"Volcanes","article_publisher":"https:\/\/www.facebook.com\/volcanes.net\/","article_published_time":"2021-02-06T19:42:27+00:00","og_image":[{"width":713,"height":385,"url":"https:\/\/volcanes.net\/wp-content\/uploads\/2021\/02\/Screenshot_2021-02-06-08-58-152.jpg","type":"image\/jpeg"}],"author":"admin","twitter_card":"summary_large_image","twitter_misc":{"Escrito por":"admin","Tiempo de lectura":"2 minutos"},"schema":{"@context":"https:\/\/schema.org","@graph":[{"@type":"Article","@id":"https:\/\/volcanes.net\/?p=10028#article","isPartOf":{"@id":"https:\/\/volcanes.net\/?p=10028"},"author":{"name":"admin","@id":"https:\/\/volcanes.net\/#\/schema\/person\/4bf0f383940966a4abd53f5048c0e6b9"},"headline":"Conmemoran en Chalco el 104 Aniversario de la Promulgaci\u00f3n de la Constituci\u00f3n Pol\u00edtica de los Estados Unidos Mexicanos","datePublished":"2021-02-06T19:42:27+00:00","mainEntityOfPage":{"@id":"https:\/\/volcanes.net\/?p=10028"},"wordCount":345,"commentCount":0,"publisher":{"@id":"https:\/\/volcanes.net\/#organization"},"image":{"@id":"https:\/\/volcanes.net\/?p=10028#primaryimage"},"thumbnailUrl":"https:\/\/volcanes.net\/wp-content\/uploads\/2021\/02\/Screenshot_2021-02-06-08-58-152.jpg","keywords":["Chalco"],"articleSection":["Municipales"],"inLanguage":"es","potentialAction":[{"@type":"CommentAction","name":"Comment","target":["https:\/\/volcanes.net\/?p=10028#respond"]}]},{"@type":"WebPage","@id":"https:\/\/volcanes.net\/?p=10028","url":"https:\/\/volcanes.net\/?p=10028","name":"Conmemoran en Chalco el 104 Aniversario de la Promulgaci\u00f3n de la Constituci\u00f3n Pol\u00edtica de los Estados Unidos Mexicanos - Volcanes","isPartOf":{"@id":"https:\/\/volcanes.net\/#website"},"primaryImageOfPage":{"@id":"https:\/\/volcanes.net\/?p=10028#primaryimage"},"image":{"@id":"https:\/\/volcanes.net\/?p=10028#primaryimage"},"thumbnailUrl":"https:\/\/volcanes.net\/wp-content\/uploads\/2021\/02\/Screenshot_2021-02-06-08-58-152.jpg","datePublished":"2021-02-06T19:42:27+00:00","breadcrumb":{"@id":"https:\/\/volcanes.net\/?p=10028#breadcrumb"},"inLanguage":"es","potentialAction":[{"@type":"ReadAction","target":["https:\/\/volcanes.net\/?p=10028"]}]},{"@type":"ImageObject","inLanguage":"es","@id":"https:\/\/volcanes.net\/?p=10028#primaryimage","url":"https:\/\/volcanes.net\/wp-content\/uploads\/2021\/02\/Screenshot_2021-02-06-08-58-152.jpg","contentUrl":"https:\/\/volcanes.net\/wp-content\/uploads\/2021\/02\/Screenshot_2021-02-06-08-58-152.jpg","width":713,"height":385},{"@type":"BreadcrumbList","@id":"https:\/\/volcanes.net\/?p=10028#breadcrumb","itemListElement":[{"@type":"ListItem","position":1,"name":"Portada","item":"https:\/\/volcanes.net\/"},{"@type":"ListItem","position":2,"name":"Conmemoran en Chalco el 104 Aniversario de la Promulgaci\u00f3n de la Constituci\u00f3n Pol\u00edtica de los Estados Unidos Mexicanos"}]},{"@type":"WebSite","@id":"https:\/\/volcanes.net\/#website","url":"https:\/\/volcanes.net\/","name":"Volcanes.Net","description":"Periodismo Profesional","publisher":{"@id":"https:\/\/volcanes.net\/#organization"},"potentialAction":[{"@type":"SearchAction","target":{"@type":"EntryPoint","urlTemplate":"https:\/\/volcanes.net\/?s={search_term_string}"},"query-input":{"@type":"PropertyValueSpecification","valueRequired":true,"valueName":"search_term_string"}}],"inLanguage":"es"},{"@type":"Organization","@id":"https:\/\/volcanes.net\/#organization","name":"Grupo Volcanes","url":"https:\/\/volcanes.net\/","logo":{"@type":"ImageObject","inLanguage":"es","@id":"https:\/\/volcanes.net\/#\/schema\/logo\/image\/","url":"http:\/\/volcanes.net\/wp-content\/uploads\/2017\/12\/Avatar2.jpg","contentUrl":"http:\/\/volcanes.net\/wp-content\/uploads\/2017\/12\/Avatar2.jpg","width":378,"height":378,"caption":"Grupo Volcanes"},"image":{"@id":"https:\/\/volcanes.net\/#\/schema\/logo\/image\/"},"sameAs":["https:\/\/www.facebook.com\/volcanes.net\/"]},{"@type":"Person","@id":"https:\/\/volcanes.net\/#\/schema\/person\/4bf0f383940966a4abd53f5048c0e6b9","name":"admin","image":{"@type":"ImageObject","inLanguage":"es","@id":"https:\/\/volcanes.net\/#\/schema\/person\/image\/","url":"https:\/\/secure.gravatar.com\/avatar\/ca004e6cba8462b8cb7abc86e382930c?s=96&d=mm&r=g","contentUrl":"https:\/\/secure.gravatar.com\/avatar\/ca004e6cba8462b8cb7abc86e382930c?s=96&d=mm&r=g","caption":"admin"}}]}},"_links":{"self":[{"href":"https:\/\/volcanes.net\/index.php?rest_route=\/wp\/v2\/posts\/10028"}],"collection":[{"href":"https:\/\/volcanes.net\/index.php?rest_route=\/wp\/v2\/posts"}],"about":[{"href":"https:\/\/volcanes.net\/index.php?rest_route=\/wp\/v2\/types\/post"}],"author":[{"embeddable":true,"href":"https:\/\/volcanes.net\/index.php?rest_route=\/wp\/v2\/users\/1"}],"replies":[{"embeddable":true,"href":"https:\/\/volcanes.net\/index.php?rest_route=%2Fwp%2Fv2%2Fcomments&post=10028"}],"version-history":[{"count":1,"href":"https:\/\/volcanes.net\/index.php?rest_route=\/wp\/v2\/posts\/10028\/revisions"}],"predecessor-version":[{"id":10030,"href":"https:\/\/volcanes.net\/index.php?rest_route=\/wp\/v2\/posts\/10028\/revisions\/10030"}],"wp:featuredmedia":[{"embeddable":true,"href":"https:\/\/volcanes.net\/index.php?rest_route=\/wp\/v2\/media\/10029"}],"wp:attachment":[{"href":"https:\/\/volcanes.net\/index.php?rest_route=%2Fwp%2Fv2%2Fmedia&parent=10028"}],"wp:term":[{"taxonomy":"category","embeddable":true,"href":"https:\/\/volcanes.net\/index.php?rest_route=%2Fwp%2Fv2%2Fcategories&post=10028"},{"taxonomy":"post_tag","embeddable":true,"href":"https:\/\/volcanes.net\/index.php?rest_route=%2Fwp%2Fv2%2Ftags&post=10028"}],"curies":[{"name":"wp","href":"https:\/\/api.w.org\/{rel}","templated":true}]}}