{"id":1003,"date":"2018-02-03T17:44:56","date_gmt":"2018-02-03T17:44:56","guid":{"rendered":"http:\/\/volcanes.net\/?p=1003"},"modified":"2018-02-03T17:44:56","modified_gmt":"2018-02-03T17:44:56","slug":"entrega-alfredo-del-mazo-equipamiento-para-que-mexiquenses-emprendan-su-propio-negocio-video","status":"publish","type":"post","link":"https:\/\/volcanes.net\/?p=1003","title":{"rendered":"Entrega Alfredo del Mazo equipamiento para que mexiquenses emprendan su propio negocio (VIDEO)"},"content":{"rendered":"<div style=\"margin-top: 0px; margin-bottom: 0px;\" class=\"sharethis-inline-share-buttons\" ><\/div><div align=\"justify\">Como parte de las acciones para generar fuentes de empleo en el Estado de M\u00e9xico, el Gobernador Alfredo Del Mazo Maza entreg\u00f3 equipamiento y herramientas a mexiquenses que han recibido cursos de capacitaci\u00f3n en diferentes rubros, para que puedan emprender su propio negocio.<\/div>\n<div align=\"justify\"><\/div>\n<div align=\"justify\">Se\u00f1al\u00f3 que con estos apoyos del programa de Fomento al autoempleo, las familias mexiquenses tienen una opci\u00f3n m\u00e1s para iniciar sus propios negocios y generar ingresos econ\u00f3micos adicionales.<\/div>\n<div align=\"justify\"><\/div>\n<div align=\"justify\">\u201cQuiero felicitar a quienes reciben estos apoyos el d\u00eda de hoy, a quienes despu\u00e9s de haber tomado distintos cursos de capacitaci\u00f3n, el d\u00eda de hoy reciben el equipo para poder poner sus negocios.<\/div>\n<div align=\"justify\"><\/div>\n<div align=\"justify\">\u201c\u00bfPor qu\u00e9 queremos impulsar el empleo? Porque queremos tener familias fuertes que tengan oportunidades de trabajo, familias fuertes que tengan la oportunidad de tener una vivienda digna, familias fuertes que tengan buenos servicios de salud para ustedes, para sus hijos.<\/div>\n<div align=\"justify\"><\/div>\n<div align=\"justify\">\u201cFamilias fuertes son las que hacen comunidades fuertes y las que hacen que el Estado de M\u00e9xico sea el Estado Fuerte que el d\u00eda de hoy es\u201d, destac\u00f3.<\/div>\n<div align=\"justify\"><\/div>\n<div align=\"justify\">Del Mazo Maza indic\u00f3 que estas acciones se suman a los esfuerzos que la administraci\u00f3n estatal lleva a cabo para llegar a la meta de generar un mill\u00f3n de empleos en los seis a\u00f1os de su gobierno.<\/div>\n<div align=\"justify\"><\/div>\n<div align=\"justify\">Record\u00f3 que en los primeros tres meses de la administraci\u00f3n se alcanz\u00f3 una cifra r\u00e9cord al generar 33 mil empleos.<\/div>\n<div align=\"justify\"><\/div>\n<div align=\"justify\">\u201cTenemos el compromiso de crear un mill\u00f3n de empleos en esta administraci\u00f3n, un mill\u00f3n de empleos en esta administraci\u00f3n quiere decir que vamos a estar creando casi 380 empleos diarios a lo largo de los pr\u00f3ximos cinco a\u00f1os y ocho meses que tiene esta administraci\u00f3n y que estaremos generando para las familias mexiquenses\u201d, expres\u00f3.<\/div>\n<div align=\"justify\"><\/div>\n<div align=\"justify\">El Gobernador mexiquense reconoci\u00f3 tambi\u00e9n a las mujeres que se han capacitado en alg\u00fan taller u oficio impartidos por las Escuelas de Artes y Oficios (EDAYOS), y que ahora tienen la oportunidad de iniciar su propio negocio, y a quienes calific\u00f3 como ejemplo de trabajo y\u00a0\u00a0esfuerzo, para hacer sus sue\u00f1os realidad.<\/div>\n<div align=\"justify\"><\/div>\n<div align=\"justify\">\u201cFelicidades a todas y a todos los que el d\u00eda de hoy nos acompa\u00f1an, quienes reciben estos apoyos que est\u00e1n aqu\u00ed, a quienes emprenden una nueva aventura de vida, a quienes emprenden un nuevo negocio, a quienes tienen la posibilidad de hacer un sue\u00f1o realidad y generar ingresos adicionales para su familia\u201d, puntualiz\u00f3.<\/div>\n<div align=\"justify\"><\/div>\n<div align=\"justify\">En este evento el mandatario estatal tambi\u00e9n inaugur\u00f3 la Feria del Empleo de Tenango del Valle, donde se ofertaron m\u00e1s de 100 vacantes laborales, para los habitantes de esta regi\u00f3n de la entidad, donde dio a conocer que cuatro de cada 10 personas que asisten a estas ferias, encuentran un empleo formal.<\/div>\n<div align=\"justify\"><\/div>\n<div align=\"justify\">Por su parte, el Secretario del Trabajo, Ignacio Rub\u00ed Salazar,\u00a0\u00a0detall\u00f3 que a trav\u00e9s del Programa de Apoyo de Fomento al Autoempleo se entregaron 50 apoyos para igual n\u00famero proyectos productivos, como talleres de herrer\u00eda,\u00a0\u00a0carpinter\u00eda y automotrices, as\u00ed como un estudio de fotograf\u00eda y est\u00e9ticas, entre otros, que se ubican en 26 municipios de la entidad y que generan 315 plazas laborales.<\/div>\n<div align=\"justify\"><\/div>\n<div align=\"justify\">En este evento tambi\u00e9n se llev\u00f3 a cabo una jornada de servicios en materia de capacitaci\u00f3n para el trabajo, asesor\u00eda laboral, salud, entre otros, y se entregaron becas B\u00e9cate.<\/div>\n<div align=\"justify\"><\/div>\n<div align=\"justify\">\n<div class=\"jetpack-video-wrapper\"><span class=\"embed-youtube\"><\/span><\/div>\n<\/div>\n","protected":false},"excerpt":{"rendered":"<p>Como parte de las acciones para generar fuentes de empleo en el Estado de M\u00e9xico,<\/p>\n","protected":false},"author":1,"featured_media":994,"comment_status":"open","ping_status":"open","sticky":false,"template":"","format":"standard","meta":{"footnotes":""},"categories":[3],"tags":[99,4],"class_list":["post-1003","post","type-post","status-publish","format-standard","has-post-thumbnail","hentry","category-estatales","tag-alfredo-del-mazo","tag-gobierno-del-estado-de-mexico"],"yoast_head":"<!-- This site is optimized with the Yoast SEO plugin v25.3 - https:\/\/yoast.com\/wordpress\/plugins\/seo\/ -->\n<title>Entrega Alfredo del Mazo equipamiento para que mexiquenses emprendan su propio negocio (VIDEO) - Volcanes<\/title>\n<meta name=\"robots\" content=\"index, follow, max-snippet:-1, max-image-preview:large, max-video-preview:-1\" \/>\n<link rel=\"canonical\" href=\"https:\/\/volcanes.net\/?p=1003\" \/>\n<meta property=\"og:locale\" content=\"es_MX\" \/>\n<meta property=\"og:type\" content=\"article\" \/>\n<meta property=\"og:title\" content=\"Entrega Alfredo del Mazo equipamiento para que mexiquenses emprendan su propio negocio (VIDEO) - Volcanes\" \/>\n<meta property=\"og:description\" content=\"Como parte de las acciones para generar fuentes de empleo en el Estado de M\u00e9xico,\" \/>\n<meta property=\"og:url\" content=\"https:\/\/volcanes.net\/?p=1003\" \/>\n<meta property=\"og:site_name\" content=\"Volcanes\" \/>\n<meta property=\"article:publisher\" content=\"https:\/\/www.facebook.com\/volcanes.net\/\" \/>\n<meta property=\"article:published_time\" content=\"2018-02-03T17:44:56+00:00\" \/>\n<meta property=\"og:image\" content=\"https:\/\/volcanes.net\/wp-content\/uploads\/2018\/02\/del-mazo1.jpg\" \/>\n\t<meta property=\"og:image:width\" content=\"400\" \/>\n\t<meta property=\"og:image:height\" content=\"200\" \/>\n\t<meta property=\"og:image:type\" content=\"image\/jpeg\" \/>\n<meta name=\"author\" content=\"admin\" \/>\n<meta name=\"twitter:card\" content=\"summary_large_image\" \/>\n<meta name=\"twitter:label1\" content=\"Escrito por\" \/>\n\t<meta name=\"twitter:data1\" content=\"admin\" \/>\n\t<meta name=\"twitter:label2\" content=\"Tiempo de lectura\" \/>\n\t<meta name=\"twitter:data2\" content=\"3 minutos\" \/>\n<script type=\"application\/ld+json\" class=\"yoast-schema-graph\">{\"@context\":\"https:\/\/schema.org\",\"@graph\":[{\"@type\":\"Article\",\"@id\":\"https:\/\/volcanes.net\/?p=1003#article\",\"isPartOf\":{\"@id\":\"https:\/\/volcanes.net\/?p=1003\"},\"author\":{\"name\":\"admin\",\"@id\":\"https:\/\/volcanes.net\/#\/schema\/person\/4bf0f383940966a4abd53f5048c0e6b9\"},\"headline\":\"Entrega Alfredo del Mazo equipamiento para que mexiquenses emprendan su propio negocio (VIDEO)\",\"datePublished\":\"2018-02-03T17:44:56+00:00\",\"mainEntityOfPage\":{\"@id\":\"https:\/\/volcanes.net\/?p=1003\"},\"wordCount\":582,\"commentCount\":0,\"publisher\":{\"@id\":\"https:\/\/volcanes.net\/#organization\"},\"image\":{\"@id\":\"https:\/\/volcanes.net\/?p=1003#primaryimage\"},\"thumbnailUrl\":\"https:\/\/volcanes.net\/wp-content\/uploads\/2018\/02\/del-mazo1.jpg\",\"keywords\":[\"Alfredo del Mazo\",\"Gobierno del Estado de M\u00e9xico\"],\"articleSection\":[\"Estatales\"],\"inLanguage\":\"es\",\"potentialAction\":[{\"@type\":\"CommentAction\",\"name\":\"Comment\",\"target\":[\"https:\/\/volcanes.net\/?p=1003#respond\"]}]},{\"@type\":\"WebPage\",\"@id\":\"https:\/\/volcanes.net\/?p=1003\",\"url\":\"https:\/\/volcanes.net\/?p=1003\",\"name\":\"Entrega Alfredo del Mazo equipamiento para que mexiquenses emprendan su propio negocio (VIDEO) - Volcanes\",\"isPartOf\":{\"@id\":\"https:\/\/volcanes.net\/#website\"},\"primaryImageOfPage\":{\"@id\":\"https:\/\/volcanes.net\/?p=1003#primaryimage\"},\"image\":{\"@id\":\"https:\/\/volcanes.net\/?p=1003#primaryimage\"},\"thumbnailUrl\":\"https:\/\/volcanes.net\/wp-content\/uploads\/2018\/02\/del-mazo1.jpg\",\"datePublished\":\"2018-02-03T17:44:56+00:00\",\"breadcrumb\":{\"@id\":\"https:\/\/volcanes.net\/?p=1003#breadcrumb\"},\"inLanguage\":\"es\",\"potentialAction\":[{\"@type\":\"ReadAction\",\"target\":[\"https:\/\/volcanes.net\/?p=1003\"]}]},{\"@type\":\"ImageObject\",\"inLanguage\":\"es\",\"@id\":\"https:\/\/volcanes.net\/?p=1003#primaryimage\",\"url\":\"https:\/\/volcanes.net\/wp-content\/uploads\/2018\/02\/del-mazo1.jpg\",\"contentUrl\":\"https:\/\/volcanes.net\/wp-content\/uploads\/2018\/02\/del-mazo1.jpg\",\"width\":400,\"height\":200},{\"@type\":\"BreadcrumbList\",\"@id\":\"https:\/\/volcanes.net\/?p=1003#breadcrumb\",\"itemListElement\":[{\"@type\":\"ListItem\",\"position\":1,\"name\":\"Portada\",\"item\":\"https:\/\/volcanes.net\/\"},{\"@type\":\"ListItem\",\"position\":2,\"name\":\"Entrega Alfredo del Mazo equipamiento para que mexiquenses emprendan su propio negocio (VIDEO)\"}]},{\"@type\":\"WebSite\",\"@id\":\"https:\/\/volcanes.net\/#website\",\"url\":\"https:\/\/volcanes.net\/\",\"name\":\"Volcanes.Net\",\"description\":\"Periodismo Profesional\",\"publisher\":{\"@id\":\"https:\/\/volcanes.net\/#organization\"},\"potentialAction\":[{\"@type\":\"SearchAction\",\"target\":{\"@type\":\"EntryPoint\",\"urlTemplate\":\"https:\/\/volcanes.net\/?s={search_term_string}\"},\"query-input\":{\"@type\":\"PropertyValueSpecification\",\"valueRequired\":true,\"valueName\":\"search_term_string\"}}],\"inLanguage\":\"es\"},{\"@type\":\"Organization\",\"@id\":\"https:\/\/volcanes.net\/#organization\",\"name\":\"Grupo Volcanes\",\"url\":\"https:\/\/volcanes.net\/\",\"logo\":{\"@type\":\"ImageObject\",\"inLanguage\":\"es\",\"@id\":\"https:\/\/volcanes.net\/#\/schema\/logo\/image\/\",\"url\":\"http:\/\/volcanes.net\/wp-content\/uploads\/2017\/12\/Avatar2.jpg\",\"contentUrl\":\"http:\/\/volcanes.net\/wp-content\/uploads\/2017\/12\/Avatar2.jpg\",\"width\":378,\"height\":378,\"caption\":\"Grupo Volcanes\"},\"image\":{\"@id\":\"https:\/\/volcanes.net\/#\/schema\/logo\/image\/\"},\"sameAs\":[\"https:\/\/www.facebook.com\/volcanes.net\/\"]},{\"@type\":\"Person\",\"@id\":\"https:\/\/volcanes.net\/#\/schema\/person\/4bf0f383940966a4abd53f5048c0e6b9\",\"name\":\"admin\",\"image\":{\"@type\":\"ImageObject\",\"inLanguage\":\"es\",\"@id\":\"https:\/\/volcanes.net\/#\/schema\/person\/image\/\",\"url\":\"https:\/\/secure.gravatar.com\/avatar\/ca004e6cba8462b8cb7abc86e382930c?s=96&d=mm&r=g\",\"contentUrl\":\"https:\/\/secure.gravatar.com\/avatar\/ca004e6cba8462b8cb7abc86e382930c?s=96&d=mm&r=g\",\"caption\":\"admin\"}}]}<\/script>\n<!-- \/ Yoast SEO plugin. -->","yoast_head_json":{"title":"Entrega Alfredo del Mazo equipamiento para que mexiquenses emprendan su propio negocio (VIDEO) - Volcanes","robots":{"index":"index","follow":"follow","max-snippet":"max-snippet:-1","max-image-preview":"max-image-preview:large","max-video-preview":"max-video-preview:-1"},"canonical":"https:\/\/volcanes.net\/?p=1003","og_locale":"es_MX","og_type":"article","og_title":"Entrega Alfredo del Mazo equipamiento para que mexiquenses emprendan su propio negocio (VIDEO) - Volcanes","og_description":"Como parte de las acciones para generar fuentes de empleo en el Estado de M\u00e9xico,","og_url":"https:\/\/volcanes.net\/?p=1003","og_site_name":"Volcanes","article_publisher":"https:\/\/www.facebook.com\/volcanes.net\/","article_published_time":"2018-02-03T17:44:56+00:00","og_image":[{"width":400,"height":200,"url":"https:\/\/volcanes.net\/wp-content\/uploads\/2018\/02\/del-mazo1.jpg","type":"image\/jpeg"}],"author":"admin","twitter_card":"summary_large_image","twitter_misc":{"Escrito por":"admin","Tiempo de lectura":"3 minutos"},"schema":{"@context":"https:\/\/schema.org","@graph":[{"@type":"Article","@id":"https:\/\/volcanes.net\/?p=1003#article","isPartOf":{"@id":"https:\/\/volcanes.net\/?p=1003"},"author":{"name":"admin","@id":"https:\/\/volcanes.net\/#\/schema\/person\/4bf0f383940966a4abd53f5048c0e6b9"},"headline":"Entrega Alfredo del Mazo equipamiento para que mexiquenses emprendan su propio negocio (VIDEO)","datePublished":"2018-02-03T17:44:56+00:00","mainEntityOfPage":{"@id":"https:\/\/volcanes.net\/?p=1003"},"wordCount":582,"commentCount":0,"publisher":{"@id":"https:\/\/volcanes.net\/#organization"},"image":{"@id":"https:\/\/volcanes.net\/?p=1003#primaryimage"},"thumbnailUrl":"https:\/\/volcanes.net\/wp-content\/uploads\/2018\/02\/del-mazo1.jpg","keywords":["Alfredo del Mazo","Gobierno del Estado de M\u00e9xico"],"articleSection":["Estatales"],"inLanguage":"es","potentialAction":[{"@type":"CommentAction","name":"Comment","target":["https:\/\/volcanes.net\/?p=1003#respond"]}]},{"@type":"WebPage","@id":"https:\/\/volcanes.net\/?p=1003","url":"https:\/\/volcanes.net\/?p=1003","name":"Entrega Alfredo del Mazo equipamiento para que mexiquenses emprendan su propio negocio (VIDEO) - Volcanes","isPartOf":{"@id":"https:\/\/volcanes.net\/#website"},"primaryImageOfPage":{"@id":"https:\/\/volcanes.net\/?p=1003#primaryimage"},"image":{"@id":"https:\/\/volcanes.net\/?p=1003#primaryimage"},"thumbnailUrl":"https:\/\/volcanes.net\/wp-content\/uploads\/2018\/02\/del-mazo1.jpg","datePublished":"2018-02-03T17:44:56+00:00","breadcrumb":{"@id":"https:\/\/volcanes.net\/?p=1003#breadcrumb"},"inLanguage":"es","potentialAction":[{"@type":"ReadAction","target":["https:\/\/volcanes.net\/?p=1003"]}]},{"@type":"ImageObject","inLanguage":"es","@id":"https:\/\/volcanes.net\/?p=1003#primaryimage","url":"https:\/\/volcanes.net\/wp-content\/uploads\/2018\/02\/del-mazo1.jpg","contentUrl":"https:\/\/volcanes.net\/wp-content\/uploads\/2018\/02\/del-mazo1.jpg","width":400,"height":200},{"@type":"BreadcrumbList","@id":"https:\/\/volcanes.net\/?p=1003#breadcrumb","itemListElement":[{"@type":"ListItem","position":1,"name":"Portada","item":"https:\/\/volcanes.net\/"},{"@type":"ListItem","position":2,"name":"Entrega Alfredo del Mazo equipamiento para que mexiquenses emprendan su propio negocio (VIDEO)"}]},{"@type":"WebSite","@id":"https:\/\/volcanes.net\/#website","url":"https:\/\/volcanes.net\/","name":"Volcanes.Net","description":"Periodismo Profesional","publisher":{"@id":"https:\/\/volcanes.net\/#organization"},"potentialAction":[{"@type":"SearchAction","target":{"@type":"EntryPoint","urlTemplate":"https:\/\/volcanes.net\/?s={search_term_string}"},"query-input":{"@type":"PropertyValueSpecification","valueRequired":true,"valueName":"search_term_string"}}],"inLanguage":"es"},{"@type":"Organization","@id":"https:\/\/volcanes.net\/#organization","name":"Grupo Volcanes","url":"https:\/\/volcanes.net\/","logo":{"@type":"ImageObject","inLanguage":"es","@id":"https:\/\/volcanes.net\/#\/schema\/logo\/image\/","url":"http:\/\/volcanes.net\/wp-content\/uploads\/2017\/12\/Avatar2.jpg","contentUrl":"http:\/\/volcanes.net\/wp-content\/uploads\/2017\/12\/Avatar2.jpg","width":378,"height":378,"caption":"Grupo Volcanes"},"image":{"@id":"https:\/\/volcanes.net\/#\/schema\/logo\/image\/"},"sameAs":["https:\/\/www.facebook.com\/volcanes.net\/"]},{"@type":"Person","@id":"https:\/\/volcanes.net\/#\/schema\/person\/4bf0f383940966a4abd53f5048c0e6b9","name":"admin","image":{"@type":"ImageObject","inLanguage":"es","@id":"https:\/\/volcanes.net\/#\/schema\/person\/image\/","url":"https:\/\/secure.gravatar.com\/avatar\/ca004e6cba8462b8cb7abc86e382930c?s=96&d=mm&r=g","contentUrl":"https:\/\/secure.gravatar.com\/avatar\/ca004e6cba8462b8cb7abc86e382930c?s=96&d=mm&r=g","caption":"admin"}}]}},"_links":{"self":[{"href":"https:\/\/volcanes.net\/index.php?rest_route=\/wp\/v2\/posts\/1003"}],"collection":[{"href":"https:\/\/volcanes.net\/index.php?rest_route=\/wp\/v2\/posts"}],"about":[{"href":"https:\/\/volcanes.net\/index.php?rest_route=\/wp\/v2\/types\/post"}],"author":[{"embeddable":true,"href":"https:\/\/volcanes.net\/index.php?rest_route=\/wp\/v2\/users\/1"}],"replies":[{"embeddable":true,"href":"https:\/\/volcanes.net\/index.php?rest_route=%2Fwp%2Fv2%2Fcomments&post=1003"}],"version-history":[{"count":1,"href":"https:\/\/volcanes.net\/index.php?rest_route=\/wp\/v2\/posts\/1003\/revisions"}],"predecessor-version":[{"id":1004,"href":"https:\/\/volcanes.net\/index.php?rest_route=\/wp\/v2\/posts\/1003\/revisions\/1004"}],"wp:featuredmedia":[{"embeddable":true,"href":"https:\/\/volcanes.net\/index.php?rest_route=\/wp\/v2\/media\/994"}],"wp:attachment":[{"href":"https:\/\/volcanes.net\/index.php?rest_route=%2Fwp%2Fv2%2Fmedia&parent=1003"}],"wp:term":[{"taxonomy":"category","embeddable":true,"href":"https:\/\/volcanes.net\/index.php?rest_route=%2Fwp%2Fv2%2Fcategories&post=1003"},{"taxonomy":"post_tag","embeddable":true,"href":"https:\/\/volcanes.net\/index.php?rest_route=%2Fwp%2Fv2%2Ftags&post=1003"}],"curies":[{"name":"wp","href":"https:\/\/api.w.org\/{rel}","templated":true}]}}