{"id":10041,"date":"2021-02-07T14:09:51","date_gmt":"2021-02-07T20:09:51","guid":{"rendered":"http:\/\/volcanes.net\/?p=10041"},"modified":"2021-02-07T14:09:51","modified_gmt":"2021-02-07T20:09:51","slug":"organiza-gobierno-de-amecameca-busqueda-de-joven-desaparecida","status":"publish","type":"post","link":"https:\/\/volcanes.net\/?p=10041","title":{"rendered":"Organiza Gobierno de Amecameca b\u00fasqueda de joven desaparecida"},"content":{"rendered":"<div style=\"margin-top: 0px; margin-bottom: 0px;\" class=\"sharethis-inline-share-buttons\" ><\/div><ul>\n<li style=\"text-align: justify;\">Encabeza las c\u00e9lulas de b\u00fasqueda el Presidente Municipal Miguel \u00c1ngel Salom\u00f3n Cort\u00e9s.<\/li>\n<\/ul>\n<p style=\"text-align: justify;\">Amecameca, Estado de M\u00e9xico.-\u00a0 El Presidente Municipal Miguel \u00c1ngel Salom\u00f3n Cort\u00e9s organiz\u00f3 hoy en San Pedro Nexapa la b\u00fasqueda de Dulce Karen Conde P\u00e9rez, nativa del lugar y desaparecida desde el pasado 24 de enero, en la que participaron elementos de la Guardia Nacional, Militares, Polic\u00edas Municipales, representantes de la Fiscal\u00eda Regional, Protecci\u00f3n Civil y Bomberos, Rescatistas voluntarios, empleados municipales y familiares de la joven desaparecida.<\/p>\n<p style=\"text-align: justify;\">El Presidente Municipal se\u00f1al\u00f3 que la familia de Dulce Karen le solicit\u00f3 su intervenci\u00f3n tanto en las diligencias legales, como en la b\u00fasqueda, por lo que \u201cseremos respetuosos de los tiempos que marca la ley y estaremos al pendiente de las investigaciones, pero tambi\u00e9n nos sumaremos a los grupos que buscan a la joven\u201d.<\/p>\n<p style=\"text-align: justify;\">Reconoci\u00f3 tambi\u00e9n el apoyo de la Presidenta del DIF Amecameca, Patricia Mayola Tufi\u00f1o Carranza, quien tambi\u00e9n se sum\u00f3 a la jornada de b\u00fasqueda y ha estado al pendiente de la situaci\u00f3n de la hija peque\u00f1a de la joven desaparecida.<\/p>\n<p style=\"text-align: justify;\">Antes de iniciar la b\u00fasqueda se formaron 4 c\u00e9lulas integradas por elementos de cada corporaci\u00f3n, adem\u00e1s de caninos entrenados para la localizaci\u00f3n de personas y drones; as\u00ed mismo recibieron indicaciones precisas sobre los cuidados y precauciones que se deben de tener al subir a \u00e1reas monta\u00f1osas; las zonas de b\u00fasqueda fueron Tomacoco, La Joya, El Magueyal y el Paraje Maracan\u00e1.<\/p>\n","protected":false},"excerpt":{"rendered":"<p>Encabeza las c\u00e9lulas de b\u00fasqueda el Presidente Municipal Miguel \u00c1ngel Salom\u00f3n Cort\u00e9s. Amecameca, Estado de<\/p>\n","protected":false},"author":1,"featured_media":10042,"comment_status":"open","ping_status":"open","sticky":false,"template":"","format":"standard","meta":{"footnotes":""},"categories":[1],"tags":[7],"class_list":["post-10041","post","type-post","status-publish","format-standard","has-post-thumbnail","hentry","category-municipales","tag-amecameca"],"yoast_head":"<!-- This site is optimized with the Yoast SEO plugin v25.3 - https:\/\/yoast.com\/wordpress\/plugins\/seo\/ -->\n<title>Organiza Gobierno de Amecameca b\u00fasqueda de joven desaparecida - Volcanes<\/title>\n<meta name=\"robots\" content=\"index, follow, max-snippet:-1, max-image-preview:large, max-video-preview:-1\" \/>\n<link rel=\"canonical\" href=\"https:\/\/volcanes.net\/?p=10041\" \/>\n<meta property=\"og:locale\" content=\"es_MX\" \/>\n<meta property=\"og:type\" content=\"article\" \/>\n<meta property=\"og:title\" content=\"Organiza Gobierno de Amecameca b\u00fasqueda de joven desaparecida - Volcanes\" \/>\n<meta property=\"og:description\" content=\"Encabeza las c\u00e9lulas de b\u00fasqueda el Presidente Municipal Miguel \u00c1ngel Salom\u00f3n Cort\u00e9s. Amecameca, Estado de\" \/>\n<meta property=\"og:url\" content=\"https:\/\/volcanes.net\/?p=10041\" \/>\n<meta property=\"og:site_name\" content=\"Volcanes\" \/>\n<meta property=\"article:publisher\" content=\"https:\/\/www.facebook.com\/volcanes.net\/\" \/>\n<meta property=\"article:published_time\" content=\"2021-02-07T20:09:51+00:00\" \/>\n<meta property=\"og:image\" content=\"https:\/\/volcanes.net\/wp-content\/uploads\/2021\/02\/IMG-20210207-WA0005.jpg\" \/>\n\t<meta property=\"og:image:width\" content=\"1280\" \/>\n\t<meta property=\"og:image:height\" content=\"886\" \/>\n\t<meta property=\"og:image:type\" content=\"image\/jpeg\" \/>\n<meta name=\"author\" content=\"admin\" \/>\n<meta name=\"twitter:card\" content=\"summary_large_image\" \/>\n<meta name=\"twitter:label1\" content=\"Escrito por\" \/>\n\t<meta name=\"twitter:data1\" content=\"admin\" \/>\n\t<meta name=\"twitter:label2\" content=\"Tiempo de lectura\" \/>\n\t<meta name=\"twitter:data2\" content=\"1 minuto\" \/>\n<script type=\"application\/ld+json\" class=\"yoast-schema-graph\">{\"@context\":\"https:\/\/schema.org\",\"@graph\":[{\"@type\":\"Article\",\"@id\":\"https:\/\/volcanes.net\/?p=10041#article\",\"isPartOf\":{\"@id\":\"https:\/\/volcanes.net\/?p=10041\"},\"author\":{\"name\":\"admin\",\"@id\":\"https:\/\/volcanes.net\/#\/schema\/person\/4bf0f383940966a4abd53f5048c0e6b9\"},\"headline\":\"Organiza Gobierno de Amecameca b\u00fasqueda de joven desaparecida\",\"datePublished\":\"2021-02-07T20:09:51+00:00\",\"mainEntityOfPage\":{\"@id\":\"https:\/\/volcanes.net\/?p=10041\"},\"wordCount\":268,\"commentCount\":0,\"publisher\":{\"@id\":\"https:\/\/volcanes.net\/#organization\"},\"image\":{\"@id\":\"https:\/\/volcanes.net\/?p=10041#primaryimage\"},\"thumbnailUrl\":\"https:\/\/volcanes.net\/wp-content\/uploads\/2021\/02\/IMG-20210207-WA0005.jpg\",\"keywords\":[\"Amecameca\"],\"articleSection\":[\"Municipales\"],\"inLanguage\":\"es\",\"potentialAction\":[{\"@type\":\"CommentAction\",\"name\":\"Comment\",\"target\":[\"https:\/\/volcanes.net\/?p=10041#respond\"]}]},{\"@type\":\"WebPage\",\"@id\":\"https:\/\/volcanes.net\/?p=10041\",\"url\":\"https:\/\/volcanes.net\/?p=10041\",\"name\":\"Organiza Gobierno de Amecameca b\u00fasqueda de joven desaparecida - Volcanes\",\"isPartOf\":{\"@id\":\"https:\/\/volcanes.net\/#website\"},\"primaryImageOfPage\":{\"@id\":\"https:\/\/volcanes.net\/?p=10041#primaryimage\"},\"image\":{\"@id\":\"https:\/\/volcanes.net\/?p=10041#primaryimage\"},\"thumbnailUrl\":\"https:\/\/volcanes.net\/wp-content\/uploads\/2021\/02\/IMG-20210207-WA0005.jpg\",\"datePublished\":\"2021-02-07T20:09:51+00:00\",\"breadcrumb\":{\"@id\":\"https:\/\/volcanes.net\/?p=10041#breadcrumb\"},\"inLanguage\":\"es\",\"potentialAction\":[{\"@type\":\"ReadAction\",\"target\":[\"https:\/\/volcanes.net\/?p=10041\"]}]},{\"@type\":\"ImageObject\",\"inLanguage\":\"es\",\"@id\":\"https:\/\/volcanes.net\/?p=10041#primaryimage\",\"url\":\"https:\/\/volcanes.net\/wp-content\/uploads\/2021\/02\/IMG-20210207-WA0005.jpg\",\"contentUrl\":\"https:\/\/volcanes.net\/wp-content\/uploads\/2021\/02\/IMG-20210207-WA0005.jpg\",\"width\":1280,\"height\":886},{\"@type\":\"BreadcrumbList\",\"@id\":\"https:\/\/volcanes.net\/?p=10041#breadcrumb\",\"itemListElement\":[{\"@type\":\"ListItem\",\"position\":1,\"name\":\"Portada\",\"item\":\"https:\/\/volcanes.net\/\"},{\"@type\":\"ListItem\",\"position\":2,\"name\":\"Organiza Gobierno de Amecameca b\u00fasqueda de joven desaparecida\"}]},{\"@type\":\"WebSite\",\"@id\":\"https:\/\/volcanes.net\/#website\",\"url\":\"https:\/\/volcanes.net\/\",\"name\":\"Volcanes.Net\",\"description\":\"Periodismo Profesional\",\"publisher\":{\"@id\":\"https:\/\/volcanes.net\/#organization\"},\"potentialAction\":[{\"@type\":\"SearchAction\",\"target\":{\"@type\":\"EntryPoint\",\"urlTemplate\":\"https:\/\/volcanes.net\/?s={search_term_string}\"},\"query-input\":{\"@type\":\"PropertyValueSpecification\",\"valueRequired\":true,\"valueName\":\"search_term_string\"}}],\"inLanguage\":\"es\"},{\"@type\":\"Organization\",\"@id\":\"https:\/\/volcanes.net\/#organization\",\"name\":\"Grupo Volcanes\",\"url\":\"https:\/\/volcanes.net\/\",\"logo\":{\"@type\":\"ImageObject\",\"inLanguage\":\"es\",\"@id\":\"https:\/\/volcanes.net\/#\/schema\/logo\/image\/\",\"url\":\"http:\/\/volcanes.net\/wp-content\/uploads\/2017\/12\/Avatar2.jpg\",\"contentUrl\":\"http:\/\/volcanes.net\/wp-content\/uploads\/2017\/12\/Avatar2.jpg\",\"width\":378,\"height\":378,\"caption\":\"Grupo Volcanes\"},\"image\":{\"@id\":\"https:\/\/volcanes.net\/#\/schema\/logo\/image\/\"},\"sameAs\":[\"https:\/\/www.facebook.com\/volcanes.net\/\"]},{\"@type\":\"Person\",\"@id\":\"https:\/\/volcanes.net\/#\/schema\/person\/4bf0f383940966a4abd53f5048c0e6b9\",\"name\":\"admin\",\"image\":{\"@type\":\"ImageObject\",\"inLanguage\":\"es\",\"@id\":\"https:\/\/volcanes.net\/#\/schema\/person\/image\/\",\"url\":\"https:\/\/secure.gravatar.com\/avatar\/ca004e6cba8462b8cb7abc86e382930c?s=96&d=mm&r=g\",\"contentUrl\":\"https:\/\/secure.gravatar.com\/avatar\/ca004e6cba8462b8cb7abc86e382930c?s=96&d=mm&r=g\",\"caption\":\"admin\"}}]}<\/script>\n<!-- \/ Yoast SEO plugin. -->","yoast_head_json":{"title":"Organiza Gobierno de Amecameca b\u00fasqueda de joven desaparecida - Volcanes","robots":{"index":"index","follow":"follow","max-snippet":"max-snippet:-1","max-image-preview":"max-image-preview:large","max-video-preview":"max-video-preview:-1"},"canonical":"https:\/\/volcanes.net\/?p=10041","og_locale":"es_MX","og_type":"article","og_title":"Organiza Gobierno de Amecameca b\u00fasqueda de joven desaparecida - Volcanes","og_description":"Encabeza las c\u00e9lulas de b\u00fasqueda el Presidente Municipal Miguel \u00c1ngel Salom\u00f3n Cort\u00e9s. Amecameca, Estado de","og_url":"https:\/\/volcanes.net\/?p=10041","og_site_name":"Volcanes","article_publisher":"https:\/\/www.facebook.com\/volcanes.net\/","article_published_time":"2021-02-07T20:09:51+00:00","og_image":[{"width":1280,"height":886,"url":"https:\/\/volcanes.net\/wp-content\/uploads\/2021\/02\/IMG-20210207-WA0005.jpg","type":"image\/jpeg"}],"author":"admin","twitter_card":"summary_large_image","twitter_misc":{"Escrito por":"admin","Tiempo de lectura":"1 minuto"},"schema":{"@context":"https:\/\/schema.org","@graph":[{"@type":"Article","@id":"https:\/\/volcanes.net\/?p=10041#article","isPartOf":{"@id":"https:\/\/volcanes.net\/?p=10041"},"author":{"name":"admin","@id":"https:\/\/volcanes.net\/#\/schema\/person\/4bf0f383940966a4abd53f5048c0e6b9"},"headline":"Organiza Gobierno de Amecameca b\u00fasqueda de joven desaparecida","datePublished":"2021-02-07T20:09:51+00:00","mainEntityOfPage":{"@id":"https:\/\/volcanes.net\/?p=10041"},"wordCount":268,"commentCount":0,"publisher":{"@id":"https:\/\/volcanes.net\/#organization"},"image":{"@id":"https:\/\/volcanes.net\/?p=10041#primaryimage"},"thumbnailUrl":"https:\/\/volcanes.net\/wp-content\/uploads\/2021\/02\/IMG-20210207-WA0005.jpg","keywords":["Amecameca"],"articleSection":["Municipales"],"inLanguage":"es","potentialAction":[{"@type":"CommentAction","name":"Comment","target":["https:\/\/volcanes.net\/?p=10041#respond"]}]},{"@type":"WebPage","@id":"https:\/\/volcanes.net\/?p=10041","url":"https:\/\/volcanes.net\/?p=10041","name":"Organiza Gobierno de Amecameca b\u00fasqueda de joven desaparecida - Volcanes","isPartOf":{"@id":"https:\/\/volcanes.net\/#website"},"primaryImageOfPage":{"@id":"https:\/\/volcanes.net\/?p=10041#primaryimage"},"image":{"@id":"https:\/\/volcanes.net\/?p=10041#primaryimage"},"thumbnailUrl":"https:\/\/volcanes.net\/wp-content\/uploads\/2021\/02\/IMG-20210207-WA0005.jpg","datePublished":"2021-02-07T20:09:51+00:00","breadcrumb":{"@id":"https:\/\/volcanes.net\/?p=10041#breadcrumb"},"inLanguage":"es","potentialAction":[{"@type":"ReadAction","target":["https:\/\/volcanes.net\/?p=10041"]}]},{"@type":"ImageObject","inLanguage":"es","@id":"https:\/\/volcanes.net\/?p=10041#primaryimage","url":"https:\/\/volcanes.net\/wp-content\/uploads\/2021\/02\/IMG-20210207-WA0005.jpg","contentUrl":"https:\/\/volcanes.net\/wp-content\/uploads\/2021\/02\/IMG-20210207-WA0005.jpg","width":1280,"height":886},{"@type":"BreadcrumbList","@id":"https:\/\/volcanes.net\/?p=10041#breadcrumb","itemListElement":[{"@type":"ListItem","position":1,"name":"Portada","item":"https:\/\/volcanes.net\/"},{"@type":"ListItem","position":2,"name":"Organiza Gobierno de Amecameca b\u00fasqueda de joven desaparecida"}]},{"@type":"WebSite","@id":"https:\/\/volcanes.net\/#website","url":"https:\/\/volcanes.net\/","name":"Volcanes.Net","description":"Periodismo Profesional","publisher":{"@id":"https:\/\/volcanes.net\/#organization"},"potentialAction":[{"@type":"SearchAction","target":{"@type":"EntryPoint","urlTemplate":"https:\/\/volcanes.net\/?s={search_term_string}"},"query-input":{"@type":"PropertyValueSpecification","valueRequired":true,"valueName":"search_term_string"}}],"inLanguage":"es"},{"@type":"Organization","@id":"https:\/\/volcanes.net\/#organization","name":"Grupo Volcanes","url":"https:\/\/volcanes.net\/","logo":{"@type":"ImageObject","inLanguage":"es","@id":"https:\/\/volcanes.net\/#\/schema\/logo\/image\/","url":"http:\/\/volcanes.net\/wp-content\/uploads\/2017\/12\/Avatar2.jpg","contentUrl":"http:\/\/volcanes.net\/wp-content\/uploads\/2017\/12\/Avatar2.jpg","width":378,"height":378,"caption":"Grupo Volcanes"},"image":{"@id":"https:\/\/volcanes.net\/#\/schema\/logo\/image\/"},"sameAs":["https:\/\/www.facebook.com\/volcanes.net\/"]},{"@type":"Person","@id":"https:\/\/volcanes.net\/#\/schema\/person\/4bf0f383940966a4abd53f5048c0e6b9","name":"admin","image":{"@type":"ImageObject","inLanguage":"es","@id":"https:\/\/volcanes.net\/#\/schema\/person\/image\/","url":"https:\/\/secure.gravatar.com\/avatar\/ca004e6cba8462b8cb7abc86e382930c?s=96&d=mm&r=g","contentUrl":"https:\/\/secure.gravatar.com\/avatar\/ca004e6cba8462b8cb7abc86e382930c?s=96&d=mm&r=g","caption":"admin"}}]}},"_links":{"self":[{"href":"https:\/\/volcanes.net\/index.php?rest_route=\/wp\/v2\/posts\/10041"}],"collection":[{"href":"https:\/\/volcanes.net\/index.php?rest_route=\/wp\/v2\/posts"}],"about":[{"href":"https:\/\/volcanes.net\/index.php?rest_route=\/wp\/v2\/types\/post"}],"author":[{"embeddable":true,"href":"https:\/\/volcanes.net\/index.php?rest_route=\/wp\/v2\/users\/1"}],"replies":[{"embeddable":true,"href":"https:\/\/volcanes.net\/index.php?rest_route=%2Fwp%2Fv2%2Fcomments&post=10041"}],"version-history":[{"count":1,"href":"https:\/\/volcanes.net\/index.php?rest_route=\/wp\/v2\/posts\/10041\/revisions"}],"predecessor-version":[{"id":10043,"href":"https:\/\/volcanes.net\/index.php?rest_route=\/wp\/v2\/posts\/10041\/revisions\/10043"}],"wp:featuredmedia":[{"embeddable":true,"href":"https:\/\/volcanes.net\/index.php?rest_route=\/wp\/v2\/media\/10042"}],"wp:attachment":[{"href":"https:\/\/volcanes.net\/index.php?rest_route=%2Fwp%2Fv2%2Fmedia&parent=10041"}],"wp:term":[{"taxonomy":"category","embeddable":true,"href":"https:\/\/volcanes.net\/index.php?rest_route=%2Fwp%2Fv2%2Fcategories&post=10041"},{"taxonomy":"post_tag","embeddable":true,"href":"https:\/\/volcanes.net\/index.php?rest_route=%2Fwp%2Fv2%2Ftags&post=10041"}],"curies":[{"name":"wp","href":"https:\/\/api.w.org\/{rel}","templated":true}]}}