{"id":10048,"date":"2021-02-08T16:59:23","date_gmt":"2021-02-08T22:59:23","guid":{"rendered":"http:\/\/volcanes.net\/?p=10048"},"modified":"2021-02-08T17:17:53","modified_gmt":"2021-02-08T23:17:53","slug":"sujeto-es-vinculado-a-proceso-por-el-homicidio-de-un-hombre-en-chalco","status":"publish","type":"post","link":"https:\/\/volcanes.net\/?p=10048","title":{"rendered":"Sujeto es vinculado a proceso por el homicidio de un hombre en Chalco"},"content":{"rendered":"<div style=\"margin-top: 0px; margin-bottom: 0px;\" class=\"sharethis-inline-share-buttons\" ><\/div><p style=\"text-align: justify;\">Chalco, Estado de M\u00e9xico.- El Ministerio P\u00fablico de la Fiscal\u00eda Especializada de Homicidio de la Zona Oriente, de esta Fiscal\u00eda General de Justicia Estatal (FGJEM) acredit\u00f3 la probable participaci\u00f3n de Armando Edgar \u201cN\u201d en el asesinato de un hombre en este municipio, delito por el cual fue vinculado a proceso.<\/p>\n<p style=\"text-align: justify;\">El pasado 13 de diciembre el detenido y otro sujeto habr\u00edan disparado un arma de fuego en contra de la v\u00edctima al momento en que esta arribaba a un inmueble de la colonia Santa Mar\u00eda Huexoculco, en el municipio de Chalco.<\/p>\n<p style=\"text-align: justify;\">Esta persona falleci\u00f3 a causa de las lesiones que presentaba, en tanto que los probables part\u00edcipes huyeron del lugar.<\/p>\n<p style=\"text-align: justify;\">La Fiscal\u00eda General de Justicia Estatal inici\u00f3 las indagatorias respectivas por este homicidio y con el avance en la investigaci\u00f3n fue posible identificar y detener al probable part\u00edcipe, mismo que fue ingresado al Centro Penitenciario y de Reinserci\u00f3n Social de Chalco para que fuera determinada su situaci\u00f3n legal.<\/p>\n<p style=\"text-align: justify;\">La Autoridad Judicial revis\u00f3 los elementos de prueba recabados y aportados por esta Representaci\u00f3n Social, por lo que determin\u00f3 iniciar un proceso legal en su contra, con un plazo de un mes para el cierre de investigaci\u00f3n complementaria y una media cautelar de prisi\u00f3n preventiva; no obstante, se le debe considerar inocente hasta que sea dictada una sentencia condenatoria en su contra.<\/p>\n","protected":false},"excerpt":{"rendered":"<p>Chalco, Estado de M\u00e9xico.- El Ministerio P\u00fablico de la Fiscal\u00eda Especializada de Homicidio de la<\/p>\n","protected":false},"author":1,"featured_media":10049,"comment_status":"open","ping_status":"open","sticky":false,"template":"","format":"standard","meta":{"footnotes":""},"categories":[1],"tags":[9],"class_list":["post-10048","post","type-post","status-publish","format-standard","has-post-thumbnail","hentry","category-municipales","tag-chalco"],"yoast_head":"<!-- This site is optimized with the Yoast SEO plugin v25.3 - https:\/\/yoast.com\/wordpress\/plugins\/seo\/ -->\n<title>Sujeto es vinculado a proceso por el homicidio de un hombre en Chalco - Volcanes<\/title>\n<meta name=\"robots\" content=\"index, follow, max-snippet:-1, max-image-preview:large, max-video-preview:-1\" \/>\n<link rel=\"canonical\" href=\"https:\/\/volcanes.net\/?p=10048\" \/>\n<meta property=\"og:locale\" content=\"es_MX\" \/>\n<meta property=\"og:type\" content=\"article\" \/>\n<meta property=\"og:title\" content=\"Sujeto es vinculado a proceso por el homicidio de un hombre en Chalco - Volcanes\" \/>\n<meta property=\"og:description\" content=\"Chalco, Estado de M\u00e9xico.- El Ministerio P\u00fablico de la Fiscal\u00eda Especializada de Homicidio de la\" \/>\n<meta property=\"og:url\" content=\"https:\/\/volcanes.net\/?p=10048\" \/>\n<meta property=\"og:site_name\" content=\"Volcanes\" \/>\n<meta property=\"article:publisher\" content=\"https:\/\/www.facebook.com\/volcanes.net\/\" \/>\n<meta property=\"article:published_time\" content=\"2021-02-08T22:59:23+00:00\" \/>\n<meta property=\"article:modified_time\" content=\"2021-02-08T23:17:53+00:00\" \/>\n<meta property=\"og:image\" content=\"https:\/\/volcanes.net\/wp-content\/uploads\/2021\/02\/IMG-20210207-WA0114-1.jpg\" \/>\n\t<meta property=\"og:image:width\" content=\"500\" \/>\n\t<meta property=\"og:image:height\" content=\"685\" \/>\n\t<meta property=\"og:image:type\" content=\"image\/jpeg\" \/>\n<meta name=\"author\" content=\"admin\" \/>\n<meta name=\"twitter:card\" content=\"summary_large_image\" \/>\n<meta name=\"twitter:label1\" content=\"Escrito por\" \/>\n\t<meta name=\"twitter:data1\" content=\"admin\" \/>\n\t<meta name=\"twitter:label2\" content=\"Tiempo de lectura\" \/>\n\t<meta name=\"twitter:data2\" content=\"1 minuto\" \/>\n<script type=\"application\/ld+json\" class=\"yoast-schema-graph\">{\"@context\":\"https:\/\/schema.org\",\"@graph\":[{\"@type\":\"Article\",\"@id\":\"https:\/\/volcanes.net\/?p=10048#article\",\"isPartOf\":{\"@id\":\"https:\/\/volcanes.net\/?p=10048\"},\"author\":{\"name\":\"admin\",\"@id\":\"https:\/\/volcanes.net\/#\/schema\/person\/4bf0f383940966a4abd53f5048c0e6b9\"},\"headline\":\"Sujeto es vinculado a proceso por el homicidio de un hombre en Chalco\",\"datePublished\":\"2021-02-08T22:59:23+00:00\",\"dateModified\":\"2021-02-08T23:17:53+00:00\",\"mainEntityOfPage\":{\"@id\":\"https:\/\/volcanes.net\/?p=10048\"},\"wordCount\":250,\"commentCount\":0,\"publisher\":{\"@id\":\"https:\/\/volcanes.net\/#organization\"},\"image\":{\"@id\":\"https:\/\/volcanes.net\/?p=10048#primaryimage\"},\"thumbnailUrl\":\"https:\/\/volcanes.net\/wp-content\/uploads\/2021\/02\/IMG-20210207-WA0114-1.jpg\",\"keywords\":[\"Chalco\"],\"articleSection\":[\"Municipales\"],\"inLanguage\":\"es\",\"potentialAction\":[{\"@type\":\"CommentAction\",\"name\":\"Comment\",\"target\":[\"https:\/\/volcanes.net\/?p=10048#respond\"]}]},{\"@type\":\"WebPage\",\"@id\":\"https:\/\/volcanes.net\/?p=10048\",\"url\":\"https:\/\/volcanes.net\/?p=10048\",\"name\":\"Sujeto es vinculado a proceso por el homicidio de un hombre en Chalco - Volcanes\",\"isPartOf\":{\"@id\":\"https:\/\/volcanes.net\/#website\"},\"primaryImageOfPage\":{\"@id\":\"https:\/\/volcanes.net\/?p=10048#primaryimage\"},\"image\":{\"@id\":\"https:\/\/volcanes.net\/?p=10048#primaryimage\"},\"thumbnailUrl\":\"https:\/\/volcanes.net\/wp-content\/uploads\/2021\/02\/IMG-20210207-WA0114-1.jpg\",\"datePublished\":\"2021-02-08T22:59:23+00:00\",\"dateModified\":\"2021-02-08T23:17:53+00:00\",\"breadcrumb\":{\"@id\":\"https:\/\/volcanes.net\/?p=10048#breadcrumb\"},\"inLanguage\":\"es\",\"potentialAction\":[{\"@type\":\"ReadAction\",\"target\":[\"https:\/\/volcanes.net\/?p=10048\"]}]},{\"@type\":\"ImageObject\",\"inLanguage\":\"es\",\"@id\":\"https:\/\/volcanes.net\/?p=10048#primaryimage\",\"url\":\"https:\/\/volcanes.net\/wp-content\/uploads\/2021\/02\/IMG-20210207-WA0114-1.jpg\",\"contentUrl\":\"https:\/\/volcanes.net\/wp-content\/uploads\/2021\/02\/IMG-20210207-WA0114-1.jpg\",\"width\":500,\"height\":685},{\"@type\":\"BreadcrumbList\",\"@id\":\"https:\/\/volcanes.net\/?p=10048#breadcrumb\",\"itemListElement\":[{\"@type\":\"ListItem\",\"position\":1,\"name\":\"Portada\",\"item\":\"https:\/\/volcanes.net\/\"},{\"@type\":\"ListItem\",\"position\":2,\"name\":\"Sujeto es vinculado a proceso por el homicidio de un hombre en Chalco\"}]},{\"@type\":\"WebSite\",\"@id\":\"https:\/\/volcanes.net\/#website\",\"url\":\"https:\/\/volcanes.net\/\",\"name\":\"Volcanes.Net\",\"description\":\"Periodismo Profesional\",\"publisher\":{\"@id\":\"https:\/\/volcanes.net\/#organization\"},\"potentialAction\":[{\"@type\":\"SearchAction\",\"target\":{\"@type\":\"EntryPoint\",\"urlTemplate\":\"https:\/\/volcanes.net\/?s={search_term_string}\"},\"query-input\":{\"@type\":\"PropertyValueSpecification\",\"valueRequired\":true,\"valueName\":\"search_term_string\"}}],\"inLanguage\":\"es\"},{\"@type\":\"Organization\",\"@id\":\"https:\/\/volcanes.net\/#organization\",\"name\":\"Grupo Volcanes\",\"url\":\"https:\/\/volcanes.net\/\",\"logo\":{\"@type\":\"ImageObject\",\"inLanguage\":\"es\",\"@id\":\"https:\/\/volcanes.net\/#\/schema\/logo\/image\/\",\"url\":\"http:\/\/volcanes.net\/wp-content\/uploads\/2017\/12\/Avatar2.jpg\",\"contentUrl\":\"http:\/\/volcanes.net\/wp-content\/uploads\/2017\/12\/Avatar2.jpg\",\"width\":378,\"height\":378,\"caption\":\"Grupo Volcanes\"},\"image\":{\"@id\":\"https:\/\/volcanes.net\/#\/schema\/logo\/image\/\"},\"sameAs\":[\"https:\/\/www.facebook.com\/volcanes.net\/\"]},{\"@type\":\"Person\",\"@id\":\"https:\/\/volcanes.net\/#\/schema\/person\/4bf0f383940966a4abd53f5048c0e6b9\",\"name\":\"admin\",\"image\":{\"@type\":\"ImageObject\",\"inLanguage\":\"es\",\"@id\":\"https:\/\/volcanes.net\/#\/schema\/person\/image\/\",\"url\":\"https:\/\/secure.gravatar.com\/avatar\/ca004e6cba8462b8cb7abc86e382930c?s=96&d=mm&r=g\",\"contentUrl\":\"https:\/\/secure.gravatar.com\/avatar\/ca004e6cba8462b8cb7abc86e382930c?s=96&d=mm&r=g\",\"caption\":\"admin\"}}]}<\/script>\n<!-- \/ Yoast SEO plugin. -->","yoast_head_json":{"title":"Sujeto es vinculado a proceso por el homicidio de un hombre en Chalco - Volcanes","robots":{"index":"index","follow":"follow","max-snippet":"max-snippet:-1","max-image-preview":"max-image-preview:large","max-video-preview":"max-video-preview:-1"},"canonical":"https:\/\/volcanes.net\/?p=10048","og_locale":"es_MX","og_type":"article","og_title":"Sujeto es vinculado a proceso por el homicidio de un hombre en Chalco - Volcanes","og_description":"Chalco, Estado de M\u00e9xico.- El Ministerio P\u00fablico de la Fiscal\u00eda Especializada de Homicidio de la","og_url":"https:\/\/volcanes.net\/?p=10048","og_site_name":"Volcanes","article_publisher":"https:\/\/www.facebook.com\/volcanes.net\/","article_published_time":"2021-02-08T22:59:23+00:00","article_modified_time":"2021-02-08T23:17:53+00:00","og_image":[{"width":500,"height":685,"url":"https:\/\/volcanes.net\/wp-content\/uploads\/2021\/02\/IMG-20210207-WA0114-1.jpg","type":"image\/jpeg"}],"author":"admin","twitter_card":"summary_large_image","twitter_misc":{"Escrito por":"admin","Tiempo de lectura":"1 minuto"},"schema":{"@context":"https:\/\/schema.org","@graph":[{"@type":"Article","@id":"https:\/\/volcanes.net\/?p=10048#article","isPartOf":{"@id":"https:\/\/volcanes.net\/?p=10048"},"author":{"name":"admin","@id":"https:\/\/volcanes.net\/#\/schema\/person\/4bf0f383940966a4abd53f5048c0e6b9"},"headline":"Sujeto es vinculado a proceso por el homicidio de un hombre en Chalco","datePublished":"2021-02-08T22:59:23+00:00","dateModified":"2021-02-08T23:17:53+00:00","mainEntityOfPage":{"@id":"https:\/\/volcanes.net\/?p=10048"},"wordCount":250,"commentCount":0,"publisher":{"@id":"https:\/\/volcanes.net\/#organization"},"image":{"@id":"https:\/\/volcanes.net\/?p=10048#primaryimage"},"thumbnailUrl":"https:\/\/volcanes.net\/wp-content\/uploads\/2021\/02\/IMG-20210207-WA0114-1.jpg","keywords":["Chalco"],"articleSection":["Municipales"],"inLanguage":"es","potentialAction":[{"@type":"CommentAction","name":"Comment","target":["https:\/\/volcanes.net\/?p=10048#respond"]}]},{"@type":"WebPage","@id":"https:\/\/volcanes.net\/?p=10048","url":"https:\/\/volcanes.net\/?p=10048","name":"Sujeto es vinculado a proceso por el homicidio de un hombre en Chalco - Volcanes","isPartOf":{"@id":"https:\/\/volcanes.net\/#website"},"primaryImageOfPage":{"@id":"https:\/\/volcanes.net\/?p=10048#primaryimage"},"image":{"@id":"https:\/\/volcanes.net\/?p=10048#primaryimage"},"thumbnailUrl":"https:\/\/volcanes.net\/wp-content\/uploads\/2021\/02\/IMG-20210207-WA0114-1.jpg","datePublished":"2021-02-08T22:59:23+00:00","dateModified":"2021-02-08T23:17:53+00:00","breadcrumb":{"@id":"https:\/\/volcanes.net\/?p=10048#breadcrumb"},"inLanguage":"es","potentialAction":[{"@type":"ReadAction","target":["https:\/\/volcanes.net\/?p=10048"]}]},{"@type":"ImageObject","inLanguage":"es","@id":"https:\/\/volcanes.net\/?p=10048#primaryimage","url":"https:\/\/volcanes.net\/wp-content\/uploads\/2021\/02\/IMG-20210207-WA0114-1.jpg","contentUrl":"https:\/\/volcanes.net\/wp-content\/uploads\/2021\/02\/IMG-20210207-WA0114-1.jpg","width":500,"height":685},{"@type":"BreadcrumbList","@id":"https:\/\/volcanes.net\/?p=10048#breadcrumb","itemListElement":[{"@type":"ListItem","position":1,"name":"Portada","item":"https:\/\/volcanes.net\/"},{"@type":"ListItem","position":2,"name":"Sujeto es vinculado a proceso por el homicidio de un hombre en Chalco"}]},{"@type":"WebSite","@id":"https:\/\/volcanes.net\/#website","url":"https:\/\/volcanes.net\/","name":"Volcanes.Net","description":"Periodismo Profesional","publisher":{"@id":"https:\/\/volcanes.net\/#organization"},"potentialAction":[{"@type":"SearchAction","target":{"@type":"EntryPoint","urlTemplate":"https:\/\/volcanes.net\/?s={search_term_string}"},"query-input":{"@type":"PropertyValueSpecification","valueRequired":true,"valueName":"search_term_string"}}],"inLanguage":"es"},{"@type":"Organization","@id":"https:\/\/volcanes.net\/#organization","name":"Grupo Volcanes","url":"https:\/\/volcanes.net\/","logo":{"@type":"ImageObject","inLanguage":"es","@id":"https:\/\/volcanes.net\/#\/schema\/logo\/image\/","url":"http:\/\/volcanes.net\/wp-content\/uploads\/2017\/12\/Avatar2.jpg","contentUrl":"http:\/\/volcanes.net\/wp-content\/uploads\/2017\/12\/Avatar2.jpg","width":378,"height":378,"caption":"Grupo Volcanes"},"image":{"@id":"https:\/\/volcanes.net\/#\/schema\/logo\/image\/"},"sameAs":["https:\/\/www.facebook.com\/volcanes.net\/"]},{"@type":"Person","@id":"https:\/\/volcanes.net\/#\/schema\/person\/4bf0f383940966a4abd53f5048c0e6b9","name":"admin","image":{"@type":"ImageObject","inLanguage":"es","@id":"https:\/\/volcanes.net\/#\/schema\/person\/image\/","url":"https:\/\/secure.gravatar.com\/avatar\/ca004e6cba8462b8cb7abc86e382930c?s=96&d=mm&r=g","contentUrl":"https:\/\/secure.gravatar.com\/avatar\/ca004e6cba8462b8cb7abc86e382930c?s=96&d=mm&r=g","caption":"admin"}}]}},"_links":{"self":[{"href":"https:\/\/volcanes.net\/index.php?rest_route=\/wp\/v2\/posts\/10048"}],"collection":[{"href":"https:\/\/volcanes.net\/index.php?rest_route=\/wp\/v2\/posts"}],"about":[{"href":"https:\/\/volcanes.net\/index.php?rest_route=\/wp\/v2\/types\/post"}],"author":[{"embeddable":true,"href":"https:\/\/volcanes.net\/index.php?rest_route=\/wp\/v2\/users\/1"}],"replies":[{"embeddable":true,"href":"https:\/\/volcanes.net\/index.php?rest_route=%2Fwp%2Fv2%2Fcomments&post=10048"}],"version-history":[{"count":1,"href":"https:\/\/volcanes.net\/index.php?rest_route=\/wp\/v2\/posts\/10048\/revisions"}],"predecessor-version":[{"id":10050,"href":"https:\/\/volcanes.net\/index.php?rest_route=\/wp\/v2\/posts\/10048\/revisions\/10050"}],"wp:featuredmedia":[{"embeddable":true,"href":"https:\/\/volcanes.net\/index.php?rest_route=\/wp\/v2\/media\/10049"}],"wp:attachment":[{"href":"https:\/\/volcanes.net\/index.php?rest_route=%2Fwp%2Fv2%2Fmedia&parent=10048"}],"wp:term":[{"taxonomy":"category","embeddable":true,"href":"https:\/\/volcanes.net\/index.php?rest_route=%2Fwp%2Fv2%2Fcategories&post=10048"},{"taxonomy":"post_tag","embeddable":true,"href":"https:\/\/volcanes.net\/index.php?rest_route=%2Fwp%2Fv2%2Ftags&post=10048"}],"curies":[{"name":"wp","href":"https:\/\/api.w.org\/{rel}","templated":true}]}}