{"id":10064,"date":"2021-02-08T19:51:15","date_gmt":"2021-02-09T01:51:15","guid":{"rendered":"http:\/\/volcanes.net\/?p=10064"},"modified":"2021-02-08T19:51:15","modified_gmt":"2021-02-09T01:51:15","slug":"en-amecameca-inauguran-obras-por-mas-de-2-5-millones-de-pesos","status":"publish","type":"post","link":"https:\/\/volcanes.net\/?p=10064","title":{"rendered":"En Amecameca inauguran obras por m\u00e1s de 2.5 millones de pesos"},"content":{"rendered":"<div style=\"margin-top: 0px; margin-bottom: 0px;\" class=\"sharethis-inline-share-buttons\" ><\/div><p style=\"text-align: justify;\">Amecameca de Ju\u00e1rez, Estado de M\u00e9xico.- El Presidente Municipal Miguel \u00c1ngel Salom\u00f3n Cort\u00e9s inaugur\u00f3 esta ma\u00f1ana, acompa\u00f1ado del Diputado Local Jos\u00e9 Alberto Couttolenc Buentello e Integrantes del Ayuntamiento, la Pavimentaci\u00f3n de la Calle Garita de Matamoros y la Construcci\u00f3n de la Barda Perimetral del Jard\u00edn de Ni\u00f1os Anexo a la Normal de Amecameca; cabe mencionar que esta \u00faltima obra hab\u00eda sido solicitada a m\u00e1s de 10 administraciones municipales anteriores y nunca fue atendida la petici\u00f3n.<\/p>\n<p style=\"text-align: justify;\">Luego de recorrer la calle Garita de Matamoros, paso obligado de los alumnos de la Preparatoria Anexa a la Normal de Amecameca, el Presidente Municipal inform\u00f3 a los vecinos \u00a0y a la Directora de esa escuela, Profesora Mar\u00eda Antonia Oliva Cervantes, que con la inversi\u00f3n de m\u00e1s de 2 millones y medio de pesos, se crearon condiciones \u00f3ptimas para que m\u00e1s de mil alumnos de la preparatoria transiten por una vialidad m\u00e1s segura y los peque\u00f1os del Jard\u00edn de Ni\u00f1os cuenten con instalaciones que brinden m\u00e1s confianza a alumnos, docentes y padres de familia.<\/p>\n<p style=\"text-align: justify;\">Tambi\u00e9n agradeci\u00f3 a todos los vecinos de esa calle su trabajo organizado que permiti\u00f3 alcanzar las metas trazadas. \u201cSiempre que se trabaja hombro con hombro se obtienen\u00a0 mejores resultados, por eso les adelanto que se instalar\u00e1n luminarias en toda esta vialidad\u201d, les dijo.<\/p>\n<p style=\"text-align: justify;\">Por su parte el Diputado Local reconoci\u00f3 la labor de gestor permanente del Mun\u00edcipe y destac\u00f3 que su gobierno ha dado resultados en obras y acciones por todo el municipio, \u201ces un gobernante que tiene claro su compromiso con la ciudadan\u00eda, que trabaja incansablemente y que nunca ha puesto pretextos para cumplirle a los amecamequenses\u201d, dijo.<\/p>\n<p style=\"text-align: justify;\">En su oportunidad la Profesora X\u00f3chitl Flores Galicia, Directora del Jard\u00edn de Ni\u00f1os, agradeci\u00f3 la construcci\u00f3n de la Barda Perimetral y se\u00f1al\u00f3 que desde 1984, cuando fue creada la escuela, se empez\u00f3 a gestionar esta obra, y fue este Gobierno Municipal en el 2020, que los tom\u00f3 en cuenta y la realiz\u00f3.<\/p>\n","protected":false},"excerpt":{"rendered":"<p>Amecameca de Ju\u00e1rez, Estado de M\u00e9xico.- El Presidente Municipal Miguel \u00c1ngel Salom\u00f3n Cort\u00e9s inaugur\u00f3 esta<\/p>\n","protected":false},"author":1,"featured_media":10065,"comment_status":"open","ping_status":"open","sticky":false,"template":"","format":"standard","meta":{"footnotes":""},"categories":[1],"tags":[7],"class_list":["post-10064","post","type-post","status-publish","format-standard","has-post-thumbnail","hentry","category-municipales","tag-amecameca"],"yoast_head":"<!-- This site is optimized with the Yoast SEO plugin v25.3 - https:\/\/yoast.com\/wordpress\/plugins\/seo\/ -->\n<title>En Amecameca inauguran obras por m\u00e1s de 2.5 millones de pesos - Volcanes<\/title>\n<meta name=\"robots\" content=\"index, follow, max-snippet:-1, max-image-preview:large, max-video-preview:-1\" \/>\n<link rel=\"canonical\" href=\"https:\/\/volcanes.net\/?p=10064\" \/>\n<meta property=\"og:locale\" content=\"es_MX\" \/>\n<meta property=\"og:type\" content=\"article\" \/>\n<meta property=\"og:title\" content=\"En Amecameca inauguran obras por m\u00e1s de 2.5 millones de pesos - Volcanes\" \/>\n<meta property=\"og:description\" content=\"Amecameca de Ju\u00e1rez, Estado de M\u00e9xico.- El Presidente Municipal Miguel \u00c1ngel Salom\u00f3n Cort\u00e9s inaugur\u00f3 esta\" \/>\n<meta property=\"og:url\" content=\"https:\/\/volcanes.net\/?p=10064\" \/>\n<meta property=\"og:site_name\" content=\"Volcanes\" \/>\n<meta property=\"article:publisher\" content=\"https:\/\/www.facebook.com\/volcanes.net\/\" \/>\n<meta property=\"article:published_time\" content=\"2021-02-09T01:51:15+00:00\" \/>\n<meta property=\"og:image\" content=\"https:\/\/volcanes.net\/wp-content\/uploads\/2021\/02\/IMG-20210208-WA0044.jpg\" \/>\n\t<meta property=\"og:image:width\" content=\"1280\" \/>\n\t<meta property=\"og:image:height\" content=\"798\" \/>\n\t<meta property=\"og:image:type\" content=\"image\/jpeg\" \/>\n<meta name=\"author\" content=\"admin\" \/>\n<meta name=\"twitter:card\" content=\"summary_large_image\" \/>\n<meta name=\"twitter:label1\" content=\"Escrito por\" \/>\n\t<meta name=\"twitter:data1\" content=\"admin\" \/>\n\t<meta name=\"twitter:label2\" content=\"Tiempo de lectura\" \/>\n\t<meta name=\"twitter:data2\" content=\"2 minutos\" \/>\n<script type=\"application\/ld+json\" class=\"yoast-schema-graph\">{\"@context\":\"https:\/\/schema.org\",\"@graph\":[{\"@type\":\"Article\",\"@id\":\"https:\/\/volcanes.net\/?p=10064#article\",\"isPartOf\":{\"@id\":\"https:\/\/volcanes.net\/?p=10064\"},\"author\":{\"name\":\"admin\",\"@id\":\"https:\/\/volcanes.net\/#\/schema\/person\/4bf0f383940966a4abd53f5048c0e6b9\"},\"headline\":\"En Amecameca inauguran obras por m\u00e1s de 2.5 millones de pesos\",\"datePublished\":\"2021-02-09T01:51:15+00:00\",\"mainEntityOfPage\":{\"@id\":\"https:\/\/volcanes.net\/?p=10064\"},\"wordCount\":359,\"commentCount\":0,\"publisher\":{\"@id\":\"https:\/\/volcanes.net\/#organization\"},\"image\":{\"@id\":\"https:\/\/volcanes.net\/?p=10064#primaryimage\"},\"thumbnailUrl\":\"https:\/\/volcanes.net\/wp-content\/uploads\/2021\/02\/IMG-20210208-WA0044.jpg\",\"keywords\":[\"Amecameca\"],\"articleSection\":[\"Municipales\"],\"inLanguage\":\"es\",\"potentialAction\":[{\"@type\":\"CommentAction\",\"name\":\"Comment\",\"target\":[\"https:\/\/volcanes.net\/?p=10064#respond\"]}]},{\"@type\":\"WebPage\",\"@id\":\"https:\/\/volcanes.net\/?p=10064\",\"url\":\"https:\/\/volcanes.net\/?p=10064\",\"name\":\"En Amecameca inauguran obras por m\u00e1s de 2.5 millones de pesos - Volcanes\",\"isPartOf\":{\"@id\":\"https:\/\/volcanes.net\/#website\"},\"primaryImageOfPage\":{\"@id\":\"https:\/\/volcanes.net\/?p=10064#primaryimage\"},\"image\":{\"@id\":\"https:\/\/volcanes.net\/?p=10064#primaryimage\"},\"thumbnailUrl\":\"https:\/\/volcanes.net\/wp-content\/uploads\/2021\/02\/IMG-20210208-WA0044.jpg\",\"datePublished\":\"2021-02-09T01:51:15+00:00\",\"breadcrumb\":{\"@id\":\"https:\/\/volcanes.net\/?p=10064#breadcrumb\"},\"inLanguage\":\"es\",\"potentialAction\":[{\"@type\":\"ReadAction\",\"target\":[\"https:\/\/volcanes.net\/?p=10064\"]}]},{\"@type\":\"ImageObject\",\"inLanguage\":\"es\",\"@id\":\"https:\/\/volcanes.net\/?p=10064#primaryimage\",\"url\":\"https:\/\/volcanes.net\/wp-content\/uploads\/2021\/02\/IMG-20210208-WA0044.jpg\",\"contentUrl\":\"https:\/\/volcanes.net\/wp-content\/uploads\/2021\/02\/IMG-20210208-WA0044.jpg\",\"width\":1280,\"height\":798},{\"@type\":\"BreadcrumbList\",\"@id\":\"https:\/\/volcanes.net\/?p=10064#breadcrumb\",\"itemListElement\":[{\"@type\":\"ListItem\",\"position\":1,\"name\":\"Portada\",\"item\":\"https:\/\/volcanes.net\/\"},{\"@type\":\"ListItem\",\"position\":2,\"name\":\"En Amecameca inauguran obras por m\u00e1s de 2.5 millones de pesos\"}]},{\"@type\":\"WebSite\",\"@id\":\"https:\/\/volcanes.net\/#website\",\"url\":\"https:\/\/volcanes.net\/\",\"name\":\"Volcanes.Net\",\"description\":\"Periodismo Profesional\",\"publisher\":{\"@id\":\"https:\/\/volcanes.net\/#organization\"},\"potentialAction\":[{\"@type\":\"SearchAction\",\"target\":{\"@type\":\"EntryPoint\",\"urlTemplate\":\"https:\/\/volcanes.net\/?s={search_term_string}\"},\"query-input\":{\"@type\":\"PropertyValueSpecification\",\"valueRequired\":true,\"valueName\":\"search_term_string\"}}],\"inLanguage\":\"es\"},{\"@type\":\"Organization\",\"@id\":\"https:\/\/volcanes.net\/#organization\",\"name\":\"Grupo Volcanes\",\"url\":\"https:\/\/volcanes.net\/\",\"logo\":{\"@type\":\"ImageObject\",\"inLanguage\":\"es\",\"@id\":\"https:\/\/volcanes.net\/#\/schema\/logo\/image\/\",\"url\":\"http:\/\/volcanes.net\/wp-content\/uploads\/2017\/12\/Avatar2.jpg\",\"contentUrl\":\"http:\/\/volcanes.net\/wp-content\/uploads\/2017\/12\/Avatar2.jpg\",\"width\":378,\"height\":378,\"caption\":\"Grupo Volcanes\"},\"image\":{\"@id\":\"https:\/\/volcanes.net\/#\/schema\/logo\/image\/\"},\"sameAs\":[\"https:\/\/www.facebook.com\/volcanes.net\/\"]},{\"@type\":\"Person\",\"@id\":\"https:\/\/volcanes.net\/#\/schema\/person\/4bf0f383940966a4abd53f5048c0e6b9\",\"name\":\"admin\",\"image\":{\"@type\":\"ImageObject\",\"inLanguage\":\"es\",\"@id\":\"https:\/\/volcanes.net\/#\/schema\/person\/image\/\",\"url\":\"https:\/\/secure.gravatar.com\/avatar\/ca004e6cba8462b8cb7abc86e382930c?s=96&d=mm&r=g\",\"contentUrl\":\"https:\/\/secure.gravatar.com\/avatar\/ca004e6cba8462b8cb7abc86e382930c?s=96&d=mm&r=g\",\"caption\":\"admin\"}}]}<\/script>\n<!-- \/ Yoast SEO plugin. -->","yoast_head_json":{"title":"En Amecameca inauguran obras por m\u00e1s de 2.5 millones de pesos - Volcanes","robots":{"index":"index","follow":"follow","max-snippet":"max-snippet:-1","max-image-preview":"max-image-preview:large","max-video-preview":"max-video-preview:-1"},"canonical":"https:\/\/volcanes.net\/?p=10064","og_locale":"es_MX","og_type":"article","og_title":"En Amecameca inauguran obras por m\u00e1s de 2.5 millones de pesos - Volcanes","og_description":"Amecameca de Ju\u00e1rez, Estado de M\u00e9xico.- El Presidente Municipal Miguel \u00c1ngel Salom\u00f3n Cort\u00e9s inaugur\u00f3 esta","og_url":"https:\/\/volcanes.net\/?p=10064","og_site_name":"Volcanes","article_publisher":"https:\/\/www.facebook.com\/volcanes.net\/","article_published_time":"2021-02-09T01:51:15+00:00","og_image":[{"width":1280,"height":798,"url":"https:\/\/volcanes.net\/wp-content\/uploads\/2021\/02\/IMG-20210208-WA0044.jpg","type":"image\/jpeg"}],"author":"admin","twitter_card":"summary_large_image","twitter_misc":{"Escrito por":"admin","Tiempo de lectura":"2 minutos"},"schema":{"@context":"https:\/\/schema.org","@graph":[{"@type":"Article","@id":"https:\/\/volcanes.net\/?p=10064#article","isPartOf":{"@id":"https:\/\/volcanes.net\/?p=10064"},"author":{"name":"admin","@id":"https:\/\/volcanes.net\/#\/schema\/person\/4bf0f383940966a4abd53f5048c0e6b9"},"headline":"En Amecameca inauguran obras por m\u00e1s de 2.5 millones de pesos","datePublished":"2021-02-09T01:51:15+00:00","mainEntityOfPage":{"@id":"https:\/\/volcanes.net\/?p=10064"},"wordCount":359,"commentCount":0,"publisher":{"@id":"https:\/\/volcanes.net\/#organization"},"image":{"@id":"https:\/\/volcanes.net\/?p=10064#primaryimage"},"thumbnailUrl":"https:\/\/volcanes.net\/wp-content\/uploads\/2021\/02\/IMG-20210208-WA0044.jpg","keywords":["Amecameca"],"articleSection":["Municipales"],"inLanguage":"es","potentialAction":[{"@type":"CommentAction","name":"Comment","target":["https:\/\/volcanes.net\/?p=10064#respond"]}]},{"@type":"WebPage","@id":"https:\/\/volcanes.net\/?p=10064","url":"https:\/\/volcanes.net\/?p=10064","name":"En Amecameca inauguran obras por m\u00e1s de 2.5 millones de pesos - Volcanes","isPartOf":{"@id":"https:\/\/volcanes.net\/#website"},"primaryImageOfPage":{"@id":"https:\/\/volcanes.net\/?p=10064#primaryimage"},"image":{"@id":"https:\/\/volcanes.net\/?p=10064#primaryimage"},"thumbnailUrl":"https:\/\/volcanes.net\/wp-content\/uploads\/2021\/02\/IMG-20210208-WA0044.jpg","datePublished":"2021-02-09T01:51:15+00:00","breadcrumb":{"@id":"https:\/\/volcanes.net\/?p=10064#breadcrumb"},"inLanguage":"es","potentialAction":[{"@type":"ReadAction","target":["https:\/\/volcanes.net\/?p=10064"]}]},{"@type":"ImageObject","inLanguage":"es","@id":"https:\/\/volcanes.net\/?p=10064#primaryimage","url":"https:\/\/volcanes.net\/wp-content\/uploads\/2021\/02\/IMG-20210208-WA0044.jpg","contentUrl":"https:\/\/volcanes.net\/wp-content\/uploads\/2021\/02\/IMG-20210208-WA0044.jpg","width":1280,"height":798},{"@type":"BreadcrumbList","@id":"https:\/\/volcanes.net\/?p=10064#breadcrumb","itemListElement":[{"@type":"ListItem","position":1,"name":"Portada","item":"https:\/\/volcanes.net\/"},{"@type":"ListItem","position":2,"name":"En Amecameca inauguran obras por m\u00e1s de 2.5 millones de pesos"}]},{"@type":"WebSite","@id":"https:\/\/volcanes.net\/#website","url":"https:\/\/volcanes.net\/","name":"Volcanes.Net","description":"Periodismo Profesional","publisher":{"@id":"https:\/\/volcanes.net\/#organization"},"potentialAction":[{"@type":"SearchAction","target":{"@type":"EntryPoint","urlTemplate":"https:\/\/volcanes.net\/?s={search_term_string}"},"query-input":{"@type":"PropertyValueSpecification","valueRequired":true,"valueName":"search_term_string"}}],"inLanguage":"es"},{"@type":"Organization","@id":"https:\/\/volcanes.net\/#organization","name":"Grupo Volcanes","url":"https:\/\/volcanes.net\/","logo":{"@type":"ImageObject","inLanguage":"es","@id":"https:\/\/volcanes.net\/#\/schema\/logo\/image\/","url":"http:\/\/volcanes.net\/wp-content\/uploads\/2017\/12\/Avatar2.jpg","contentUrl":"http:\/\/volcanes.net\/wp-content\/uploads\/2017\/12\/Avatar2.jpg","width":378,"height":378,"caption":"Grupo Volcanes"},"image":{"@id":"https:\/\/volcanes.net\/#\/schema\/logo\/image\/"},"sameAs":["https:\/\/www.facebook.com\/volcanes.net\/"]},{"@type":"Person","@id":"https:\/\/volcanes.net\/#\/schema\/person\/4bf0f383940966a4abd53f5048c0e6b9","name":"admin","image":{"@type":"ImageObject","inLanguage":"es","@id":"https:\/\/volcanes.net\/#\/schema\/person\/image\/","url":"https:\/\/secure.gravatar.com\/avatar\/ca004e6cba8462b8cb7abc86e382930c?s=96&d=mm&r=g","contentUrl":"https:\/\/secure.gravatar.com\/avatar\/ca004e6cba8462b8cb7abc86e382930c?s=96&d=mm&r=g","caption":"admin"}}]}},"_links":{"self":[{"href":"https:\/\/volcanes.net\/index.php?rest_route=\/wp\/v2\/posts\/10064"}],"collection":[{"href":"https:\/\/volcanes.net\/index.php?rest_route=\/wp\/v2\/posts"}],"about":[{"href":"https:\/\/volcanes.net\/index.php?rest_route=\/wp\/v2\/types\/post"}],"author":[{"embeddable":true,"href":"https:\/\/volcanes.net\/index.php?rest_route=\/wp\/v2\/users\/1"}],"replies":[{"embeddable":true,"href":"https:\/\/volcanes.net\/index.php?rest_route=%2Fwp%2Fv2%2Fcomments&post=10064"}],"version-history":[{"count":1,"href":"https:\/\/volcanes.net\/index.php?rest_route=\/wp\/v2\/posts\/10064\/revisions"}],"predecessor-version":[{"id":10066,"href":"https:\/\/volcanes.net\/index.php?rest_route=\/wp\/v2\/posts\/10064\/revisions\/10066"}],"wp:featuredmedia":[{"embeddable":true,"href":"https:\/\/volcanes.net\/index.php?rest_route=\/wp\/v2\/media\/10065"}],"wp:attachment":[{"href":"https:\/\/volcanes.net\/index.php?rest_route=%2Fwp%2Fv2%2Fmedia&parent=10064"}],"wp:term":[{"taxonomy":"category","embeddable":true,"href":"https:\/\/volcanes.net\/index.php?rest_route=%2Fwp%2Fv2%2Fcategories&post=10064"},{"taxonomy":"post_tag","embeddable":true,"href":"https:\/\/volcanes.net\/index.php?rest_route=%2Fwp%2Fv2%2Ftags&post=10064"}],"curies":[{"name":"wp","href":"https:\/\/api.w.org\/{rel}","templated":true}]}}