{"id":1007,"date":"2018-02-03T17:47:54","date_gmt":"2018-02-03T17:47:54","guid":{"rendered":"http:\/\/volcanes.net\/?p=1007"},"modified":"2018-02-03T17:47:54","modified_gmt":"2018-02-03T17:47:54","slug":"cuando-sea-presidente-la-gestion-de-gobierno-sera-transparente-meade","status":"publish","type":"post","link":"https:\/\/volcanes.net\/?p=1007","title":{"rendered":"Cuando sea presidente, la gesti\u00f3n de gobierno ser\u00e1 transparente Meade"},"content":{"rendered":"<div style=\"margin-top: 0px; margin-bottom: 0px;\" class=\"sharethis-inline-share-buttons\" ><\/div><p>El precandidato del PRI a la Presidencia de la Rep\u00fablica, Jos\u00e9 Antonio Meade Kuribre\u00f1a, afirm\u00f3 que, como ganar\u00e1, el proyecto del nuevo Aeropuerto de M\u00e9xico seguir\u00e1 y sostuvo que cuando sea presidente la gesti\u00f3n de gobierno ser\u00e1 transparente.<\/p>\n<p>Entrevistado al t\u00e9rmino del VII Foro Puntos de Encuentro: Por un Campo Pr\u00f3spero, que se realiz\u00f3 en Tala, Jalisco, expuso que uno de los proyectos m\u00e1s importantes, del que hoy dependen 40 mil empleos y del que ma\u00f1ana depender\u00e1n 450 mil, es el del aeropuerto.<\/p>\n<p>\u201cEs un proyecto que tiene capacidad, junto con la reinvenci\u00f3n del anterior aeropuerto, de traer a la zona oriente de la Ciudad de M\u00e9xico empleo, tiene la posibilidad de traerle conectividad, seguir haciendo de la ciudad una ciudad competitiva\u201d, dijo.<\/p>\n<p>Explic\u00f3 que se busca que \u201cla reinvenci\u00f3n del nuevo aeropuerto combine rescate ambiental, ciencia y tecnolog\u00eda, competitividad y que le d\u00e9 a esa regi\u00f3n un nuevo espacio y horizonte de desarrollo\u201d.<\/p>\n<p>Sobre el llamado que hizo en redes sociales para que Andr\u00e9s Manuel L\u00f3pez Obrador responda si est\u00e1 en favor o en contra del nuevo Aeropuerto de M\u00e9xico, Meade apunt\u00f3 que el objetivo es que mande una se\u00f1al de certeza.<\/p>\n<p>\u201cLos mexicanos lo que hoy requieren, en medio de la mucha incertidumbre que tenemos fuera, es que desde aqu\u00ed mandemos certeza de que los proyectos habr\u00e1n de continuar, de que los empleos se van a generar, de que la competitividad y la conectividad habr\u00e1 de darle al pa\u00eds y a la regi\u00f3n una ventaja competitiva que necesita\u201d, asever\u00f3.<\/p>\n<p>Respecto a lo que dice L\u00f3pez Obrador de que respetar\u00e1 los contratos y se llevar\u00e1 el proyecto a la Base Militar de Santa Luc\u00eda, Meade dijo que t\u00e9cnicamente eso no es viable.<\/p>\n<p>\u201cEl aeropuerto puede verse en dos planos, puede verse en el plano de las pistas, pero tiene que estudiarse desde el punto de vista geoespacial, desde el plano de la ruta de acceso de los aviones para aterrizar\u201d, explic\u00f3.<\/p>\n<p>Precis\u00f3 que \u201ces una ruta de acceso que, en el caso de la Ciudad de M\u00e9xico, implica m\u00e1s de 60 kil\u00f3metros. Son 60 kil\u00f3metros de aviones que est\u00e1n haciendo hoy una operaci\u00f3n cada minuto y en el futuro estar\u00e1n haciendo hasta tres operaciones por minuto\u201d.<\/p>\n<p>Detall\u00f3 que \u201cgeoespacialmente hablando eso no es compatible con ning\u00fan otro aeropuerto funcionando en el Valle. De hecho el d\u00eda de hoy, cuando Santa Luc\u00eda tiene alguna operaci\u00f3n, se tiene que interrumpir el procesamiento a\u00e9reo del aeropuerto actual\u201d.<\/p>\n<p>Reiter\u00f3 que frente a esa imposibilidad t\u00e9cnica \u201cvuelve a ser importante que mandemos certeza de que ese proyecto va a continuar. Pero con una ventaja: como el que va a ganar soy yo el proyecto va a seguir adelante, no tengan duda\u201d.<\/p>\n<p>Sobre los comentarios de Ricardo Anaya sobre la nueva terminal a\u00e9rea subray\u00f3 que el aeropuerto, junto con todo lo dem\u00e1s que haga el Gobierno Federal, ser\u00e1 transparente en su asignaci\u00f3n. \u201cPuedo acreditar no solamente una vida transparente, sino una gesti\u00f3n comprometida con la transparencia\u201d, subray\u00f3.<\/p>\n<p>\u201cEn ese sentido no solamente el actuar consistente, sino los 20 a\u00f1os de servicio p\u00fablico, acreditan que ahorita, y cuando sea presidente, la gesti\u00f3n del gobierno ser\u00e1 transparente\u201d, abund\u00f3.<\/p>\n","protected":false},"excerpt":{"rendered":"<p>El precandidato del PRI a la Presidencia de la Rep\u00fablica, Jos\u00e9 Antonio Meade Kuribre\u00f1a, afirm\u00f3<\/p>\n","protected":false},"author":1,"featured_media":996,"comment_status":"open","ping_status":"open","sticky":false,"template":"","format":"standard","meta":{"footnotes":""},"categories":[1],"tags":[107,10],"class_list":["post-1007","post","type-post","status-publish","format-standard","has-post-thumbnail","hentry","category-municipales","tag-mead","tag-pri"],"yoast_head":"<!-- This site is optimized with the Yoast SEO plugin v25.3 - https:\/\/yoast.com\/wordpress\/plugins\/seo\/ -->\n<title>Cuando sea presidente, la gesti\u00f3n de gobierno ser\u00e1 transparente Meade - Volcanes<\/title>\n<meta name=\"robots\" content=\"index, follow, max-snippet:-1, max-image-preview:large, max-video-preview:-1\" \/>\n<link rel=\"canonical\" href=\"https:\/\/volcanes.net\/?p=1007\" \/>\n<meta property=\"og:locale\" content=\"es_MX\" \/>\n<meta property=\"og:type\" content=\"article\" \/>\n<meta property=\"og:title\" content=\"Cuando sea presidente, la gesti\u00f3n de gobierno ser\u00e1 transparente Meade - Volcanes\" \/>\n<meta property=\"og:description\" content=\"El precandidato del PRI a la Presidencia de la Rep\u00fablica, Jos\u00e9 Antonio Meade Kuribre\u00f1a, afirm\u00f3\" \/>\n<meta property=\"og:url\" content=\"https:\/\/volcanes.net\/?p=1007\" \/>\n<meta property=\"og:site_name\" content=\"Volcanes\" \/>\n<meta property=\"article:publisher\" content=\"https:\/\/www.facebook.com\/volcanes.net\/\" \/>\n<meta property=\"article:published_time\" content=\"2018-02-03T17:47:54+00:00\" \/>\n<meta property=\"og:image\" content=\"https:\/\/volcanes.net\/wp-content\/uploads\/2018\/02\/meade2.jpg\" \/>\n\t<meta property=\"og:image:width\" content=\"400\" \/>\n\t<meta property=\"og:image:height\" content=\"200\" \/>\n\t<meta property=\"og:image:type\" content=\"image\/jpeg\" \/>\n<meta name=\"author\" content=\"admin\" \/>\n<meta name=\"twitter:card\" content=\"summary_large_image\" \/>\n<meta name=\"twitter:label1\" content=\"Escrito por\" \/>\n\t<meta name=\"twitter:data1\" content=\"admin\" \/>\n\t<meta name=\"twitter:label2\" content=\"Tiempo de lectura\" \/>\n\t<meta name=\"twitter:data2\" content=\"3 minutos\" \/>\n<script type=\"application\/ld+json\" class=\"yoast-schema-graph\">{\"@context\":\"https:\/\/schema.org\",\"@graph\":[{\"@type\":\"Article\",\"@id\":\"https:\/\/volcanes.net\/?p=1007#article\",\"isPartOf\":{\"@id\":\"https:\/\/volcanes.net\/?p=1007\"},\"author\":{\"name\":\"admin\",\"@id\":\"https:\/\/volcanes.net\/#\/schema\/person\/4bf0f383940966a4abd53f5048c0e6b9\"},\"headline\":\"Cuando sea presidente, la gesti\u00f3n de gobierno ser\u00e1 transparente Meade\",\"datePublished\":\"2018-02-03T17:47:54+00:00\",\"mainEntityOfPage\":{\"@id\":\"https:\/\/volcanes.net\/?p=1007\"},\"wordCount\":571,\"commentCount\":0,\"publisher\":{\"@id\":\"https:\/\/volcanes.net\/#organization\"},\"image\":{\"@id\":\"https:\/\/volcanes.net\/?p=1007#primaryimage\"},\"thumbnailUrl\":\"https:\/\/volcanes.net\/wp-content\/uploads\/2018\/02\/meade2.jpg\",\"keywords\":[\"Mead\",\"PRI\"],\"articleSection\":[\"Municipales\"],\"inLanguage\":\"es\",\"potentialAction\":[{\"@type\":\"CommentAction\",\"name\":\"Comment\",\"target\":[\"https:\/\/volcanes.net\/?p=1007#respond\"]}]},{\"@type\":\"WebPage\",\"@id\":\"https:\/\/volcanes.net\/?p=1007\",\"url\":\"https:\/\/volcanes.net\/?p=1007\",\"name\":\"Cuando sea presidente, la gesti\u00f3n de gobierno ser\u00e1 transparente Meade - Volcanes\",\"isPartOf\":{\"@id\":\"https:\/\/volcanes.net\/#website\"},\"primaryImageOfPage\":{\"@id\":\"https:\/\/volcanes.net\/?p=1007#primaryimage\"},\"image\":{\"@id\":\"https:\/\/volcanes.net\/?p=1007#primaryimage\"},\"thumbnailUrl\":\"https:\/\/volcanes.net\/wp-content\/uploads\/2018\/02\/meade2.jpg\",\"datePublished\":\"2018-02-03T17:47:54+00:00\",\"breadcrumb\":{\"@id\":\"https:\/\/volcanes.net\/?p=1007#breadcrumb\"},\"inLanguage\":\"es\",\"potentialAction\":[{\"@type\":\"ReadAction\",\"target\":[\"https:\/\/volcanes.net\/?p=1007\"]}]},{\"@type\":\"ImageObject\",\"inLanguage\":\"es\",\"@id\":\"https:\/\/volcanes.net\/?p=1007#primaryimage\",\"url\":\"https:\/\/volcanes.net\/wp-content\/uploads\/2018\/02\/meade2.jpg\",\"contentUrl\":\"https:\/\/volcanes.net\/wp-content\/uploads\/2018\/02\/meade2.jpg\",\"width\":400,\"height\":200},{\"@type\":\"BreadcrumbList\",\"@id\":\"https:\/\/volcanes.net\/?p=1007#breadcrumb\",\"itemListElement\":[{\"@type\":\"ListItem\",\"position\":1,\"name\":\"Portada\",\"item\":\"https:\/\/volcanes.net\/\"},{\"@type\":\"ListItem\",\"position\":2,\"name\":\"Cuando sea presidente, la gesti\u00f3n de gobierno ser\u00e1 transparente Meade\"}]},{\"@type\":\"WebSite\",\"@id\":\"https:\/\/volcanes.net\/#website\",\"url\":\"https:\/\/volcanes.net\/\",\"name\":\"Volcanes.Net\",\"description\":\"Periodismo Profesional\",\"publisher\":{\"@id\":\"https:\/\/volcanes.net\/#organization\"},\"potentialAction\":[{\"@type\":\"SearchAction\",\"target\":{\"@type\":\"EntryPoint\",\"urlTemplate\":\"https:\/\/volcanes.net\/?s={search_term_string}\"},\"query-input\":{\"@type\":\"PropertyValueSpecification\",\"valueRequired\":true,\"valueName\":\"search_term_string\"}}],\"inLanguage\":\"es\"},{\"@type\":\"Organization\",\"@id\":\"https:\/\/volcanes.net\/#organization\",\"name\":\"Grupo Volcanes\",\"url\":\"https:\/\/volcanes.net\/\",\"logo\":{\"@type\":\"ImageObject\",\"inLanguage\":\"es\",\"@id\":\"https:\/\/volcanes.net\/#\/schema\/logo\/image\/\",\"url\":\"http:\/\/volcanes.net\/wp-content\/uploads\/2017\/12\/Avatar2.jpg\",\"contentUrl\":\"http:\/\/volcanes.net\/wp-content\/uploads\/2017\/12\/Avatar2.jpg\",\"width\":378,\"height\":378,\"caption\":\"Grupo Volcanes\"},\"image\":{\"@id\":\"https:\/\/volcanes.net\/#\/schema\/logo\/image\/\"},\"sameAs\":[\"https:\/\/www.facebook.com\/volcanes.net\/\"]},{\"@type\":\"Person\",\"@id\":\"https:\/\/volcanes.net\/#\/schema\/person\/4bf0f383940966a4abd53f5048c0e6b9\",\"name\":\"admin\",\"image\":{\"@type\":\"ImageObject\",\"inLanguage\":\"es\",\"@id\":\"https:\/\/volcanes.net\/#\/schema\/person\/image\/\",\"url\":\"https:\/\/secure.gravatar.com\/avatar\/ca004e6cba8462b8cb7abc86e382930c?s=96&d=mm&r=g\",\"contentUrl\":\"https:\/\/secure.gravatar.com\/avatar\/ca004e6cba8462b8cb7abc86e382930c?s=96&d=mm&r=g\",\"caption\":\"admin\"}}]}<\/script>\n<!-- \/ Yoast SEO plugin. -->","yoast_head_json":{"title":"Cuando sea presidente, la gesti\u00f3n de gobierno ser\u00e1 transparente Meade - Volcanes","robots":{"index":"index","follow":"follow","max-snippet":"max-snippet:-1","max-image-preview":"max-image-preview:large","max-video-preview":"max-video-preview:-1"},"canonical":"https:\/\/volcanes.net\/?p=1007","og_locale":"es_MX","og_type":"article","og_title":"Cuando sea presidente, la gesti\u00f3n de gobierno ser\u00e1 transparente Meade - Volcanes","og_description":"El precandidato del PRI a la Presidencia de la Rep\u00fablica, Jos\u00e9 Antonio Meade Kuribre\u00f1a, afirm\u00f3","og_url":"https:\/\/volcanes.net\/?p=1007","og_site_name":"Volcanes","article_publisher":"https:\/\/www.facebook.com\/volcanes.net\/","article_published_time":"2018-02-03T17:47:54+00:00","og_image":[{"width":400,"height":200,"url":"https:\/\/volcanes.net\/wp-content\/uploads\/2018\/02\/meade2.jpg","type":"image\/jpeg"}],"author":"admin","twitter_card":"summary_large_image","twitter_misc":{"Escrito por":"admin","Tiempo de lectura":"3 minutos"},"schema":{"@context":"https:\/\/schema.org","@graph":[{"@type":"Article","@id":"https:\/\/volcanes.net\/?p=1007#article","isPartOf":{"@id":"https:\/\/volcanes.net\/?p=1007"},"author":{"name":"admin","@id":"https:\/\/volcanes.net\/#\/schema\/person\/4bf0f383940966a4abd53f5048c0e6b9"},"headline":"Cuando sea presidente, la gesti\u00f3n de gobierno ser\u00e1 transparente Meade","datePublished":"2018-02-03T17:47:54+00:00","mainEntityOfPage":{"@id":"https:\/\/volcanes.net\/?p=1007"},"wordCount":571,"commentCount":0,"publisher":{"@id":"https:\/\/volcanes.net\/#organization"},"image":{"@id":"https:\/\/volcanes.net\/?p=1007#primaryimage"},"thumbnailUrl":"https:\/\/volcanes.net\/wp-content\/uploads\/2018\/02\/meade2.jpg","keywords":["Mead","PRI"],"articleSection":["Municipales"],"inLanguage":"es","potentialAction":[{"@type":"CommentAction","name":"Comment","target":["https:\/\/volcanes.net\/?p=1007#respond"]}]},{"@type":"WebPage","@id":"https:\/\/volcanes.net\/?p=1007","url":"https:\/\/volcanes.net\/?p=1007","name":"Cuando sea presidente, la gesti\u00f3n de gobierno ser\u00e1 transparente Meade - Volcanes","isPartOf":{"@id":"https:\/\/volcanes.net\/#website"},"primaryImageOfPage":{"@id":"https:\/\/volcanes.net\/?p=1007#primaryimage"},"image":{"@id":"https:\/\/volcanes.net\/?p=1007#primaryimage"},"thumbnailUrl":"https:\/\/volcanes.net\/wp-content\/uploads\/2018\/02\/meade2.jpg","datePublished":"2018-02-03T17:47:54+00:00","breadcrumb":{"@id":"https:\/\/volcanes.net\/?p=1007#breadcrumb"},"inLanguage":"es","potentialAction":[{"@type":"ReadAction","target":["https:\/\/volcanes.net\/?p=1007"]}]},{"@type":"ImageObject","inLanguage":"es","@id":"https:\/\/volcanes.net\/?p=1007#primaryimage","url":"https:\/\/volcanes.net\/wp-content\/uploads\/2018\/02\/meade2.jpg","contentUrl":"https:\/\/volcanes.net\/wp-content\/uploads\/2018\/02\/meade2.jpg","width":400,"height":200},{"@type":"BreadcrumbList","@id":"https:\/\/volcanes.net\/?p=1007#breadcrumb","itemListElement":[{"@type":"ListItem","position":1,"name":"Portada","item":"https:\/\/volcanes.net\/"},{"@type":"ListItem","position":2,"name":"Cuando sea presidente, la gesti\u00f3n de gobierno ser\u00e1 transparente Meade"}]},{"@type":"WebSite","@id":"https:\/\/volcanes.net\/#website","url":"https:\/\/volcanes.net\/","name":"Volcanes.Net","description":"Periodismo Profesional","publisher":{"@id":"https:\/\/volcanes.net\/#organization"},"potentialAction":[{"@type":"SearchAction","target":{"@type":"EntryPoint","urlTemplate":"https:\/\/volcanes.net\/?s={search_term_string}"},"query-input":{"@type":"PropertyValueSpecification","valueRequired":true,"valueName":"search_term_string"}}],"inLanguage":"es"},{"@type":"Organization","@id":"https:\/\/volcanes.net\/#organization","name":"Grupo Volcanes","url":"https:\/\/volcanes.net\/","logo":{"@type":"ImageObject","inLanguage":"es","@id":"https:\/\/volcanes.net\/#\/schema\/logo\/image\/","url":"http:\/\/volcanes.net\/wp-content\/uploads\/2017\/12\/Avatar2.jpg","contentUrl":"http:\/\/volcanes.net\/wp-content\/uploads\/2017\/12\/Avatar2.jpg","width":378,"height":378,"caption":"Grupo Volcanes"},"image":{"@id":"https:\/\/volcanes.net\/#\/schema\/logo\/image\/"},"sameAs":["https:\/\/www.facebook.com\/volcanes.net\/"]},{"@type":"Person","@id":"https:\/\/volcanes.net\/#\/schema\/person\/4bf0f383940966a4abd53f5048c0e6b9","name":"admin","image":{"@type":"ImageObject","inLanguage":"es","@id":"https:\/\/volcanes.net\/#\/schema\/person\/image\/","url":"https:\/\/secure.gravatar.com\/avatar\/ca004e6cba8462b8cb7abc86e382930c?s=96&d=mm&r=g","contentUrl":"https:\/\/secure.gravatar.com\/avatar\/ca004e6cba8462b8cb7abc86e382930c?s=96&d=mm&r=g","caption":"admin"}}]}},"_links":{"self":[{"href":"https:\/\/volcanes.net\/index.php?rest_route=\/wp\/v2\/posts\/1007"}],"collection":[{"href":"https:\/\/volcanes.net\/index.php?rest_route=\/wp\/v2\/posts"}],"about":[{"href":"https:\/\/volcanes.net\/index.php?rest_route=\/wp\/v2\/types\/post"}],"author":[{"embeddable":true,"href":"https:\/\/volcanes.net\/index.php?rest_route=\/wp\/v2\/users\/1"}],"replies":[{"embeddable":true,"href":"https:\/\/volcanes.net\/index.php?rest_route=%2Fwp%2Fv2%2Fcomments&post=1007"}],"version-history":[{"count":2,"href":"https:\/\/volcanes.net\/index.php?rest_route=\/wp\/v2\/posts\/1007\/revisions"}],"predecessor-version":[{"id":1009,"href":"https:\/\/volcanes.net\/index.php?rest_route=\/wp\/v2\/posts\/1007\/revisions\/1009"}],"wp:featuredmedia":[{"embeddable":true,"href":"https:\/\/volcanes.net\/index.php?rest_route=\/wp\/v2\/media\/996"}],"wp:attachment":[{"href":"https:\/\/volcanes.net\/index.php?rest_route=%2Fwp%2Fv2%2Fmedia&parent=1007"}],"wp:term":[{"taxonomy":"category","embeddable":true,"href":"https:\/\/volcanes.net\/index.php?rest_route=%2Fwp%2Fv2%2Fcategories&post=1007"},{"taxonomy":"post_tag","embeddable":true,"href":"https:\/\/volcanes.net\/index.php?rest_route=%2Fwp%2Fv2%2Ftags&post=1007"}],"curies":[{"name":"wp","href":"https:\/\/api.w.org\/{rel}","templated":true}]}}