{"id":10084,"date":"2021-02-10T10:25:53","date_gmt":"2021-02-10T16:25:53","guid":{"rendered":"http:\/\/volcanes.net\/?p=10084"},"modified":"2021-02-10T10:32:54","modified_gmt":"2021-02-10T16:32:54","slug":"ernesto-garcia-estrada-buscara-la-presidencia-municipal-de-atlautla-como-candidato-independiente","status":"publish","type":"post","link":"https:\/\/volcanes.net\/?p=10084","title":{"rendered":"Ernesto Garc\u00eda Estrada buscar\u00e1 la presidencia municipal de Atlautla como candidato independiente"},"content":{"rendered":"<div style=\"margin-top: 0px; margin-bottom: 0px;\" class=\"sharethis-inline-share-buttons\" ><\/div><p style=\"text-align: justify;\">Atlautla, Estado de M\u00e9xico-. Rumbo a las pr\u00f3ximas elecciones 2021, a realizarse el 6 de junio del presente a\u00f1o, fecha en que la ciudadan\u00eda votar\u00e1 para definir a su pr\u00f3ximo gobernante, en Atlautla, Bernardo Ernesto Garc\u00eda Estada, se postula por segundo a\u00f1o consecutivo como candidato independiente para Presidente municipal de esta demarcaci\u00f3n mexiquense.<\/p>\n<p style=\"text-align: justify;\">Garc\u00eda Estada es el primer Candidato Independiente en la Zona Volcanes, por lo que espera que en estas selecciones se lleve el triunfo, ya que cuenta con una larga trayectoria, adem\u00e1s de que est\u00e1 convencido en la creaci\u00f3n de proyectos que brindar\u00e1n el avance para las familias de Atlautla.<\/p>\n<p style=\"text-align: justify;\">Garc\u00eda Estrada, opt\u00f3, una vez m\u00e1s, por la Candidatura Independiente, lo que rompe con todos los esquemas de los partidos tradicionales. Sin embargo, cuenta con proyectos innovadores en los que busca elevar la calidad de vida dentro del municipio, siendo el Parque Ecol\u00f3gico uno de sus proyectos m\u00e1s importantes, ya que Atlautla tiene una grandiosa riqueza natural, adem\u00e1s de que es uno de los 125 municipios mexiquenses que cuenta con un clima templado al norte, semifr\u00edo que abarca la mayor parte del municipio, desde el parque nacional Izta-popo hasta las faldas del volc\u00e1n Popocat\u00e9petl as\u00ed como de su flora y fauna.<\/p>\n<p style=\"text-align: justify;\">Cabe hacer menci\u00f3n que Bernardo Ernesto Garc\u00eda Estada, se postul\u00f3 en el proceso electoral por la presidencia Municipal de Atlautla, respaldado por la Asociaci\u00f3n Civil \u201cBEGE Independiente por Atlautla\u201d, la decisi\u00f3n de participar como candidato independiente, surge de la necesidad de crear un mejor municipio con m\u00e1s oportunidades tanto en materia de seguridad, infraestructura, cultura, deporte ecolog\u00eda entre otros, por lo que este a\u00f1o nuevamente se perfilar\u00e1 para la candidatura, puesto que que conoce las calles, los barrios y a la gente debido a que es nativo de la delegaci\u00f3n de San Juan Tehuixtitlan, por lo que esto le permite comprender las circunstancias y situaci\u00f3n en la que se encuentra el municipio.<\/p>\n","protected":false},"excerpt":{"rendered":"<p>Atlautla, Estado de M\u00e9xico-. Rumbo a las pr\u00f3ximas elecciones 2021, a realizarse el 6 de<\/p>\n","protected":false},"author":1,"featured_media":10080,"comment_status":"open","ping_status":"open","sticky":false,"template":"","format":"standard","meta":{"footnotes":""},"categories":[1],"tags":[80],"class_list":["post-10084","post","type-post","status-publish","format-standard","has-post-thumbnail","hentry","category-municipales","tag-atlautla"],"yoast_head":"<!-- This site is optimized with the Yoast SEO plugin v25.3 - https:\/\/yoast.com\/wordpress\/plugins\/seo\/ -->\n<title>Ernesto Garc\u00eda Estrada buscar\u00e1 la presidencia municipal de Atlautla como candidato independiente - Volcanes<\/title>\n<meta name=\"robots\" content=\"index, follow, max-snippet:-1, max-image-preview:large, max-video-preview:-1\" \/>\n<link rel=\"canonical\" href=\"https:\/\/volcanes.net\/?p=10084\" \/>\n<meta property=\"og:locale\" content=\"es_MX\" \/>\n<meta property=\"og:type\" content=\"article\" \/>\n<meta property=\"og:title\" content=\"Ernesto Garc\u00eda Estrada buscar\u00e1 la presidencia municipal de Atlautla como candidato independiente - Volcanes\" \/>\n<meta property=\"og:description\" content=\"Atlautla, Estado de M\u00e9xico-. Rumbo a las pr\u00f3ximas elecciones 2021, a realizarse el 6 de\" \/>\n<meta property=\"og:url\" content=\"https:\/\/volcanes.net\/?p=10084\" \/>\n<meta property=\"og:site_name\" content=\"Volcanes\" \/>\n<meta property=\"article:publisher\" content=\"https:\/\/www.facebook.com\/volcanes.net\/\" \/>\n<meta property=\"article:published_time\" content=\"2021-02-10T16:25:53+00:00\" \/>\n<meta property=\"article:modified_time\" content=\"2021-02-10T16:32:54+00:00\" \/>\n<meta property=\"og:image\" content=\"https:\/\/volcanes.net\/wp-content\/uploads\/2021\/02\/FB_IMG_1612926255575.jpg\" \/>\n\t<meta property=\"og:image:width\" content=\"720\" \/>\n\t<meta property=\"og:image:height\" content=\"720\" \/>\n\t<meta property=\"og:image:type\" content=\"image\/jpeg\" \/>\n<meta name=\"author\" content=\"admin\" \/>\n<meta name=\"twitter:card\" content=\"summary_large_image\" \/>\n<meta name=\"twitter:label1\" content=\"Escrito por\" \/>\n\t<meta name=\"twitter:data1\" content=\"admin\" \/>\n\t<meta name=\"twitter:label2\" content=\"Tiempo de lectura\" \/>\n\t<meta name=\"twitter:data2\" content=\"2 minutos\" \/>\n<script type=\"application\/ld+json\" class=\"yoast-schema-graph\">{\"@context\":\"https:\/\/schema.org\",\"@graph\":[{\"@type\":\"Article\",\"@id\":\"https:\/\/volcanes.net\/?p=10084#article\",\"isPartOf\":{\"@id\":\"https:\/\/volcanes.net\/?p=10084\"},\"author\":{\"name\":\"admin\",\"@id\":\"https:\/\/volcanes.net\/#\/schema\/person\/4bf0f383940966a4abd53f5048c0e6b9\"},\"headline\":\"Ernesto Garc\u00eda Estrada buscar\u00e1 la presidencia municipal de Atlautla como candidato independiente\",\"datePublished\":\"2021-02-10T16:25:53+00:00\",\"dateModified\":\"2021-02-10T16:32:54+00:00\",\"mainEntityOfPage\":{\"@id\":\"https:\/\/volcanes.net\/?p=10084\"},\"wordCount\":354,\"commentCount\":0,\"publisher\":{\"@id\":\"https:\/\/volcanes.net\/#organization\"},\"image\":{\"@id\":\"https:\/\/volcanes.net\/?p=10084#primaryimage\"},\"thumbnailUrl\":\"https:\/\/volcanes.net\/wp-content\/uploads\/2021\/02\/FB_IMG_1612926255575.jpg\",\"keywords\":[\"Atlautla\"],\"articleSection\":[\"Municipales\"],\"inLanguage\":\"es\",\"potentialAction\":[{\"@type\":\"CommentAction\",\"name\":\"Comment\",\"target\":[\"https:\/\/volcanes.net\/?p=10084#respond\"]}]},{\"@type\":\"WebPage\",\"@id\":\"https:\/\/volcanes.net\/?p=10084\",\"url\":\"https:\/\/volcanes.net\/?p=10084\",\"name\":\"Ernesto Garc\u00eda Estrada buscar\u00e1 la presidencia municipal de Atlautla como candidato independiente - Volcanes\",\"isPartOf\":{\"@id\":\"https:\/\/volcanes.net\/#website\"},\"primaryImageOfPage\":{\"@id\":\"https:\/\/volcanes.net\/?p=10084#primaryimage\"},\"image\":{\"@id\":\"https:\/\/volcanes.net\/?p=10084#primaryimage\"},\"thumbnailUrl\":\"https:\/\/volcanes.net\/wp-content\/uploads\/2021\/02\/FB_IMG_1612926255575.jpg\",\"datePublished\":\"2021-02-10T16:25:53+00:00\",\"dateModified\":\"2021-02-10T16:32:54+00:00\",\"breadcrumb\":{\"@id\":\"https:\/\/volcanes.net\/?p=10084#breadcrumb\"},\"inLanguage\":\"es\",\"potentialAction\":[{\"@type\":\"ReadAction\",\"target\":[\"https:\/\/volcanes.net\/?p=10084\"]}]},{\"@type\":\"ImageObject\",\"inLanguage\":\"es\",\"@id\":\"https:\/\/volcanes.net\/?p=10084#primaryimage\",\"url\":\"https:\/\/volcanes.net\/wp-content\/uploads\/2021\/02\/FB_IMG_1612926255575.jpg\",\"contentUrl\":\"https:\/\/volcanes.net\/wp-content\/uploads\/2021\/02\/FB_IMG_1612926255575.jpg\",\"width\":720,\"height\":720},{\"@type\":\"BreadcrumbList\",\"@id\":\"https:\/\/volcanes.net\/?p=10084#breadcrumb\",\"itemListElement\":[{\"@type\":\"ListItem\",\"position\":1,\"name\":\"Portada\",\"item\":\"https:\/\/volcanes.net\/\"},{\"@type\":\"ListItem\",\"position\":2,\"name\":\"Ernesto Garc\u00eda Estrada buscar\u00e1 la presidencia municipal de Atlautla como candidato independiente\"}]},{\"@type\":\"WebSite\",\"@id\":\"https:\/\/volcanes.net\/#website\",\"url\":\"https:\/\/volcanes.net\/\",\"name\":\"Volcanes.Net\",\"description\":\"Periodismo Profesional\",\"publisher\":{\"@id\":\"https:\/\/volcanes.net\/#organization\"},\"potentialAction\":[{\"@type\":\"SearchAction\",\"target\":{\"@type\":\"EntryPoint\",\"urlTemplate\":\"https:\/\/volcanes.net\/?s={search_term_string}\"},\"query-input\":{\"@type\":\"PropertyValueSpecification\",\"valueRequired\":true,\"valueName\":\"search_term_string\"}}],\"inLanguage\":\"es\"},{\"@type\":\"Organization\",\"@id\":\"https:\/\/volcanes.net\/#organization\",\"name\":\"Grupo Volcanes\",\"url\":\"https:\/\/volcanes.net\/\",\"logo\":{\"@type\":\"ImageObject\",\"inLanguage\":\"es\",\"@id\":\"https:\/\/volcanes.net\/#\/schema\/logo\/image\/\",\"url\":\"http:\/\/volcanes.net\/wp-content\/uploads\/2017\/12\/Avatar2.jpg\",\"contentUrl\":\"http:\/\/volcanes.net\/wp-content\/uploads\/2017\/12\/Avatar2.jpg\",\"width\":378,\"height\":378,\"caption\":\"Grupo Volcanes\"},\"image\":{\"@id\":\"https:\/\/volcanes.net\/#\/schema\/logo\/image\/\"},\"sameAs\":[\"https:\/\/www.facebook.com\/volcanes.net\/\"]},{\"@type\":\"Person\",\"@id\":\"https:\/\/volcanes.net\/#\/schema\/person\/4bf0f383940966a4abd53f5048c0e6b9\",\"name\":\"admin\",\"image\":{\"@type\":\"ImageObject\",\"inLanguage\":\"es\",\"@id\":\"https:\/\/volcanes.net\/#\/schema\/person\/image\/\",\"url\":\"https:\/\/secure.gravatar.com\/avatar\/ca004e6cba8462b8cb7abc86e382930c?s=96&d=mm&r=g\",\"contentUrl\":\"https:\/\/secure.gravatar.com\/avatar\/ca004e6cba8462b8cb7abc86e382930c?s=96&d=mm&r=g\",\"caption\":\"admin\"}}]}<\/script>\n<!-- \/ Yoast SEO plugin. -->","yoast_head_json":{"title":"Ernesto Garc\u00eda Estrada buscar\u00e1 la presidencia municipal de Atlautla como candidato independiente - Volcanes","robots":{"index":"index","follow":"follow","max-snippet":"max-snippet:-1","max-image-preview":"max-image-preview:large","max-video-preview":"max-video-preview:-1"},"canonical":"https:\/\/volcanes.net\/?p=10084","og_locale":"es_MX","og_type":"article","og_title":"Ernesto Garc\u00eda Estrada buscar\u00e1 la presidencia municipal de Atlautla como candidato independiente - Volcanes","og_description":"Atlautla, Estado de M\u00e9xico-. Rumbo a las pr\u00f3ximas elecciones 2021, a realizarse el 6 de","og_url":"https:\/\/volcanes.net\/?p=10084","og_site_name":"Volcanes","article_publisher":"https:\/\/www.facebook.com\/volcanes.net\/","article_published_time":"2021-02-10T16:25:53+00:00","article_modified_time":"2021-02-10T16:32:54+00:00","og_image":[{"width":720,"height":720,"url":"https:\/\/volcanes.net\/wp-content\/uploads\/2021\/02\/FB_IMG_1612926255575.jpg","type":"image\/jpeg"}],"author":"admin","twitter_card":"summary_large_image","twitter_misc":{"Escrito por":"admin","Tiempo de lectura":"2 minutos"},"schema":{"@context":"https:\/\/schema.org","@graph":[{"@type":"Article","@id":"https:\/\/volcanes.net\/?p=10084#article","isPartOf":{"@id":"https:\/\/volcanes.net\/?p=10084"},"author":{"name":"admin","@id":"https:\/\/volcanes.net\/#\/schema\/person\/4bf0f383940966a4abd53f5048c0e6b9"},"headline":"Ernesto Garc\u00eda Estrada buscar\u00e1 la presidencia municipal de Atlautla como candidato independiente","datePublished":"2021-02-10T16:25:53+00:00","dateModified":"2021-02-10T16:32:54+00:00","mainEntityOfPage":{"@id":"https:\/\/volcanes.net\/?p=10084"},"wordCount":354,"commentCount":0,"publisher":{"@id":"https:\/\/volcanes.net\/#organization"},"image":{"@id":"https:\/\/volcanes.net\/?p=10084#primaryimage"},"thumbnailUrl":"https:\/\/volcanes.net\/wp-content\/uploads\/2021\/02\/FB_IMG_1612926255575.jpg","keywords":["Atlautla"],"articleSection":["Municipales"],"inLanguage":"es","potentialAction":[{"@type":"CommentAction","name":"Comment","target":["https:\/\/volcanes.net\/?p=10084#respond"]}]},{"@type":"WebPage","@id":"https:\/\/volcanes.net\/?p=10084","url":"https:\/\/volcanes.net\/?p=10084","name":"Ernesto Garc\u00eda Estrada buscar\u00e1 la presidencia municipal de Atlautla como candidato independiente - Volcanes","isPartOf":{"@id":"https:\/\/volcanes.net\/#website"},"primaryImageOfPage":{"@id":"https:\/\/volcanes.net\/?p=10084#primaryimage"},"image":{"@id":"https:\/\/volcanes.net\/?p=10084#primaryimage"},"thumbnailUrl":"https:\/\/volcanes.net\/wp-content\/uploads\/2021\/02\/FB_IMG_1612926255575.jpg","datePublished":"2021-02-10T16:25:53+00:00","dateModified":"2021-02-10T16:32:54+00:00","breadcrumb":{"@id":"https:\/\/volcanes.net\/?p=10084#breadcrumb"},"inLanguage":"es","potentialAction":[{"@type":"ReadAction","target":["https:\/\/volcanes.net\/?p=10084"]}]},{"@type":"ImageObject","inLanguage":"es","@id":"https:\/\/volcanes.net\/?p=10084#primaryimage","url":"https:\/\/volcanes.net\/wp-content\/uploads\/2021\/02\/FB_IMG_1612926255575.jpg","contentUrl":"https:\/\/volcanes.net\/wp-content\/uploads\/2021\/02\/FB_IMG_1612926255575.jpg","width":720,"height":720},{"@type":"BreadcrumbList","@id":"https:\/\/volcanes.net\/?p=10084#breadcrumb","itemListElement":[{"@type":"ListItem","position":1,"name":"Portada","item":"https:\/\/volcanes.net\/"},{"@type":"ListItem","position":2,"name":"Ernesto Garc\u00eda Estrada buscar\u00e1 la presidencia municipal de Atlautla como candidato independiente"}]},{"@type":"WebSite","@id":"https:\/\/volcanes.net\/#website","url":"https:\/\/volcanes.net\/","name":"Volcanes.Net","description":"Periodismo Profesional","publisher":{"@id":"https:\/\/volcanes.net\/#organization"},"potentialAction":[{"@type":"SearchAction","target":{"@type":"EntryPoint","urlTemplate":"https:\/\/volcanes.net\/?s={search_term_string}"},"query-input":{"@type":"PropertyValueSpecification","valueRequired":true,"valueName":"search_term_string"}}],"inLanguage":"es"},{"@type":"Organization","@id":"https:\/\/volcanes.net\/#organization","name":"Grupo Volcanes","url":"https:\/\/volcanes.net\/","logo":{"@type":"ImageObject","inLanguage":"es","@id":"https:\/\/volcanes.net\/#\/schema\/logo\/image\/","url":"http:\/\/volcanes.net\/wp-content\/uploads\/2017\/12\/Avatar2.jpg","contentUrl":"http:\/\/volcanes.net\/wp-content\/uploads\/2017\/12\/Avatar2.jpg","width":378,"height":378,"caption":"Grupo Volcanes"},"image":{"@id":"https:\/\/volcanes.net\/#\/schema\/logo\/image\/"},"sameAs":["https:\/\/www.facebook.com\/volcanes.net\/"]},{"@type":"Person","@id":"https:\/\/volcanes.net\/#\/schema\/person\/4bf0f383940966a4abd53f5048c0e6b9","name":"admin","image":{"@type":"ImageObject","inLanguage":"es","@id":"https:\/\/volcanes.net\/#\/schema\/person\/image\/","url":"https:\/\/secure.gravatar.com\/avatar\/ca004e6cba8462b8cb7abc86e382930c?s=96&d=mm&r=g","contentUrl":"https:\/\/secure.gravatar.com\/avatar\/ca004e6cba8462b8cb7abc86e382930c?s=96&d=mm&r=g","caption":"admin"}}]}},"_links":{"self":[{"href":"https:\/\/volcanes.net\/index.php?rest_route=\/wp\/v2\/posts\/10084"}],"collection":[{"href":"https:\/\/volcanes.net\/index.php?rest_route=\/wp\/v2\/posts"}],"about":[{"href":"https:\/\/volcanes.net\/index.php?rest_route=\/wp\/v2\/types\/post"}],"author":[{"embeddable":true,"href":"https:\/\/volcanes.net\/index.php?rest_route=\/wp\/v2\/users\/1"}],"replies":[{"embeddable":true,"href":"https:\/\/volcanes.net\/index.php?rest_route=%2Fwp%2Fv2%2Fcomments&post=10084"}],"version-history":[{"count":1,"href":"https:\/\/volcanes.net\/index.php?rest_route=\/wp\/v2\/posts\/10084\/revisions"}],"predecessor-version":[{"id":10085,"href":"https:\/\/volcanes.net\/index.php?rest_route=\/wp\/v2\/posts\/10084\/revisions\/10085"}],"wp:featuredmedia":[{"embeddable":true,"href":"https:\/\/volcanes.net\/index.php?rest_route=\/wp\/v2\/media\/10080"}],"wp:attachment":[{"href":"https:\/\/volcanes.net\/index.php?rest_route=%2Fwp%2Fv2%2Fmedia&parent=10084"}],"wp:term":[{"taxonomy":"category","embeddable":true,"href":"https:\/\/volcanes.net\/index.php?rest_route=%2Fwp%2Fv2%2Fcategories&post=10084"},{"taxonomy":"post_tag","embeddable":true,"href":"https:\/\/volcanes.net\/index.php?rest_route=%2Fwp%2Fv2%2Ftags&post=10084"}],"curies":[{"name":"wp","href":"https:\/\/api.w.org\/{rel}","templated":true}]}}