{"id":10089,"date":"2021-02-10T14:38:53","date_gmt":"2021-02-10T20:38:53","guid":{"rendered":"http:\/\/volcanes.net\/?p=10089"},"modified":"2021-02-10T14:38:53","modified_gmt":"2021-02-10T20:38:53","slug":"inauguran-mas-obras-en-amecameca","status":"publish","type":"post","link":"https:\/\/volcanes.net\/?p=10089","title":{"rendered":"Inauguran m\u00e1s obras en Amecameca"},"content":{"rendered":"<div style=\"margin-top: 0px; margin-bottom: 0px;\" class=\"sharethis-inline-share-buttons\" ><\/div><p style=\"text-align: justify;\">Amecameca de Ju\u00e1rez, Estado de M\u00e9xico.- Con una inversi\u00f3n superior a los 2 millones de pesos el Presidente Municipal Miguel \u00c1ngel Salom\u00f3n Cort\u00e9s, acompa\u00f1ado de Regidoras y Regidores del Ayuntamiento, inaugur\u00f3 la repavimentaci\u00f3n de la calle Ocampo, en la cabecera municipal y el Puente Vehicular del Ejido en la delegaci\u00f3n de Santiago Cuauhtenco.<\/p>\n<p style=\"text-align: justify;\">Frente al Delegado Municipal, Pedro Ju\u00e1rez Montes de Oca, y decenas de vecinos del lugar el Mun\u00edcipe afirm\u00f3 que el puente vehicular \u201ces una obra que mejora la calidad de vida de todos los habitantes de esa zona, a\u00fan recuerdo que hace unos meses no hab\u00eda por d\u00f3nde pasar de manera segura; adem\u00e1s de que se colocaron postes y luminarias solares a lo largo de todo el camino\u201d.<\/p>\n<p style=\"text-align: justify;\">Asimismo al inaugurar la repavimentaci\u00f3n de la calle Ocampo en la Cabecera Municipal el Presidente Municipal inform\u00f3 que la obra contempl\u00f3 el cambio del drenaje, la rehabilitaci\u00f3n de guarniciones y banquetas, as\u00ed como el pavimento asf\u00e1ltico y las luminarias solares.<\/p>\n","protected":false},"excerpt":{"rendered":"<p>Amecameca de Ju\u00e1rez, Estado de M\u00e9xico.- Con una inversi\u00f3n superior a los 2 millones de<\/p>\n","protected":false},"author":1,"featured_media":10090,"comment_status":"open","ping_status":"open","sticky":false,"template":"","format":"standard","meta":{"footnotes":""},"categories":[1],"tags":[7],"class_list":["post-10089","post","type-post","status-publish","format-standard","has-post-thumbnail","hentry","category-municipales","tag-amecameca"],"yoast_head":"<!-- This site is optimized with the Yoast SEO plugin v25.3 - https:\/\/yoast.com\/wordpress\/plugins\/seo\/ -->\n<title>Inauguran m\u00e1s obras en Amecameca - Volcanes<\/title>\n<meta name=\"robots\" content=\"index, follow, max-snippet:-1, max-image-preview:large, max-video-preview:-1\" \/>\n<link rel=\"canonical\" href=\"https:\/\/volcanes.net\/?p=10089\" \/>\n<meta property=\"og:locale\" content=\"es_MX\" \/>\n<meta property=\"og:type\" content=\"article\" \/>\n<meta property=\"og:title\" content=\"Inauguran m\u00e1s obras en Amecameca - Volcanes\" \/>\n<meta property=\"og:description\" content=\"Amecameca de Ju\u00e1rez, Estado de M\u00e9xico.- Con una inversi\u00f3n superior a los 2 millones de\" \/>\n<meta property=\"og:url\" content=\"https:\/\/volcanes.net\/?p=10089\" \/>\n<meta property=\"og:site_name\" content=\"Volcanes\" \/>\n<meta property=\"article:publisher\" content=\"https:\/\/www.facebook.com\/volcanes.net\/\" \/>\n<meta property=\"article:published_time\" content=\"2021-02-10T20:38:53+00:00\" \/>\n<meta property=\"og:image\" content=\"https:\/\/volcanes.net\/wp-content\/uploads\/2021\/02\/IMG-20210210-WA0003.jpg\" \/>\n\t<meta property=\"og:image:width\" content=\"1280\" \/>\n\t<meta property=\"og:image:height\" content=\"858\" \/>\n\t<meta property=\"og:image:type\" content=\"image\/jpeg\" \/>\n<meta name=\"author\" content=\"admin\" \/>\n<meta name=\"twitter:card\" content=\"summary_large_image\" \/>\n<meta name=\"twitter:label1\" content=\"Escrito por\" \/>\n\t<meta name=\"twitter:data1\" content=\"admin\" \/>\n\t<meta name=\"twitter:label2\" content=\"Tiempo de lectura\" \/>\n\t<meta name=\"twitter:data2\" content=\"1 minuto\" \/>\n<script type=\"application\/ld+json\" class=\"yoast-schema-graph\">{\"@context\":\"https:\/\/schema.org\",\"@graph\":[{\"@type\":\"Article\",\"@id\":\"https:\/\/volcanes.net\/?p=10089#article\",\"isPartOf\":{\"@id\":\"https:\/\/volcanes.net\/?p=10089\"},\"author\":{\"name\":\"admin\",\"@id\":\"https:\/\/volcanes.net\/#\/schema\/person\/4bf0f383940966a4abd53f5048c0e6b9\"},\"headline\":\"Inauguran m\u00e1s obras en Amecameca\",\"datePublished\":\"2021-02-10T20:38:53+00:00\",\"mainEntityOfPage\":{\"@id\":\"https:\/\/volcanes.net\/?p=10089\"},\"wordCount\":184,\"commentCount\":0,\"publisher\":{\"@id\":\"https:\/\/volcanes.net\/#organization\"},\"image\":{\"@id\":\"https:\/\/volcanes.net\/?p=10089#primaryimage\"},\"thumbnailUrl\":\"https:\/\/volcanes.net\/wp-content\/uploads\/2021\/02\/IMG-20210210-WA0003.jpg\",\"keywords\":[\"Amecameca\"],\"articleSection\":[\"Municipales\"],\"inLanguage\":\"es\",\"potentialAction\":[{\"@type\":\"CommentAction\",\"name\":\"Comment\",\"target\":[\"https:\/\/volcanes.net\/?p=10089#respond\"]}]},{\"@type\":\"WebPage\",\"@id\":\"https:\/\/volcanes.net\/?p=10089\",\"url\":\"https:\/\/volcanes.net\/?p=10089\",\"name\":\"Inauguran m\u00e1s obras en Amecameca - Volcanes\",\"isPartOf\":{\"@id\":\"https:\/\/volcanes.net\/#website\"},\"primaryImageOfPage\":{\"@id\":\"https:\/\/volcanes.net\/?p=10089#primaryimage\"},\"image\":{\"@id\":\"https:\/\/volcanes.net\/?p=10089#primaryimage\"},\"thumbnailUrl\":\"https:\/\/volcanes.net\/wp-content\/uploads\/2021\/02\/IMG-20210210-WA0003.jpg\",\"datePublished\":\"2021-02-10T20:38:53+00:00\",\"breadcrumb\":{\"@id\":\"https:\/\/volcanes.net\/?p=10089#breadcrumb\"},\"inLanguage\":\"es\",\"potentialAction\":[{\"@type\":\"ReadAction\",\"target\":[\"https:\/\/volcanes.net\/?p=10089\"]}]},{\"@type\":\"ImageObject\",\"inLanguage\":\"es\",\"@id\":\"https:\/\/volcanes.net\/?p=10089#primaryimage\",\"url\":\"https:\/\/volcanes.net\/wp-content\/uploads\/2021\/02\/IMG-20210210-WA0003.jpg\",\"contentUrl\":\"https:\/\/volcanes.net\/wp-content\/uploads\/2021\/02\/IMG-20210210-WA0003.jpg\",\"width\":1280,\"height\":858},{\"@type\":\"BreadcrumbList\",\"@id\":\"https:\/\/volcanes.net\/?p=10089#breadcrumb\",\"itemListElement\":[{\"@type\":\"ListItem\",\"position\":1,\"name\":\"Portada\",\"item\":\"https:\/\/volcanes.net\/\"},{\"@type\":\"ListItem\",\"position\":2,\"name\":\"Inauguran m\u00e1s obras en Amecameca\"}]},{\"@type\":\"WebSite\",\"@id\":\"https:\/\/volcanes.net\/#website\",\"url\":\"https:\/\/volcanes.net\/\",\"name\":\"Volcanes.Net\",\"description\":\"Periodismo Profesional\",\"publisher\":{\"@id\":\"https:\/\/volcanes.net\/#organization\"},\"potentialAction\":[{\"@type\":\"SearchAction\",\"target\":{\"@type\":\"EntryPoint\",\"urlTemplate\":\"https:\/\/volcanes.net\/?s={search_term_string}\"},\"query-input\":{\"@type\":\"PropertyValueSpecification\",\"valueRequired\":true,\"valueName\":\"search_term_string\"}}],\"inLanguage\":\"es\"},{\"@type\":\"Organization\",\"@id\":\"https:\/\/volcanes.net\/#organization\",\"name\":\"Grupo Volcanes\",\"url\":\"https:\/\/volcanes.net\/\",\"logo\":{\"@type\":\"ImageObject\",\"inLanguage\":\"es\",\"@id\":\"https:\/\/volcanes.net\/#\/schema\/logo\/image\/\",\"url\":\"http:\/\/volcanes.net\/wp-content\/uploads\/2017\/12\/Avatar2.jpg\",\"contentUrl\":\"http:\/\/volcanes.net\/wp-content\/uploads\/2017\/12\/Avatar2.jpg\",\"width\":378,\"height\":378,\"caption\":\"Grupo Volcanes\"},\"image\":{\"@id\":\"https:\/\/volcanes.net\/#\/schema\/logo\/image\/\"},\"sameAs\":[\"https:\/\/www.facebook.com\/volcanes.net\/\"]},{\"@type\":\"Person\",\"@id\":\"https:\/\/volcanes.net\/#\/schema\/person\/4bf0f383940966a4abd53f5048c0e6b9\",\"name\":\"admin\",\"image\":{\"@type\":\"ImageObject\",\"inLanguage\":\"es\",\"@id\":\"https:\/\/volcanes.net\/#\/schema\/person\/image\/\",\"url\":\"https:\/\/secure.gravatar.com\/avatar\/ca004e6cba8462b8cb7abc86e382930c?s=96&d=mm&r=g\",\"contentUrl\":\"https:\/\/secure.gravatar.com\/avatar\/ca004e6cba8462b8cb7abc86e382930c?s=96&d=mm&r=g\",\"caption\":\"admin\"}}]}<\/script>\n<!-- \/ Yoast SEO plugin. -->","yoast_head_json":{"title":"Inauguran m\u00e1s obras en Amecameca - Volcanes","robots":{"index":"index","follow":"follow","max-snippet":"max-snippet:-1","max-image-preview":"max-image-preview:large","max-video-preview":"max-video-preview:-1"},"canonical":"https:\/\/volcanes.net\/?p=10089","og_locale":"es_MX","og_type":"article","og_title":"Inauguran m\u00e1s obras en Amecameca - Volcanes","og_description":"Amecameca de Ju\u00e1rez, Estado de M\u00e9xico.- Con una inversi\u00f3n superior a los 2 millones de","og_url":"https:\/\/volcanes.net\/?p=10089","og_site_name":"Volcanes","article_publisher":"https:\/\/www.facebook.com\/volcanes.net\/","article_published_time":"2021-02-10T20:38:53+00:00","og_image":[{"width":1280,"height":858,"url":"https:\/\/volcanes.net\/wp-content\/uploads\/2021\/02\/IMG-20210210-WA0003.jpg","type":"image\/jpeg"}],"author":"admin","twitter_card":"summary_large_image","twitter_misc":{"Escrito por":"admin","Tiempo de lectura":"1 minuto"},"schema":{"@context":"https:\/\/schema.org","@graph":[{"@type":"Article","@id":"https:\/\/volcanes.net\/?p=10089#article","isPartOf":{"@id":"https:\/\/volcanes.net\/?p=10089"},"author":{"name":"admin","@id":"https:\/\/volcanes.net\/#\/schema\/person\/4bf0f383940966a4abd53f5048c0e6b9"},"headline":"Inauguran m\u00e1s obras en Amecameca","datePublished":"2021-02-10T20:38:53+00:00","mainEntityOfPage":{"@id":"https:\/\/volcanes.net\/?p=10089"},"wordCount":184,"commentCount":0,"publisher":{"@id":"https:\/\/volcanes.net\/#organization"},"image":{"@id":"https:\/\/volcanes.net\/?p=10089#primaryimage"},"thumbnailUrl":"https:\/\/volcanes.net\/wp-content\/uploads\/2021\/02\/IMG-20210210-WA0003.jpg","keywords":["Amecameca"],"articleSection":["Municipales"],"inLanguage":"es","potentialAction":[{"@type":"CommentAction","name":"Comment","target":["https:\/\/volcanes.net\/?p=10089#respond"]}]},{"@type":"WebPage","@id":"https:\/\/volcanes.net\/?p=10089","url":"https:\/\/volcanes.net\/?p=10089","name":"Inauguran m\u00e1s obras en Amecameca - Volcanes","isPartOf":{"@id":"https:\/\/volcanes.net\/#website"},"primaryImageOfPage":{"@id":"https:\/\/volcanes.net\/?p=10089#primaryimage"},"image":{"@id":"https:\/\/volcanes.net\/?p=10089#primaryimage"},"thumbnailUrl":"https:\/\/volcanes.net\/wp-content\/uploads\/2021\/02\/IMG-20210210-WA0003.jpg","datePublished":"2021-02-10T20:38:53+00:00","breadcrumb":{"@id":"https:\/\/volcanes.net\/?p=10089#breadcrumb"},"inLanguage":"es","potentialAction":[{"@type":"ReadAction","target":["https:\/\/volcanes.net\/?p=10089"]}]},{"@type":"ImageObject","inLanguage":"es","@id":"https:\/\/volcanes.net\/?p=10089#primaryimage","url":"https:\/\/volcanes.net\/wp-content\/uploads\/2021\/02\/IMG-20210210-WA0003.jpg","contentUrl":"https:\/\/volcanes.net\/wp-content\/uploads\/2021\/02\/IMG-20210210-WA0003.jpg","width":1280,"height":858},{"@type":"BreadcrumbList","@id":"https:\/\/volcanes.net\/?p=10089#breadcrumb","itemListElement":[{"@type":"ListItem","position":1,"name":"Portada","item":"https:\/\/volcanes.net\/"},{"@type":"ListItem","position":2,"name":"Inauguran m\u00e1s obras en Amecameca"}]},{"@type":"WebSite","@id":"https:\/\/volcanes.net\/#website","url":"https:\/\/volcanes.net\/","name":"Volcanes.Net","description":"Periodismo Profesional","publisher":{"@id":"https:\/\/volcanes.net\/#organization"},"potentialAction":[{"@type":"SearchAction","target":{"@type":"EntryPoint","urlTemplate":"https:\/\/volcanes.net\/?s={search_term_string}"},"query-input":{"@type":"PropertyValueSpecification","valueRequired":true,"valueName":"search_term_string"}}],"inLanguage":"es"},{"@type":"Organization","@id":"https:\/\/volcanes.net\/#organization","name":"Grupo Volcanes","url":"https:\/\/volcanes.net\/","logo":{"@type":"ImageObject","inLanguage":"es","@id":"https:\/\/volcanes.net\/#\/schema\/logo\/image\/","url":"http:\/\/volcanes.net\/wp-content\/uploads\/2017\/12\/Avatar2.jpg","contentUrl":"http:\/\/volcanes.net\/wp-content\/uploads\/2017\/12\/Avatar2.jpg","width":378,"height":378,"caption":"Grupo Volcanes"},"image":{"@id":"https:\/\/volcanes.net\/#\/schema\/logo\/image\/"},"sameAs":["https:\/\/www.facebook.com\/volcanes.net\/"]},{"@type":"Person","@id":"https:\/\/volcanes.net\/#\/schema\/person\/4bf0f383940966a4abd53f5048c0e6b9","name":"admin","image":{"@type":"ImageObject","inLanguage":"es","@id":"https:\/\/volcanes.net\/#\/schema\/person\/image\/","url":"https:\/\/secure.gravatar.com\/avatar\/ca004e6cba8462b8cb7abc86e382930c?s=96&d=mm&r=g","contentUrl":"https:\/\/secure.gravatar.com\/avatar\/ca004e6cba8462b8cb7abc86e382930c?s=96&d=mm&r=g","caption":"admin"}}]}},"_links":{"self":[{"href":"https:\/\/volcanes.net\/index.php?rest_route=\/wp\/v2\/posts\/10089"}],"collection":[{"href":"https:\/\/volcanes.net\/index.php?rest_route=\/wp\/v2\/posts"}],"about":[{"href":"https:\/\/volcanes.net\/index.php?rest_route=\/wp\/v2\/types\/post"}],"author":[{"embeddable":true,"href":"https:\/\/volcanes.net\/index.php?rest_route=\/wp\/v2\/users\/1"}],"replies":[{"embeddable":true,"href":"https:\/\/volcanes.net\/index.php?rest_route=%2Fwp%2Fv2%2Fcomments&post=10089"}],"version-history":[{"count":1,"href":"https:\/\/volcanes.net\/index.php?rest_route=\/wp\/v2\/posts\/10089\/revisions"}],"predecessor-version":[{"id":10091,"href":"https:\/\/volcanes.net\/index.php?rest_route=\/wp\/v2\/posts\/10089\/revisions\/10091"}],"wp:featuredmedia":[{"embeddable":true,"href":"https:\/\/volcanes.net\/index.php?rest_route=\/wp\/v2\/media\/10090"}],"wp:attachment":[{"href":"https:\/\/volcanes.net\/index.php?rest_route=%2Fwp%2Fv2%2Fmedia&parent=10089"}],"wp:term":[{"taxonomy":"category","embeddable":true,"href":"https:\/\/volcanes.net\/index.php?rest_route=%2Fwp%2Fv2%2Fcategories&post=10089"},{"taxonomy":"post_tag","embeddable":true,"href":"https:\/\/volcanes.net\/index.php?rest_route=%2Fwp%2Fv2%2Ftags&post=10089"}],"curies":[{"name":"wp","href":"https:\/\/api.w.org\/{rel}","templated":true}]}}