{"id":10131,"date":"2021-02-15T09:41:01","date_gmt":"2021-02-15T15:41:01","guid":{"rendered":"http:\/\/volcanes.net\/?p=10131"},"modified":"2021-02-15T09:41:01","modified_gmt":"2021-02-15T15:41:01","slug":"en-ixtapaluca-brindan-accesorias-para-enfrentar-duelo-por-pandemia","status":"publish","type":"post","link":"https:\/\/volcanes.net\/?p=10131","title":{"rendered":"En Ixtapaluca brindan accesorias para enfrentar duelo por pandemia"},"content":{"rendered":"<div style=\"margin-top: 0px; margin-bottom: 0px;\" class=\"sharethis-inline-share-buttons\" ><\/div><p style=\"text-align: justify;\">Ixtapaluca, Estado de M\u00e9xico.-Dado el desconocimiento de la poblaci\u00f3n sobre c\u00f3mo enfrentar la p\u00e9rdida de un ser querido debido al COVID-19, la Defensor\u00eda Municipal de los Derechos Humanos imparti\u00f3 la pl\u00e1tica virtual denominada \u201cEl COVID-19, un duelo traum\u00e1tico\u201d, en la que se dieron a conocer los s\u00edntomas e \u00edndices para considerar cuando se trata de duelo traum\u00e1tico y las alternativas.<\/p>\n<p style=\"text-align: justify;\">Cabe destacar que tanto la Defensor\u00eda municipal que encabeza Miguel \u00c1ngel Espinoza como el \u00e1rea de Prevenci\u00f3n del Delito ponen a disposici\u00f3n de la poblaci\u00f3n la atenci\u00f3n psicol\u00f3gica para quien lo necesite, y que forma parte de las acciones implementadas por la alcaldesa Maricela Serrano para apoyar a la poblaci\u00f3n.<\/p>\n<p style=\"text-align: justify;\">Las y los asistentes tuvieron oportunidad de ampliar su conocimiento sobre lo que significa el duelo para algunos autores, definido \u00e9ste como la reacci\u00f3n natural ante la p\u00e9rdida de una persona, objeto o rompimiento de un v\u00ednculo afectivo, que tiene componentes psicol\u00f3gicos, f\u00edsicos y sociales.<\/p>\n<p style=\"text-align: justify;\">Todas las esferas, detall\u00f3 la psic\u00f3loga Marisol Casta\u00f1eda Mill\u00e1n, quien imparti\u00f3 la pl\u00e1tica, se ven afectadas cuando se enfrenta un duelo. Las emociones se reflejan con un malestar f\u00edsico que se manifiesta como cansancio en los hombros, dolores de cabeza y garganta, a los que en ocasiones se hace caso omiso.<\/p>\n<p style=\"text-align: justify;\">El fallecimiento de un ser querido se\u00f1al\u00f3 es una vivencia dif\u00edcil para cualquiera, pero cuando recibimos la noticia sin la oportunidad de asimilarlo, de estar cerca de esa persona, nos generamos sentimientos de culpa y puede convertirse en un duelo traum\u00e1tico, porque desconocemos c\u00f3mo sucedi\u00f3 su muerte.<\/p>\n<p style=\"text-align: justify;\">El duelo traum\u00e1tico est\u00e1 caracterizado por la sorpresa, porque no estamos preparados para esa situaci\u00f3n, la incertidumbre que conlleva a la ansiedad, la p\u00e9rdida del sue\u00f1o; impotencia, incomprensi\u00f3n, soledad al momento y posterior, y el desbordamiento, que es la carga emocional alta a la que nos enfrentamos despu\u00e9s.<\/p>\n<p style=\"text-align: justify;\">Ante la muerte de un ser querido, dijo, el doliente experimenta sufrimiento asociado a m\u00faltiples aspectos que se traducir\u00e1n en las tareas que esa persona deber\u00e1 llevar a cabo para poder sanar. Las tareas est\u00e1n relacionadas al tiempo de la muerte, al tiempo posterior de la muerte, a la p\u00e9rdida de la relaci\u00f3n y a la afectaci\u00f3n que puede sufrir en sus relaciones interpersonales.<\/p>\n<p style=\"text-align: justify;\">Para afrontar la p\u00e9rdida, dijo, nos puede ayudar el expresar las emociones: enfado o tristeza, recordar aspectos de la vida en com\u00fan, sentir su presencia, hablar de lo sucedido, visitar lugares que nos recuerden a esa persona.<\/p>\n","protected":false},"excerpt":{"rendered":"<p>Ixtapaluca, Estado de M\u00e9xico.-Dado el desconocimiento de la poblaci\u00f3n sobre c\u00f3mo enfrentar la p\u00e9rdida de<\/p>\n","protected":false},"author":1,"featured_media":10132,"comment_status":"open","ping_status":"open","sticky":false,"template":"","format":"standard","meta":{"footnotes":""},"categories":[1],"tags":[6],"class_list":["post-10131","post","type-post","status-publish","format-standard","has-post-thumbnail","hentry","category-municipales","tag-ixtapaluca"],"yoast_head":"<!-- This site is optimized with the Yoast SEO plugin v25.3 - https:\/\/yoast.com\/wordpress\/plugins\/seo\/ -->\n<title>En Ixtapaluca brindan accesorias para enfrentar duelo por pandemia - Volcanes<\/title>\n<meta name=\"robots\" content=\"index, follow, max-snippet:-1, max-image-preview:large, max-video-preview:-1\" \/>\n<link rel=\"canonical\" href=\"https:\/\/volcanes.net\/?p=10131\" \/>\n<meta property=\"og:locale\" content=\"es_MX\" \/>\n<meta property=\"og:type\" content=\"article\" \/>\n<meta property=\"og:title\" content=\"En Ixtapaluca brindan accesorias para enfrentar duelo por pandemia - Volcanes\" \/>\n<meta property=\"og:description\" content=\"Ixtapaluca, Estado de M\u00e9xico.-Dado el desconocimiento de la poblaci\u00f3n sobre c\u00f3mo enfrentar la p\u00e9rdida de\" \/>\n<meta property=\"og:url\" content=\"https:\/\/volcanes.net\/?p=10131\" \/>\n<meta property=\"og:site_name\" content=\"Volcanes\" \/>\n<meta property=\"article:publisher\" content=\"https:\/\/www.facebook.com\/volcanes.net\/\" \/>\n<meta property=\"article:published_time\" content=\"2021-02-15T15:41:01+00:00\" \/>\n<meta property=\"og:image\" content=\"https:\/\/volcanes.net\/wp-content\/uploads\/2021\/02\/FB_IMG_1613397261995.jpg\" \/>\n\t<meta property=\"og:image:width\" content=\"595\" \/>\n\t<meta property=\"og:image:height\" content=\"381\" \/>\n\t<meta property=\"og:image:type\" content=\"image\/jpeg\" \/>\n<meta name=\"author\" content=\"admin\" \/>\n<meta name=\"twitter:card\" content=\"summary_large_image\" \/>\n<meta name=\"twitter:label1\" content=\"Escrito por\" \/>\n\t<meta name=\"twitter:data1\" content=\"admin\" \/>\n\t<meta name=\"twitter:label2\" content=\"Tiempo de lectura\" \/>\n\t<meta name=\"twitter:data2\" content=\"2 minutos\" \/>\n<script type=\"application\/ld+json\" class=\"yoast-schema-graph\">{\"@context\":\"https:\/\/schema.org\",\"@graph\":[{\"@type\":\"Article\",\"@id\":\"https:\/\/volcanes.net\/?p=10131#article\",\"isPartOf\":{\"@id\":\"https:\/\/volcanes.net\/?p=10131\"},\"author\":{\"name\":\"admin\",\"@id\":\"https:\/\/volcanes.net\/#\/schema\/person\/4bf0f383940966a4abd53f5048c0e6b9\"},\"headline\":\"En Ixtapaluca brindan accesorias para enfrentar duelo por pandemia\",\"datePublished\":\"2021-02-15T15:41:01+00:00\",\"mainEntityOfPage\":{\"@id\":\"https:\/\/volcanes.net\/?p=10131\"},\"wordCount\":456,\"commentCount\":0,\"publisher\":{\"@id\":\"https:\/\/volcanes.net\/#organization\"},\"image\":{\"@id\":\"https:\/\/volcanes.net\/?p=10131#primaryimage\"},\"thumbnailUrl\":\"https:\/\/volcanes.net\/wp-content\/uploads\/2021\/02\/FB_IMG_1613397261995.jpg\",\"keywords\":[\"Ixtapaluca\"],\"articleSection\":[\"Municipales\"],\"inLanguage\":\"es\",\"potentialAction\":[{\"@type\":\"CommentAction\",\"name\":\"Comment\",\"target\":[\"https:\/\/volcanes.net\/?p=10131#respond\"]}]},{\"@type\":\"WebPage\",\"@id\":\"https:\/\/volcanes.net\/?p=10131\",\"url\":\"https:\/\/volcanes.net\/?p=10131\",\"name\":\"En Ixtapaluca brindan accesorias para enfrentar duelo por pandemia - Volcanes\",\"isPartOf\":{\"@id\":\"https:\/\/volcanes.net\/#website\"},\"primaryImageOfPage\":{\"@id\":\"https:\/\/volcanes.net\/?p=10131#primaryimage\"},\"image\":{\"@id\":\"https:\/\/volcanes.net\/?p=10131#primaryimage\"},\"thumbnailUrl\":\"https:\/\/volcanes.net\/wp-content\/uploads\/2021\/02\/FB_IMG_1613397261995.jpg\",\"datePublished\":\"2021-02-15T15:41:01+00:00\",\"breadcrumb\":{\"@id\":\"https:\/\/volcanes.net\/?p=10131#breadcrumb\"},\"inLanguage\":\"es\",\"potentialAction\":[{\"@type\":\"ReadAction\",\"target\":[\"https:\/\/volcanes.net\/?p=10131\"]}]},{\"@type\":\"ImageObject\",\"inLanguage\":\"es\",\"@id\":\"https:\/\/volcanes.net\/?p=10131#primaryimage\",\"url\":\"https:\/\/volcanes.net\/wp-content\/uploads\/2021\/02\/FB_IMG_1613397261995.jpg\",\"contentUrl\":\"https:\/\/volcanes.net\/wp-content\/uploads\/2021\/02\/FB_IMG_1613397261995.jpg\",\"width\":595,\"height\":381},{\"@type\":\"BreadcrumbList\",\"@id\":\"https:\/\/volcanes.net\/?p=10131#breadcrumb\",\"itemListElement\":[{\"@type\":\"ListItem\",\"position\":1,\"name\":\"Portada\",\"item\":\"https:\/\/volcanes.net\/\"},{\"@type\":\"ListItem\",\"position\":2,\"name\":\"En Ixtapaluca brindan accesorias para enfrentar duelo por pandemia\"}]},{\"@type\":\"WebSite\",\"@id\":\"https:\/\/volcanes.net\/#website\",\"url\":\"https:\/\/volcanes.net\/\",\"name\":\"Volcanes.Net\",\"description\":\"Periodismo Profesional\",\"publisher\":{\"@id\":\"https:\/\/volcanes.net\/#organization\"},\"potentialAction\":[{\"@type\":\"SearchAction\",\"target\":{\"@type\":\"EntryPoint\",\"urlTemplate\":\"https:\/\/volcanes.net\/?s={search_term_string}\"},\"query-input\":{\"@type\":\"PropertyValueSpecification\",\"valueRequired\":true,\"valueName\":\"search_term_string\"}}],\"inLanguage\":\"es\"},{\"@type\":\"Organization\",\"@id\":\"https:\/\/volcanes.net\/#organization\",\"name\":\"Grupo Volcanes\",\"url\":\"https:\/\/volcanes.net\/\",\"logo\":{\"@type\":\"ImageObject\",\"inLanguage\":\"es\",\"@id\":\"https:\/\/volcanes.net\/#\/schema\/logo\/image\/\",\"url\":\"http:\/\/volcanes.net\/wp-content\/uploads\/2017\/12\/Avatar2.jpg\",\"contentUrl\":\"http:\/\/volcanes.net\/wp-content\/uploads\/2017\/12\/Avatar2.jpg\",\"width\":378,\"height\":378,\"caption\":\"Grupo Volcanes\"},\"image\":{\"@id\":\"https:\/\/volcanes.net\/#\/schema\/logo\/image\/\"},\"sameAs\":[\"https:\/\/www.facebook.com\/volcanes.net\/\"]},{\"@type\":\"Person\",\"@id\":\"https:\/\/volcanes.net\/#\/schema\/person\/4bf0f383940966a4abd53f5048c0e6b9\",\"name\":\"admin\",\"image\":{\"@type\":\"ImageObject\",\"inLanguage\":\"es\",\"@id\":\"https:\/\/volcanes.net\/#\/schema\/person\/image\/\",\"url\":\"https:\/\/secure.gravatar.com\/avatar\/ca004e6cba8462b8cb7abc86e382930c?s=96&d=mm&r=g\",\"contentUrl\":\"https:\/\/secure.gravatar.com\/avatar\/ca004e6cba8462b8cb7abc86e382930c?s=96&d=mm&r=g\",\"caption\":\"admin\"}}]}<\/script>\n<!-- \/ Yoast SEO plugin. -->","yoast_head_json":{"title":"En Ixtapaluca brindan accesorias para enfrentar duelo por pandemia - Volcanes","robots":{"index":"index","follow":"follow","max-snippet":"max-snippet:-1","max-image-preview":"max-image-preview:large","max-video-preview":"max-video-preview:-1"},"canonical":"https:\/\/volcanes.net\/?p=10131","og_locale":"es_MX","og_type":"article","og_title":"En Ixtapaluca brindan accesorias para enfrentar duelo por pandemia - Volcanes","og_description":"Ixtapaluca, Estado de M\u00e9xico.-Dado el desconocimiento de la poblaci\u00f3n sobre c\u00f3mo enfrentar la p\u00e9rdida de","og_url":"https:\/\/volcanes.net\/?p=10131","og_site_name":"Volcanes","article_publisher":"https:\/\/www.facebook.com\/volcanes.net\/","article_published_time":"2021-02-15T15:41:01+00:00","og_image":[{"width":595,"height":381,"url":"https:\/\/volcanes.net\/wp-content\/uploads\/2021\/02\/FB_IMG_1613397261995.jpg","type":"image\/jpeg"}],"author":"admin","twitter_card":"summary_large_image","twitter_misc":{"Escrito por":"admin","Tiempo de lectura":"2 minutos"},"schema":{"@context":"https:\/\/schema.org","@graph":[{"@type":"Article","@id":"https:\/\/volcanes.net\/?p=10131#article","isPartOf":{"@id":"https:\/\/volcanes.net\/?p=10131"},"author":{"name":"admin","@id":"https:\/\/volcanes.net\/#\/schema\/person\/4bf0f383940966a4abd53f5048c0e6b9"},"headline":"En Ixtapaluca brindan accesorias para enfrentar duelo por pandemia","datePublished":"2021-02-15T15:41:01+00:00","mainEntityOfPage":{"@id":"https:\/\/volcanes.net\/?p=10131"},"wordCount":456,"commentCount":0,"publisher":{"@id":"https:\/\/volcanes.net\/#organization"},"image":{"@id":"https:\/\/volcanes.net\/?p=10131#primaryimage"},"thumbnailUrl":"https:\/\/volcanes.net\/wp-content\/uploads\/2021\/02\/FB_IMG_1613397261995.jpg","keywords":["Ixtapaluca"],"articleSection":["Municipales"],"inLanguage":"es","potentialAction":[{"@type":"CommentAction","name":"Comment","target":["https:\/\/volcanes.net\/?p=10131#respond"]}]},{"@type":"WebPage","@id":"https:\/\/volcanes.net\/?p=10131","url":"https:\/\/volcanes.net\/?p=10131","name":"En Ixtapaluca brindan accesorias para enfrentar duelo por pandemia - Volcanes","isPartOf":{"@id":"https:\/\/volcanes.net\/#website"},"primaryImageOfPage":{"@id":"https:\/\/volcanes.net\/?p=10131#primaryimage"},"image":{"@id":"https:\/\/volcanes.net\/?p=10131#primaryimage"},"thumbnailUrl":"https:\/\/volcanes.net\/wp-content\/uploads\/2021\/02\/FB_IMG_1613397261995.jpg","datePublished":"2021-02-15T15:41:01+00:00","breadcrumb":{"@id":"https:\/\/volcanes.net\/?p=10131#breadcrumb"},"inLanguage":"es","potentialAction":[{"@type":"ReadAction","target":["https:\/\/volcanes.net\/?p=10131"]}]},{"@type":"ImageObject","inLanguage":"es","@id":"https:\/\/volcanes.net\/?p=10131#primaryimage","url":"https:\/\/volcanes.net\/wp-content\/uploads\/2021\/02\/FB_IMG_1613397261995.jpg","contentUrl":"https:\/\/volcanes.net\/wp-content\/uploads\/2021\/02\/FB_IMG_1613397261995.jpg","width":595,"height":381},{"@type":"BreadcrumbList","@id":"https:\/\/volcanes.net\/?p=10131#breadcrumb","itemListElement":[{"@type":"ListItem","position":1,"name":"Portada","item":"https:\/\/volcanes.net\/"},{"@type":"ListItem","position":2,"name":"En Ixtapaluca brindan accesorias para enfrentar duelo por pandemia"}]},{"@type":"WebSite","@id":"https:\/\/volcanes.net\/#website","url":"https:\/\/volcanes.net\/","name":"Volcanes.Net","description":"Periodismo Profesional","publisher":{"@id":"https:\/\/volcanes.net\/#organization"},"potentialAction":[{"@type":"SearchAction","target":{"@type":"EntryPoint","urlTemplate":"https:\/\/volcanes.net\/?s={search_term_string}"},"query-input":{"@type":"PropertyValueSpecification","valueRequired":true,"valueName":"search_term_string"}}],"inLanguage":"es"},{"@type":"Organization","@id":"https:\/\/volcanes.net\/#organization","name":"Grupo Volcanes","url":"https:\/\/volcanes.net\/","logo":{"@type":"ImageObject","inLanguage":"es","@id":"https:\/\/volcanes.net\/#\/schema\/logo\/image\/","url":"http:\/\/volcanes.net\/wp-content\/uploads\/2017\/12\/Avatar2.jpg","contentUrl":"http:\/\/volcanes.net\/wp-content\/uploads\/2017\/12\/Avatar2.jpg","width":378,"height":378,"caption":"Grupo Volcanes"},"image":{"@id":"https:\/\/volcanes.net\/#\/schema\/logo\/image\/"},"sameAs":["https:\/\/www.facebook.com\/volcanes.net\/"]},{"@type":"Person","@id":"https:\/\/volcanes.net\/#\/schema\/person\/4bf0f383940966a4abd53f5048c0e6b9","name":"admin","image":{"@type":"ImageObject","inLanguage":"es","@id":"https:\/\/volcanes.net\/#\/schema\/person\/image\/","url":"https:\/\/secure.gravatar.com\/avatar\/ca004e6cba8462b8cb7abc86e382930c?s=96&d=mm&r=g","contentUrl":"https:\/\/secure.gravatar.com\/avatar\/ca004e6cba8462b8cb7abc86e382930c?s=96&d=mm&r=g","caption":"admin"}}]}},"_links":{"self":[{"href":"https:\/\/volcanes.net\/index.php?rest_route=\/wp\/v2\/posts\/10131"}],"collection":[{"href":"https:\/\/volcanes.net\/index.php?rest_route=\/wp\/v2\/posts"}],"about":[{"href":"https:\/\/volcanes.net\/index.php?rest_route=\/wp\/v2\/types\/post"}],"author":[{"embeddable":true,"href":"https:\/\/volcanes.net\/index.php?rest_route=\/wp\/v2\/users\/1"}],"replies":[{"embeddable":true,"href":"https:\/\/volcanes.net\/index.php?rest_route=%2Fwp%2Fv2%2Fcomments&post=10131"}],"version-history":[{"count":1,"href":"https:\/\/volcanes.net\/index.php?rest_route=\/wp\/v2\/posts\/10131\/revisions"}],"predecessor-version":[{"id":10133,"href":"https:\/\/volcanes.net\/index.php?rest_route=\/wp\/v2\/posts\/10131\/revisions\/10133"}],"wp:featuredmedia":[{"embeddable":true,"href":"https:\/\/volcanes.net\/index.php?rest_route=\/wp\/v2\/media\/10132"}],"wp:attachment":[{"href":"https:\/\/volcanes.net\/index.php?rest_route=%2Fwp%2Fv2%2Fmedia&parent=10131"}],"wp:term":[{"taxonomy":"category","embeddable":true,"href":"https:\/\/volcanes.net\/index.php?rest_route=%2Fwp%2Fv2%2Fcategories&post=10131"},{"taxonomy":"post_tag","embeddable":true,"href":"https:\/\/volcanes.net\/index.php?rest_route=%2Fwp%2Fv2%2Ftags&post=10131"}],"curies":[{"name":"wp","href":"https:\/\/api.w.org\/{rel}","templated":true}]}}