{"id":1016,"date":"2018-02-03T17:53:50","date_gmt":"2018-02-03T17:53:50","guid":{"rendered":"http:\/\/volcanes.net\/?p=1016"},"modified":"2018-02-03T17:53:51","modified_gmt":"2018-02-03T17:53:51","slug":"desarrollo-social-redoblara-esfuerzos-en-combate-a-la-pobreza","status":"publish","type":"post","link":"https:\/\/volcanes.net\/?p=1016","title":{"rendered":"Desarrollo Social redoblar\u00e1 esfuerzos en combate a la pobreza"},"content":{"rendered":"<div style=\"margin-top: 0px; margin-bottom: 0px;\" class=\"sharethis-inline-share-buttons\" ><\/div><p>El secretario de Desarrollo Social, Eviel P\u00e9rez Maga\u00f1a, asegur\u00f3 que en la recta final de la administraci\u00f3n del presidente Enrique Pe\u00f1a Nieto se redoblar\u00e1n esfuerzos para continuar con el combate a la pobreza, mediante la coordinaci\u00f3n de los tres \u00e1mbitos de gobierno.<\/p>\n<p>Durante una gira de trabajo en Sinaloa, expuso que la Estrategia Nacional de Inclusi\u00f3n (ENI) es un ejemplo \u201cvivo del esp\u00edritu de innovaci\u00f3n que ha caracterizado la actual administraci\u00f3n\u201d.<\/p>\n<p>\u201cEn estos dos a\u00f1os se ha demostrado que el di\u00e1logo y la disposici\u00f3n a la unidad han predominado por encima de las diferencias ideol\u00f3gicas, porque lo que est\u00e1 en juego es lo m\u00e1s importante: la gente, los ciudadanos, los mexicanos que m\u00e1s lo necesitan\u201d, dijo.<\/p>\n<p>Record\u00f3 que fue en Sinaloa donde m\u00e1s se redujo la proporci\u00f3n de personas en pobreza entre 2014 y 2016, as\u00ed como la segunda que m\u00e1s redujo el rezago educativo, en el mismo periodo, en favor de 88 mil habitantes.<\/p>\n<p>Destac\u00f3 que con la ENI se logr\u00f3 que en Sinaloa 200 mil beneficiarios de Prospera y 70 mil afiliados al Programa de Pensi\u00f3n para Adultos Mayores se incorporaran al Seguro Popular.<\/p>\n<p>Adem\u00e1s, apunt\u00f3, 250 mil estudiantes de planteles p\u00fablicos de nivel medio superior y superior se sumar\u00e1n a los servicios m\u00e9dicos del Instituto Mexicano del Seguro Social (IMSS).<\/p>\n<p>Por su parte el gobernador Quirino Ordaz Coppel dijo que los avances registrados en materia de desarrollo social en Sinaloa son el reflejo del apoyo que ha brindado el gobierno de la Rep\u00fablica.<\/p>\n<p>Durante la gira de trabajo el secretario P\u00e9rez Maga\u00f1a sostuvo un encuentro con personal de Secretar\u00eda de Desarrollo Social (Sedesol) en la entidad, a quienes convoc\u00f3 a seguir por el camino de la legalidad y transparencia para cumplir con el blindaje electoral, a fin de que los recursos destinados a los programas que instrumenta lleguen a quien los necesita.<\/p>\n","protected":false},"excerpt":{"rendered":"<p>El secretario de Desarrollo Social, Eviel P\u00e9rez Maga\u00f1a, asegur\u00f3 que en la recta final de<\/p>\n","protected":false},"author":1,"featured_media":1000,"comment_status":"open","ping_status":"open","sticky":false,"template":"","format":"standard","meta":{"footnotes":""},"categories":[1],"tags":[33],"class_list":["post-1016","post","type-post","status-publish","format-standard","has-post-thumbnail","hentry","category-municipales","tag-sedesol"],"yoast_head":"<!-- This site is optimized with the Yoast SEO plugin v25.3 - https:\/\/yoast.com\/wordpress\/plugins\/seo\/ -->\n<title>Desarrollo Social redoblar\u00e1 esfuerzos en combate a la pobreza - Volcanes<\/title>\n<meta name=\"robots\" content=\"index, follow, max-snippet:-1, max-image-preview:large, max-video-preview:-1\" \/>\n<link rel=\"canonical\" href=\"https:\/\/volcanes.net\/?p=1016\" \/>\n<meta property=\"og:locale\" content=\"es_MX\" \/>\n<meta property=\"og:type\" content=\"article\" \/>\n<meta property=\"og:title\" content=\"Desarrollo Social redoblar\u00e1 esfuerzos en combate a la pobreza - Volcanes\" \/>\n<meta property=\"og:description\" content=\"El secretario de Desarrollo Social, Eviel P\u00e9rez Maga\u00f1a, asegur\u00f3 que en la recta final de\" \/>\n<meta property=\"og:url\" content=\"https:\/\/volcanes.net\/?p=1016\" \/>\n<meta property=\"og:site_name\" content=\"Volcanes\" \/>\n<meta property=\"article:publisher\" content=\"https:\/\/www.facebook.com\/volcanes.net\/\" \/>\n<meta property=\"article:published_time\" content=\"2018-02-03T17:53:50+00:00\" \/>\n<meta property=\"article:modified_time\" content=\"2018-02-03T17:53:51+00:00\" \/>\n<meta property=\"og:image\" content=\"https:\/\/volcanes.net\/wp-content\/uploads\/2018\/02\/eviel-perez.jpg\" \/>\n\t<meta property=\"og:image:width\" content=\"400\" \/>\n\t<meta property=\"og:image:height\" content=\"200\" \/>\n\t<meta property=\"og:image:type\" content=\"image\/jpeg\" \/>\n<meta name=\"author\" content=\"admin\" \/>\n<meta name=\"twitter:card\" content=\"summary_large_image\" \/>\n<meta name=\"twitter:label1\" content=\"Escrito por\" \/>\n\t<meta name=\"twitter:data1\" content=\"admin\" \/>\n\t<meta name=\"twitter:label2\" content=\"Tiempo de lectura\" \/>\n\t<meta name=\"twitter:data2\" content=\"2 minutos\" \/>\n<script type=\"application\/ld+json\" class=\"yoast-schema-graph\">{\"@context\":\"https:\/\/schema.org\",\"@graph\":[{\"@type\":\"Article\",\"@id\":\"https:\/\/volcanes.net\/?p=1016#article\",\"isPartOf\":{\"@id\":\"https:\/\/volcanes.net\/?p=1016\"},\"author\":{\"name\":\"admin\",\"@id\":\"https:\/\/volcanes.net\/#\/schema\/person\/4bf0f383940966a4abd53f5048c0e6b9\"},\"headline\":\"Desarrollo Social redoblar\u00e1 esfuerzos en combate a la pobreza\",\"datePublished\":\"2018-02-03T17:53:50+00:00\",\"dateModified\":\"2018-02-03T17:53:51+00:00\",\"mainEntityOfPage\":{\"@id\":\"https:\/\/volcanes.net\/?p=1016\"},\"wordCount\":336,\"commentCount\":0,\"publisher\":{\"@id\":\"https:\/\/volcanes.net\/#organization\"},\"image\":{\"@id\":\"https:\/\/volcanes.net\/?p=1016#primaryimage\"},\"thumbnailUrl\":\"https:\/\/volcanes.net\/wp-content\/uploads\/2018\/02\/eviel-perez.jpg\",\"keywords\":[\"SEDESOL\"],\"articleSection\":[\"Municipales\"],\"inLanguage\":\"es\",\"potentialAction\":[{\"@type\":\"CommentAction\",\"name\":\"Comment\",\"target\":[\"https:\/\/volcanes.net\/?p=1016#respond\"]}]},{\"@type\":\"WebPage\",\"@id\":\"https:\/\/volcanes.net\/?p=1016\",\"url\":\"https:\/\/volcanes.net\/?p=1016\",\"name\":\"Desarrollo Social redoblar\u00e1 esfuerzos en combate a la pobreza - Volcanes\",\"isPartOf\":{\"@id\":\"https:\/\/volcanes.net\/#website\"},\"primaryImageOfPage\":{\"@id\":\"https:\/\/volcanes.net\/?p=1016#primaryimage\"},\"image\":{\"@id\":\"https:\/\/volcanes.net\/?p=1016#primaryimage\"},\"thumbnailUrl\":\"https:\/\/volcanes.net\/wp-content\/uploads\/2018\/02\/eviel-perez.jpg\",\"datePublished\":\"2018-02-03T17:53:50+00:00\",\"dateModified\":\"2018-02-03T17:53:51+00:00\",\"breadcrumb\":{\"@id\":\"https:\/\/volcanes.net\/?p=1016#breadcrumb\"},\"inLanguage\":\"es\",\"potentialAction\":[{\"@type\":\"ReadAction\",\"target\":[\"https:\/\/volcanes.net\/?p=1016\"]}]},{\"@type\":\"ImageObject\",\"inLanguage\":\"es\",\"@id\":\"https:\/\/volcanes.net\/?p=1016#primaryimage\",\"url\":\"https:\/\/volcanes.net\/wp-content\/uploads\/2018\/02\/eviel-perez.jpg\",\"contentUrl\":\"https:\/\/volcanes.net\/wp-content\/uploads\/2018\/02\/eviel-perez.jpg\",\"width\":400,\"height\":200},{\"@type\":\"BreadcrumbList\",\"@id\":\"https:\/\/volcanes.net\/?p=1016#breadcrumb\",\"itemListElement\":[{\"@type\":\"ListItem\",\"position\":1,\"name\":\"Portada\",\"item\":\"https:\/\/volcanes.net\/\"},{\"@type\":\"ListItem\",\"position\":2,\"name\":\"Desarrollo Social redoblar\u00e1 esfuerzos en combate a la pobreza\"}]},{\"@type\":\"WebSite\",\"@id\":\"https:\/\/volcanes.net\/#website\",\"url\":\"https:\/\/volcanes.net\/\",\"name\":\"Volcanes.Net\",\"description\":\"Periodismo Profesional\",\"publisher\":{\"@id\":\"https:\/\/volcanes.net\/#organization\"},\"potentialAction\":[{\"@type\":\"SearchAction\",\"target\":{\"@type\":\"EntryPoint\",\"urlTemplate\":\"https:\/\/volcanes.net\/?s={search_term_string}\"},\"query-input\":{\"@type\":\"PropertyValueSpecification\",\"valueRequired\":true,\"valueName\":\"search_term_string\"}}],\"inLanguage\":\"es\"},{\"@type\":\"Organization\",\"@id\":\"https:\/\/volcanes.net\/#organization\",\"name\":\"Grupo Volcanes\",\"url\":\"https:\/\/volcanes.net\/\",\"logo\":{\"@type\":\"ImageObject\",\"inLanguage\":\"es\",\"@id\":\"https:\/\/volcanes.net\/#\/schema\/logo\/image\/\",\"url\":\"http:\/\/volcanes.net\/wp-content\/uploads\/2017\/12\/Avatar2.jpg\",\"contentUrl\":\"http:\/\/volcanes.net\/wp-content\/uploads\/2017\/12\/Avatar2.jpg\",\"width\":378,\"height\":378,\"caption\":\"Grupo Volcanes\"},\"image\":{\"@id\":\"https:\/\/volcanes.net\/#\/schema\/logo\/image\/\"},\"sameAs\":[\"https:\/\/www.facebook.com\/volcanes.net\/\"]},{\"@type\":\"Person\",\"@id\":\"https:\/\/volcanes.net\/#\/schema\/person\/4bf0f383940966a4abd53f5048c0e6b9\",\"name\":\"admin\",\"image\":{\"@type\":\"ImageObject\",\"inLanguage\":\"es\",\"@id\":\"https:\/\/volcanes.net\/#\/schema\/person\/image\/\",\"url\":\"https:\/\/secure.gravatar.com\/avatar\/ca004e6cba8462b8cb7abc86e382930c?s=96&d=mm&r=g\",\"contentUrl\":\"https:\/\/secure.gravatar.com\/avatar\/ca004e6cba8462b8cb7abc86e382930c?s=96&d=mm&r=g\",\"caption\":\"admin\"}}]}<\/script>\n<!-- \/ Yoast SEO plugin. -->","yoast_head_json":{"title":"Desarrollo Social redoblar\u00e1 esfuerzos en combate a la pobreza - Volcanes","robots":{"index":"index","follow":"follow","max-snippet":"max-snippet:-1","max-image-preview":"max-image-preview:large","max-video-preview":"max-video-preview:-1"},"canonical":"https:\/\/volcanes.net\/?p=1016","og_locale":"es_MX","og_type":"article","og_title":"Desarrollo Social redoblar\u00e1 esfuerzos en combate a la pobreza - Volcanes","og_description":"El secretario de Desarrollo Social, Eviel P\u00e9rez Maga\u00f1a, asegur\u00f3 que en la recta final de","og_url":"https:\/\/volcanes.net\/?p=1016","og_site_name":"Volcanes","article_publisher":"https:\/\/www.facebook.com\/volcanes.net\/","article_published_time":"2018-02-03T17:53:50+00:00","article_modified_time":"2018-02-03T17:53:51+00:00","og_image":[{"width":400,"height":200,"url":"https:\/\/volcanes.net\/wp-content\/uploads\/2018\/02\/eviel-perez.jpg","type":"image\/jpeg"}],"author":"admin","twitter_card":"summary_large_image","twitter_misc":{"Escrito por":"admin","Tiempo de lectura":"2 minutos"},"schema":{"@context":"https:\/\/schema.org","@graph":[{"@type":"Article","@id":"https:\/\/volcanes.net\/?p=1016#article","isPartOf":{"@id":"https:\/\/volcanes.net\/?p=1016"},"author":{"name":"admin","@id":"https:\/\/volcanes.net\/#\/schema\/person\/4bf0f383940966a4abd53f5048c0e6b9"},"headline":"Desarrollo Social redoblar\u00e1 esfuerzos en combate a la pobreza","datePublished":"2018-02-03T17:53:50+00:00","dateModified":"2018-02-03T17:53:51+00:00","mainEntityOfPage":{"@id":"https:\/\/volcanes.net\/?p=1016"},"wordCount":336,"commentCount":0,"publisher":{"@id":"https:\/\/volcanes.net\/#organization"},"image":{"@id":"https:\/\/volcanes.net\/?p=1016#primaryimage"},"thumbnailUrl":"https:\/\/volcanes.net\/wp-content\/uploads\/2018\/02\/eviel-perez.jpg","keywords":["SEDESOL"],"articleSection":["Municipales"],"inLanguage":"es","potentialAction":[{"@type":"CommentAction","name":"Comment","target":["https:\/\/volcanes.net\/?p=1016#respond"]}]},{"@type":"WebPage","@id":"https:\/\/volcanes.net\/?p=1016","url":"https:\/\/volcanes.net\/?p=1016","name":"Desarrollo Social redoblar\u00e1 esfuerzos en combate a la pobreza - Volcanes","isPartOf":{"@id":"https:\/\/volcanes.net\/#website"},"primaryImageOfPage":{"@id":"https:\/\/volcanes.net\/?p=1016#primaryimage"},"image":{"@id":"https:\/\/volcanes.net\/?p=1016#primaryimage"},"thumbnailUrl":"https:\/\/volcanes.net\/wp-content\/uploads\/2018\/02\/eviel-perez.jpg","datePublished":"2018-02-03T17:53:50+00:00","dateModified":"2018-02-03T17:53:51+00:00","breadcrumb":{"@id":"https:\/\/volcanes.net\/?p=1016#breadcrumb"},"inLanguage":"es","potentialAction":[{"@type":"ReadAction","target":["https:\/\/volcanes.net\/?p=1016"]}]},{"@type":"ImageObject","inLanguage":"es","@id":"https:\/\/volcanes.net\/?p=1016#primaryimage","url":"https:\/\/volcanes.net\/wp-content\/uploads\/2018\/02\/eviel-perez.jpg","contentUrl":"https:\/\/volcanes.net\/wp-content\/uploads\/2018\/02\/eviel-perez.jpg","width":400,"height":200},{"@type":"BreadcrumbList","@id":"https:\/\/volcanes.net\/?p=1016#breadcrumb","itemListElement":[{"@type":"ListItem","position":1,"name":"Portada","item":"https:\/\/volcanes.net\/"},{"@type":"ListItem","position":2,"name":"Desarrollo Social redoblar\u00e1 esfuerzos en combate a la pobreza"}]},{"@type":"WebSite","@id":"https:\/\/volcanes.net\/#website","url":"https:\/\/volcanes.net\/","name":"Volcanes.Net","description":"Periodismo Profesional","publisher":{"@id":"https:\/\/volcanes.net\/#organization"},"potentialAction":[{"@type":"SearchAction","target":{"@type":"EntryPoint","urlTemplate":"https:\/\/volcanes.net\/?s={search_term_string}"},"query-input":{"@type":"PropertyValueSpecification","valueRequired":true,"valueName":"search_term_string"}}],"inLanguage":"es"},{"@type":"Organization","@id":"https:\/\/volcanes.net\/#organization","name":"Grupo Volcanes","url":"https:\/\/volcanes.net\/","logo":{"@type":"ImageObject","inLanguage":"es","@id":"https:\/\/volcanes.net\/#\/schema\/logo\/image\/","url":"http:\/\/volcanes.net\/wp-content\/uploads\/2017\/12\/Avatar2.jpg","contentUrl":"http:\/\/volcanes.net\/wp-content\/uploads\/2017\/12\/Avatar2.jpg","width":378,"height":378,"caption":"Grupo Volcanes"},"image":{"@id":"https:\/\/volcanes.net\/#\/schema\/logo\/image\/"},"sameAs":["https:\/\/www.facebook.com\/volcanes.net\/"]},{"@type":"Person","@id":"https:\/\/volcanes.net\/#\/schema\/person\/4bf0f383940966a4abd53f5048c0e6b9","name":"admin","image":{"@type":"ImageObject","inLanguage":"es","@id":"https:\/\/volcanes.net\/#\/schema\/person\/image\/","url":"https:\/\/secure.gravatar.com\/avatar\/ca004e6cba8462b8cb7abc86e382930c?s=96&d=mm&r=g","contentUrl":"https:\/\/secure.gravatar.com\/avatar\/ca004e6cba8462b8cb7abc86e382930c?s=96&d=mm&r=g","caption":"admin"}}]}},"_links":{"self":[{"href":"https:\/\/volcanes.net\/index.php?rest_route=\/wp\/v2\/posts\/1016"}],"collection":[{"href":"https:\/\/volcanes.net\/index.php?rest_route=\/wp\/v2\/posts"}],"about":[{"href":"https:\/\/volcanes.net\/index.php?rest_route=\/wp\/v2\/types\/post"}],"author":[{"embeddable":true,"href":"https:\/\/volcanes.net\/index.php?rest_route=\/wp\/v2\/users\/1"}],"replies":[{"embeddable":true,"href":"https:\/\/volcanes.net\/index.php?rest_route=%2Fwp%2Fv2%2Fcomments&post=1016"}],"version-history":[{"count":1,"href":"https:\/\/volcanes.net\/index.php?rest_route=\/wp\/v2\/posts\/1016\/revisions"}],"predecessor-version":[{"id":1017,"href":"https:\/\/volcanes.net\/index.php?rest_route=\/wp\/v2\/posts\/1016\/revisions\/1017"}],"wp:featuredmedia":[{"embeddable":true,"href":"https:\/\/volcanes.net\/index.php?rest_route=\/wp\/v2\/media\/1000"}],"wp:attachment":[{"href":"https:\/\/volcanes.net\/index.php?rest_route=%2Fwp%2Fv2%2Fmedia&parent=1016"}],"wp:term":[{"taxonomy":"category","embeddable":true,"href":"https:\/\/volcanes.net\/index.php?rest_route=%2Fwp%2Fv2%2Fcategories&post=1016"},{"taxonomy":"post_tag","embeddable":true,"href":"https:\/\/volcanes.net\/index.php?rest_route=%2Fwp%2Fv2%2Ftags&post=1016"}],"curies":[{"name":"wp","href":"https:\/\/api.w.org\/{rel}","templated":true}]}}