{"id":10172,"date":"2021-02-17T17:56:42","date_gmt":"2021-02-17T23:56:42","guid":{"rendered":"http:\/\/volcanes.net\/?p=10172"},"modified":"2021-02-17T17:56:42","modified_gmt":"2021-02-17T23:56:42","slug":"edil-de-chalco-firma-convenio-con-el-colegio-de-mujeres-profesionales-para-brindar-capacitaciones-gratuitas","status":"publish","type":"post","link":"https:\/\/volcanes.net\/?p=10172","title":{"rendered":"Edil de Chalco firma convenio con el Colegio de Mujeres Profesionales para brindar capacitaciones gratuitas"},"content":{"rendered":"<div style=\"margin-top: 0px; margin-bottom: 0px;\" class=\"sharethis-inline-share-buttons\" ><\/div><p>Chalco, Estado de M\u00e9xico.-El Presidente Municipal, Miguel Guti\u00e9rrez firm\u00f3 un convenio de colaboraci\u00f3n con el Colegio de Mujeres Profesionales del Industria de la Construcci\u00f3n AC (CMPIC), para impartir talleres gratuitos de capacitaci\u00f3n, a fin de que las mujeres tengan oportunidades en la industria de la construcci\u00f3n y generen ingresos que les ayuden a lograr su independencia econ\u00f3mica.<\/p>\n<p>En su mensaje, el Alcalde asegur\u00f3 que el empoderamiento de las mujeres es un tema que ha ocupado al Gobierno de Chalco desde el inicio de la administraci\u00f3n y por eso, desde el Consejo Municipal de la Mujer y ahora en coordinaci\u00f3n con la Direcci\u00f3n de Cultura, se impulsan actividades que favorezcan la independencia de las mujeres. Indic\u00f3 que desea que Chalco sea punta de lanza para lograr estos convenios en toda la regi\u00f3n oriente del Estado de M\u00e9xico y un ejemplo de c\u00f3mo empoderar a las mujeres.<\/p>\n<p>\u201cMe pongo a la orden de ustedes y les mando un mensaje a todas las mujeres de Chalco: Las puertas del Gobierno y del Consejo de la Mujer est\u00e1n abiertas para contribuir al bienestar de las m\u00e1s de 220 mil mujeres del municipio\u201d, puntualiz\u00f3. A\u00f1adi\u00f3 que conf\u00eda en el \u00e9xito de este programa, pues son mujeres quienes estar\u00e1n al frente. Agradeci\u00f3 a la Primera Secretaria Nacional del Colegio de Mujeres Profesionales de la Industria de la Construcci\u00f3n AC, Olivia Morales Urbina y a la Presidenta Estatal del CMPIC, Raquel Mu\u00f1oz Torres, por el compromiso con las mujeres y reiter\u00f3 que el Gobierno de Chalco est\u00e1 a su disposici\u00f3n.<\/p>\n<p>Por su parte, la Primera Secretaria Nacional del Colegio de Mujeres Profesionales de la Industria de la Construcci\u00f3n AC, Olivia Morales Urbina agradeci\u00f3 al Presidente Municipal por la apertura al programa. Explic\u00f3 que estas capacitaciones son una cadena de valor puesto que han demostrado que la econom\u00eda de las mujeres mejora, de ganar mil pesos semanales o menos, a lograr un ingreso de 3 a 5 mil pesos semanales, cuando obtienen un nombramiento como oficiales de obra. En tanto, la Presidenta Estatal del CMPIC, Raquel Mu\u00f1oz Torres se\u00f1al\u00f3 que las mujeres que capacitan mejoran sus ingresos y tambi\u00e9n contribuyen al desarrollo de su lugar de residencia. Reiter\u00f3 su compromiso con este programa de capacitaciones.<\/p>\n<p>Los talleres de capacitaci\u00f3n para mujeres en la industria de la construcci\u00f3n ser\u00e1n coordinados por el Consejo Municipal de la Mujer y estar\u00e1n disponibles para todas las mujeres que deseen profesionalizarse en estas \u00e1reas y generar m\u00e1s oportunidades.<\/p>\n","protected":false},"excerpt":{"rendered":"<p>Chalco, Estado de M\u00e9xico.-El Presidente Municipal, Miguel Guti\u00e9rrez firm\u00f3 un convenio de colaboraci\u00f3n con el<\/p>\n","protected":false},"author":1,"featured_media":10173,"comment_status":"open","ping_status":"open","sticky":false,"template":"","format":"standard","meta":{"footnotes":""},"categories":[1],"tags":[9],"class_list":["post-10172","post","type-post","status-publish","format-standard","has-post-thumbnail","hentry","category-municipales","tag-chalco"],"yoast_head":"<!-- This site is optimized with the Yoast SEO plugin v25.3 - https:\/\/yoast.com\/wordpress\/plugins\/seo\/ -->\n<title>Edil de Chalco firma convenio con el Colegio de Mujeres Profesionales para brindar capacitaciones gratuitas - Volcanes<\/title>\n<meta name=\"robots\" content=\"index, follow, max-snippet:-1, max-image-preview:large, max-video-preview:-1\" \/>\n<link rel=\"canonical\" href=\"https:\/\/volcanes.net\/?p=10172\" \/>\n<meta property=\"og:locale\" content=\"es_MX\" \/>\n<meta property=\"og:type\" content=\"article\" \/>\n<meta property=\"og:title\" content=\"Edil de Chalco firma convenio con el Colegio de Mujeres Profesionales para brindar capacitaciones gratuitas - Volcanes\" \/>\n<meta property=\"og:description\" content=\"Chalco, Estado de M\u00e9xico.-El Presidente Municipal, Miguel Guti\u00e9rrez firm\u00f3 un convenio de colaboraci\u00f3n con el\" \/>\n<meta property=\"og:url\" content=\"https:\/\/volcanes.net\/?p=10172\" \/>\n<meta property=\"og:site_name\" content=\"Volcanes\" \/>\n<meta property=\"article:publisher\" content=\"https:\/\/www.facebook.com\/volcanes.net\/\" \/>\n<meta property=\"article:published_time\" content=\"2021-02-17T23:56:42+00:00\" \/>\n<meta property=\"og:image\" content=\"https:\/\/volcanes.net\/wp-content\/uploads\/2021\/02\/FB_IMG_1613579378021.jpg\" \/>\n\t<meta property=\"og:image:width\" content=\"720\" \/>\n\t<meta property=\"og:image:height\" content=\"480\" \/>\n\t<meta property=\"og:image:type\" content=\"image\/jpeg\" \/>\n<meta name=\"author\" content=\"admin\" \/>\n<meta name=\"twitter:card\" content=\"summary_large_image\" \/>\n<meta name=\"twitter:label1\" content=\"Escrito por\" \/>\n\t<meta name=\"twitter:data1\" content=\"admin\" \/>\n\t<meta name=\"twitter:label2\" content=\"Tiempo de lectura\" \/>\n\t<meta name=\"twitter:data2\" content=\"2 minutos\" \/>\n<script type=\"application\/ld+json\" class=\"yoast-schema-graph\">{\"@context\":\"https:\/\/schema.org\",\"@graph\":[{\"@type\":\"Article\",\"@id\":\"https:\/\/volcanes.net\/?p=10172#article\",\"isPartOf\":{\"@id\":\"https:\/\/volcanes.net\/?p=10172\"},\"author\":{\"name\":\"admin\",\"@id\":\"https:\/\/volcanes.net\/#\/schema\/person\/4bf0f383940966a4abd53f5048c0e6b9\"},\"headline\":\"Edil de Chalco firma convenio con el Colegio de Mujeres Profesionales para brindar capacitaciones gratuitas\",\"datePublished\":\"2021-02-17T23:56:42+00:00\",\"mainEntityOfPage\":{\"@id\":\"https:\/\/volcanes.net\/?p=10172\"},\"wordCount\":449,\"commentCount\":0,\"publisher\":{\"@id\":\"https:\/\/volcanes.net\/#organization\"},\"image\":{\"@id\":\"https:\/\/volcanes.net\/?p=10172#primaryimage\"},\"thumbnailUrl\":\"https:\/\/volcanes.net\/wp-content\/uploads\/2021\/02\/FB_IMG_1613579378021.jpg\",\"keywords\":[\"Chalco\"],\"articleSection\":[\"Municipales\"],\"inLanguage\":\"es\",\"potentialAction\":[{\"@type\":\"CommentAction\",\"name\":\"Comment\",\"target\":[\"https:\/\/volcanes.net\/?p=10172#respond\"]}]},{\"@type\":\"WebPage\",\"@id\":\"https:\/\/volcanes.net\/?p=10172\",\"url\":\"https:\/\/volcanes.net\/?p=10172\",\"name\":\"Edil de Chalco firma convenio con el Colegio de Mujeres Profesionales para brindar capacitaciones gratuitas - Volcanes\",\"isPartOf\":{\"@id\":\"https:\/\/volcanes.net\/#website\"},\"primaryImageOfPage\":{\"@id\":\"https:\/\/volcanes.net\/?p=10172#primaryimage\"},\"image\":{\"@id\":\"https:\/\/volcanes.net\/?p=10172#primaryimage\"},\"thumbnailUrl\":\"https:\/\/volcanes.net\/wp-content\/uploads\/2021\/02\/FB_IMG_1613579378021.jpg\",\"datePublished\":\"2021-02-17T23:56:42+00:00\",\"breadcrumb\":{\"@id\":\"https:\/\/volcanes.net\/?p=10172#breadcrumb\"},\"inLanguage\":\"es\",\"potentialAction\":[{\"@type\":\"ReadAction\",\"target\":[\"https:\/\/volcanes.net\/?p=10172\"]}]},{\"@type\":\"ImageObject\",\"inLanguage\":\"es\",\"@id\":\"https:\/\/volcanes.net\/?p=10172#primaryimage\",\"url\":\"https:\/\/volcanes.net\/wp-content\/uploads\/2021\/02\/FB_IMG_1613579378021.jpg\",\"contentUrl\":\"https:\/\/volcanes.net\/wp-content\/uploads\/2021\/02\/FB_IMG_1613579378021.jpg\",\"width\":720,\"height\":480},{\"@type\":\"BreadcrumbList\",\"@id\":\"https:\/\/volcanes.net\/?p=10172#breadcrumb\",\"itemListElement\":[{\"@type\":\"ListItem\",\"position\":1,\"name\":\"Portada\",\"item\":\"https:\/\/volcanes.net\/\"},{\"@type\":\"ListItem\",\"position\":2,\"name\":\"Edil de Chalco firma convenio con el Colegio de Mujeres Profesionales para brindar capacitaciones gratuitas\"}]},{\"@type\":\"WebSite\",\"@id\":\"https:\/\/volcanes.net\/#website\",\"url\":\"https:\/\/volcanes.net\/\",\"name\":\"Volcanes.Net\",\"description\":\"Periodismo Profesional\",\"publisher\":{\"@id\":\"https:\/\/volcanes.net\/#organization\"},\"potentialAction\":[{\"@type\":\"SearchAction\",\"target\":{\"@type\":\"EntryPoint\",\"urlTemplate\":\"https:\/\/volcanes.net\/?s={search_term_string}\"},\"query-input\":{\"@type\":\"PropertyValueSpecification\",\"valueRequired\":true,\"valueName\":\"search_term_string\"}}],\"inLanguage\":\"es\"},{\"@type\":\"Organization\",\"@id\":\"https:\/\/volcanes.net\/#organization\",\"name\":\"Grupo Volcanes\",\"url\":\"https:\/\/volcanes.net\/\",\"logo\":{\"@type\":\"ImageObject\",\"inLanguage\":\"es\",\"@id\":\"https:\/\/volcanes.net\/#\/schema\/logo\/image\/\",\"url\":\"http:\/\/volcanes.net\/wp-content\/uploads\/2017\/12\/Avatar2.jpg\",\"contentUrl\":\"http:\/\/volcanes.net\/wp-content\/uploads\/2017\/12\/Avatar2.jpg\",\"width\":378,\"height\":378,\"caption\":\"Grupo Volcanes\"},\"image\":{\"@id\":\"https:\/\/volcanes.net\/#\/schema\/logo\/image\/\"},\"sameAs\":[\"https:\/\/www.facebook.com\/volcanes.net\/\"]},{\"@type\":\"Person\",\"@id\":\"https:\/\/volcanes.net\/#\/schema\/person\/4bf0f383940966a4abd53f5048c0e6b9\",\"name\":\"admin\",\"image\":{\"@type\":\"ImageObject\",\"inLanguage\":\"es\",\"@id\":\"https:\/\/volcanes.net\/#\/schema\/person\/image\/\",\"url\":\"https:\/\/secure.gravatar.com\/avatar\/ca004e6cba8462b8cb7abc86e382930c?s=96&d=mm&r=g\",\"contentUrl\":\"https:\/\/secure.gravatar.com\/avatar\/ca004e6cba8462b8cb7abc86e382930c?s=96&d=mm&r=g\",\"caption\":\"admin\"}}]}<\/script>\n<!-- \/ Yoast SEO plugin. -->","yoast_head_json":{"title":"Edil de Chalco firma convenio con el Colegio de Mujeres Profesionales para brindar capacitaciones gratuitas - Volcanes","robots":{"index":"index","follow":"follow","max-snippet":"max-snippet:-1","max-image-preview":"max-image-preview:large","max-video-preview":"max-video-preview:-1"},"canonical":"https:\/\/volcanes.net\/?p=10172","og_locale":"es_MX","og_type":"article","og_title":"Edil de Chalco firma convenio con el Colegio de Mujeres Profesionales para brindar capacitaciones gratuitas - Volcanes","og_description":"Chalco, Estado de M\u00e9xico.-El Presidente Municipal, Miguel Guti\u00e9rrez firm\u00f3 un convenio de colaboraci\u00f3n con el","og_url":"https:\/\/volcanes.net\/?p=10172","og_site_name":"Volcanes","article_publisher":"https:\/\/www.facebook.com\/volcanes.net\/","article_published_time":"2021-02-17T23:56:42+00:00","og_image":[{"width":720,"height":480,"url":"https:\/\/volcanes.net\/wp-content\/uploads\/2021\/02\/FB_IMG_1613579378021.jpg","type":"image\/jpeg"}],"author":"admin","twitter_card":"summary_large_image","twitter_misc":{"Escrito por":"admin","Tiempo de lectura":"2 minutos"},"schema":{"@context":"https:\/\/schema.org","@graph":[{"@type":"Article","@id":"https:\/\/volcanes.net\/?p=10172#article","isPartOf":{"@id":"https:\/\/volcanes.net\/?p=10172"},"author":{"name":"admin","@id":"https:\/\/volcanes.net\/#\/schema\/person\/4bf0f383940966a4abd53f5048c0e6b9"},"headline":"Edil de Chalco firma convenio con el Colegio de Mujeres Profesionales para brindar capacitaciones gratuitas","datePublished":"2021-02-17T23:56:42+00:00","mainEntityOfPage":{"@id":"https:\/\/volcanes.net\/?p=10172"},"wordCount":449,"commentCount":0,"publisher":{"@id":"https:\/\/volcanes.net\/#organization"},"image":{"@id":"https:\/\/volcanes.net\/?p=10172#primaryimage"},"thumbnailUrl":"https:\/\/volcanes.net\/wp-content\/uploads\/2021\/02\/FB_IMG_1613579378021.jpg","keywords":["Chalco"],"articleSection":["Municipales"],"inLanguage":"es","potentialAction":[{"@type":"CommentAction","name":"Comment","target":["https:\/\/volcanes.net\/?p=10172#respond"]}]},{"@type":"WebPage","@id":"https:\/\/volcanes.net\/?p=10172","url":"https:\/\/volcanes.net\/?p=10172","name":"Edil de Chalco firma convenio con el Colegio de Mujeres Profesionales para brindar capacitaciones gratuitas - Volcanes","isPartOf":{"@id":"https:\/\/volcanes.net\/#website"},"primaryImageOfPage":{"@id":"https:\/\/volcanes.net\/?p=10172#primaryimage"},"image":{"@id":"https:\/\/volcanes.net\/?p=10172#primaryimage"},"thumbnailUrl":"https:\/\/volcanes.net\/wp-content\/uploads\/2021\/02\/FB_IMG_1613579378021.jpg","datePublished":"2021-02-17T23:56:42+00:00","breadcrumb":{"@id":"https:\/\/volcanes.net\/?p=10172#breadcrumb"},"inLanguage":"es","potentialAction":[{"@type":"ReadAction","target":["https:\/\/volcanes.net\/?p=10172"]}]},{"@type":"ImageObject","inLanguage":"es","@id":"https:\/\/volcanes.net\/?p=10172#primaryimage","url":"https:\/\/volcanes.net\/wp-content\/uploads\/2021\/02\/FB_IMG_1613579378021.jpg","contentUrl":"https:\/\/volcanes.net\/wp-content\/uploads\/2021\/02\/FB_IMG_1613579378021.jpg","width":720,"height":480},{"@type":"BreadcrumbList","@id":"https:\/\/volcanes.net\/?p=10172#breadcrumb","itemListElement":[{"@type":"ListItem","position":1,"name":"Portada","item":"https:\/\/volcanes.net\/"},{"@type":"ListItem","position":2,"name":"Edil de Chalco firma convenio con el Colegio de Mujeres Profesionales para brindar capacitaciones gratuitas"}]},{"@type":"WebSite","@id":"https:\/\/volcanes.net\/#website","url":"https:\/\/volcanes.net\/","name":"Volcanes.Net","description":"Periodismo Profesional","publisher":{"@id":"https:\/\/volcanes.net\/#organization"},"potentialAction":[{"@type":"SearchAction","target":{"@type":"EntryPoint","urlTemplate":"https:\/\/volcanes.net\/?s={search_term_string}"},"query-input":{"@type":"PropertyValueSpecification","valueRequired":true,"valueName":"search_term_string"}}],"inLanguage":"es"},{"@type":"Organization","@id":"https:\/\/volcanes.net\/#organization","name":"Grupo Volcanes","url":"https:\/\/volcanes.net\/","logo":{"@type":"ImageObject","inLanguage":"es","@id":"https:\/\/volcanes.net\/#\/schema\/logo\/image\/","url":"http:\/\/volcanes.net\/wp-content\/uploads\/2017\/12\/Avatar2.jpg","contentUrl":"http:\/\/volcanes.net\/wp-content\/uploads\/2017\/12\/Avatar2.jpg","width":378,"height":378,"caption":"Grupo Volcanes"},"image":{"@id":"https:\/\/volcanes.net\/#\/schema\/logo\/image\/"},"sameAs":["https:\/\/www.facebook.com\/volcanes.net\/"]},{"@type":"Person","@id":"https:\/\/volcanes.net\/#\/schema\/person\/4bf0f383940966a4abd53f5048c0e6b9","name":"admin","image":{"@type":"ImageObject","inLanguage":"es","@id":"https:\/\/volcanes.net\/#\/schema\/person\/image\/","url":"https:\/\/secure.gravatar.com\/avatar\/ca004e6cba8462b8cb7abc86e382930c?s=96&d=mm&r=g","contentUrl":"https:\/\/secure.gravatar.com\/avatar\/ca004e6cba8462b8cb7abc86e382930c?s=96&d=mm&r=g","caption":"admin"}}]}},"_links":{"self":[{"href":"https:\/\/volcanes.net\/index.php?rest_route=\/wp\/v2\/posts\/10172"}],"collection":[{"href":"https:\/\/volcanes.net\/index.php?rest_route=\/wp\/v2\/posts"}],"about":[{"href":"https:\/\/volcanes.net\/index.php?rest_route=\/wp\/v2\/types\/post"}],"author":[{"embeddable":true,"href":"https:\/\/volcanes.net\/index.php?rest_route=\/wp\/v2\/users\/1"}],"replies":[{"embeddable":true,"href":"https:\/\/volcanes.net\/index.php?rest_route=%2Fwp%2Fv2%2Fcomments&post=10172"}],"version-history":[{"count":1,"href":"https:\/\/volcanes.net\/index.php?rest_route=\/wp\/v2\/posts\/10172\/revisions"}],"predecessor-version":[{"id":10174,"href":"https:\/\/volcanes.net\/index.php?rest_route=\/wp\/v2\/posts\/10172\/revisions\/10174"}],"wp:featuredmedia":[{"embeddable":true,"href":"https:\/\/volcanes.net\/index.php?rest_route=\/wp\/v2\/media\/10173"}],"wp:attachment":[{"href":"https:\/\/volcanes.net\/index.php?rest_route=%2Fwp%2Fv2%2Fmedia&parent=10172"}],"wp:term":[{"taxonomy":"category","embeddable":true,"href":"https:\/\/volcanes.net\/index.php?rest_route=%2Fwp%2Fv2%2Fcategories&post=10172"},{"taxonomy":"post_tag","embeddable":true,"href":"https:\/\/volcanes.net\/index.php?rest_route=%2Fwp%2Fv2%2Ftags&post=10172"}],"curies":[{"name":"wp","href":"https:\/\/api.w.org\/{rel}","templated":true}]}}