{"id":1018,"date":"2018-02-03T17:56:15","date_gmt":"2018-02-03T17:56:15","guid":{"rendered":"http:\/\/volcanes.net\/?p=1018"},"modified":"2018-02-03T17:56:15","modified_gmt":"2018-02-03T17:56:15","slug":"fgjem-da-reconocimientos-a-hijos-de-policias-fallecidos-en-cumplimiento-de-su-deber","status":"publish","type":"post","link":"https:\/\/volcanes.net\/?p=1018","title":{"rendered":"FGJEM da reconocimientos a hijos de polic\u00edas fallecidos en cumplimiento de su deber"},"content":{"rendered":"<div style=\"margin-top: 0px; margin-bottom: 0px;\" class=\"sharethis-inline-share-buttons\" ><\/div><p>El titular de la Fiscal\u00eda General de Justicia del Estado de M\u00e9xico (FGJEM), Alejandro G\u00f3mez, entreg\u00f3 reconocimientos a hijos de polic\u00edas que perdieron la vida en cumplimiento de su deber, como beneficiarios del Fideicomiso de esta instituci\u00f3n, lo que les permitir\u00e1 continuar con sus estudios acad\u00e9micos y tener una mejor calidad de vida.<\/p>\n<p>33 beneficiarios se hicieron acreedores a este apoyo por su excelente desempe\u00f1o escolar; adem\u00e1s se otorgaron reconocimientos a dos de estos j\u00f3venes, quienes ya terminaron sus estudios profesionales y fueron becarios del Fideicomiso.<\/p>\n<p>Ante familiares de los polic\u00edas fallecidos, empresarios y representantes de la Secretar\u00eda General de Gobierno as\u00ed como de la Secretar\u00eda de Finanzas, el Fiscal de Justicia estatal manifest\u00f3 a los becarios que son una gran inspiraci\u00f3n para esta gran familia que es la Fiscal\u00eda General, ya que es un orgullo ver el valor, entrega y esfuerzo que ponen todos los d\u00edas en las aulas, adem\u00e1s del reconocimiento a las madres de familia porque est\u00e1n entregando a la sociedad personas de bien, personas de provecho, que son las que necesita este pa\u00eds.<\/p>\n<p>A nombre de los becarios que recibieron estos reconocimientos y apoyos, Lluleni Anaya, hija del extinto polic\u00eda Sergio Anaya, tom\u00f3 la palabra para se\u00f1alar que ser polic\u00eda es una de las profesiones m\u00e1s nobles que existe, ya que no s\u00f3lo se requiere coraje y convicci\u00f3n, sino tambi\u00e9n amor por el pr\u00f3jimo, una calidad de servicio, tener respeto por los dem\u00e1s y brindarles lo mejor a\u00fan por encima de sus necesidades.<\/p>\n<p>El Fideicomiso de la Fiscal\u00eda General de Justicia del Estado de M\u00e9xico se cre\u00f3 hace 27 a\u00f1os, con el prop\u00f3sito de otorgar becas econ\u00f3micas a los hijos de los polic\u00edas de la Instituci\u00f3n que han perdido la vida en cumplimiento de su deber; apoyo que les permitir\u00e1 continuar con sus estudios y mejorar as\u00ed su calidad de vida.<\/p>\n","protected":false},"excerpt":{"rendered":"<p>El titular de la Fiscal\u00eda General de Justicia del Estado de M\u00e9xico (FGJEM), Alejandro G\u00f3mez,<\/p>\n","protected":false},"author":1,"featured_media":1019,"comment_status":"open","ping_status":"open","sticky":false,"template":"","format":"standard","meta":{"footnotes":""},"categories":[3],"tags":[42,4],"class_list":["post-1018","post","type-post","status-publish","format-standard","has-post-thumbnail","hentry","category-estatales","tag-fgjem","tag-gobierno-del-estado-de-mexico"],"yoast_head":"<!-- This site is optimized with the Yoast SEO plugin v25.3 - https:\/\/yoast.com\/wordpress\/plugins\/seo\/ -->\n<title>FGJEM da reconocimientos a hijos de polic\u00edas fallecidos en cumplimiento de su deber - Volcanes<\/title>\n<meta name=\"robots\" content=\"index, follow, max-snippet:-1, max-image-preview:large, max-video-preview:-1\" \/>\n<link rel=\"canonical\" href=\"https:\/\/volcanes.net\/?p=1018\" \/>\n<meta property=\"og:locale\" content=\"es_MX\" \/>\n<meta property=\"og:type\" content=\"article\" \/>\n<meta property=\"og:title\" content=\"FGJEM da reconocimientos a hijos de polic\u00edas fallecidos en cumplimiento de su deber - Volcanes\" \/>\n<meta property=\"og:description\" content=\"El titular de la Fiscal\u00eda General de Justicia del Estado de M\u00e9xico (FGJEM), Alejandro G\u00f3mez,\" \/>\n<meta property=\"og:url\" content=\"https:\/\/volcanes.net\/?p=1018\" \/>\n<meta property=\"og:site_name\" content=\"Volcanes\" \/>\n<meta property=\"article:publisher\" content=\"https:\/\/www.facebook.com\/volcanes.net\/\" \/>\n<meta property=\"article:published_time\" content=\"2018-02-03T17:56:15+00:00\" \/>\n<meta property=\"og:image\" content=\"https:\/\/volcanes.net\/wp-content\/uploads\/2018\/02\/FOTO-C107-3.jpg\" \/>\n\t<meta property=\"og:image:width\" content=\"448\" \/>\n\t<meta property=\"og:image:height\" content=\"252\" \/>\n\t<meta property=\"og:image:type\" content=\"image\/jpeg\" \/>\n<meta name=\"author\" content=\"admin\" \/>\n<meta name=\"twitter:card\" content=\"summary_large_image\" \/>\n<meta name=\"twitter:label1\" content=\"Escrito por\" \/>\n\t<meta name=\"twitter:data1\" content=\"admin\" \/>\n\t<meta name=\"twitter:label2\" content=\"Tiempo de lectura\" \/>\n\t<meta name=\"twitter:data2\" content=\"2 minutos\" \/>\n<script type=\"application\/ld+json\" class=\"yoast-schema-graph\">{\"@context\":\"https:\/\/schema.org\",\"@graph\":[{\"@type\":\"Article\",\"@id\":\"https:\/\/volcanes.net\/?p=1018#article\",\"isPartOf\":{\"@id\":\"https:\/\/volcanes.net\/?p=1018\"},\"author\":{\"name\":\"admin\",\"@id\":\"https:\/\/volcanes.net\/#\/schema\/person\/4bf0f383940966a4abd53f5048c0e6b9\"},\"headline\":\"FGJEM da reconocimientos a hijos de polic\u00edas fallecidos en cumplimiento de su deber\",\"datePublished\":\"2018-02-03T17:56:15+00:00\",\"mainEntityOfPage\":{\"@id\":\"https:\/\/volcanes.net\/?p=1018\"},\"wordCount\":352,\"commentCount\":0,\"publisher\":{\"@id\":\"https:\/\/volcanes.net\/#organization\"},\"image\":{\"@id\":\"https:\/\/volcanes.net\/?p=1018#primaryimage\"},\"thumbnailUrl\":\"https:\/\/volcanes.net\/wp-content\/uploads\/2018\/02\/FOTO-C107-3.jpg\",\"keywords\":[\"FGJEM\",\"Gobierno del Estado de M\u00e9xico\"],\"articleSection\":[\"Estatales\"],\"inLanguage\":\"es\",\"potentialAction\":[{\"@type\":\"CommentAction\",\"name\":\"Comment\",\"target\":[\"https:\/\/volcanes.net\/?p=1018#respond\"]}]},{\"@type\":\"WebPage\",\"@id\":\"https:\/\/volcanes.net\/?p=1018\",\"url\":\"https:\/\/volcanes.net\/?p=1018\",\"name\":\"FGJEM da reconocimientos a hijos de polic\u00edas fallecidos en cumplimiento de su deber - Volcanes\",\"isPartOf\":{\"@id\":\"https:\/\/volcanes.net\/#website\"},\"primaryImageOfPage\":{\"@id\":\"https:\/\/volcanes.net\/?p=1018#primaryimage\"},\"image\":{\"@id\":\"https:\/\/volcanes.net\/?p=1018#primaryimage\"},\"thumbnailUrl\":\"https:\/\/volcanes.net\/wp-content\/uploads\/2018\/02\/FOTO-C107-3.jpg\",\"datePublished\":\"2018-02-03T17:56:15+00:00\",\"breadcrumb\":{\"@id\":\"https:\/\/volcanes.net\/?p=1018#breadcrumb\"},\"inLanguage\":\"es\",\"potentialAction\":[{\"@type\":\"ReadAction\",\"target\":[\"https:\/\/volcanes.net\/?p=1018\"]}]},{\"@type\":\"ImageObject\",\"inLanguage\":\"es\",\"@id\":\"https:\/\/volcanes.net\/?p=1018#primaryimage\",\"url\":\"https:\/\/volcanes.net\/wp-content\/uploads\/2018\/02\/FOTO-C107-3.jpg\",\"contentUrl\":\"https:\/\/volcanes.net\/wp-content\/uploads\/2018\/02\/FOTO-C107-3.jpg\",\"width\":448,\"height\":252},{\"@type\":\"BreadcrumbList\",\"@id\":\"https:\/\/volcanes.net\/?p=1018#breadcrumb\",\"itemListElement\":[{\"@type\":\"ListItem\",\"position\":1,\"name\":\"Portada\",\"item\":\"https:\/\/volcanes.net\/\"},{\"@type\":\"ListItem\",\"position\":2,\"name\":\"FGJEM da reconocimientos a hijos de polic\u00edas fallecidos en cumplimiento de su deber\"}]},{\"@type\":\"WebSite\",\"@id\":\"https:\/\/volcanes.net\/#website\",\"url\":\"https:\/\/volcanes.net\/\",\"name\":\"Volcanes.Net\",\"description\":\"Periodismo Profesional\",\"publisher\":{\"@id\":\"https:\/\/volcanes.net\/#organization\"},\"potentialAction\":[{\"@type\":\"SearchAction\",\"target\":{\"@type\":\"EntryPoint\",\"urlTemplate\":\"https:\/\/volcanes.net\/?s={search_term_string}\"},\"query-input\":{\"@type\":\"PropertyValueSpecification\",\"valueRequired\":true,\"valueName\":\"search_term_string\"}}],\"inLanguage\":\"es\"},{\"@type\":\"Organization\",\"@id\":\"https:\/\/volcanes.net\/#organization\",\"name\":\"Grupo Volcanes\",\"url\":\"https:\/\/volcanes.net\/\",\"logo\":{\"@type\":\"ImageObject\",\"inLanguage\":\"es\",\"@id\":\"https:\/\/volcanes.net\/#\/schema\/logo\/image\/\",\"url\":\"http:\/\/volcanes.net\/wp-content\/uploads\/2017\/12\/Avatar2.jpg\",\"contentUrl\":\"http:\/\/volcanes.net\/wp-content\/uploads\/2017\/12\/Avatar2.jpg\",\"width\":378,\"height\":378,\"caption\":\"Grupo Volcanes\"},\"image\":{\"@id\":\"https:\/\/volcanes.net\/#\/schema\/logo\/image\/\"},\"sameAs\":[\"https:\/\/www.facebook.com\/volcanes.net\/\"]},{\"@type\":\"Person\",\"@id\":\"https:\/\/volcanes.net\/#\/schema\/person\/4bf0f383940966a4abd53f5048c0e6b9\",\"name\":\"admin\",\"image\":{\"@type\":\"ImageObject\",\"inLanguage\":\"es\",\"@id\":\"https:\/\/volcanes.net\/#\/schema\/person\/image\/\",\"url\":\"https:\/\/secure.gravatar.com\/avatar\/ca004e6cba8462b8cb7abc86e382930c?s=96&d=mm&r=g\",\"contentUrl\":\"https:\/\/secure.gravatar.com\/avatar\/ca004e6cba8462b8cb7abc86e382930c?s=96&d=mm&r=g\",\"caption\":\"admin\"}}]}<\/script>\n<!-- \/ Yoast SEO plugin. -->","yoast_head_json":{"title":"FGJEM da reconocimientos a hijos de polic\u00edas fallecidos en cumplimiento de su deber - Volcanes","robots":{"index":"index","follow":"follow","max-snippet":"max-snippet:-1","max-image-preview":"max-image-preview:large","max-video-preview":"max-video-preview:-1"},"canonical":"https:\/\/volcanes.net\/?p=1018","og_locale":"es_MX","og_type":"article","og_title":"FGJEM da reconocimientos a hijos de polic\u00edas fallecidos en cumplimiento de su deber - Volcanes","og_description":"El titular de la Fiscal\u00eda General de Justicia del Estado de M\u00e9xico (FGJEM), Alejandro G\u00f3mez,","og_url":"https:\/\/volcanes.net\/?p=1018","og_site_name":"Volcanes","article_publisher":"https:\/\/www.facebook.com\/volcanes.net\/","article_published_time":"2018-02-03T17:56:15+00:00","og_image":[{"width":448,"height":252,"url":"https:\/\/volcanes.net\/wp-content\/uploads\/2018\/02\/FOTO-C107-3.jpg","type":"image\/jpeg"}],"author":"admin","twitter_card":"summary_large_image","twitter_misc":{"Escrito por":"admin","Tiempo de lectura":"2 minutos"},"schema":{"@context":"https:\/\/schema.org","@graph":[{"@type":"Article","@id":"https:\/\/volcanes.net\/?p=1018#article","isPartOf":{"@id":"https:\/\/volcanes.net\/?p=1018"},"author":{"name":"admin","@id":"https:\/\/volcanes.net\/#\/schema\/person\/4bf0f383940966a4abd53f5048c0e6b9"},"headline":"FGJEM da reconocimientos a hijos de polic\u00edas fallecidos en cumplimiento de su deber","datePublished":"2018-02-03T17:56:15+00:00","mainEntityOfPage":{"@id":"https:\/\/volcanes.net\/?p=1018"},"wordCount":352,"commentCount":0,"publisher":{"@id":"https:\/\/volcanes.net\/#organization"},"image":{"@id":"https:\/\/volcanes.net\/?p=1018#primaryimage"},"thumbnailUrl":"https:\/\/volcanes.net\/wp-content\/uploads\/2018\/02\/FOTO-C107-3.jpg","keywords":["FGJEM","Gobierno del Estado de M\u00e9xico"],"articleSection":["Estatales"],"inLanguage":"es","potentialAction":[{"@type":"CommentAction","name":"Comment","target":["https:\/\/volcanes.net\/?p=1018#respond"]}]},{"@type":"WebPage","@id":"https:\/\/volcanes.net\/?p=1018","url":"https:\/\/volcanes.net\/?p=1018","name":"FGJEM da reconocimientos a hijos de polic\u00edas fallecidos en cumplimiento de su deber - Volcanes","isPartOf":{"@id":"https:\/\/volcanes.net\/#website"},"primaryImageOfPage":{"@id":"https:\/\/volcanes.net\/?p=1018#primaryimage"},"image":{"@id":"https:\/\/volcanes.net\/?p=1018#primaryimage"},"thumbnailUrl":"https:\/\/volcanes.net\/wp-content\/uploads\/2018\/02\/FOTO-C107-3.jpg","datePublished":"2018-02-03T17:56:15+00:00","breadcrumb":{"@id":"https:\/\/volcanes.net\/?p=1018#breadcrumb"},"inLanguage":"es","potentialAction":[{"@type":"ReadAction","target":["https:\/\/volcanes.net\/?p=1018"]}]},{"@type":"ImageObject","inLanguage":"es","@id":"https:\/\/volcanes.net\/?p=1018#primaryimage","url":"https:\/\/volcanes.net\/wp-content\/uploads\/2018\/02\/FOTO-C107-3.jpg","contentUrl":"https:\/\/volcanes.net\/wp-content\/uploads\/2018\/02\/FOTO-C107-3.jpg","width":448,"height":252},{"@type":"BreadcrumbList","@id":"https:\/\/volcanes.net\/?p=1018#breadcrumb","itemListElement":[{"@type":"ListItem","position":1,"name":"Portada","item":"https:\/\/volcanes.net\/"},{"@type":"ListItem","position":2,"name":"FGJEM da reconocimientos a hijos de polic\u00edas fallecidos en cumplimiento de su deber"}]},{"@type":"WebSite","@id":"https:\/\/volcanes.net\/#website","url":"https:\/\/volcanes.net\/","name":"Volcanes.Net","description":"Periodismo Profesional","publisher":{"@id":"https:\/\/volcanes.net\/#organization"},"potentialAction":[{"@type":"SearchAction","target":{"@type":"EntryPoint","urlTemplate":"https:\/\/volcanes.net\/?s={search_term_string}"},"query-input":{"@type":"PropertyValueSpecification","valueRequired":true,"valueName":"search_term_string"}}],"inLanguage":"es"},{"@type":"Organization","@id":"https:\/\/volcanes.net\/#organization","name":"Grupo Volcanes","url":"https:\/\/volcanes.net\/","logo":{"@type":"ImageObject","inLanguage":"es","@id":"https:\/\/volcanes.net\/#\/schema\/logo\/image\/","url":"http:\/\/volcanes.net\/wp-content\/uploads\/2017\/12\/Avatar2.jpg","contentUrl":"http:\/\/volcanes.net\/wp-content\/uploads\/2017\/12\/Avatar2.jpg","width":378,"height":378,"caption":"Grupo Volcanes"},"image":{"@id":"https:\/\/volcanes.net\/#\/schema\/logo\/image\/"},"sameAs":["https:\/\/www.facebook.com\/volcanes.net\/"]},{"@type":"Person","@id":"https:\/\/volcanes.net\/#\/schema\/person\/4bf0f383940966a4abd53f5048c0e6b9","name":"admin","image":{"@type":"ImageObject","inLanguage":"es","@id":"https:\/\/volcanes.net\/#\/schema\/person\/image\/","url":"https:\/\/secure.gravatar.com\/avatar\/ca004e6cba8462b8cb7abc86e382930c?s=96&d=mm&r=g","contentUrl":"https:\/\/secure.gravatar.com\/avatar\/ca004e6cba8462b8cb7abc86e382930c?s=96&d=mm&r=g","caption":"admin"}}]}},"_links":{"self":[{"href":"https:\/\/volcanes.net\/index.php?rest_route=\/wp\/v2\/posts\/1018"}],"collection":[{"href":"https:\/\/volcanes.net\/index.php?rest_route=\/wp\/v2\/posts"}],"about":[{"href":"https:\/\/volcanes.net\/index.php?rest_route=\/wp\/v2\/types\/post"}],"author":[{"embeddable":true,"href":"https:\/\/volcanes.net\/index.php?rest_route=\/wp\/v2\/users\/1"}],"replies":[{"embeddable":true,"href":"https:\/\/volcanes.net\/index.php?rest_route=%2Fwp%2Fv2%2Fcomments&post=1018"}],"version-history":[{"count":1,"href":"https:\/\/volcanes.net\/index.php?rest_route=\/wp\/v2\/posts\/1018\/revisions"}],"predecessor-version":[{"id":1020,"href":"https:\/\/volcanes.net\/index.php?rest_route=\/wp\/v2\/posts\/1018\/revisions\/1020"}],"wp:featuredmedia":[{"embeddable":true,"href":"https:\/\/volcanes.net\/index.php?rest_route=\/wp\/v2\/media\/1019"}],"wp:attachment":[{"href":"https:\/\/volcanes.net\/index.php?rest_route=%2Fwp%2Fv2%2Fmedia&parent=1018"}],"wp:term":[{"taxonomy":"category","embeddable":true,"href":"https:\/\/volcanes.net\/index.php?rest_route=%2Fwp%2Fv2%2Fcategories&post=1018"},{"taxonomy":"post_tag","embeddable":true,"href":"https:\/\/volcanes.net\/index.php?rest_route=%2Fwp%2Fv2%2Ftags&post=1018"}],"curies":[{"name":"wp","href":"https:\/\/api.w.org\/{rel}","templated":true}]}}