{"id":1024,"date":"2018-02-04T14:37:41","date_gmt":"2018-02-04T14:37:41","guid":{"rendered":"http:\/\/volcanes.net\/?p=1024"},"modified":"2018-02-04T14:37:41","modified_gmt":"2018-02-04T14:37:41","slug":"reportan-estable-al-precandidato-del-pri-a-la-alcaldia-de-cuautitlan-izcalli-tras-ser-baleado","status":"publish","type":"post","link":"https:\/\/volcanes.net\/?p=1024","title":{"rendered":"Reportan estable al precandidato del PRI a la alcald\u00eda de Cuautitl\u00e1n Izcalli tras ser baleado"},"content":{"rendered":"<div style=\"margin-top: 0px; margin-bottom: 0px;\" class=\"sharethis-inline-share-buttons\" ><\/div><p>Toluca, Mexico, 4 de febrero de 2018.- La Fiscal\u00eda General de Justicia del Estado de M\u00e9xico (FGJEM) inici\u00f3 una investigaci\u00f3n luego de que Francisco Rojas San Rom\u00e1n, resultara lesionado la noche de este s\u00e1bado por un impacto de arma de fuego.<\/p>\n<p>Los hechos ocurrieron en la colonia San Lorenzo R\u00edo Tenco, en el municipio de Cuautitl\u00e1n Izcalli, minutos antes de la media noche de este s\u00e1bado 3 de febrero.<\/p>\n<p>Las diligencias realizadas hasta el momento han permitido establecer que la v\u00edctima recibi\u00f3 un disparo y fue trasladado a un hospital para su atenci\u00f3n m\u00e9dica, donde hasta el momento se reporta estable; cabe se\u00f1alar que una de sus familiares que lo acompa\u00f1aba tambi\u00e9n result\u00f3 herida.<\/p>\n<p>Es preciso referir que esta Instituci\u00f3n se ha mantenido en comunicaci\u00f3n constante con la familia de la v\u00edctima, quienes han aportado los primeros datos para la integraci\u00f3n de la carpeta de investigaci\u00f3n correspondiente.<\/p>\n","protected":false},"excerpt":{"rendered":"<p>Toluca, Mexico, 4 de febrero de 2018.- La Fiscal\u00eda General de Justicia del Estado de<\/p>\n","protected":false},"author":1,"featured_media":1025,"comment_status":"open","ping_status":"open","sticky":false,"template":"","format":"standard","meta":{"footnotes":""},"categories":[1],"tags":[7,89,9,73,77,63,91,6,85,90,75,21,76,71,22,92,41,43],"class_list":["post-1024","post","type-post","status-publish","format-standard","has-post-thumbnail","hentry","category-municipales","tag-amecameca","tag-atizapan","tag-chalco","tag-chimalhuacan","tag-coacalco","tag-ecatepec","tag-huixquilucan","tag-ixtapaluca","tag-izcalli","tag-la-paz","tag-naucalpan","tag-nezahualcoyotl","tag-nicolas-romero","tag-tecamac","tag-texcoco","tag-tlalnepantla","tag-toluca","tag-tultitlan"],"yoast_head":"<!-- This site is optimized with the Yoast SEO plugin v25.3 - https:\/\/yoast.com\/wordpress\/plugins\/seo\/ -->\n<title>Reportan estable al precandidato del PRI a la alcald\u00eda de Cuautitl\u00e1n Izcalli tras ser baleado - Volcanes<\/title>\n<meta name=\"robots\" content=\"index, follow, max-snippet:-1, max-image-preview:large, max-video-preview:-1\" \/>\n<link rel=\"canonical\" href=\"https:\/\/volcanes.net\/?p=1024\" \/>\n<meta property=\"og:locale\" content=\"es_MX\" \/>\n<meta property=\"og:type\" content=\"article\" \/>\n<meta property=\"og:title\" content=\"Reportan estable al precandidato del PRI a la alcald\u00eda de Cuautitl\u00e1n Izcalli tras ser baleado - Volcanes\" \/>\n<meta property=\"og:description\" content=\"Toluca, Mexico, 4 de febrero de 2018.- La Fiscal\u00eda General de Justicia del Estado de\" \/>\n<meta property=\"og:url\" content=\"https:\/\/volcanes.net\/?p=1024\" \/>\n<meta property=\"og:site_name\" content=\"Volcanes\" \/>\n<meta property=\"article:publisher\" content=\"https:\/\/www.facebook.com\/volcanes.net\/\" \/>\n<meta property=\"article:published_time\" content=\"2018-02-04T14:37:41+00:00\" \/>\n<meta property=\"og:image\" content=\"https:\/\/volcanes.net\/wp-content\/uploads\/2018\/02\/621e04774107f8d6d16119a4df4b377b_XL.jpg\" \/>\n\t<meta property=\"og:image:width\" content=\"302\" \/>\n\t<meta property=\"og:image:height\" content=\"279\" \/>\n\t<meta property=\"og:image:type\" content=\"image\/jpeg\" \/>\n<meta name=\"author\" content=\"admin\" \/>\n<meta name=\"twitter:card\" content=\"summary_large_image\" \/>\n<meta name=\"twitter:label1\" content=\"Escrito por\" \/>\n\t<meta name=\"twitter:data1\" content=\"admin\" \/>\n\t<meta name=\"twitter:label2\" content=\"Tiempo de lectura\" \/>\n\t<meta name=\"twitter:data2\" content=\"1 minuto\" \/>\n<script type=\"application\/ld+json\" class=\"yoast-schema-graph\">{\"@context\":\"https:\/\/schema.org\",\"@graph\":[{\"@type\":\"Article\",\"@id\":\"https:\/\/volcanes.net\/?p=1024#article\",\"isPartOf\":{\"@id\":\"https:\/\/volcanes.net\/?p=1024\"},\"author\":{\"name\":\"admin\",\"@id\":\"https:\/\/volcanes.net\/#\/schema\/person\/4bf0f383940966a4abd53f5048c0e6b9\"},\"headline\":\"Reportan estable al precandidato del PRI a la alcald\u00eda de Cuautitl\u00e1n Izcalli tras ser baleado\",\"datePublished\":\"2018-02-04T14:37:41+00:00\",\"mainEntityOfPage\":{\"@id\":\"https:\/\/volcanes.net\/?p=1024\"},\"wordCount\":181,\"commentCount\":0,\"publisher\":{\"@id\":\"https:\/\/volcanes.net\/#organization\"},\"image\":{\"@id\":\"https:\/\/volcanes.net\/?p=1024#primaryimage\"},\"thumbnailUrl\":\"https:\/\/volcanes.net\/wp-content\/uploads\/2018\/02\/621e04774107f8d6d16119a4df4b377b_XL.jpg\",\"keywords\":[\"Amecameca\",\"Atizap\u00e1n\",\"Chalco\",\"Chimalhuac\u00e1n\",\"Coacalco\",\"Ecatepec\",\"Huixquilucan\",\"Ixtapaluca\",\"Izcalli\",\"La Paz\",\"Naucalpan\",\"Nezahualc\u00f3yotl\",\"Nicol\u00e1s Romero\",\"Tec\u00e1mac\",\"Texcoco\",\"Tlalnepantla\",\"Toluca\",\"Tultitl\u00e1n\"],\"articleSection\":[\"Municipales\"],\"inLanguage\":\"es\",\"potentialAction\":[{\"@type\":\"CommentAction\",\"name\":\"Comment\",\"target\":[\"https:\/\/volcanes.net\/?p=1024#respond\"]}]},{\"@type\":\"WebPage\",\"@id\":\"https:\/\/volcanes.net\/?p=1024\",\"url\":\"https:\/\/volcanes.net\/?p=1024\",\"name\":\"Reportan estable al precandidato del PRI a la alcald\u00eda de Cuautitl\u00e1n Izcalli tras ser baleado - Volcanes\",\"isPartOf\":{\"@id\":\"https:\/\/volcanes.net\/#website\"},\"primaryImageOfPage\":{\"@id\":\"https:\/\/volcanes.net\/?p=1024#primaryimage\"},\"image\":{\"@id\":\"https:\/\/volcanes.net\/?p=1024#primaryimage\"},\"thumbnailUrl\":\"https:\/\/volcanes.net\/wp-content\/uploads\/2018\/02\/621e04774107f8d6d16119a4df4b377b_XL.jpg\",\"datePublished\":\"2018-02-04T14:37:41+00:00\",\"breadcrumb\":{\"@id\":\"https:\/\/volcanes.net\/?p=1024#breadcrumb\"},\"inLanguage\":\"es\",\"potentialAction\":[{\"@type\":\"ReadAction\",\"target\":[\"https:\/\/volcanes.net\/?p=1024\"]}]},{\"@type\":\"ImageObject\",\"inLanguage\":\"es\",\"@id\":\"https:\/\/volcanes.net\/?p=1024#primaryimage\",\"url\":\"https:\/\/volcanes.net\/wp-content\/uploads\/2018\/02\/621e04774107f8d6d16119a4df4b377b_XL.jpg\",\"contentUrl\":\"https:\/\/volcanes.net\/wp-content\/uploads\/2018\/02\/621e04774107f8d6d16119a4df4b377b_XL.jpg\",\"width\":302,\"height\":279},{\"@type\":\"BreadcrumbList\",\"@id\":\"https:\/\/volcanes.net\/?p=1024#breadcrumb\",\"itemListElement\":[{\"@type\":\"ListItem\",\"position\":1,\"name\":\"Portada\",\"item\":\"https:\/\/volcanes.net\/\"},{\"@type\":\"ListItem\",\"position\":2,\"name\":\"Reportan estable al precandidato del PRI a la alcald\u00eda de Cuautitl\u00e1n Izcalli tras ser baleado\"}]},{\"@type\":\"WebSite\",\"@id\":\"https:\/\/volcanes.net\/#website\",\"url\":\"https:\/\/volcanes.net\/\",\"name\":\"Volcanes.Net\",\"description\":\"Periodismo Profesional\",\"publisher\":{\"@id\":\"https:\/\/volcanes.net\/#organization\"},\"potentialAction\":[{\"@type\":\"SearchAction\",\"target\":{\"@type\":\"EntryPoint\",\"urlTemplate\":\"https:\/\/volcanes.net\/?s={search_term_string}\"},\"query-input\":{\"@type\":\"PropertyValueSpecification\",\"valueRequired\":true,\"valueName\":\"search_term_string\"}}],\"inLanguage\":\"es\"},{\"@type\":\"Organization\",\"@id\":\"https:\/\/volcanes.net\/#organization\",\"name\":\"Grupo Volcanes\",\"url\":\"https:\/\/volcanes.net\/\",\"logo\":{\"@type\":\"ImageObject\",\"inLanguage\":\"es\",\"@id\":\"https:\/\/volcanes.net\/#\/schema\/logo\/image\/\",\"url\":\"http:\/\/volcanes.net\/wp-content\/uploads\/2017\/12\/Avatar2.jpg\",\"contentUrl\":\"http:\/\/volcanes.net\/wp-content\/uploads\/2017\/12\/Avatar2.jpg\",\"width\":378,\"height\":378,\"caption\":\"Grupo Volcanes\"},\"image\":{\"@id\":\"https:\/\/volcanes.net\/#\/schema\/logo\/image\/\"},\"sameAs\":[\"https:\/\/www.facebook.com\/volcanes.net\/\"]},{\"@type\":\"Person\",\"@id\":\"https:\/\/volcanes.net\/#\/schema\/person\/4bf0f383940966a4abd53f5048c0e6b9\",\"name\":\"admin\",\"image\":{\"@type\":\"ImageObject\",\"inLanguage\":\"es\",\"@id\":\"https:\/\/volcanes.net\/#\/schema\/person\/image\/\",\"url\":\"https:\/\/secure.gravatar.com\/avatar\/ca004e6cba8462b8cb7abc86e382930c?s=96&d=mm&r=g\",\"contentUrl\":\"https:\/\/secure.gravatar.com\/avatar\/ca004e6cba8462b8cb7abc86e382930c?s=96&d=mm&r=g\",\"caption\":\"admin\"}}]}<\/script>\n<!-- \/ Yoast SEO plugin. -->","yoast_head_json":{"title":"Reportan estable al precandidato del PRI a la alcald\u00eda de Cuautitl\u00e1n Izcalli tras ser baleado - Volcanes","robots":{"index":"index","follow":"follow","max-snippet":"max-snippet:-1","max-image-preview":"max-image-preview:large","max-video-preview":"max-video-preview:-1"},"canonical":"https:\/\/volcanes.net\/?p=1024","og_locale":"es_MX","og_type":"article","og_title":"Reportan estable al precandidato del PRI a la alcald\u00eda de Cuautitl\u00e1n Izcalli tras ser baleado - Volcanes","og_description":"Toluca, Mexico, 4 de febrero de 2018.- La Fiscal\u00eda General de Justicia del Estado de","og_url":"https:\/\/volcanes.net\/?p=1024","og_site_name":"Volcanes","article_publisher":"https:\/\/www.facebook.com\/volcanes.net\/","article_published_time":"2018-02-04T14:37:41+00:00","og_image":[{"width":302,"height":279,"url":"https:\/\/volcanes.net\/wp-content\/uploads\/2018\/02\/621e04774107f8d6d16119a4df4b377b_XL.jpg","type":"image\/jpeg"}],"author":"admin","twitter_card":"summary_large_image","twitter_misc":{"Escrito por":"admin","Tiempo de lectura":"1 minuto"},"schema":{"@context":"https:\/\/schema.org","@graph":[{"@type":"Article","@id":"https:\/\/volcanes.net\/?p=1024#article","isPartOf":{"@id":"https:\/\/volcanes.net\/?p=1024"},"author":{"name":"admin","@id":"https:\/\/volcanes.net\/#\/schema\/person\/4bf0f383940966a4abd53f5048c0e6b9"},"headline":"Reportan estable al precandidato del PRI a la alcald\u00eda de Cuautitl\u00e1n Izcalli tras ser baleado","datePublished":"2018-02-04T14:37:41+00:00","mainEntityOfPage":{"@id":"https:\/\/volcanes.net\/?p=1024"},"wordCount":181,"commentCount":0,"publisher":{"@id":"https:\/\/volcanes.net\/#organization"},"image":{"@id":"https:\/\/volcanes.net\/?p=1024#primaryimage"},"thumbnailUrl":"https:\/\/volcanes.net\/wp-content\/uploads\/2018\/02\/621e04774107f8d6d16119a4df4b377b_XL.jpg","keywords":["Amecameca","Atizap\u00e1n","Chalco","Chimalhuac\u00e1n","Coacalco","Ecatepec","Huixquilucan","Ixtapaluca","Izcalli","La Paz","Naucalpan","Nezahualc\u00f3yotl","Nicol\u00e1s Romero","Tec\u00e1mac","Texcoco","Tlalnepantla","Toluca","Tultitl\u00e1n"],"articleSection":["Municipales"],"inLanguage":"es","potentialAction":[{"@type":"CommentAction","name":"Comment","target":["https:\/\/volcanes.net\/?p=1024#respond"]}]},{"@type":"WebPage","@id":"https:\/\/volcanes.net\/?p=1024","url":"https:\/\/volcanes.net\/?p=1024","name":"Reportan estable al precandidato del PRI a la alcald\u00eda de Cuautitl\u00e1n Izcalli tras ser baleado - Volcanes","isPartOf":{"@id":"https:\/\/volcanes.net\/#website"},"primaryImageOfPage":{"@id":"https:\/\/volcanes.net\/?p=1024#primaryimage"},"image":{"@id":"https:\/\/volcanes.net\/?p=1024#primaryimage"},"thumbnailUrl":"https:\/\/volcanes.net\/wp-content\/uploads\/2018\/02\/621e04774107f8d6d16119a4df4b377b_XL.jpg","datePublished":"2018-02-04T14:37:41+00:00","breadcrumb":{"@id":"https:\/\/volcanes.net\/?p=1024#breadcrumb"},"inLanguage":"es","potentialAction":[{"@type":"ReadAction","target":["https:\/\/volcanes.net\/?p=1024"]}]},{"@type":"ImageObject","inLanguage":"es","@id":"https:\/\/volcanes.net\/?p=1024#primaryimage","url":"https:\/\/volcanes.net\/wp-content\/uploads\/2018\/02\/621e04774107f8d6d16119a4df4b377b_XL.jpg","contentUrl":"https:\/\/volcanes.net\/wp-content\/uploads\/2018\/02\/621e04774107f8d6d16119a4df4b377b_XL.jpg","width":302,"height":279},{"@type":"BreadcrumbList","@id":"https:\/\/volcanes.net\/?p=1024#breadcrumb","itemListElement":[{"@type":"ListItem","position":1,"name":"Portada","item":"https:\/\/volcanes.net\/"},{"@type":"ListItem","position":2,"name":"Reportan estable al precandidato del PRI a la alcald\u00eda de Cuautitl\u00e1n Izcalli tras ser baleado"}]},{"@type":"WebSite","@id":"https:\/\/volcanes.net\/#website","url":"https:\/\/volcanes.net\/","name":"Volcanes.Net","description":"Periodismo Profesional","publisher":{"@id":"https:\/\/volcanes.net\/#organization"},"potentialAction":[{"@type":"SearchAction","target":{"@type":"EntryPoint","urlTemplate":"https:\/\/volcanes.net\/?s={search_term_string}"},"query-input":{"@type":"PropertyValueSpecification","valueRequired":true,"valueName":"search_term_string"}}],"inLanguage":"es"},{"@type":"Organization","@id":"https:\/\/volcanes.net\/#organization","name":"Grupo Volcanes","url":"https:\/\/volcanes.net\/","logo":{"@type":"ImageObject","inLanguage":"es","@id":"https:\/\/volcanes.net\/#\/schema\/logo\/image\/","url":"http:\/\/volcanes.net\/wp-content\/uploads\/2017\/12\/Avatar2.jpg","contentUrl":"http:\/\/volcanes.net\/wp-content\/uploads\/2017\/12\/Avatar2.jpg","width":378,"height":378,"caption":"Grupo Volcanes"},"image":{"@id":"https:\/\/volcanes.net\/#\/schema\/logo\/image\/"},"sameAs":["https:\/\/www.facebook.com\/volcanes.net\/"]},{"@type":"Person","@id":"https:\/\/volcanes.net\/#\/schema\/person\/4bf0f383940966a4abd53f5048c0e6b9","name":"admin","image":{"@type":"ImageObject","inLanguage":"es","@id":"https:\/\/volcanes.net\/#\/schema\/person\/image\/","url":"https:\/\/secure.gravatar.com\/avatar\/ca004e6cba8462b8cb7abc86e382930c?s=96&d=mm&r=g","contentUrl":"https:\/\/secure.gravatar.com\/avatar\/ca004e6cba8462b8cb7abc86e382930c?s=96&d=mm&r=g","caption":"admin"}}]}},"_links":{"self":[{"href":"https:\/\/volcanes.net\/index.php?rest_route=\/wp\/v2\/posts\/1024"}],"collection":[{"href":"https:\/\/volcanes.net\/index.php?rest_route=\/wp\/v2\/posts"}],"about":[{"href":"https:\/\/volcanes.net\/index.php?rest_route=\/wp\/v2\/types\/post"}],"author":[{"embeddable":true,"href":"https:\/\/volcanes.net\/index.php?rest_route=\/wp\/v2\/users\/1"}],"replies":[{"embeddable":true,"href":"https:\/\/volcanes.net\/index.php?rest_route=%2Fwp%2Fv2%2Fcomments&post=1024"}],"version-history":[{"count":1,"href":"https:\/\/volcanes.net\/index.php?rest_route=\/wp\/v2\/posts\/1024\/revisions"}],"predecessor-version":[{"id":1026,"href":"https:\/\/volcanes.net\/index.php?rest_route=\/wp\/v2\/posts\/1024\/revisions\/1026"}],"wp:featuredmedia":[{"embeddable":true,"href":"https:\/\/volcanes.net\/index.php?rest_route=\/wp\/v2\/media\/1025"}],"wp:attachment":[{"href":"https:\/\/volcanes.net\/index.php?rest_route=%2Fwp%2Fv2%2Fmedia&parent=1024"}],"wp:term":[{"taxonomy":"category","embeddable":true,"href":"https:\/\/volcanes.net\/index.php?rest_route=%2Fwp%2Fv2%2Fcategories&post=1024"},{"taxonomy":"post_tag","embeddable":true,"href":"https:\/\/volcanes.net\/index.php?rest_route=%2Fwp%2Fv2%2Ftags&post=1024"}],"curies":[{"name":"wp","href":"https:\/\/api.w.org\/{rel}","templated":true}]}}