{"id":10246,"date":"2021-02-24T20:33:13","date_gmt":"2021-02-25T02:33:13","guid":{"rendered":"http:\/\/volcanes.net\/?p=10246"},"modified":"2021-02-24T20:33:13","modified_gmt":"2021-02-25T02:33:13","slug":"gobierno-municipal-de-chalco-trabaja-en-materia-de-infraestructura-educativa","status":"publish","type":"post","link":"https:\/\/volcanes.net\/?p=10246","title":{"rendered":"Gobierno municipal de Chalco trabaja en materia de infraestructura educativa\u00a0"},"content":{"rendered":"<div style=\"margin-top: 0px; margin-bottom: 0px;\" class=\"sharethis-inline-share-buttons\" ><\/div><ul>\n<li style=\"text-align: justify;\">El edil Miguel Guti\u00e9rrez tambi\u00e9n puso en marcha la obra de empedrado de la avenida Uruapan<\/li>\n<\/ul>\n<p style=\"text-align: justify;\">Chalco, Estado de M\u00e9xico.- En el poblado de San Pablo Atlazalpan, el Presidente Municipal, Miguel Guti\u00e9rrez dio el banderazo de salida para la obra de empedrado en la Avenida Uruapan, principal v\u00eda de acceso a las colonias El Recodo y La Michoacana. Adem\u00e1s entreg\u00f3 dos obras de infraestructura educativa en la secundaria \u201cEmiliano Zapata\u201d.<\/p>\n<p style=\"text-align: justify;\">En su mensaje para los vecinos de San Pablo, el Alcalde asegur\u00f3 que sigue trabajando en beneficio de todas las comunidades con m\u00e1s obras y servicios. \u201cLo \u00fanico que nos da fuerza es ver al pueblo unido, organizado y preocupado por el desarrollo de su comunidad. El pueblo organizado avanza m\u00e1s y ahora el gobierno se acerca al pueblo\u201d, apunt\u00f3.<\/p>\n<p style=\"text-align: justify;\">Explic\u00f3 que la obra de empedrado en la Avenida Uruapan es un trabajo conjunto entre el Gobierno de Chalco y los vecinos de San Pablo, que pondr\u00e1n la mano de obra para construir este camino, principal v\u00eda de acceso a las colonias altas de esa comunidad.<\/p>\n<p style=\"text-align: justify;\">Agreg\u00f3 que las obras entregadas en la secundaria \u201cEmiliano Zapata\u201d, la techumbre y la barda perimetral, son solo dos de los 20 proyectos que su administraci\u00f3n ha realizado para San Pablo Atlazalpan, donde se han invertido 31 millones 628 pesos para obras de infraestructura urbana e hidr\u00e1ulica.<\/p>\n<p style=\"text-align: justify;\">\n","protected":false},"excerpt":{"rendered":"<p>El edil Miguel Guti\u00e9rrez tambi\u00e9n puso en marcha la obra de empedrado de la avenida<\/p>\n","protected":false},"author":1,"featured_media":10247,"comment_status":"open","ping_status":"open","sticky":false,"template":"","format":"standard","meta":{"footnotes":""},"categories":[1],"tags":[9],"class_list":["post-10246","post","type-post","status-publish","format-standard","has-post-thumbnail","hentry","category-municipales","tag-chalco"],"yoast_head":"<!-- This site is optimized with the Yoast SEO plugin v25.3 - https:\/\/yoast.com\/wordpress\/plugins\/seo\/ -->\n<title>Gobierno municipal de Chalco trabaja en materia de infraestructura educativa\u00a0 - Volcanes<\/title>\n<meta name=\"robots\" content=\"index, follow, max-snippet:-1, max-image-preview:large, max-video-preview:-1\" \/>\n<link rel=\"canonical\" href=\"https:\/\/volcanes.net\/?p=10246\" \/>\n<meta property=\"og:locale\" content=\"es_MX\" \/>\n<meta property=\"og:type\" content=\"article\" \/>\n<meta property=\"og:title\" content=\"Gobierno municipal de Chalco trabaja en materia de infraestructura educativa\u00a0 - Volcanes\" \/>\n<meta property=\"og:description\" content=\"El edil Miguel Guti\u00e9rrez tambi\u00e9n puso en marcha la obra de empedrado de la avenida\" \/>\n<meta property=\"og:url\" content=\"https:\/\/volcanes.net\/?p=10246\" \/>\n<meta property=\"og:site_name\" content=\"Volcanes\" \/>\n<meta property=\"article:publisher\" content=\"https:\/\/www.facebook.com\/volcanes.net\/\" \/>\n<meta property=\"article:published_time\" content=\"2021-02-25T02:33:13+00:00\" \/>\n<meta property=\"og:image\" content=\"https:\/\/volcanes.net\/wp-content\/uploads\/2021\/02\/FB_IMG_1614181096815.jpg\" \/>\n\t<meta property=\"og:image:width\" content=\"640\" \/>\n\t<meta property=\"og:image:height\" content=\"426\" \/>\n\t<meta property=\"og:image:type\" content=\"image\/jpeg\" \/>\n<meta name=\"author\" content=\"admin\" \/>\n<meta name=\"twitter:card\" content=\"summary_large_image\" \/>\n<meta name=\"twitter:label1\" content=\"Escrito por\" \/>\n\t<meta name=\"twitter:data1\" content=\"admin\" \/>\n\t<meta name=\"twitter:label2\" content=\"Tiempo de lectura\" \/>\n\t<meta name=\"twitter:data2\" content=\"1 minuto\" \/>\n<script type=\"application\/ld+json\" class=\"yoast-schema-graph\">{\"@context\":\"https:\/\/schema.org\",\"@graph\":[{\"@type\":\"Article\",\"@id\":\"https:\/\/volcanes.net\/?p=10246#article\",\"isPartOf\":{\"@id\":\"https:\/\/volcanes.net\/?p=10246\"},\"author\":{\"name\":\"admin\",\"@id\":\"https:\/\/volcanes.net\/#\/schema\/person\/4bf0f383940966a4abd53f5048c0e6b9\"},\"headline\":\"Gobierno municipal de Chalco trabaja en materia de infraestructura educativa\u00a0\",\"datePublished\":\"2021-02-25T02:33:13+00:00\",\"mainEntityOfPage\":{\"@id\":\"https:\/\/volcanes.net\/?p=10246\"},\"wordCount\":243,\"commentCount\":0,\"publisher\":{\"@id\":\"https:\/\/volcanes.net\/#organization\"},\"image\":{\"@id\":\"https:\/\/volcanes.net\/?p=10246#primaryimage\"},\"thumbnailUrl\":\"https:\/\/volcanes.net\/wp-content\/uploads\/2021\/02\/FB_IMG_1614181096815.jpg\",\"keywords\":[\"Chalco\"],\"articleSection\":[\"Municipales\"],\"inLanguage\":\"es\",\"potentialAction\":[{\"@type\":\"CommentAction\",\"name\":\"Comment\",\"target\":[\"https:\/\/volcanes.net\/?p=10246#respond\"]}]},{\"@type\":\"WebPage\",\"@id\":\"https:\/\/volcanes.net\/?p=10246\",\"url\":\"https:\/\/volcanes.net\/?p=10246\",\"name\":\"Gobierno municipal de Chalco trabaja en materia de infraestructura educativa\u00a0 - Volcanes\",\"isPartOf\":{\"@id\":\"https:\/\/volcanes.net\/#website\"},\"primaryImageOfPage\":{\"@id\":\"https:\/\/volcanes.net\/?p=10246#primaryimage\"},\"image\":{\"@id\":\"https:\/\/volcanes.net\/?p=10246#primaryimage\"},\"thumbnailUrl\":\"https:\/\/volcanes.net\/wp-content\/uploads\/2021\/02\/FB_IMG_1614181096815.jpg\",\"datePublished\":\"2021-02-25T02:33:13+00:00\",\"breadcrumb\":{\"@id\":\"https:\/\/volcanes.net\/?p=10246#breadcrumb\"},\"inLanguage\":\"es\",\"potentialAction\":[{\"@type\":\"ReadAction\",\"target\":[\"https:\/\/volcanes.net\/?p=10246\"]}]},{\"@type\":\"ImageObject\",\"inLanguage\":\"es\",\"@id\":\"https:\/\/volcanes.net\/?p=10246#primaryimage\",\"url\":\"https:\/\/volcanes.net\/wp-content\/uploads\/2021\/02\/FB_IMG_1614181096815.jpg\",\"contentUrl\":\"https:\/\/volcanes.net\/wp-content\/uploads\/2021\/02\/FB_IMG_1614181096815.jpg\",\"width\":640,\"height\":426},{\"@type\":\"BreadcrumbList\",\"@id\":\"https:\/\/volcanes.net\/?p=10246#breadcrumb\",\"itemListElement\":[{\"@type\":\"ListItem\",\"position\":1,\"name\":\"Portada\",\"item\":\"https:\/\/volcanes.net\/\"},{\"@type\":\"ListItem\",\"position\":2,\"name\":\"Gobierno municipal de Chalco trabaja en materia de infraestructura educativa\u00a0\"}]},{\"@type\":\"WebSite\",\"@id\":\"https:\/\/volcanes.net\/#website\",\"url\":\"https:\/\/volcanes.net\/\",\"name\":\"Volcanes.Net\",\"description\":\"Periodismo Profesional\",\"publisher\":{\"@id\":\"https:\/\/volcanes.net\/#organization\"},\"potentialAction\":[{\"@type\":\"SearchAction\",\"target\":{\"@type\":\"EntryPoint\",\"urlTemplate\":\"https:\/\/volcanes.net\/?s={search_term_string}\"},\"query-input\":{\"@type\":\"PropertyValueSpecification\",\"valueRequired\":true,\"valueName\":\"search_term_string\"}}],\"inLanguage\":\"es\"},{\"@type\":\"Organization\",\"@id\":\"https:\/\/volcanes.net\/#organization\",\"name\":\"Grupo Volcanes\",\"url\":\"https:\/\/volcanes.net\/\",\"logo\":{\"@type\":\"ImageObject\",\"inLanguage\":\"es\",\"@id\":\"https:\/\/volcanes.net\/#\/schema\/logo\/image\/\",\"url\":\"http:\/\/volcanes.net\/wp-content\/uploads\/2017\/12\/Avatar2.jpg\",\"contentUrl\":\"http:\/\/volcanes.net\/wp-content\/uploads\/2017\/12\/Avatar2.jpg\",\"width\":378,\"height\":378,\"caption\":\"Grupo Volcanes\"},\"image\":{\"@id\":\"https:\/\/volcanes.net\/#\/schema\/logo\/image\/\"},\"sameAs\":[\"https:\/\/www.facebook.com\/volcanes.net\/\"]},{\"@type\":\"Person\",\"@id\":\"https:\/\/volcanes.net\/#\/schema\/person\/4bf0f383940966a4abd53f5048c0e6b9\",\"name\":\"admin\",\"image\":{\"@type\":\"ImageObject\",\"inLanguage\":\"es\",\"@id\":\"https:\/\/volcanes.net\/#\/schema\/person\/image\/\",\"url\":\"https:\/\/secure.gravatar.com\/avatar\/ca004e6cba8462b8cb7abc86e382930c?s=96&d=mm&r=g\",\"contentUrl\":\"https:\/\/secure.gravatar.com\/avatar\/ca004e6cba8462b8cb7abc86e382930c?s=96&d=mm&r=g\",\"caption\":\"admin\"}}]}<\/script>\n<!-- \/ Yoast SEO plugin. -->","yoast_head_json":{"title":"Gobierno municipal de Chalco trabaja en materia de infraestructura educativa\u00a0 - Volcanes","robots":{"index":"index","follow":"follow","max-snippet":"max-snippet:-1","max-image-preview":"max-image-preview:large","max-video-preview":"max-video-preview:-1"},"canonical":"https:\/\/volcanes.net\/?p=10246","og_locale":"es_MX","og_type":"article","og_title":"Gobierno municipal de Chalco trabaja en materia de infraestructura educativa\u00a0 - Volcanes","og_description":"El edil Miguel Guti\u00e9rrez tambi\u00e9n puso en marcha la obra de empedrado de la avenida","og_url":"https:\/\/volcanes.net\/?p=10246","og_site_name":"Volcanes","article_publisher":"https:\/\/www.facebook.com\/volcanes.net\/","article_published_time":"2021-02-25T02:33:13+00:00","og_image":[{"width":640,"height":426,"url":"https:\/\/volcanes.net\/wp-content\/uploads\/2021\/02\/FB_IMG_1614181096815.jpg","type":"image\/jpeg"}],"author":"admin","twitter_card":"summary_large_image","twitter_misc":{"Escrito por":"admin","Tiempo de lectura":"1 minuto"},"schema":{"@context":"https:\/\/schema.org","@graph":[{"@type":"Article","@id":"https:\/\/volcanes.net\/?p=10246#article","isPartOf":{"@id":"https:\/\/volcanes.net\/?p=10246"},"author":{"name":"admin","@id":"https:\/\/volcanes.net\/#\/schema\/person\/4bf0f383940966a4abd53f5048c0e6b9"},"headline":"Gobierno municipal de Chalco trabaja en materia de infraestructura educativa\u00a0","datePublished":"2021-02-25T02:33:13+00:00","mainEntityOfPage":{"@id":"https:\/\/volcanes.net\/?p=10246"},"wordCount":243,"commentCount":0,"publisher":{"@id":"https:\/\/volcanes.net\/#organization"},"image":{"@id":"https:\/\/volcanes.net\/?p=10246#primaryimage"},"thumbnailUrl":"https:\/\/volcanes.net\/wp-content\/uploads\/2021\/02\/FB_IMG_1614181096815.jpg","keywords":["Chalco"],"articleSection":["Municipales"],"inLanguage":"es","potentialAction":[{"@type":"CommentAction","name":"Comment","target":["https:\/\/volcanes.net\/?p=10246#respond"]}]},{"@type":"WebPage","@id":"https:\/\/volcanes.net\/?p=10246","url":"https:\/\/volcanes.net\/?p=10246","name":"Gobierno municipal de Chalco trabaja en materia de infraestructura educativa\u00a0 - Volcanes","isPartOf":{"@id":"https:\/\/volcanes.net\/#website"},"primaryImageOfPage":{"@id":"https:\/\/volcanes.net\/?p=10246#primaryimage"},"image":{"@id":"https:\/\/volcanes.net\/?p=10246#primaryimage"},"thumbnailUrl":"https:\/\/volcanes.net\/wp-content\/uploads\/2021\/02\/FB_IMG_1614181096815.jpg","datePublished":"2021-02-25T02:33:13+00:00","breadcrumb":{"@id":"https:\/\/volcanes.net\/?p=10246#breadcrumb"},"inLanguage":"es","potentialAction":[{"@type":"ReadAction","target":["https:\/\/volcanes.net\/?p=10246"]}]},{"@type":"ImageObject","inLanguage":"es","@id":"https:\/\/volcanes.net\/?p=10246#primaryimage","url":"https:\/\/volcanes.net\/wp-content\/uploads\/2021\/02\/FB_IMG_1614181096815.jpg","contentUrl":"https:\/\/volcanes.net\/wp-content\/uploads\/2021\/02\/FB_IMG_1614181096815.jpg","width":640,"height":426},{"@type":"BreadcrumbList","@id":"https:\/\/volcanes.net\/?p=10246#breadcrumb","itemListElement":[{"@type":"ListItem","position":1,"name":"Portada","item":"https:\/\/volcanes.net\/"},{"@type":"ListItem","position":2,"name":"Gobierno municipal de Chalco trabaja en materia de infraestructura educativa\u00a0"}]},{"@type":"WebSite","@id":"https:\/\/volcanes.net\/#website","url":"https:\/\/volcanes.net\/","name":"Volcanes.Net","description":"Periodismo Profesional","publisher":{"@id":"https:\/\/volcanes.net\/#organization"},"potentialAction":[{"@type":"SearchAction","target":{"@type":"EntryPoint","urlTemplate":"https:\/\/volcanes.net\/?s={search_term_string}"},"query-input":{"@type":"PropertyValueSpecification","valueRequired":true,"valueName":"search_term_string"}}],"inLanguage":"es"},{"@type":"Organization","@id":"https:\/\/volcanes.net\/#organization","name":"Grupo Volcanes","url":"https:\/\/volcanes.net\/","logo":{"@type":"ImageObject","inLanguage":"es","@id":"https:\/\/volcanes.net\/#\/schema\/logo\/image\/","url":"http:\/\/volcanes.net\/wp-content\/uploads\/2017\/12\/Avatar2.jpg","contentUrl":"http:\/\/volcanes.net\/wp-content\/uploads\/2017\/12\/Avatar2.jpg","width":378,"height":378,"caption":"Grupo Volcanes"},"image":{"@id":"https:\/\/volcanes.net\/#\/schema\/logo\/image\/"},"sameAs":["https:\/\/www.facebook.com\/volcanes.net\/"]},{"@type":"Person","@id":"https:\/\/volcanes.net\/#\/schema\/person\/4bf0f383940966a4abd53f5048c0e6b9","name":"admin","image":{"@type":"ImageObject","inLanguage":"es","@id":"https:\/\/volcanes.net\/#\/schema\/person\/image\/","url":"https:\/\/secure.gravatar.com\/avatar\/ca004e6cba8462b8cb7abc86e382930c?s=96&d=mm&r=g","contentUrl":"https:\/\/secure.gravatar.com\/avatar\/ca004e6cba8462b8cb7abc86e382930c?s=96&d=mm&r=g","caption":"admin"}}]}},"_links":{"self":[{"href":"https:\/\/volcanes.net\/index.php?rest_route=\/wp\/v2\/posts\/10246"}],"collection":[{"href":"https:\/\/volcanes.net\/index.php?rest_route=\/wp\/v2\/posts"}],"about":[{"href":"https:\/\/volcanes.net\/index.php?rest_route=\/wp\/v2\/types\/post"}],"author":[{"embeddable":true,"href":"https:\/\/volcanes.net\/index.php?rest_route=\/wp\/v2\/users\/1"}],"replies":[{"embeddable":true,"href":"https:\/\/volcanes.net\/index.php?rest_route=%2Fwp%2Fv2%2Fcomments&post=10246"}],"version-history":[{"count":1,"href":"https:\/\/volcanes.net\/index.php?rest_route=\/wp\/v2\/posts\/10246\/revisions"}],"predecessor-version":[{"id":10248,"href":"https:\/\/volcanes.net\/index.php?rest_route=\/wp\/v2\/posts\/10246\/revisions\/10248"}],"wp:featuredmedia":[{"embeddable":true,"href":"https:\/\/volcanes.net\/index.php?rest_route=\/wp\/v2\/media\/10247"}],"wp:attachment":[{"href":"https:\/\/volcanes.net\/index.php?rest_route=%2Fwp%2Fv2%2Fmedia&parent=10246"}],"wp:term":[{"taxonomy":"category","embeddable":true,"href":"https:\/\/volcanes.net\/index.php?rest_route=%2Fwp%2Fv2%2Fcategories&post=10246"},{"taxonomy":"post_tag","embeddable":true,"href":"https:\/\/volcanes.net\/index.php?rest_route=%2Fwp%2Fv2%2Ftags&post=10246"}],"curies":[{"name":"wp","href":"https:\/\/api.w.org\/{rel}","templated":true}]}}