{"id":10264,"date":"2021-02-25T09:14:23","date_gmt":"2021-02-25T15:14:23","guid":{"rendered":"http:\/\/volcanes.net\/?p=10264"},"modified":"2021-02-25T09:14:23","modified_gmt":"2021-02-25T15:14:23","slug":"celebran-el-lxxxi-aniversario-de-la-bandera-en-chalco","status":"publish","type":"post","link":"https:\/\/volcanes.net\/?p=10264","title":{"rendered":"Celebran el LXXXI aniversario de la bandera en Chalco"},"content":{"rendered":"<div style=\"margin-top: 0px; margin-bottom: 0px;\" class=\"sharethis-inline-share-buttons\" ><\/div><p style=\"text-align: justify;\">Chalco, Estado de M\u00e9xico.- El presidente municipal Miguel Guti\u00e9rrez encabez\u00f3 la ceremonia conmemorativa por el LXXXI Aniversario de la Bandera, el alcalde asegur\u00f3 que nuestra bandera es un s\u00edmbolo de libertad, justicia, nacionalidad y esperanza.<\/p>\n<p style=\"text-align: justify;\">El edil rememor\u00f3 la historia de la Bandera Nacional, desde la \u00e9poca del Padre de la Patria, Miguel Hidalgo, hasta 1968, cuando el entonces presidente Gustavo D\u00edaz Ordaz decret\u00f3 la Ley Sobre el Escudo, la Bandera y el Himno Nacionales.<\/p>\n<p style=\"text-align: justify;\">Apunt\u00f3 que la bandera es el primer emblema de la soberan\u00eda. \u201cSu escudo y sus colores nos representan como naci\u00f3n\u201d, indic\u00f3 Guti\u00e9rrez Morales. \u201cLa Bandera Nacional resume lo que los mexicanos hemos sido: un pueblo unido por la nobleza de su historia\u201d, enfatiz\u00f3.<\/p>\n<p style=\"text-align: justify;\">Guti\u00e9rrez Morales\u00a0 asegur\u00f3 que la Bandera y lo que se manifiesta en sus colores, eleva el orgullo de ser mexicanos, simboliza la esperanza de un pa\u00eds mejor, la paz y unidad por la que se ha luchado y el sacrificio de los h\u00e9roes que nos dieron patria, as\u00ed como el esfuerzo de los mexicanos.<\/p>\n<p style=\"text-align: justify;\">\n","protected":false},"excerpt":{"rendered":"<p>Chalco, Estado de M\u00e9xico.- El presidente municipal Miguel Guti\u00e9rrez encabez\u00f3 la ceremonia conmemorativa por el<\/p>\n","protected":false},"author":1,"featured_media":10265,"comment_status":"open","ping_status":"open","sticky":false,"template":"","format":"standard","meta":{"footnotes":""},"categories":[1],"tags":[9],"class_list":["post-10264","post","type-post","status-publish","format-standard","has-post-thumbnail","hentry","category-municipales","tag-chalco"],"yoast_head":"<!-- This site is optimized with the Yoast SEO plugin v25.3 - https:\/\/yoast.com\/wordpress\/plugins\/seo\/ -->\n<title>Celebran el LXXXI aniversario de la bandera en Chalco - Volcanes<\/title>\n<meta name=\"robots\" content=\"index, follow, max-snippet:-1, max-image-preview:large, max-video-preview:-1\" \/>\n<link rel=\"canonical\" href=\"https:\/\/volcanes.net\/?p=10264\" \/>\n<meta property=\"og:locale\" content=\"es_MX\" \/>\n<meta property=\"og:type\" content=\"article\" \/>\n<meta property=\"og:title\" content=\"Celebran el LXXXI aniversario de la bandera en Chalco - Volcanes\" \/>\n<meta property=\"og:description\" content=\"Chalco, Estado de M\u00e9xico.- El presidente municipal Miguel Guti\u00e9rrez encabez\u00f3 la ceremonia conmemorativa por el\" \/>\n<meta property=\"og:url\" content=\"https:\/\/volcanes.net\/?p=10264\" \/>\n<meta property=\"og:site_name\" content=\"Volcanes\" \/>\n<meta property=\"article:publisher\" content=\"https:\/\/www.facebook.com\/volcanes.net\/\" \/>\n<meta property=\"article:published_time\" content=\"2021-02-25T15:14:23+00:00\" \/>\n<meta property=\"og:image\" content=\"https:\/\/volcanes.net\/wp-content\/uploads\/2021\/02\/FB_IMG_1614262018638.jpg\" \/>\n\t<meta property=\"og:image:width\" content=\"719\" \/>\n\t<meta property=\"og:image:height\" content=\"480\" \/>\n\t<meta property=\"og:image:type\" content=\"image\/jpeg\" \/>\n<meta name=\"author\" content=\"admin\" \/>\n<meta name=\"twitter:card\" content=\"summary_large_image\" \/>\n<meta name=\"twitter:label1\" content=\"Escrito por\" \/>\n\t<meta name=\"twitter:data1\" content=\"admin\" \/>\n\t<meta name=\"twitter:label2\" content=\"Tiempo de lectura\" \/>\n\t<meta name=\"twitter:data2\" content=\"1 minuto\" \/>\n<script type=\"application\/ld+json\" class=\"yoast-schema-graph\">{\"@context\":\"https:\/\/schema.org\",\"@graph\":[{\"@type\":\"Article\",\"@id\":\"https:\/\/volcanes.net\/?p=10264#article\",\"isPartOf\":{\"@id\":\"https:\/\/volcanes.net\/?p=10264\"},\"author\":{\"name\":\"admin\",\"@id\":\"https:\/\/volcanes.net\/#\/schema\/person\/4bf0f383940966a4abd53f5048c0e6b9\"},\"headline\":\"Celebran el LXXXI aniversario de la bandera en Chalco\",\"datePublished\":\"2021-02-25T15:14:23+00:00\",\"mainEntityOfPage\":{\"@id\":\"https:\/\/volcanes.net\/?p=10264\"},\"wordCount\":191,\"commentCount\":0,\"publisher\":{\"@id\":\"https:\/\/volcanes.net\/#organization\"},\"image\":{\"@id\":\"https:\/\/volcanes.net\/?p=10264#primaryimage\"},\"thumbnailUrl\":\"https:\/\/volcanes.net\/wp-content\/uploads\/2021\/02\/FB_IMG_1614262018638.jpg\",\"keywords\":[\"Chalco\"],\"articleSection\":[\"Municipales\"],\"inLanguage\":\"es\",\"potentialAction\":[{\"@type\":\"CommentAction\",\"name\":\"Comment\",\"target\":[\"https:\/\/volcanes.net\/?p=10264#respond\"]}]},{\"@type\":\"WebPage\",\"@id\":\"https:\/\/volcanes.net\/?p=10264\",\"url\":\"https:\/\/volcanes.net\/?p=10264\",\"name\":\"Celebran el LXXXI aniversario de la bandera en Chalco - Volcanes\",\"isPartOf\":{\"@id\":\"https:\/\/volcanes.net\/#website\"},\"primaryImageOfPage\":{\"@id\":\"https:\/\/volcanes.net\/?p=10264#primaryimage\"},\"image\":{\"@id\":\"https:\/\/volcanes.net\/?p=10264#primaryimage\"},\"thumbnailUrl\":\"https:\/\/volcanes.net\/wp-content\/uploads\/2021\/02\/FB_IMG_1614262018638.jpg\",\"datePublished\":\"2021-02-25T15:14:23+00:00\",\"breadcrumb\":{\"@id\":\"https:\/\/volcanes.net\/?p=10264#breadcrumb\"},\"inLanguage\":\"es\",\"potentialAction\":[{\"@type\":\"ReadAction\",\"target\":[\"https:\/\/volcanes.net\/?p=10264\"]}]},{\"@type\":\"ImageObject\",\"inLanguage\":\"es\",\"@id\":\"https:\/\/volcanes.net\/?p=10264#primaryimage\",\"url\":\"https:\/\/volcanes.net\/wp-content\/uploads\/2021\/02\/FB_IMG_1614262018638.jpg\",\"contentUrl\":\"https:\/\/volcanes.net\/wp-content\/uploads\/2021\/02\/FB_IMG_1614262018638.jpg\",\"width\":719,\"height\":480},{\"@type\":\"BreadcrumbList\",\"@id\":\"https:\/\/volcanes.net\/?p=10264#breadcrumb\",\"itemListElement\":[{\"@type\":\"ListItem\",\"position\":1,\"name\":\"Portada\",\"item\":\"https:\/\/volcanes.net\/\"},{\"@type\":\"ListItem\",\"position\":2,\"name\":\"Celebran el LXXXI aniversario de la bandera en Chalco\"}]},{\"@type\":\"WebSite\",\"@id\":\"https:\/\/volcanes.net\/#website\",\"url\":\"https:\/\/volcanes.net\/\",\"name\":\"Volcanes.Net\",\"description\":\"Periodismo Profesional\",\"publisher\":{\"@id\":\"https:\/\/volcanes.net\/#organization\"},\"potentialAction\":[{\"@type\":\"SearchAction\",\"target\":{\"@type\":\"EntryPoint\",\"urlTemplate\":\"https:\/\/volcanes.net\/?s={search_term_string}\"},\"query-input\":{\"@type\":\"PropertyValueSpecification\",\"valueRequired\":true,\"valueName\":\"search_term_string\"}}],\"inLanguage\":\"es\"},{\"@type\":\"Organization\",\"@id\":\"https:\/\/volcanes.net\/#organization\",\"name\":\"Grupo Volcanes\",\"url\":\"https:\/\/volcanes.net\/\",\"logo\":{\"@type\":\"ImageObject\",\"inLanguage\":\"es\",\"@id\":\"https:\/\/volcanes.net\/#\/schema\/logo\/image\/\",\"url\":\"http:\/\/volcanes.net\/wp-content\/uploads\/2017\/12\/Avatar2.jpg\",\"contentUrl\":\"http:\/\/volcanes.net\/wp-content\/uploads\/2017\/12\/Avatar2.jpg\",\"width\":378,\"height\":378,\"caption\":\"Grupo Volcanes\"},\"image\":{\"@id\":\"https:\/\/volcanes.net\/#\/schema\/logo\/image\/\"},\"sameAs\":[\"https:\/\/www.facebook.com\/volcanes.net\/\"]},{\"@type\":\"Person\",\"@id\":\"https:\/\/volcanes.net\/#\/schema\/person\/4bf0f383940966a4abd53f5048c0e6b9\",\"name\":\"admin\",\"image\":{\"@type\":\"ImageObject\",\"inLanguage\":\"es\",\"@id\":\"https:\/\/volcanes.net\/#\/schema\/person\/image\/\",\"url\":\"https:\/\/secure.gravatar.com\/avatar\/ca004e6cba8462b8cb7abc86e382930c?s=96&d=mm&r=g\",\"contentUrl\":\"https:\/\/secure.gravatar.com\/avatar\/ca004e6cba8462b8cb7abc86e382930c?s=96&d=mm&r=g\",\"caption\":\"admin\"}}]}<\/script>\n<!-- \/ Yoast SEO plugin. -->","yoast_head_json":{"title":"Celebran el LXXXI aniversario de la bandera en Chalco - Volcanes","robots":{"index":"index","follow":"follow","max-snippet":"max-snippet:-1","max-image-preview":"max-image-preview:large","max-video-preview":"max-video-preview:-1"},"canonical":"https:\/\/volcanes.net\/?p=10264","og_locale":"es_MX","og_type":"article","og_title":"Celebran el LXXXI aniversario de la bandera en Chalco - Volcanes","og_description":"Chalco, Estado de M\u00e9xico.- El presidente municipal Miguel Guti\u00e9rrez encabez\u00f3 la ceremonia conmemorativa por el","og_url":"https:\/\/volcanes.net\/?p=10264","og_site_name":"Volcanes","article_publisher":"https:\/\/www.facebook.com\/volcanes.net\/","article_published_time":"2021-02-25T15:14:23+00:00","og_image":[{"width":719,"height":480,"url":"https:\/\/volcanes.net\/wp-content\/uploads\/2021\/02\/FB_IMG_1614262018638.jpg","type":"image\/jpeg"}],"author":"admin","twitter_card":"summary_large_image","twitter_misc":{"Escrito por":"admin","Tiempo de lectura":"1 minuto"},"schema":{"@context":"https:\/\/schema.org","@graph":[{"@type":"Article","@id":"https:\/\/volcanes.net\/?p=10264#article","isPartOf":{"@id":"https:\/\/volcanes.net\/?p=10264"},"author":{"name":"admin","@id":"https:\/\/volcanes.net\/#\/schema\/person\/4bf0f383940966a4abd53f5048c0e6b9"},"headline":"Celebran el LXXXI aniversario de la bandera en Chalco","datePublished":"2021-02-25T15:14:23+00:00","mainEntityOfPage":{"@id":"https:\/\/volcanes.net\/?p=10264"},"wordCount":191,"commentCount":0,"publisher":{"@id":"https:\/\/volcanes.net\/#organization"},"image":{"@id":"https:\/\/volcanes.net\/?p=10264#primaryimage"},"thumbnailUrl":"https:\/\/volcanes.net\/wp-content\/uploads\/2021\/02\/FB_IMG_1614262018638.jpg","keywords":["Chalco"],"articleSection":["Municipales"],"inLanguage":"es","potentialAction":[{"@type":"CommentAction","name":"Comment","target":["https:\/\/volcanes.net\/?p=10264#respond"]}]},{"@type":"WebPage","@id":"https:\/\/volcanes.net\/?p=10264","url":"https:\/\/volcanes.net\/?p=10264","name":"Celebran el LXXXI aniversario de la bandera en Chalco - Volcanes","isPartOf":{"@id":"https:\/\/volcanes.net\/#website"},"primaryImageOfPage":{"@id":"https:\/\/volcanes.net\/?p=10264#primaryimage"},"image":{"@id":"https:\/\/volcanes.net\/?p=10264#primaryimage"},"thumbnailUrl":"https:\/\/volcanes.net\/wp-content\/uploads\/2021\/02\/FB_IMG_1614262018638.jpg","datePublished":"2021-02-25T15:14:23+00:00","breadcrumb":{"@id":"https:\/\/volcanes.net\/?p=10264#breadcrumb"},"inLanguage":"es","potentialAction":[{"@type":"ReadAction","target":["https:\/\/volcanes.net\/?p=10264"]}]},{"@type":"ImageObject","inLanguage":"es","@id":"https:\/\/volcanes.net\/?p=10264#primaryimage","url":"https:\/\/volcanes.net\/wp-content\/uploads\/2021\/02\/FB_IMG_1614262018638.jpg","contentUrl":"https:\/\/volcanes.net\/wp-content\/uploads\/2021\/02\/FB_IMG_1614262018638.jpg","width":719,"height":480},{"@type":"BreadcrumbList","@id":"https:\/\/volcanes.net\/?p=10264#breadcrumb","itemListElement":[{"@type":"ListItem","position":1,"name":"Portada","item":"https:\/\/volcanes.net\/"},{"@type":"ListItem","position":2,"name":"Celebran el LXXXI aniversario de la bandera en Chalco"}]},{"@type":"WebSite","@id":"https:\/\/volcanes.net\/#website","url":"https:\/\/volcanes.net\/","name":"Volcanes.Net","description":"Periodismo Profesional","publisher":{"@id":"https:\/\/volcanes.net\/#organization"},"potentialAction":[{"@type":"SearchAction","target":{"@type":"EntryPoint","urlTemplate":"https:\/\/volcanes.net\/?s={search_term_string}"},"query-input":{"@type":"PropertyValueSpecification","valueRequired":true,"valueName":"search_term_string"}}],"inLanguage":"es"},{"@type":"Organization","@id":"https:\/\/volcanes.net\/#organization","name":"Grupo Volcanes","url":"https:\/\/volcanes.net\/","logo":{"@type":"ImageObject","inLanguage":"es","@id":"https:\/\/volcanes.net\/#\/schema\/logo\/image\/","url":"http:\/\/volcanes.net\/wp-content\/uploads\/2017\/12\/Avatar2.jpg","contentUrl":"http:\/\/volcanes.net\/wp-content\/uploads\/2017\/12\/Avatar2.jpg","width":378,"height":378,"caption":"Grupo Volcanes"},"image":{"@id":"https:\/\/volcanes.net\/#\/schema\/logo\/image\/"},"sameAs":["https:\/\/www.facebook.com\/volcanes.net\/"]},{"@type":"Person","@id":"https:\/\/volcanes.net\/#\/schema\/person\/4bf0f383940966a4abd53f5048c0e6b9","name":"admin","image":{"@type":"ImageObject","inLanguage":"es","@id":"https:\/\/volcanes.net\/#\/schema\/person\/image\/","url":"https:\/\/secure.gravatar.com\/avatar\/ca004e6cba8462b8cb7abc86e382930c?s=96&d=mm&r=g","contentUrl":"https:\/\/secure.gravatar.com\/avatar\/ca004e6cba8462b8cb7abc86e382930c?s=96&d=mm&r=g","caption":"admin"}}]}},"_links":{"self":[{"href":"https:\/\/volcanes.net\/index.php?rest_route=\/wp\/v2\/posts\/10264"}],"collection":[{"href":"https:\/\/volcanes.net\/index.php?rest_route=\/wp\/v2\/posts"}],"about":[{"href":"https:\/\/volcanes.net\/index.php?rest_route=\/wp\/v2\/types\/post"}],"author":[{"embeddable":true,"href":"https:\/\/volcanes.net\/index.php?rest_route=\/wp\/v2\/users\/1"}],"replies":[{"embeddable":true,"href":"https:\/\/volcanes.net\/index.php?rest_route=%2Fwp%2Fv2%2Fcomments&post=10264"}],"version-history":[{"count":1,"href":"https:\/\/volcanes.net\/index.php?rest_route=\/wp\/v2\/posts\/10264\/revisions"}],"predecessor-version":[{"id":10266,"href":"https:\/\/volcanes.net\/index.php?rest_route=\/wp\/v2\/posts\/10264\/revisions\/10266"}],"wp:featuredmedia":[{"embeddable":true,"href":"https:\/\/volcanes.net\/index.php?rest_route=\/wp\/v2\/media\/10265"}],"wp:attachment":[{"href":"https:\/\/volcanes.net\/index.php?rest_route=%2Fwp%2Fv2%2Fmedia&parent=10264"}],"wp:term":[{"taxonomy":"category","embeddable":true,"href":"https:\/\/volcanes.net\/index.php?rest_route=%2Fwp%2Fv2%2Fcategories&post=10264"},{"taxonomy":"post_tag","embeddable":true,"href":"https:\/\/volcanes.net\/index.php?rest_route=%2Fwp%2Fv2%2Ftags&post=10264"}],"curies":[{"name":"wp","href":"https:\/\/api.w.org\/{rel}","templated":true}]}}