{"id":1027,"date":"2018-02-05T01:39:21","date_gmt":"2018-02-05T01:39:21","guid":{"rendered":"http:\/\/volcanes.net\/?p=1027"},"modified":"2018-02-05T01:39:21","modified_gmt":"2018-02-05T01:39:21","slug":"en-tlalmanalco-se-registro-hugo-higuera-alegre-como-precandidato-del-pri-a-presidente-municipal","status":"publish","type":"post","link":"https:\/\/volcanes.net\/?p=1027","title":{"rendered":"En Tlalmanalco se registr\u00f3 Hugo Higuera Alegre como precandidato del PRI a presidente municipal"},"content":{"rendered":"<div style=\"margin-top: 0px; margin-bottom: 0px;\" class=\"sharethis-inline-share-buttons\" ><\/div><p><strong>Ricardo Espejel Arellano<\/strong><\/p>\n<p>Tlalmanalco,, M\u00e9x.&#8212; Enedio de un ambiente de Unidad partidista, el licenciado Victor Hugo Higuera Alegre se registr\u00f3 como PreCandidato oficial del PRI para la Presidencia Municipal de Tlalmanalco.<\/p>\n<p>Ante el presidente e integrantes de la Comisi\u00f3n Municipal de Procesos Internos del tricolor, Profr. Silvio At\u00e9miz Romero, el aspirante Higuera Alegre se registr\u00f3 como PreCandidato \u00danico a la alcald\u00eda, en medio de muestras de apoyo y solidaridad de los integrantes de la clase pol\u00edtica tlalmanalquense.<\/p>\n<p>De igual forma se registraron los aspirantes a ocupar la Sindicatura y regidur\u00edas que resultaron procedentes en el proceso interno.<\/p>\n<p>La candidatura de V\u00edctor Hugo Higuera Alegre es factor de Unidad y fortalece al priismo para llegar con fuerza a la elecci\u00f3n del domingo 1 de julio y obtener una victoria contundente e inobjetable.<\/p>\n<p>Cuenta con el respaldo de ex alcaldes, ex regidores, ex presidentes del PRI Municipal de sectores, organizaciones y sobre todo de la militancia de las delegaciones de todo el municipio.<\/p>\n","protected":false},"excerpt":{"rendered":"<p>Ricardo Espejel Arellano Tlalmanalco,, M\u00e9x.&#8212; Enedio de un ambiente de Unidad partidista, el licenciado Victor<\/p>\n","protected":false},"author":1,"featured_media":1028,"comment_status":"open","ping_status":"open","sticky":false,"template":"","format":"standard","meta":{"footnotes":""},"categories":[1],"tags":[81],"class_list":["post-1027","post","type-post","status-publish","format-standard","has-post-thumbnail","hentry","category-municipales","tag-tlalmanalco"],"yoast_head":"<!-- This site is optimized with the Yoast SEO plugin v25.3 - https:\/\/yoast.com\/wordpress\/plugins\/seo\/ -->\n<title>En Tlalmanalco se registr\u00f3 Hugo Higuera Alegre como precandidato del PRI a presidente municipal - Volcanes<\/title>\n<meta name=\"robots\" content=\"index, follow, max-snippet:-1, max-image-preview:large, max-video-preview:-1\" \/>\n<link rel=\"canonical\" href=\"https:\/\/volcanes.net\/?p=1027\" \/>\n<meta property=\"og:locale\" content=\"es_MX\" \/>\n<meta property=\"og:type\" content=\"article\" \/>\n<meta property=\"og:title\" content=\"En Tlalmanalco se registr\u00f3 Hugo Higuera Alegre como precandidato del PRI a presidente municipal - Volcanes\" \/>\n<meta property=\"og:description\" content=\"Ricardo Espejel Arellano Tlalmanalco,, M\u00e9x.&#8212; Enedio de un ambiente de Unidad partidista, el licenciado Victor\" \/>\n<meta property=\"og:url\" content=\"https:\/\/volcanes.net\/?p=1027\" \/>\n<meta property=\"og:site_name\" content=\"Volcanes\" \/>\n<meta property=\"article:publisher\" content=\"https:\/\/www.facebook.com\/volcanes.net\/\" \/>\n<meta property=\"article:published_time\" content=\"2018-02-05T01:39:21+00:00\" \/>\n<meta property=\"og:image\" content=\"https:\/\/volcanes.net\/wp-content\/uploads\/2018\/02\/WhatsApp-Image-2018-02-04-at-15.41.34-1.jpeg\" \/>\n\t<meta property=\"og:image:width\" content=\"448\" \/>\n\t<meta property=\"og:image:height\" content=\"336\" \/>\n\t<meta property=\"og:image:type\" content=\"image\/jpeg\" \/>\n<meta name=\"author\" content=\"admin\" \/>\n<meta name=\"twitter:card\" content=\"summary_large_image\" \/>\n<meta name=\"twitter:label1\" content=\"Escrito por\" \/>\n\t<meta name=\"twitter:data1\" content=\"admin\" \/>\n\t<meta name=\"twitter:label2\" content=\"Tiempo de lectura\" \/>\n\t<meta name=\"twitter:data2\" content=\"1 minuto\" \/>\n<script type=\"application\/ld+json\" class=\"yoast-schema-graph\">{\"@context\":\"https:\/\/schema.org\",\"@graph\":[{\"@type\":\"Article\",\"@id\":\"https:\/\/volcanes.net\/?p=1027#article\",\"isPartOf\":{\"@id\":\"https:\/\/volcanes.net\/?p=1027\"},\"author\":{\"name\":\"admin\",\"@id\":\"https:\/\/volcanes.net\/#\/schema\/person\/4bf0f383940966a4abd53f5048c0e6b9\"},\"headline\":\"En Tlalmanalco se registr\u00f3 Hugo Higuera Alegre como precandidato del PRI a presidente municipal\",\"datePublished\":\"2018-02-05T01:39:21+00:00\",\"mainEntityOfPage\":{\"@id\":\"https:\/\/volcanes.net\/?p=1027\"},\"wordCount\":183,\"commentCount\":0,\"publisher\":{\"@id\":\"https:\/\/volcanes.net\/#organization\"},\"image\":{\"@id\":\"https:\/\/volcanes.net\/?p=1027#primaryimage\"},\"thumbnailUrl\":\"https:\/\/volcanes.net\/wp-content\/uploads\/2018\/02\/WhatsApp-Image-2018-02-04-at-15.41.34-1.jpeg\",\"keywords\":[\"Tlalmanalco\"],\"articleSection\":[\"Municipales\"],\"inLanguage\":\"es\",\"potentialAction\":[{\"@type\":\"CommentAction\",\"name\":\"Comment\",\"target\":[\"https:\/\/volcanes.net\/?p=1027#respond\"]}]},{\"@type\":\"WebPage\",\"@id\":\"https:\/\/volcanes.net\/?p=1027\",\"url\":\"https:\/\/volcanes.net\/?p=1027\",\"name\":\"En Tlalmanalco se registr\u00f3 Hugo Higuera Alegre como precandidato del PRI a presidente municipal - Volcanes\",\"isPartOf\":{\"@id\":\"https:\/\/volcanes.net\/#website\"},\"primaryImageOfPage\":{\"@id\":\"https:\/\/volcanes.net\/?p=1027#primaryimage\"},\"image\":{\"@id\":\"https:\/\/volcanes.net\/?p=1027#primaryimage\"},\"thumbnailUrl\":\"https:\/\/volcanes.net\/wp-content\/uploads\/2018\/02\/WhatsApp-Image-2018-02-04-at-15.41.34-1.jpeg\",\"datePublished\":\"2018-02-05T01:39:21+00:00\",\"breadcrumb\":{\"@id\":\"https:\/\/volcanes.net\/?p=1027#breadcrumb\"},\"inLanguage\":\"es\",\"potentialAction\":[{\"@type\":\"ReadAction\",\"target\":[\"https:\/\/volcanes.net\/?p=1027\"]}]},{\"@type\":\"ImageObject\",\"inLanguage\":\"es\",\"@id\":\"https:\/\/volcanes.net\/?p=1027#primaryimage\",\"url\":\"https:\/\/volcanes.net\/wp-content\/uploads\/2018\/02\/WhatsApp-Image-2018-02-04-at-15.41.34-1.jpeg\",\"contentUrl\":\"https:\/\/volcanes.net\/wp-content\/uploads\/2018\/02\/WhatsApp-Image-2018-02-04-at-15.41.34-1.jpeg\",\"width\":448,\"height\":336},{\"@type\":\"BreadcrumbList\",\"@id\":\"https:\/\/volcanes.net\/?p=1027#breadcrumb\",\"itemListElement\":[{\"@type\":\"ListItem\",\"position\":1,\"name\":\"Portada\",\"item\":\"https:\/\/volcanes.net\/\"},{\"@type\":\"ListItem\",\"position\":2,\"name\":\"En Tlalmanalco se registr\u00f3 Hugo Higuera Alegre como precandidato del PRI a presidente municipal\"}]},{\"@type\":\"WebSite\",\"@id\":\"https:\/\/volcanes.net\/#website\",\"url\":\"https:\/\/volcanes.net\/\",\"name\":\"Volcanes.Net\",\"description\":\"Periodismo Profesional\",\"publisher\":{\"@id\":\"https:\/\/volcanes.net\/#organization\"},\"potentialAction\":[{\"@type\":\"SearchAction\",\"target\":{\"@type\":\"EntryPoint\",\"urlTemplate\":\"https:\/\/volcanes.net\/?s={search_term_string}\"},\"query-input\":{\"@type\":\"PropertyValueSpecification\",\"valueRequired\":true,\"valueName\":\"search_term_string\"}}],\"inLanguage\":\"es\"},{\"@type\":\"Organization\",\"@id\":\"https:\/\/volcanes.net\/#organization\",\"name\":\"Grupo Volcanes\",\"url\":\"https:\/\/volcanes.net\/\",\"logo\":{\"@type\":\"ImageObject\",\"inLanguage\":\"es\",\"@id\":\"https:\/\/volcanes.net\/#\/schema\/logo\/image\/\",\"url\":\"http:\/\/volcanes.net\/wp-content\/uploads\/2017\/12\/Avatar2.jpg\",\"contentUrl\":\"http:\/\/volcanes.net\/wp-content\/uploads\/2017\/12\/Avatar2.jpg\",\"width\":378,\"height\":378,\"caption\":\"Grupo Volcanes\"},\"image\":{\"@id\":\"https:\/\/volcanes.net\/#\/schema\/logo\/image\/\"},\"sameAs\":[\"https:\/\/www.facebook.com\/volcanes.net\/\"]},{\"@type\":\"Person\",\"@id\":\"https:\/\/volcanes.net\/#\/schema\/person\/4bf0f383940966a4abd53f5048c0e6b9\",\"name\":\"admin\",\"image\":{\"@type\":\"ImageObject\",\"inLanguage\":\"es\",\"@id\":\"https:\/\/volcanes.net\/#\/schema\/person\/image\/\",\"url\":\"https:\/\/secure.gravatar.com\/avatar\/ca004e6cba8462b8cb7abc86e382930c?s=96&d=mm&r=g\",\"contentUrl\":\"https:\/\/secure.gravatar.com\/avatar\/ca004e6cba8462b8cb7abc86e382930c?s=96&d=mm&r=g\",\"caption\":\"admin\"}}]}<\/script>\n<!-- \/ Yoast SEO plugin. -->","yoast_head_json":{"title":"En Tlalmanalco se registr\u00f3 Hugo Higuera Alegre como precandidato del PRI a presidente municipal - Volcanes","robots":{"index":"index","follow":"follow","max-snippet":"max-snippet:-1","max-image-preview":"max-image-preview:large","max-video-preview":"max-video-preview:-1"},"canonical":"https:\/\/volcanes.net\/?p=1027","og_locale":"es_MX","og_type":"article","og_title":"En Tlalmanalco se registr\u00f3 Hugo Higuera Alegre como precandidato del PRI a presidente municipal - Volcanes","og_description":"Ricardo Espejel Arellano Tlalmanalco,, M\u00e9x.&#8212; Enedio de un ambiente de Unidad partidista, el licenciado Victor","og_url":"https:\/\/volcanes.net\/?p=1027","og_site_name":"Volcanes","article_publisher":"https:\/\/www.facebook.com\/volcanes.net\/","article_published_time":"2018-02-05T01:39:21+00:00","og_image":[{"width":448,"height":336,"url":"https:\/\/volcanes.net\/wp-content\/uploads\/2018\/02\/WhatsApp-Image-2018-02-04-at-15.41.34-1.jpeg","type":"image\/jpeg"}],"author":"admin","twitter_card":"summary_large_image","twitter_misc":{"Escrito por":"admin","Tiempo de lectura":"1 minuto"},"schema":{"@context":"https:\/\/schema.org","@graph":[{"@type":"Article","@id":"https:\/\/volcanes.net\/?p=1027#article","isPartOf":{"@id":"https:\/\/volcanes.net\/?p=1027"},"author":{"name":"admin","@id":"https:\/\/volcanes.net\/#\/schema\/person\/4bf0f383940966a4abd53f5048c0e6b9"},"headline":"En Tlalmanalco se registr\u00f3 Hugo Higuera Alegre como precandidato del PRI a presidente municipal","datePublished":"2018-02-05T01:39:21+00:00","mainEntityOfPage":{"@id":"https:\/\/volcanes.net\/?p=1027"},"wordCount":183,"commentCount":0,"publisher":{"@id":"https:\/\/volcanes.net\/#organization"},"image":{"@id":"https:\/\/volcanes.net\/?p=1027#primaryimage"},"thumbnailUrl":"https:\/\/volcanes.net\/wp-content\/uploads\/2018\/02\/WhatsApp-Image-2018-02-04-at-15.41.34-1.jpeg","keywords":["Tlalmanalco"],"articleSection":["Municipales"],"inLanguage":"es","potentialAction":[{"@type":"CommentAction","name":"Comment","target":["https:\/\/volcanes.net\/?p=1027#respond"]}]},{"@type":"WebPage","@id":"https:\/\/volcanes.net\/?p=1027","url":"https:\/\/volcanes.net\/?p=1027","name":"En Tlalmanalco se registr\u00f3 Hugo Higuera Alegre como precandidato del PRI a presidente municipal - Volcanes","isPartOf":{"@id":"https:\/\/volcanes.net\/#website"},"primaryImageOfPage":{"@id":"https:\/\/volcanes.net\/?p=1027#primaryimage"},"image":{"@id":"https:\/\/volcanes.net\/?p=1027#primaryimage"},"thumbnailUrl":"https:\/\/volcanes.net\/wp-content\/uploads\/2018\/02\/WhatsApp-Image-2018-02-04-at-15.41.34-1.jpeg","datePublished":"2018-02-05T01:39:21+00:00","breadcrumb":{"@id":"https:\/\/volcanes.net\/?p=1027#breadcrumb"},"inLanguage":"es","potentialAction":[{"@type":"ReadAction","target":["https:\/\/volcanes.net\/?p=1027"]}]},{"@type":"ImageObject","inLanguage":"es","@id":"https:\/\/volcanes.net\/?p=1027#primaryimage","url":"https:\/\/volcanes.net\/wp-content\/uploads\/2018\/02\/WhatsApp-Image-2018-02-04-at-15.41.34-1.jpeg","contentUrl":"https:\/\/volcanes.net\/wp-content\/uploads\/2018\/02\/WhatsApp-Image-2018-02-04-at-15.41.34-1.jpeg","width":448,"height":336},{"@type":"BreadcrumbList","@id":"https:\/\/volcanes.net\/?p=1027#breadcrumb","itemListElement":[{"@type":"ListItem","position":1,"name":"Portada","item":"https:\/\/volcanes.net\/"},{"@type":"ListItem","position":2,"name":"En Tlalmanalco se registr\u00f3 Hugo Higuera Alegre como precandidato del PRI a presidente municipal"}]},{"@type":"WebSite","@id":"https:\/\/volcanes.net\/#website","url":"https:\/\/volcanes.net\/","name":"Volcanes.Net","description":"Periodismo Profesional","publisher":{"@id":"https:\/\/volcanes.net\/#organization"},"potentialAction":[{"@type":"SearchAction","target":{"@type":"EntryPoint","urlTemplate":"https:\/\/volcanes.net\/?s={search_term_string}"},"query-input":{"@type":"PropertyValueSpecification","valueRequired":true,"valueName":"search_term_string"}}],"inLanguage":"es"},{"@type":"Organization","@id":"https:\/\/volcanes.net\/#organization","name":"Grupo Volcanes","url":"https:\/\/volcanes.net\/","logo":{"@type":"ImageObject","inLanguage":"es","@id":"https:\/\/volcanes.net\/#\/schema\/logo\/image\/","url":"http:\/\/volcanes.net\/wp-content\/uploads\/2017\/12\/Avatar2.jpg","contentUrl":"http:\/\/volcanes.net\/wp-content\/uploads\/2017\/12\/Avatar2.jpg","width":378,"height":378,"caption":"Grupo Volcanes"},"image":{"@id":"https:\/\/volcanes.net\/#\/schema\/logo\/image\/"},"sameAs":["https:\/\/www.facebook.com\/volcanes.net\/"]},{"@type":"Person","@id":"https:\/\/volcanes.net\/#\/schema\/person\/4bf0f383940966a4abd53f5048c0e6b9","name":"admin","image":{"@type":"ImageObject","inLanguage":"es","@id":"https:\/\/volcanes.net\/#\/schema\/person\/image\/","url":"https:\/\/secure.gravatar.com\/avatar\/ca004e6cba8462b8cb7abc86e382930c?s=96&d=mm&r=g","contentUrl":"https:\/\/secure.gravatar.com\/avatar\/ca004e6cba8462b8cb7abc86e382930c?s=96&d=mm&r=g","caption":"admin"}}]}},"_links":{"self":[{"href":"https:\/\/volcanes.net\/index.php?rest_route=\/wp\/v2\/posts\/1027"}],"collection":[{"href":"https:\/\/volcanes.net\/index.php?rest_route=\/wp\/v2\/posts"}],"about":[{"href":"https:\/\/volcanes.net\/index.php?rest_route=\/wp\/v2\/types\/post"}],"author":[{"embeddable":true,"href":"https:\/\/volcanes.net\/index.php?rest_route=\/wp\/v2\/users\/1"}],"replies":[{"embeddable":true,"href":"https:\/\/volcanes.net\/index.php?rest_route=%2Fwp%2Fv2%2Fcomments&post=1027"}],"version-history":[{"count":1,"href":"https:\/\/volcanes.net\/index.php?rest_route=\/wp\/v2\/posts\/1027\/revisions"}],"predecessor-version":[{"id":1029,"href":"https:\/\/volcanes.net\/index.php?rest_route=\/wp\/v2\/posts\/1027\/revisions\/1029"}],"wp:featuredmedia":[{"embeddable":true,"href":"https:\/\/volcanes.net\/index.php?rest_route=\/wp\/v2\/media\/1028"}],"wp:attachment":[{"href":"https:\/\/volcanes.net\/index.php?rest_route=%2Fwp%2Fv2%2Fmedia&parent=1027"}],"wp:term":[{"taxonomy":"category","embeddable":true,"href":"https:\/\/volcanes.net\/index.php?rest_route=%2Fwp%2Fv2%2Fcategories&post=1027"},{"taxonomy":"post_tag","embeddable":true,"href":"https:\/\/volcanes.net\/index.php?rest_route=%2Fwp%2Fv2%2Ftags&post=1027"}],"curies":[{"name":"wp","href":"https:\/\/api.w.org\/{rel}","templated":true}]}}