{"id":10273,"date":"2021-02-25T13:05:09","date_gmt":"2021-02-25T19:05:09","guid":{"rendered":"http:\/\/volcanes.net\/?p=10273"},"modified":"2021-02-25T14:35:30","modified_gmt":"2021-02-25T20:35:30","slug":"edil-de-tenango-del-aire-entrega-patrulla-a-elementos-policiacos-durante-ceremonia-del-dia-de-la-bandera","status":"publish","type":"post","link":"https:\/\/volcanes.net\/?p=10273","title":{"rendered":"Edil de Tenango del Aire entrega patrulla a elementos polic\u00edacos durante ceremonia del  D\u00eda de la Bandera"},"content":{"rendered":"<div style=\"margin-top: 0px; margin-bottom: 0px;\" class=\"sharethis-inline-share-buttons\" ><\/div><p style=\"text-align: justify;\">Tenango del Aire, Estado de M\u00e9xico.- El Presidente Municipal Roberto \u00c1vilavila Ventura, en compa\u00f1\u00eda de Regidores, S\u00edndico Municipal y personal que conforma el ayuntamiento, realizaron los honores a la L\u00e1baro Patrio con motivodel D\u00eda de la Bandera.<\/p>\n<p style=\"text-align: justify;\">El edil agradeci\u00f3 a todo su personal por recordar estos d\u00edas hist\u00f3ricos que nos hacen recordar el valor de nuestros s\u00edmbolos patrios que tenemos como mexicanos.<\/p>\n<p style=\"text-align: justify;\">Durante el evento, el edil hizo entrega de una nueva unidad de patrulla para la polic\u00eda municipal, con el compromiso de reforzar la seguridad de los habitantes y brindar atenci\u00f3n inmediata a emergencias, cumpliendo con las familias tenanguenses de tener una polic\u00eda responsable, capacitada y de proximidad social.<\/p>\n","protected":false},"excerpt":{"rendered":"<p>Tenango del Aire, Estado de M\u00e9xico.- El Presidente Municipal Roberto \u00c1vilavila Ventura, en compa\u00f1\u00eda de<\/p>\n","protected":false},"author":1,"featured_media":10274,"comment_status":"open","ping_status":"open","sticky":false,"template":"","format":"standard","meta":{"footnotes":""},"categories":[1],"tags":[17],"class_list":["post-10273","post","type-post","status-publish","format-standard","has-post-thumbnail","hentry","category-municipales","tag-tenango-del-aire"],"yoast_head":"<!-- This site is optimized with the Yoast SEO plugin v25.3 - https:\/\/yoast.com\/wordpress\/plugins\/seo\/ -->\n<title>Edil de Tenango del Aire entrega patrulla a elementos polic\u00edacos durante ceremonia del D\u00eda de la Bandera - Volcanes<\/title>\n<meta name=\"robots\" content=\"index, follow, max-snippet:-1, max-image-preview:large, max-video-preview:-1\" \/>\n<link rel=\"canonical\" href=\"https:\/\/volcanes.net\/?p=10273\" \/>\n<meta property=\"og:locale\" content=\"es_MX\" \/>\n<meta property=\"og:type\" content=\"article\" \/>\n<meta property=\"og:title\" content=\"Edil de Tenango del Aire entrega patrulla a elementos polic\u00edacos durante ceremonia del D\u00eda de la Bandera - Volcanes\" \/>\n<meta property=\"og:description\" content=\"Tenango del Aire, Estado de M\u00e9xico.- El Presidente Municipal Roberto \u00c1vilavila Ventura, en compa\u00f1\u00eda de\" \/>\n<meta property=\"og:url\" content=\"https:\/\/volcanes.net\/?p=10273\" \/>\n<meta property=\"og:site_name\" content=\"Volcanes\" \/>\n<meta property=\"article:publisher\" content=\"https:\/\/www.facebook.com\/volcanes.net\/\" \/>\n<meta property=\"article:published_time\" content=\"2021-02-25T19:05:09+00:00\" \/>\n<meta property=\"article:modified_time\" content=\"2021-02-25T20:35:30+00:00\" \/>\n<meta property=\"og:image\" content=\"https:\/\/volcanes.net\/wp-content\/uploads\/2021\/02\/FB_IMG_1614262594802.jpg\" \/>\n\t<meta property=\"og:image:width\" content=\"720\" \/>\n\t<meta property=\"og:image:height\" content=\"480\" \/>\n\t<meta property=\"og:image:type\" content=\"image\/jpeg\" \/>\n<meta name=\"author\" content=\"admin\" \/>\n<meta name=\"twitter:card\" content=\"summary_large_image\" \/>\n<meta name=\"twitter:label1\" content=\"Escrito por\" \/>\n\t<meta name=\"twitter:data1\" content=\"admin\" \/>\n\t<meta name=\"twitter:label2\" content=\"Tiempo de lectura\" \/>\n\t<meta name=\"twitter:data2\" content=\"1 minuto\" \/>\n<script type=\"application\/ld+json\" class=\"yoast-schema-graph\">{\"@context\":\"https:\/\/schema.org\",\"@graph\":[{\"@type\":\"Article\",\"@id\":\"https:\/\/volcanes.net\/?p=10273#article\",\"isPartOf\":{\"@id\":\"https:\/\/volcanes.net\/?p=10273\"},\"author\":{\"name\":\"admin\",\"@id\":\"https:\/\/volcanes.net\/#\/schema\/person\/4bf0f383940966a4abd53f5048c0e6b9\"},\"headline\":\"Edil de Tenango del Aire entrega patrulla a elementos polic\u00edacos durante ceremonia del D\u00eda de la Bandera\",\"datePublished\":\"2021-02-25T19:05:09+00:00\",\"dateModified\":\"2021-02-25T20:35:30+00:00\",\"mainEntityOfPage\":{\"@id\":\"https:\/\/volcanes.net\/?p=10273\"},\"wordCount\":142,\"commentCount\":0,\"publisher\":{\"@id\":\"https:\/\/volcanes.net\/#organization\"},\"image\":{\"@id\":\"https:\/\/volcanes.net\/?p=10273#primaryimage\"},\"thumbnailUrl\":\"https:\/\/volcanes.net\/wp-content\/uploads\/2021\/02\/FB_IMG_1614262594802.jpg\",\"keywords\":[\"Tenango del Aire\"],\"articleSection\":[\"Municipales\"],\"inLanguage\":\"es\",\"potentialAction\":[{\"@type\":\"CommentAction\",\"name\":\"Comment\",\"target\":[\"https:\/\/volcanes.net\/?p=10273#respond\"]}]},{\"@type\":\"WebPage\",\"@id\":\"https:\/\/volcanes.net\/?p=10273\",\"url\":\"https:\/\/volcanes.net\/?p=10273\",\"name\":\"Edil de Tenango del Aire entrega patrulla a elementos polic\u00edacos durante ceremonia del D\u00eda de la Bandera - Volcanes\",\"isPartOf\":{\"@id\":\"https:\/\/volcanes.net\/#website\"},\"primaryImageOfPage\":{\"@id\":\"https:\/\/volcanes.net\/?p=10273#primaryimage\"},\"image\":{\"@id\":\"https:\/\/volcanes.net\/?p=10273#primaryimage\"},\"thumbnailUrl\":\"https:\/\/volcanes.net\/wp-content\/uploads\/2021\/02\/FB_IMG_1614262594802.jpg\",\"datePublished\":\"2021-02-25T19:05:09+00:00\",\"dateModified\":\"2021-02-25T20:35:30+00:00\",\"breadcrumb\":{\"@id\":\"https:\/\/volcanes.net\/?p=10273#breadcrumb\"},\"inLanguage\":\"es\",\"potentialAction\":[{\"@type\":\"ReadAction\",\"target\":[\"https:\/\/volcanes.net\/?p=10273\"]}]},{\"@type\":\"ImageObject\",\"inLanguage\":\"es\",\"@id\":\"https:\/\/volcanes.net\/?p=10273#primaryimage\",\"url\":\"https:\/\/volcanes.net\/wp-content\/uploads\/2021\/02\/FB_IMG_1614262594802.jpg\",\"contentUrl\":\"https:\/\/volcanes.net\/wp-content\/uploads\/2021\/02\/FB_IMG_1614262594802.jpg\",\"width\":720,\"height\":480},{\"@type\":\"BreadcrumbList\",\"@id\":\"https:\/\/volcanes.net\/?p=10273#breadcrumb\",\"itemListElement\":[{\"@type\":\"ListItem\",\"position\":1,\"name\":\"Portada\",\"item\":\"https:\/\/volcanes.net\/\"},{\"@type\":\"ListItem\",\"position\":2,\"name\":\"Edil de Tenango del Aire entrega patrulla a elementos polic\u00edacos durante ceremonia del D\u00eda de la Bandera\"}]},{\"@type\":\"WebSite\",\"@id\":\"https:\/\/volcanes.net\/#website\",\"url\":\"https:\/\/volcanes.net\/\",\"name\":\"Volcanes.Net\",\"description\":\"Periodismo Profesional\",\"publisher\":{\"@id\":\"https:\/\/volcanes.net\/#organization\"},\"potentialAction\":[{\"@type\":\"SearchAction\",\"target\":{\"@type\":\"EntryPoint\",\"urlTemplate\":\"https:\/\/volcanes.net\/?s={search_term_string}\"},\"query-input\":{\"@type\":\"PropertyValueSpecification\",\"valueRequired\":true,\"valueName\":\"search_term_string\"}}],\"inLanguage\":\"es\"},{\"@type\":\"Organization\",\"@id\":\"https:\/\/volcanes.net\/#organization\",\"name\":\"Grupo Volcanes\",\"url\":\"https:\/\/volcanes.net\/\",\"logo\":{\"@type\":\"ImageObject\",\"inLanguage\":\"es\",\"@id\":\"https:\/\/volcanes.net\/#\/schema\/logo\/image\/\",\"url\":\"http:\/\/volcanes.net\/wp-content\/uploads\/2017\/12\/Avatar2.jpg\",\"contentUrl\":\"http:\/\/volcanes.net\/wp-content\/uploads\/2017\/12\/Avatar2.jpg\",\"width\":378,\"height\":378,\"caption\":\"Grupo Volcanes\"},\"image\":{\"@id\":\"https:\/\/volcanes.net\/#\/schema\/logo\/image\/\"},\"sameAs\":[\"https:\/\/www.facebook.com\/volcanes.net\/\"]},{\"@type\":\"Person\",\"@id\":\"https:\/\/volcanes.net\/#\/schema\/person\/4bf0f383940966a4abd53f5048c0e6b9\",\"name\":\"admin\",\"image\":{\"@type\":\"ImageObject\",\"inLanguage\":\"es\",\"@id\":\"https:\/\/volcanes.net\/#\/schema\/person\/image\/\",\"url\":\"https:\/\/secure.gravatar.com\/avatar\/ca004e6cba8462b8cb7abc86e382930c?s=96&d=mm&r=g\",\"contentUrl\":\"https:\/\/secure.gravatar.com\/avatar\/ca004e6cba8462b8cb7abc86e382930c?s=96&d=mm&r=g\",\"caption\":\"admin\"}}]}<\/script>\n<!-- \/ Yoast SEO plugin. -->","yoast_head_json":{"title":"Edil de Tenango del Aire entrega patrulla a elementos polic\u00edacos durante ceremonia del D\u00eda de la Bandera - Volcanes","robots":{"index":"index","follow":"follow","max-snippet":"max-snippet:-1","max-image-preview":"max-image-preview:large","max-video-preview":"max-video-preview:-1"},"canonical":"https:\/\/volcanes.net\/?p=10273","og_locale":"es_MX","og_type":"article","og_title":"Edil de Tenango del Aire entrega patrulla a elementos polic\u00edacos durante ceremonia del D\u00eda de la Bandera - Volcanes","og_description":"Tenango del Aire, Estado de M\u00e9xico.- El Presidente Municipal Roberto \u00c1vilavila Ventura, en compa\u00f1\u00eda de","og_url":"https:\/\/volcanes.net\/?p=10273","og_site_name":"Volcanes","article_publisher":"https:\/\/www.facebook.com\/volcanes.net\/","article_published_time":"2021-02-25T19:05:09+00:00","article_modified_time":"2021-02-25T20:35:30+00:00","og_image":[{"width":720,"height":480,"url":"https:\/\/volcanes.net\/wp-content\/uploads\/2021\/02\/FB_IMG_1614262594802.jpg","type":"image\/jpeg"}],"author":"admin","twitter_card":"summary_large_image","twitter_misc":{"Escrito por":"admin","Tiempo de lectura":"1 minuto"},"schema":{"@context":"https:\/\/schema.org","@graph":[{"@type":"Article","@id":"https:\/\/volcanes.net\/?p=10273#article","isPartOf":{"@id":"https:\/\/volcanes.net\/?p=10273"},"author":{"name":"admin","@id":"https:\/\/volcanes.net\/#\/schema\/person\/4bf0f383940966a4abd53f5048c0e6b9"},"headline":"Edil de Tenango del Aire entrega patrulla a elementos polic\u00edacos durante ceremonia del D\u00eda de la Bandera","datePublished":"2021-02-25T19:05:09+00:00","dateModified":"2021-02-25T20:35:30+00:00","mainEntityOfPage":{"@id":"https:\/\/volcanes.net\/?p=10273"},"wordCount":142,"commentCount":0,"publisher":{"@id":"https:\/\/volcanes.net\/#organization"},"image":{"@id":"https:\/\/volcanes.net\/?p=10273#primaryimage"},"thumbnailUrl":"https:\/\/volcanes.net\/wp-content\/uploads\/2021\/02\/FB_IMG_1614262594802.jpg","keywords":["Tenango del Aire"],"articleSection":["Municipales"],"inLanguage":"es","potentialAction":[{"@type":"CommentAction","name":"Comment","target":["https:\/\/volcanes.net\/?p=10273#respond"]}]},{"@type":"WebPage","@id":"https:\/\/volcanes.net\/?p=10273","url":"https:\/\/volcanes.net\/?p=10273","name":"Edil de Tenango del Aire entrega patrulla a elementos polic\u00edacos durante ceremonia del D\u00eda de la Bandera - Volcanes","isPartOf":{"@id":"https:\/\/volcanes.net\/#website"},"primaryImageOfPage":{"@id":"https:\/\/volcanes.net\/?p=10273#primaryimage"},"image":{"@id":"https:\/\/volcanes.net\/?p=10273#primaryimage"},"thumbnailUrl":"https:\/\/volcanes.net\/wp-content\/uploads\/2021\/02\/FB_IMG_1614262594802.jpg","datePublished":"2021-02-25T19:05:09+00:00","dateModified":"2021-02-25T20:35:30+00:00","breadcrumb":{"@id":"https:\/\/volcanes.net\/?p=10273#breadcrumb"},"inLanguage":"es","potentialAction":[{"@type":"ReadAction","target":["https:\/\/volcanes.net\/?p=10273"]}]},{"@type":"ImageObject","inLanguage":"es","@id":"https:\/\/volcanes.net\/?p=10273#primaryimage","url":"https:\/\/volcanes.net\/wp-content\/uploads\/2021\/02\/FB_IMG_1614262594802.jpg","contentUrl":"https:\/\/volcanes.net\/wp-content\/uploads\/2021\/02\/FB_IMG_1614262594802.jpg","width":720,"height":480},{"@type":"BreadcrumbList","@id":"https:\/\/volcanes.net\/?p=10273#breadcrumb","itemListElement":[{"@type":"ListItem","position":1,"name":"Portada","item":"https:\/\/volcanes.net\/"},{"@type":"ListItem","position":2,"name":"Edil de Tenango del Aire entrega patrulla a elementos polic\u00edacos durante ceremonia del D\u00eda de la Bandera"}]},{"@type":"WebSite","@id":"https:\/\/volcanes.net\/#website","url":"https:\/\/volcanes.net\/","name":"Volcanes.Net","description":"Periodismo Profesional","publisher":{"@id":"https:\/\/volcanes.net\/#organization"},"potentialAction":[{"@type":"SearchAction","target":{"@type":"EntryPoint","urlTemplate":"https:\/\/volcanes.net\/?s={search_term_string}"},"query-input":{"@type":"PropertyValueSpecification","valueRequired":true,"valueName":"search_term_string"}}],"inLanguage":"es"},{"@type":"Organization","@id":"https:\/\/volcanes.net\/#organization","name":"Grupo Volcanes","url":"https:\/\/volcanes.net\/","logo":{"@type":"ImageObject","inLanguage":"es","@id":"https:\/\/volcanes.net\/#\/schema\/logo\/image\/","url":"http:\/\/volcanes.net\/wp-content\/uploads\/2017\/12\/Avatar2.jpg","contentUrl":"http:\/\/volcanes.net\/wp-content\/uploads\/2017\/12\/Avatar2.jpg","width":378,"height":378,"caption":"Grupo Volcanes"},"image":{"@id":"https:\/\/volcanes.net\/#\/schema\/logo\/image\/"},"sameAs":["https:\/\/www.facebook.com\/volcanes.net\/"]},{"@type":"Person","@id":"https:\/\/volcanes.net\/#\/schema\/person\/4bf0f383940966a4abd53f5048c0e6b9","name":"admin","image":{"@type":"ImageObject","inLanguage":"es","@id":"https:\/\/volcanes.net\/#\/schema\/person\/image\/","url":"https:\/\/secure.gravatar.com\/avatar\/ca004e6cba8462b8cb7abc86e382930c?s=96&d=mm&r=g","contentUrl":"https:\/\/secure.gravatar.com\/avatar\/ca004e6cba8462b8cb7abc86e382930c?s=96&d=mm&r=g","caption":"admin"}}]}},"_links":{"self":[{"href":"https:\/\/volcanes.net\/index.php?rest_route=\/wp\/v2\/posts\/10273"}],"collection":[{"href":"https:\/\/volcanes.net\/index.php?rest_route=\/wp\/v2\/posts"}],"about":[{"href":"https:\/\/volcanes.net\/index.php?rest_route=\/wp\/v2\/types\/post"}],"author":[{"embeddable":true,"href":"https:\/\/volcanes.net\/index.php?rest_route=\/wp\/v2\/users\/1"}],"replies":[{"embeddable":true,"href":"https:\/\/volcanes.net\/index.php?rest_route=%2Fwp%2Fv2%2Fcomments&post=10273"}],"version-history":[{"count":1,"href":"https:\/\/volcanes.net\/index.php?rest_route=\/wp\/v2\/posts\/10273\/revisions"}],"predecessor-version":[{"id":10275,"href":"https:\/\/volcanes.net\/index.php?rest_route=\/wp\/v2\/posts\/10273\/revisions\/10275"}],"wp:featuredmedia":[{"embeddable":true,"href":"https:\/\/volcanes.net\/index.php?rest_route=\/wp\/v2\/media\/10274"}],"wp:attachment":[{"href":"https:\/\/volcanes.net\/index.php?rest_route=%2Fwp%2Fv2%2Fmedia&parent=10273"}],"wp:term":[{"taxonomy":"category","embeddable":true,"href":"https:\/\/volcanes.net\/index.php?rest_route=%2Fwp%2Fv2%2Fcategories&post=10273"},{"taxonomy":"post_tag","embeddable":true,"href":"https:\/\/volcanes.net\/index.php?rest_route=%2Fwp%2Fv2%2Ftags&post=10273"}],"curies":[{"name":"wp","href":"https:\/\/api.w.org\/{rel}","templated":true}]}}