{"id":10288,"date":"2021-02-27T08:45:53","date_gmt":"2021-02-27T14:45:53","guid":{"rendered":"http:\/\/volcanes.net\/?p=10288"},"modified":"2021-02-27T08:45:53","modified_gmt":"2021-02-27T14:45:53","slug":"pavimentacion-inaugurada-en-amecameca-era-solicitada-por-vecinos-desde-hace-27-anos","status":"publish","type":"post","link":"https:\/\/volcanes.net\/?p=10288","title":{"rendered":"Pavimentaci\u00f3n inaugurada en Amecameca era solicitada por vecinos desde hace 27 a\u00f1os"},"content":{"rendered":"<div style=\"margin-top: 0px; margin-bottom: 0px;\" class=\"sharethis-inline-share-buttons\" ><\/div><p style=\"text-align: justify;\">Amecameca de Ju\u00e1rez, Estado de M\u00e9xico a 26 de febrero de 2021.- Luego de la inauguraci\u00f3n de la pavimentaci\u00f3n de la calle El Castillo, entre Popocat\u00e9petl y calle De la Rosa, los vecinos del lugar reconocieron que ten\u00edan 27 a\u00f1os solicitando esta obra que es paso obligado al jard\u00edn de Ni\u00f1os \u201cJoaqu\u00edn Arcadio Pagaza\u201d y a la capilla \u201cSan Isidro Labrador\u201d, visitada por cientos de personas.<\/p>\n<p style=\"text-align: justify;\">Durante la inauguraci\u00f3n el Presidente Municipal Miguel \u00c1ngel Salom\u00f3n Cort\u00e9s, acompa\u00f1ado de los Integrantes del Ayuntamiento, inform\u00f3 que la inversi\u00f3n de un mill\u00f3n 200 mil pesos, tendr\u00e1 un impacto en rubros tan importantes como la vialidad, la imagen urbana, la seguridad y la movilidad logrando que miles de personas transiten con mayor tranquilidad.<\/p>\n<p style=\"text-align: justify;\">En su participaci\u00f3n el Alcalde reconoci\u00f3 que a\u00fan cuando hay muchas calles y avenidas que requieren de inversi\u00f3n, el Ayuntamiento distribuye los recursos de tal manera que tanto la cabecera municipal como las 8 delegaciones reciban obras y acciones que eleven su calidad de vida.<\/p>\n","protected":false},"excerpt":{"rendered":"<p>Amecameca de Ju\u00e1rez, Estado de M\u00e9xico a 26 de febrero de 2021.- Luego de la<\/p>\n","protected":false},"author":1,"featured_media":10289,"comment_status":"open","ping_status":"open","sticky":false,"template":"","format":"standard","meta":{"footnotes":""},"categories":[1],"tags":[7],"class_list":["post-10288","post","type-post","status-publish","format-standard","has-post-thumbnail","hentry","category-municipales","tag-amecameca"],"yoast_head":"<!-- This site is optimized with the Yoast SEO plugin v25.3 - https:\/\/yoast.com\/wordpress\/plugins\/seo\/ -->\n<title>Pavimentaci\u00f3n inaugurada en Amecameca era solicitada por vecinos desde hace 27 a\u00f1os - Volcanes<\/title>\n<meta name=\"robots\" content=\"index, follow, max-snippet:-1, max-image-preview:large, max-video-preview:-1\" \/>\n<link rel=\"canonical\" href=\"https:\/\/volcanes.net\/?p=10288\" \/>\n<meta property=\"og:locale\" content=\"es_MX\" \/>\n<meta property=\"og:type\" content=\"article\" \/>\n<meta property=\"og:title\" content=\"Pavimentaci\u00f3n inaugurada en Amecameca era solicitada por vecinos desde hace 27 a\u00f1os - Volcanes\" \/>\n<meta property=\"og:description\" content=\"Amecameca de Ju\u00e1rez, Estado de M\u00e9xico a 26 de febrero de 2021.- Luego de la\" \/>\n<meta property=\"og:url\" content=\"https:\/\/volcanes.net\/?p=10288\" \/>\n<meta property=\"og:site_name\" content=\"Volcanes\" \/>\n<meta property=\"article:publisher\" content=\"https:\/\/www.facebook.com\/volcanes.net\/\" \/>\n<meta property=\"article:published_time\" content=\"2021-02-27T14:45:53+00:00\" \/>\n<meta property=\"og:image\" content=\"https:\/\/volcanes.net\/wp-content\/uploads\/2021\/02\/IMG-20210227-WA0000.jpg\" \/>\n\t<meta property=\"og:image:width\" content=\"1280\" \/>\n\t<meta property=\"og:image:height\" content=\"860\" \/>\n\t<meta property=\"og:image:type\" content=\"image\/jpeg\" \/>\n<meta name=\"author\" content=\"admin\" \/>\n<meta name=\"twitter:card\" content=\"summary_large_image\" \/>\n<meta name=\"twitter:label1\" content=\"Escrito por\" \/>\n\t<meta name=\"twitter:data1\" content=\"admin\" \/>\n\t<meta name=\"twitter:label2\" content=\"Tiempo de lectura\" \/>\n\t<meta name=\"twitter:data2\" content=\"1 minuto\" \/>\n<script type=\"application\/ld+json\" class=\"yoast-schema-graph\">{\"@context\":\"https:\/\/schema.org\",\"@graph\":[{\"@type\":\"Article\",\"@id\":\"https:\/\/volcanes.net\/?p=10288#article\",\"isPartOf\":{\"@id\":\"https:\/\/volcanes.net\/?p=10288\"},\"author\":{\"name\":\"admin\",\"@id\":\"https:\/\/volcanes.net\/#\/schema\/person\/4bf0f383940966a4abd53f5048c0e6b9\"},\"headline\":\"Pavimentaci\u00f3n inaugurada en Amecameca era solicitada por vecinos desde hace 27 a\u00f1os\",\"datePublished\":\"2021-02-27T14:45:53+00:00\",\"mainEntityOfPage\":{\"@id\":\"https:\/\/volcanes.net\/?p=10288\"},\"wordCount\":192,\"commentCount\":0,\"publisher\":{\"@id\":\"https:\/\/volcanes.net\/#organization\"},\"image\":{\"@id\":\"https:\/\/volcanes.net\/?p=10288#primaryimage\"},\"thumbnailUrl\":\"https:\/\/volcanes.net\/wp-content\/uploads\/2021\/02\/IMG-20210227-WA0000.jpg\",\"keywords\":[\"Amecameca\"],\"articleSection\":[\"Municipales\"],\"inLanguage\":\"es\",\"potentialAction\":[{\"@type\":\"CommentAction\",\"name\":\"Comment\",\"target\":[\"https:\/\/volcanes.net\/?p=10288#respond\"]}]},{\"@type\":\"WebPage\",\"@id\":\"https:\/\/volcanes.net\/?p=10288\",\"url\":\"https:\/\/volcanes.net\/?p=10288\",\"name\":\"Pavimentaci\u00f3n inaugurada en Amecameca era solicitada por vecinos desde hace 27 a\u00f1os - Volcanes\",\"isPartOf\":{\"@id\":\"https:\/\/volcanes.net\/#website\"},\"primaryImageOfPage\":{\"@id\":\"https:\/\/volcanes.net\/?p=10288#primaryimage\"},\"image\":{\"@id\":\"https:\/\/volcanes.net\/?p=10288#primaryimage\"},\"thumbnailUrl\":\"https:\/\/volcanes.net\/wp-content\/uploads\/2021\/02\/IMG-20210227-WA0000.jpg\",\"datePublished\":\"2021-02-27T14:45:53+00:00\",\"breadcrumb\":{\"@id\":\"https:\/\/volcanes.net\/?p=10288#breadcrumb\"},\"inLanguage\":\"es\",\"potentialAction\":[{\"@type\":\"ReadAction\",\"target\":[\"https:\/\/volcanes.net\/?p=10288\"]}]},{\"@type\":\"ImageObject\",\"inLanguage\":\"es\",\"@id\":\"https:\/\/volcanes.net\/?p=10288#primaryimage\",\"url\":\"https:\/\/volcanes.net\/wp-content\/uploads\/2021\/02\/IMG-20210227-WA0000.jpg\",\"contentUrl\":\"https:\/\/volcanes.net\/wp-content\/uploads\/2021\/02\/IMG-20210227-WA0000.jpg\",\"width\":1280,\"height\":860},{\"@type\":\"BreadcrumbList\",\"@id\":\"https:\/\/volcanes.net\/?p=10288#breadcrumb\",\"itemListElement\":[{\"@type\":\"ListItem\",\"position\":1,\"name\":\"Portada\",\"item\":\"https:\/\/volcanes.net\/\"},{\"@type\":\"ListItem\",\"position\":2,\"name\":\"Pavimentaci\u00f3n inaugurada en Amecameca era solicitada por vecinos desde hace 27 a\u00f1os\"}]},{\"@type\":\"WebSite\",\"@id\":\"https:\/\/volcanes.net\/#website\",\"url\":\"https:\/\/volcanes.net\/\",\"name\":\"Volcanes.Net\",\"description\":\"Periodismo Profesional\",\"publisher\":{\"@id\":\"https:\/\/volcanes.net\/#organization\"},\"potentialAction\":[{\"@type\":\"SearchAction\",\"target\":{\"@type\":\"EntryPoint\",\"urlTemplate\":\"https:\/\/volcanes.net\/?s={search_term_string}\"},\"query-input\":{\"@type\":\"PropertyValueSpecification\",\"valueRequired\":true,\"valueName\":\"search_term_string\"}}],\"inLanguage\":\"es\"},{\"@type\":\"Organization\",\"@id\":\"https:\/\/volcanes.net\/#organization\",\"name\":\"Grupo Volcanes\",\"url\":\"https:\/\/volcanes.net\/\",\"logo\":{\"@type\":\"ImageObject\",\"inLanguage\":\"es\",\"@id\":\"https:\/\/volcanes.net\/#\/schema\/logo\/image\/\",\"url\":\"http:\/\/volcanes.net\/wp-content\/uploads\/2017\/12\/Avatar2.jpg\",\"contentUrl\":\"http:\/\/volcanes.net\/wp-content\/uploads\/2017\/12\/Avatar2.jpg\",\"width\":378,\"height\":378,\"caption\":\"Grupo Volcanes\"},\"image\":{\"@id\":\"https:\/\/volcanes.net\/#\/schema\/logo\/image\/\"},\"sameAs\":[\"https:\/\/www.facebook.com\/volcanes.net\/\"]},{\"@type\":\"Person\",\"@id\":\"https:\/\/volcanes.net\/#\/schema\/person\/4bf0f383940966a4abd53f5048c0e6b9\",\"name\":\"admin\",\"image\":{\"@type\":\"ImageObject\",\"inLanguage\":\"es\",\"@id\":\"https:\/\/volcanes.net\/#\/schema\/person\/image\/\",\"url\":\"https:\/\/secure.gravatar.com\/avatar\/ca004e6cba8462b8cb7abc86e382930c?s=96&d=mm&r=g\",\"contentUrl\":\"https:\/\/secure.gravatar.com\/avatar\/ca004e6cba8462b8cb7abc86e382930c?s=96&d=mm&r=g\",\"caption\":\"admin\"}}]}<\/script>\n<!-- \/ Yoast SEO plugin. -->","yoast_head_json":{"title":"Pavimentaci\u00f3n inaugurada en Amecameca era solicitada por vecinos desde hace 27 a\u00f1os - Volcanes","robots":{"index":"index","follow":"follow","max-snippet":"max-snippet:-1","max-image-preview":"max-image-preview:large","max-video-preview":"max-video-preview:-1"},"canonical":"https:\/\/volcanes.net\/?p=10288","og_locale":"es_MX","og_type":"article","og_title":"Pavimentaci\u00f3n inaugurada en Amecameca era solicitada por vecinos desde hace 27 a\u00f1os - Volcanes","og_description":"Amecameca de Ju\u00e1rez, Estado de M\u00e9xico a 26 de febrero de 2021.- Luego de la","og_url":"https:\/\/volcanes.net\/?p=10288","og_site_name":"Volcanes","article_publisher":"https:\/\/www.facebook.com\/volcanes.net\/","article_published_time":"2021-02-27T14:45:53+00:00","og_image":[{"width":1280,"height":860,"url":"https:\/\/volcanes.net\/wp-content\/uploads\/2021\/02\/IMG-20210227-WA0000.jpg","type":"image\/jpeg"}],"author":"admin","twitter_card":"summary_large_image","twitter_misc":{"Escrito por":"admin","Tiempo de lectura":"1 minuto"},"schema":{"@context":"https:\/\/schema.org","@graph":[{"@type":"Article","@id":"https:\/\/volcanes.net\/?p=10288#article","isPartOf":{"@id":"https:\/\/volcanes.net\/?p=10288"},"author":{"name":"admin","@id":"https:\/\/volcanes.net\/#\/schema\/person\/4bf0f383940966a4abd53f5048c0e6b9"},"headline":"Pavimentaci\u00f3n inaugurada en Amecameca era solicitada por vecinos desde hace 27 a\u00f1os","datePublished":"2021-02-27T14:45:53+00:00","mainEntityOfPage":{"@id":"https:\/\/volcanes.net\/?p=10288"},"wordCount":192,"commentCount":0,"publisher":{"@id":"https:\/\/volcanes.net\/#organization"},"image":{"@id":"https:\/\/volcanes.net\/?p=10288#primaryimage"},"thumbnailUrl":"https:\/\/volcanes.net\/wp-content\/uploads\/2021\/02\/IMG-20210227-WA0000.jpg","keywords":["Amecameca"],"articleSection":["Municipales"],"inLanguage":"es","potentialAction":[{"@type":"CommentAction","name":"Comment","target":["https:\/\/volcanes.net\/?p=10288#respond"]}]},{"@type":"WebPage","@id":"https:\/\/volcanes.net\/?p=10288","url":"https:\/\/volcanes.net\/?p=10288","name":"Pavimentaci\u00f3n inaugurada en Amecameca era solicitada por vecinos desde hace 27 a\u00f1os - Volcanes","isPartOf":{"@id":"https:\/\/volcanes.net\/#website"},"primaryImageOfPage":{"@id":"https:\/\/volcanes.net\/?p=10288#primaryimage"},"image":{"@id":"https:\/\/volcanes.net\/?p=10288#primaryimage"},"thumbnailUrl":"https:\/\/volcanes.net\/wp-content\/uploads\/2021\/02\/IMG-20210227-WA0000.jpg","datePublished":"2021-02-27T14:45:53+00:00","breadcrumb":{"@id":"https:\/\/volcanes.net\/?p=10288#breadcrumb"},"inLanguage":"es","potentialAction":[{"@type":"ReadAction","target":["https:\/\/volcanes.net\/?p=10288"]}]},{"@type":"ImageObject","inLanguage":"es","@id":"https:\/\/volcanes.net\/?p=10288#primaryimage","url":"https:\/\/volcanes.net\/wp-content\/uploads\/2021\/02\/IMG-20210227-WA0000.jpg","contentUrl":"https:\/\/volcanes.net\/wp-content\/uploads\/2021\/02\/IMG-20210227-WA0000.jpg","width":1280,"height":860},{"@type":"BreadcrumbList","@id":"https:\/\/volcanes.net\/?p=10288#breadcrumb","itemListElement":[{"@type":"ListItem","position":1,"name":"Portada","item":"https:\/\/volcanes.net\/"},{"@type":"ListItem","position":2,"name":"Pavimentaci\u00f3n inaugurada en Amecameca era solicitada por vecinos desde hace 27 a\u00f1os"}]},{"@type":"WebSite","@id":"https:\/\/volcanes.net\/#website","url":"https:\/\/volcanes.net\/","name":"Volcanes.Net","description":"Periodismo Profesional","publisher":{"@id":"https:\/\/volcanes.net\/#organization"},"potentialAction":[{"@type":"SearchAction","target":{"@type":"EntryPoint","urlTemplate":"https:\/\/volcanes.net\/?s={search_term_string}"},"query-input":{"@type":"PropertyValueSpecification","valueRequired":true,"valueName":"search_term_string"}}],"inLanguage":"es"},{"@type":"Organization","@id":"https:\/\/volcanes.net\/#organization","name":"Grupo Volcanes","url":"https:\/\/volcanes.net\/","logo":{"@type":"ImageObject","inLanguage":"es","@id":"https:\/\/volcanes.net\/#\/schema\/logo\/image\/","url":"http:\/\/volcanes.net\/wp-content\/uploads\/2017\/12\/Avatar2.jpg","contentUrl":"http:\/\/volcanes.net\/wp-content\/uploads\/2017\/12\/Avatar2.jpg","width":378,"height":378,"caption":"Grupo Volcanes"},"image":{"@id":"https:\/\/volcanes.net\/#\/schema\/logo\/image\/"},"sameAs":["https:\/\/www.facebook.com\/volcanes.net\/"]},{"@type":"Person","@id":"https:\/\/volcanes.net\/#\/schema\/person\/4bf0f383940966a4abd53f5048c0e6b9","name":"admin","image":{"@type":"ImageObject","inLanguage":"es","@id":"https:\/\/volcanes.net\/#\/schema\/person\/image\/","url":"https:\/\/secure.gravatar.com\/avatar\/ca004e6cba8462b8cb7abc86e382930c?s=96&d=mm&r=g","contentUrl":"https:\/\/secure.gravatar.com\/avatar\/ca004e6cba8462b8cb7abc86e382930c?s=96&d=mm&r=g","caption":"admin"}}]}},"_links":{"self":[{"href":"https:\/\/volcanes.net\/index.php?rest_route=\/wp\/v2\/posts\/10288"}],"collection":[{"href":"https:\/\/volcanes.net\/index.php?rest_route=\/wp\/v2\/posts"}],"about":[{"href":"https:\/\/volcanes.net\/index.php?rest_route=\/wp\/v2\/types\/post"}],"author":[{"embeddable":true,"href":"https:\/\/volcanes.net\/index.php?rest_route=\/wp\/v2\/users\/1"}],"replies":[{"embeddable":true,"href":"https:\/\/volcanes.net\/index.php?rest_route=%2Fwp%2Fv2%2Fcomments&post=10288"}],"version-history":[{"count":1,"href":"https:\/\/volcanes.net\/index.php?rest_route=\/wp\/v2\/posts\/10288\/revisions"}],"predecessor-version":[{"id":10290,"href":"https:\/\/volcanes.net\/index.php?rest_route=\/wp\/v2\/posts\/10288\/revisions\/10290"}],"wp:featuredmedia":[{"embeddable":true,"href":"https:\/\/volcanes.net\/index.php?rest_route=\/wp\/v2\/media\/10289"}],"wp:attachment":[{"href":"https:\/\/volcanes.net\/index.php?rest_route=%2Fwp%2Fv2%2Fmedia&parent=10288"}],"wp:term":[{"taxonomy":"category","embeddable":true,"href":"https:\/\/volcanes.net\/index.php?rest_route=%2Fwp%2Fv2%2Fcategories&post=10288"},{"taxonomy":"post_tag","embeddable":true,"href":"https:\/\/volcanes.net\/index.php?rest_route=%2Fwp%2Fv2%2Ftags&post=10288"}],"curies":[{"name":"wp","href":"https:\/\/api.w.org\/{rel}","templated":true}]}}