{"id":103,"date":"2017-08-15T12:47:13","date_gmt":"2017-08-15T12:47:13","guid":{"rendered":"http:\/\/volcanes.net\/?p=103"},"modified":"2017-08-15T12:47:13","modified_gmt":"2017-08-15T12:47:13","slug":"dengue-baja-25-en-el-edomex","status":"publish","type":"post","link":"https:\/\/volcanes.net\/?p=103","title":{"rendered":"Dengue baja 25% en el Edom\u00e9x"},"content":{"rendered":"<div style=\"margin-top: 0px; margin-bottom: 0px;\" class=\"sharethis-inline-share-buttons\" ><\/div><p>Aunque este a\u00f1o tenga alta incidencia en transmisi\u00f3n de dengue, el\u00a0<strong>Estado de M\u00e9xico\u00a0<\/strong>reporta una baja de 25 por ciento en este padecimiento comparativamente con el mismo periodo del a\u00f1o pasado, de acuerdo con\u00a0el Departamento de Zoonosis y Vectores del Instituto de Salud del Estado de M\u00e9xico (<strong>ISEM<\/strong>).<\/p>\n<p>Esto es resultado de las campa\u00f1as de prevenci\u00f3n que han sido bien adoptadas por la poblaci\u00f3n y con las cuales se fomentan en la zona sur acciones para mantener patios, jardines y techos limpios con la estrategia \u201c<em>Lava, tapa, voltea y tira\u201d.<\/em>\u00a0De esta manera se evita la acumulaci\u00f3n de agua en cacharros, que son criaderos ideales para el mosco transmisor\u00a0<em>Aedes aegypti,<\/em>\u00a0pues la hembra puede desovar en ellos entre 80 y 100 huevecillos, mismos que dos o tres semanas despu\u00e9s ser\u00e1n moscos adultos.<\/p>\n<p>Cabe se\u00f1alar que, hasta la semana epidemiol\u00f3gica 31, la entidad registra 145 casos dengue no grave, conocido anteriormente como dengue cl\u00e1sico, esto cuando en 2016 ya sumaban poco m\u00e1s de 190 personas infectadas. Por lo que en el Estado de M\u00e9xico la incidencia de esta enfermedad es de 0.81 por cada 100 mil habitantes, mientras que en Chiapas es de 11 por cada 100 mil personas.<\/p>\n<p>As\u00ed que el departamento de Zoonosis y Vectores del ISEM, despleg\u00f3 a 437 brigadistas que estar\u00e1n realizando trabajos de fumigaci\u00f3n, nebulizaci\u00f3n y pl\u00e1ticas de prevenci\u00f3n en las cuatro jurisdicciones sanitarias m\u00e1s propensas a desarrollar estos padecimientos: Tejupilco, Tenancingo, Valle de Bravo y Nezahualc\u00f3yotl.<\/p>\n","protected":false},"excerpt":{"rendered":"<p>Aunque este a\u00f1o tenga alta incidencia en transmisi\u00f3n de dengue, el\u00a0Estado de M\u00e9xico\u00a0reporta una baja<\/p>\n","protected":false},"author":1,"featured_media":102,"comment_status":"open","ping_status":"open","sticky":false,"template":"","format":"standard","meta":{"footnotes":""},"categories":[3],"tags":[4],"class_list":["post-103","post","type-post","status-publish","format-standard","has-post-thumbnail","hentry","category-estatales","tag-gobierno-del-estado-de-mexico"],"yoast_head":"<!-- This site is optimized with the Yoast SEO plugin v25.3 - https:\/\/yoast.com\/wordpress\/plugins\/seo\/ -->\n<title>Dengue baja 25% en el Edom\u00e9x - Volcanes<\/title>\n<meta name=\"robots\" content=\"index, follow, max-snippet:-1, max-image-preview:large, max-video-preview:-1\" \/>\n<link rel=\"canonical\" href=\"https:\/\/volcanes.net\/?p=103\" \/>\n<meta property=\"og:locale\" content=\"es_MX\" \/>\n<meta property=\"og:type\" content=\"article\" \/>\n<meta property=\"og:title\" content=\"Dengue baja 25% en el Edom\u00e9x - Volcanes\" \/>\n<meta property=\"og:description\" content=\"Aunque este a\u00f1o tenga alta incidencia en transmisi\u00f3n de dengue, el\u00a0Estado de M\u00e9xico\u00a0reporta una baja\" \/>\n<meta property=\"og:url\" content=\"https:\/\/volcanes.net\/?p=103\" \/>\n<meta property=\"og:site_name\" content=\"Volcanes\" \/>\n<meta property=\"article:publisher\" content=\"https:\/\/www.facebook.com\/volcanes.net\/\" \/>\n<meta property=\"article:published_time\" content=\"2017-08-15T12:47:13+00:00\" \/>\n<meta property=\"og:image\" content=\"https:\/\/volcanes.net\/wp-content\/uploads\/2017\/08\/Dengue-5-1-325x241.jpg\" \/>\n\t<meta property=\"og:image:width\" content=\"325\" \/>\n\t<meta property=\"og:image:height\" content=\"241\" \/>\n\t<meta property=\"og:image:type\" content=\"image\/jpeg\" \/>\n<meta name=\"author\" content=\"admin\" \/>\n<meta name=\"twitter:card\" content=\"summary_large_image\" \/>\n<meta name=\"twitter:label1\" content=\"Escrito por\" \/>\n\t<meta name=\"twitter:data1\" content=\"admin\" \/>\n\t<meta name=\"twitter:label2\" content=\"Tiempo de lectura\" \/>\n\t<meta name=\"twitter:data2\" content=\"1 minuto\" \/>\n<script type=\"application\/ld+json\" class=\"yoast-schema-graph\">{\"@context\":\"https:\/\/schema.org\",\"@graph\":[{\"@type\":\"Article\",\"@id\":\"https:\/\/volcanes.net\/?p=103#article\",\"isPartOf\":{\"@id\":\"https:\/\/volcanes.net\/?p=103\"},\"author\":{\"name\":\"admin\",\"@id\":\"https:\/\/volcanes.net\/#\/schema\/person\/4bf0f383940966a4abd53f5048c0e6b9\"},\"headline\":\"Dengue baja 25% en el Edom\u00e9x\",\"datePublished\":\"2017-08-15T12:47:13+00:00\",\"mainEntityOfPage\":{\"@id\":\"https:\/\/volcanes.net\/?p=103\"},\"wordCount\":261,\"commentCount\":0,\"publisher\":{\"@id\":\"https:\/\/volcanes.net\/#organization\"},\"image\":{\"@id\":\"https:\/\/volcanes.net\/?p=103#primaryimage\"},\"thumbnailUrl\":\"https:\/\/volcanes.net\/wp-content\/uploads\/2017\/08\/Dengue-5-1-325x241.jpg\",\"keywords\":[\"Gobierno del Estado de M\u00e9xico\"],\"articleSection\":[\"Estatales\"],\"inLanguage\":\"es\",\"potentialAction\":[{\"@type\":\"CommentAction\",\"name\":\"Comment\",\"target\":[\"https:\/\/volcanes.net\/?p=103#respond\"]}]},{\"@type\":\"WebPage\",\"@id\":\"https:\/\/volcanes.net\/?p=103\",\"url\":\"https:\/\/volcanes.net\/?p=103\",\"name\":\"Dengue baja 25% en el Edom\u00e9x - Volcanes\",\"isPartOf\":{\"@id\":\"https:\/\/volcanes.net\/#website\"},\"primaryImageOfPage\":{\"@id\":\"https:\/\/volcanes.net\/?p=103#primaryimage\"},\"image\":{\"@id\":\"https:\/\/volcanes.net\/?p=103#primaryimage\"},\"thumbnailUrl\":\"https:\/\/volcanes.net\/wp-content\/uploads\/2017\/08\/Dengue-5-1-325x241.jpg\",\"datePublished\":\"2017-08-15T12:47:13+00:00\",\"breadcrumb\":{\"@id\":\"https:\/\/volcanes.net\/?p=103#breadcrumb\"},\"inLanguage\":\"es\",\"potentialAction\":[{\"@type\":\"ReadAction\",\"target\":[\"https:\/\/volcanes.net\/?p=103\"]}]},{\"@type\":\"ImageObject\",\"inLanguage\":\"es\",\"@id\":\"https:\/\/volcanes.net\/?p=103#primaryimage\",\"url\":\"https:\/\/volcanes.net\/wp-content\/uploads\/2017\/08\/Dengue-5-1-325x241.jpg\",\"contentUrl\":\"https:\/\/volcanes.net\/wp-content\/uploads\/2017\/08\/Dengue-5-1-325x241.jpg\",\"width\":325,\"height\":241},{\"@type\":\"BreadcrumbList\",\"@id\":\"https:\/\/volcanes.net\/?p=103#breadcrumb\",\"itemListElement\":[{\"@type\":\"ListItem\",\"position\":1,\"name\":\"Portada\",\"item\":\"https:\/\/volcanes.net\/\"},{\"@type\":\"ListItem\",\"position\":2,\"name\":\"Dengue baja 25% en el Edom\u00e9x\"}]},{\"@type\":\"WebSite\",\"@id\":\"https:\/\/volcanes.net\/#website\",\"url\":\"https:\/\/volcanes.net\/\",\"name\":\"Volcanes.Net\",\"description\":\"Periodismo Profesional\",\"publisher\":{\"@id\":\"https:\/\/volcanes.net\/#organization\"},\"potentialAction\":[{\"@type\":\"SearchAction\",\"target\":{\"@type\":\"EntryPoint\",\"urlTemplate\":\"https:\/\/volcanes.net\/?s={search_term_string}\"},\"query-input\":{\"@type\":\"PropertyValueSpecification\",\"valueRequired\":true,\"valueName\":\"search_term_string\"}}],\"inLanguage\":\"es\"},{\"@type\":\"Organization\",\"@id\":\"https:\/\/volcanes.net\/#organization\",\"name\":\"Grupo Volcanes\",\"url\":\"https:\/\/volcanes.net\/\",\"logo\":{\"@type\":\"ImageObject\",\"inLanguage\":\"es\",\"@id\":\"https:\/\/volcanes.net\/#\/schema\/logo\/image\/\",\"url\":\"http:\/\/volcanes.net\/wp-content\/uploads\/2017\/12\/Avatar2.jpg\",\"contentUrl\":\"http:\/\/volcanes.net\/wp-content\/uploads\/2017\/12\/Avatar2.jpg\",\"width\":378,\"height\":378,\"caption\":\"Grupo Volcanes\"},\"image\":{\"@id\":\"https:\/\/volcanes.net\/#\/schema\/logo\/image\/\"},\"sameAs\":[\"https:\/\/www.facebook.com\/volcanes.net\/\"]},{\"@type\":\"Person\",\"@id\":\"https:\/\/volcanes.net\/#\/schema\/person\/4bf0f383940966a4abd53f5048c0e6b9\",\"name\":\"admin\",\"image\":{\"@type\":\"ImageObject\",\"inLanguage\":\"es\",\"@id\":\"https:\/\/volcanes.net\/#\/schema\/person\/image\/\",\"url\":\"https:\/\/secure.gravatar.com\/avatar\/ca004e6cba8462b8cb7abc86e382930c?s=96&d=mm&r=g\",\"contentUrl\":\"https:\/\/secure.gravatar.com\/avatar\/ca004e6cba8462b8cb7abc86e382930c?s=96&d=mm&r=g\",\"caption\":\"admin\"}}]}<\/script>\n<!-- \/ Yoast SEO plugin. -->","yoast_head_json":{"title":"Dengue baja 25% en el Edom\u00e9x - Volcanes","robots":{"index":"index","follow":"follow","max-snippet":"max-snippet:-1","max-image-preview":"max-image-preview:large","max-video-preview":"max-video-preview:-1"},"canonical":"https:\/\/volcanes.net\/?p=103","og_locale":"es_MX","og_type":"article","og_title":"Dengue baja 25% en el Edom\u00e9x - Volcanes","og_description":"Aunque este a\u00f1o tenga alta incidencia en transmisi\u00f3n de dengue, el\u00a0Estado de M\u00e9xico\u00a0reporta una baja","og_url":"https:\/\/volcanes.net\/?p=103","og_site_name":"Volcanes","article_publisher":"https:\/\/www.facebook.com\/volcanes.net\/","article_published_time":"2017-08-15T12:47:13+00:00","og_image":[{"width":325,"height":241,"url":"https:\/\/volcanes.net\/wp-content\/uploads\/2017\/08\/Dengue-5-1-325x241.jpg","type":"image\/jpeg"}],"author":"admin","twitter_card":"summary_large_image","twitter_misc":{"Escrito por":"admin","Tiempo de lectura":"1 minuto"},"schema":{"@context":"https:\/\/schema.org","@graph":[{"@type":"Article","@id":"https:\/\/volcanes.net\/?p=103#article","isPartOf":{"@id":"https:\/\/volcanes.net\/?p=103"},"author":{"name":"admin","@id":"https:\/\/volcanes.net\/#\/schema\/person\/4bf0f383940966a4abd53f5048c0e6b9"},"headline":"Dengue baja 25% en el Edom\u00e9x","datePublished":"2017-08-15T12:47:13+00:00","mainEntityOfPage":{"@id":"https:\/\/volcanes.net\/?p=103"},"wordCount":261,"commentCount":0,"publisher":{"@id":"https:\/\/volcanes.net\/#organization"},"image":{"@id":"https:\/\/volcanes.net\/?p=103#primaryimage"},"thumbnailUrl":"https:\/\/volcanes.net\/wp-content\/uploads\/2017\/08\/Dengue-5-1-325x241.jpg","keywords":["Gobierno del Estado de M\u00e9xico"],"articleSection":["Estatales"],"inLanguage":"es","potentialAction":[{"@type":"CommentAction","name":"Comment","target":["https:\/\/volcanes.net\/?p=103#respond"]}]},{"@type":"WebPage","@id":"https:\/\/volcanes.net\/?p=103","url":"https:\/\/volcanes.net\/?p=103","name":"Dengue baja 25% en el Edom\u00e9x - Volcanes","isPartOf":{"@id":"https:\/\/volcanes.net\/#website"},"primaryImageOfPage":{"@id":"https:\/\/volcanes.net\/?p=103#primaryimage"},"image":{"@id":"https:\/\/volcanes.net\/?p=103#primaryimage"},"thumbnailUrl":"https:\/\/volcanes.net\/wp-content\/uploads\/2017\/08\/Dengue-5-1-325x241.jpg","datePublished":"2017-08-15T12:47:13+00:00","breadcrumb":{"@id":"https:\/\/volcanes.net\/?p=103#breadcrumb"},"inLanguage":"es","potentialAction":[{"@type":"ReadAction","target":["https:\/\/volcanes.net\/?p=103"]}]},{"@type":"ImageObject","inLanguage":"es","@id":"https:\/\/volcanes.net\/?p=103#primaryimage","url":"https:\/\/volcanes.net\/wp-content\/uploads\/2017\/08\/Dengue-5-1-325x241.jpg","contentUrl":"https:\/\/volcanes.net\/wp-content\/uploads\/2017\/08\/Dengue-5-1-325x241.jpg","width":325,"height":241},{"@type":"BreadcrumbList","@id":"https:\/\/volcanes.net\/?p=103#breadcrumb","itemListElement":[{"@type":"ListItem","position":1,"name":"Portada","item":"https:\/\/volcanes.net\/"},{"@type":"ListItem","position":2,"name":"Dengue baja 25% en el Edom\u00e9x"}]},{"@type":"WebSite","@id":"https:\/\/volcanes.net\/#website","url":"https:\/\/volcanes.net\/","name":"Volcanes.Net","description":"Periodismo Profesional","publisher":{"@id":"https:\/\/volcanes.net\/#organization"},"potentialAction":[{"@type":"SearchAction","target":{"@type":"EntryPoint","urlTemplate":"https:\/\/volcanes.net\/?s={search_term_string}"},"query-input":{"@type":"PropertyValueSpecification","valueRequired":true,"valueName":"search_term_string"}}],"inLanguage":"es"},{"@type":"Organization","@id":"https:\/\/volcanes.net\/#organization","name":"Grupo Volcanes","url":"https:\/\/volcanes.net\/","logo":{"@type":"ImageObject","inLanguage":"es","@id":"https:\/\/volcanes.net\/#\/schema\/logo\/image\/","url":"http:\/\/volcanes.net\/wp-content\/uploads\/2017\/12\/Avatar2.jpg","contentUrl":"http:\/\/volcanes.net\/wp-content\/uploads\/2017\/12\/Avatar2.jpg","width":378,"height":378,"caption":"Grupo Volcanes"},"image":{"@id":"https:\/\/volcanes.net\/#\/schema\/logo\/image\/"},"sameAs":["https:\/\/www.facebook.com\/volcanes.net\/"]},{"@type":"Person","@id":"https:\/\/volcanes.net\/#\/schema\/person\/4bf0f383940966a4abd53f5048c0e6b9","name":"admin","image":{"@type":"ImageObject","inLanguage":"es","@id":"https:\/\/volcanes.net\/#\/schema\/person\/image\/","url":"https:\/\/secure.gravatar.com\/avatar\/ca004e6cba8462b8cb7abc86e382930c?s=96&d=mm&r=g","contentUrl":"https:\/\/secure.gravatar.com\/avatar\/ca004e6cba8462b8cb7abc86e382930c?s=96&d=mm&r=g","caption":"admin"}}]}},"_links":{"self":[{"href":"https:\/\/volcanes.net\/index.php?rest_route=\/wp\/v2\/posts\/103"}],"collection":[{"href":"https:\/\/volcanes.net\/index.php?rest_route=\/wp\/v2\/posts"}],"about":[{"href":"https:\/\/volcanes.net\/index.php?rest_route=\/wp\/v2\/types\/post"}],"author":[{"embeddable":true,"href":"https:\/\/volcanes.net\/index.php?rest_route=\/wp\/v2\/users\/1"}],"replies":[{"embeddable":true,"href":"https:\/\/volcanes.net\/index.php?rest_route=%2Fwp%2Fv2%2Fcomments&post=103"}],"version-history":[{"count":1,"href":"https:\/\/volcanes.net\/index.php?rest_route=\/wp\/v2\/posts\/103\/revisions"}],"predecessor-version":[{"id":104,"href":"https:\/\/volcanes.net\/index.php?rest_route=\/wp\/v2\/posts\/103\/revisions\/104"}],"wp:featuredmedia":[{"embeddable":true,"href":"https:\/\/volcanes.net\/index.php?rest_route=\/wp\/v2\/media\/102"}],"wp:attachment":[{"href":"https:\/\/volcanes.net\/index.php?rest_route=%2Fwp%2Fv2%2Fmedia&parent=103"}],"wp:term":[{"taxonomy":"category","embeddable":true,"href":"https:\/\/volcanes.net\/index.php?rest_route=%2Fwp%2Fv2%2Fcategories&post=103"},{"taxonomy":"post_tag","embeddable":true,"href":"https:\/\/volcanes.net\/index.php?rest_route=%2Fwp%2Fv2%2Ftags&post=103"}],"curies":[{"name":"wp","href":"https:\/\/api.w.org\/{rel}","templated":true}]}}