{"id":10315,"date":"2021-03-02T19:47:29","date_gmt":"2021-03-03T01:47:29","guid":{"rendered":"http:\/\/volcanes.net\/?p=10315"},"modified":"2021-03-02T19:47:29","modified_gmt":"2021-03-03T01:47:29","slug":"detienen-a-dos-sujetos-por-robo-y-asesinato-de-dos-personas-en-tlalmanalco","status":"publish","type":"post","link":"https:\/\/volcanes.net\/?p=10315","title":{"rendered":"Detienen a dos sujetos por robo y asesinato de dos personas en Tlalmanalco"},"content":{"rendered":"<div style=\"margin-top: 0px; margin-bottom: 0px;\" class=\"sharethis-inline-share-buttons\" ><\/div><p>Tlalmanalco, Estado de M\u00e9xico.- Elementos de la Polic\u00eda de Investigaci\u00f3n de la Fiscal\u00eda Especializada de Homicidio Zona Oriente, de esta Fiscal\u00eda General de Justicia Estatal (FGJEM) aprehendieron a Jos\u00e9 David \u201cN\u201d de 31 a\u00f1os de edad y a Jonathan No\u00e9 \u201cN\u201d de 34 a\u00f1os, sujetos investigados por el delito de robo con la agravante de haber causado la muerte de dos personas, en este municipio.<\/p>\n<p>El 14 de febrero pasado los dos detenidos en complicidad con dos individuos m\u00e1s al parecer participaron en el robo de un veh\u00edculo de la marca Chevrolet, tipo Aveo, modelo 2015 y habr\u00edan causado la muerte a los tripulantes de dicho autom\u00f3vil.<\/p>\n<p>La indagatoria integrada por estos hechos permiti\u00f3 establecer que la tarde de ese d\u00eda ambas v\u00edctimas arribaron a bordo de un veh\u00edculo al paraje denominado La Luna, en el poblado de San Jos\u00e9 Zavaleta, en Tlalmanalco, donde fueron interceptados por cuatro personas.<\/p>\n<p>Jos\u00e9 David \u201cN\u201d y otro sujeto portaban armas de fuego con las que habr\u00edan amagado a los dos tripulantes de dicho veh\u00edculo, los ataron de las manos y los habr\u00edan obligado a entregarles las llaves de su unidad automotora. En tanto que Jonathan No\u00e9 \u201cN\u201d y otra persona realizaron labores de vigilancia.<\/p>\n<p>Cabe mencionar que estos individuos habr\u00edan disparado en contra de las v\u00edctimas, ocasion\u00e1ndoles la muerte, y luego huyeron del lugar a bordo del autom\u00f3vil robado.<\/p>\n<p>Esta Instituci\u00f3n tuvo conocimiento de los hechos por lo que fue integrada la carpeta de investigaci\u00f3n respectiva por el il\u00edcito de robo con la agravante de causar la muerte y con los datos de prueba recabados por Polic\u00edas de Investigaci\u00f3n (PDI), el Ministerio P\u00fablico solicit\u00f3 a un Juez librar una orden de aprehensi\u00f3n en contra de los probables part\u00edcipes.<\/p>\n<p>Ambos sujetos fueron aprehendidos e ingresados al Centro Penitenciario y de Reinserci\u00f3n Social de Chalco, donde quedaron a disposici\u00f3n de un Juez, autoridad que habr\u00e1 de determinar su situaci\u00f3n legal, sin embargo se les debe considerar inocentes hasta que sea dictada una sentencia condenatoria en su contra.<\/p>\n","protected":false},"excerpt":{"rendered":"<p>Tlalmanalco, Estado de M\u00e9xico.- Elementos de la Polic\u00eda de Investigaci\u00f3n de la Fiscal\u00eda Especializada de<\/p>\n","protected":false},"author":1,"featured_media":10316,"comment_status":"open","ping_status":"open","sticky":false,"template":"","format":"standard","meta":{"footnotes":""},"categories":[1],"tags":[81],"class_list":["post-10315","post","type-post","status-publish","format-standard","has-post-thumbnail","hentry","category-municipales","tag-tlalmanalco"],"yoast_head":"<!-- This site is optimized with the Yoast SEO plugin v25.3 - https:\/\/yoast.com\/wordpress\/plugins\/seo\/ -->\n<title>Detienen a dos sujetos por robo y asesinato de dos personas en Tlalmanalco - Volcanes<\/title>\n<meta name=\"robots\" content=\"index, follow, max-snippet:-1, max-image-preview:large, max-video-preview:-1\" \/>\n<link rel=\"canonical\" href=\"https:\/\/volcanes.net\/?p=10315\" \/>\n<meta property=\"og:locale\" content=\"es_MX\" \/>\n<meta property=\"og:type\" content=\"article\" \/>\n<meta property=\"og:title\" content=\"Detienen a dos sujetos por robo y asesinato de dos personas en Tlalmanalco - Volcanes\" \/>\n<meta property=\"og:description\" content=\"Tlalmanalco, Estado de M\u00e9xico.- Elementos de la Polic\u00eda de Investigaci\u00f3n de la Fiscal\u00eda Especializada de\" \/>\n<meta property=\"og:url\" content=\"https:\/\/volcanes.net\/?p=10315\" \/>\n<meta property=\"og:site_name\" content=\"Volcanes\" \/>\n<meta property=\"article:publisher\" content=\"https:\/\/www.facebook.com\/volcanes.net\/\" \/>\n<meta property=\"article:published_time\" content=\"2021-03-03T01:47:29+00:00\" \/>\n<meta property=\"og:image\" content=\"https:\/\/volcanes.net\/wp-content\/uploads\/2021\/03\/FOTO-C287.jpg\" \/>\n\t<meta property=\"og:image:width\" content=\"762\" \/>\n\t<meta property=\"og:image:height\" content=\"589\" \/>\n\t<meta property=\"og:image:type\" content=\"image\/jpeg\" \/>\n<meta name=\"author\" content=\"admin\" \/>\n<meta name=\"twitter:card\" content=\"summary_large_image\" \/>\n<meta name=\"twitter:label1\" content=\"Escrito por\" \/>\n\t<meta name=\"twitter:data1\" content=\"admin\" \/>\n\t<meta name=\"twitter:label2\" content=\"Tiempo de lectura\" \/>\n\t<meta name=\"twitter:data2\" content=\"2 minutos\" \/>\n<script type=\"application\/ld+json\" class=\"yoast-schema-graph\">{\"@context\":\"https:\/\/schema.org\",\"@graph\":[{\"@type\":\"Article\",\"@id\":\"https:\/\/volcanes.net\/?p=10315#article\",\"isPartOf\":{\"@id\":\"https:\/\/volcanes.net\/?p=10315\"},\"author\":{\"name\":\"admin\",\"@id\":\"https:\/\/volcanes.net\/#\/schema\/person\/4bf0f383940966a4abd53f5048c0e6b9\"},\"headline\":\"Detienen a dos sujetos por robo y asesinato de dos personas en Tlalmanalco\",\"datePublished\":\"2021-03-03T01:47:29+00:00\",\"mainEntityOfPage\":{\"@id\":\"https:\/\/volcanes.net\/?p=10315\"},\"wordCount\":374,\"commentCount\":0,\"publisher\":{\"@id\":\"https:\/\/volcanes.net\/#organization\"},\"image\":{\"@id\":\"https:\/\/volcanes.net\/?p=10315#primaryimage\"},\"thumbnailUrl\":\"https:\/\/volcanes.net\/wp-content\/uploads\/2021\/03\/FOTO-C287.jpg\",\"keywords\":[\"Tlalmanalco\"],\"articleSection\":[\"Municipales\"],\"inLanguage\":\"es\",\"potentialAction\":[{\"@type\":\"CommentAction\",\"name\":\"Comment\",\"target\":[\"https:\/\/volcanes.net\/?p=10315#respond\"]}]},{\"@type\":\"WebPage\",\"@id\":\"https:\/\/volcanes.net\/?p=10315\",\"url\":\"https:\/\/volcanes.net\/?p=10315\",\"name\":\"Detienen a dos sujetos por robo y asesinato de dos personas en Tlalmanalco - Volcanes\",\"isPartOf\":{\"@id\":\"https:\/\/volcanes.net\/#website\"},\"primaryImageOfPage\":{\"@id\":\"https:\/\/volcanes.net\/?p=10315#primaryimage\"},\"image\":{\"@id\":\"https:\/\/volcanes.net\/?p=10315#primaryimage\"},\"thumbnailUrl\":\"https:\/\/volcanes.net\/wp-content\/uploads\/2021\/03\/FOTO-C287.jpg\",\"datePublished\":\"2021-03-03T01:47:29+00:00\",\"breadcrumb\":{\"@id\":\"https:\/\/volcanes.net\/?p=10315#breadcrumb\"},\"inLanguage\":\"es\",\"potentialAction\":[{\"@type\":\"ReadAction\",\"target\":[\"https:\/\/volcanes.net\/?p=10315\"]}]},{\"@type\":\"ImageObject\",\"inLanguage\":\"es\",\"@id\":\"https:\/\/volcanes.net\/?p=10315#primaryimage\",\"url\":\"https:\/\/volcanes.net\/wp-content\/uploads\/2021\/03\/FOTO-C287.jpg\",\"contentUrl\":\"https:\/\/volcanes.net\/wp-content\/uploads\/2021\/03\/FOTO-C287.jpg\",\"width\":762,\"height\":589},{\"@type\":\"BreadcrumbList\",\"@id\":\"https:\/\/volcanes.net\/?p=10315#breadcrumb\",\"itemListElement\":[{\"@type\":\"ListItem\",\"position\":1,\"name\":\"Portada\",\"item\":\"https:\/\/volcanes.net\/\"},{\"@type\":\"ListItem\",\"position\":2,\"name\":\"Detienen a dos sujetos por robo y asesinato de dos personas en Tlalmanalco\"}]},{\"@type\":\"WebSite\",\"@id\":\"https:\/\/volcanes.net\/#website\",\"url\":\"https:\/\/volcanes.net\/\",\"name\":\"Volcanes.Net\",\"description\":\"Periodismo Profesional\",\"publisher\":{\"@id\":\"https:\/\/volcanes.net\/#organization\"},\"potentialAction\":[{\"@type\":\"SearchAction\",\"target\":{\"@type\":\"EntryPoint\",\"urlTemplate\":\"https:\/\/volcanes.net\/?s={search_term_string}\"},\"query-input\":{\"@type\":\"PropertyValueSpecification\",\"valueRequired\":true,\"valueName\":\"search_term_string\"}}],\"inLanguage\":\"es\"},{\"@type\":\"Organization\",\"@id\":\"https:\/\/volcanes.net\/#organization\",\"name\":\"Grupo Volcanes\",\"url\":\"https:\/\/volcanes.net\/\",\"logo\":{\"@type\":\"ImageObject\",\"inLanguage\":\"es\",\"@id\":\"https:\/\/volcanes.net\/#\/schema\/logo\/image\/\",\"url\":\"http:\/\/volcanes.net\/wp-content\/uploads\/2017\/12\/Avatar2.jpg\",\"contentUrl\":\"http:\/\/volcanes.net\/wp-content\/uploads\/2017\/12\/Avatar2.jpg\",\"width\":378,\"height\":378,\"caption\":\"Grupo Volcanes\"},\"image\":{\"@id\":\"https:\/\/volcanes.net\/#\/schema\/logo\/image\/\"},\"sameAs\":[\"https:\/\/www.facebook.com\/volcanes.net\/\"]},{\"@type\":\"Person\",\"@id\":\"https:\/\/volcanes.net\/#\/schema\/person\/4bf0f383940966a4abd53f5048c0e6b9\",\"name\":\"admin\",\"image\":{\"@type\":\"ImageObject\",\"inLanguage\":\"es\",\"@id\":\"https:\/\/volcanes.net\/#\/schema\/person\/image\/\",\"url\":\"https:\/\/secure.gravatar.com\/avatar\/ca004e6cba8462b8cb7abc86e382930c?s=96&d=mm&r=g\",\"contentUrl\":\"https:\/\/secure.gravatar.com\/avatar\/ca004e6cba8462b8cb7abc86e382930c?s=96&d=mm&r=g\",\"caption\":\"admin\"}}]}<\/script>\n<!-- \/ Yoast SEO plugin. -->","yoast_head_json":{"title":"Detienen a dos sujetos por robo y asesinato de dos personas en Tlalmanalco - Volcanes","robots":{"index":"index","follow":"follow","max-snippet":"max-snippet:-1","max-image-preview":"max-image-preview:large","max-video-preview":"max-video-preview:-1"},"canonical":"https:\/\/volcanes.net\/?p=10315","og_locale":"es_MX","og_type":"article","og_title":"Detienen a dos sujetos por robo y asesinato de dos personas en Tlalmanalco - Volcanes","og_description":"Tlalmanalco, Estado de M\u00e9xico.- Elementos de la Polic\u00eda de Investigaci\u00f3n de la Fiscal\u00eda Especializada de","og_url":"https:\/\/volcanes.net\/?p=10315","og_site_name":"Volcanes","article_publisher":"https:\/\/www.facebook.com\/volcanes.net\/","article_published_time":"2021-03-03T01:47:29+00:00","og_image":[{"width":762,"height":589,"url":"https:\/\/volcanes.net\/wp-content\/uploads\/2021\/03\/FOTO-C287.jpg","type":"image\/jpeg"}],"author":"admin","twitter_card":"summary_large_image","twitter_misc":{"Escrito por":"admin","Tiempo de lectura":"2 minutos"},"schema":{"@context":"https:\/\/schema.org","@graph":[{"@type":"Article","@id":"https:\/\/volcanes.net\/?p=10315#article","isPartOf":{"@id":"https:\/\/volcanes.net\/?p=10315"},"author":{"name":"admin","@id":"https:\/\/volcanes.net\/#\/schema\/person\/4bf0f383940966a4abd53f5048c0e6b9"},"headline":"Detienen a dos sujetos por robo y asesinato de dos personas en Tlalmanalco","datePublished":"2021-03-03T01:47:29+00:00","mainEntityOfPage":{"@id":"https:\/\/volcanes.net\/?p=10315"},"wordCount":374,"commentCount":0,"publisher":{"@id":"https:\/\/volcanes.net\/#organization"},"image":{"@id":"https:\/\/volcanes.net\/?p=10315#primaryimage"},"thumbnailUrl":"https:\/\/volcanes.net\/wp-content\/uploads\/2021\/03\/FOTO-C287.jpg","keywords":["Tlalmanalco"],"articleSection":["Municipales"],"inLanguage":"es","potentialAction":[{"@type":"CommentAction","name":"Comment","target":["https:\/\/volcanes.net\/?p=10315#respond"]}]},{"@type":"WebPage","@id":"https:\/\/volcanes.net\/?p=10315","url":"https:\/\/volcanes.net\/?p=10315","name":"Detienen a dos sujetos por robo y asesinato de dos personas en Tlalmanalco - Volcanes","isPartOf":{"@id":"https:\/\/volcanes.net\/#website"},"primaryImageOfPage":{"@id":"https:\/\/volcanes.net\/?p=10315#primaryimage"},"image":{"@id":"https:\/\/volcanes.net\/?p=10315#primaryimage"},"thumbnailUrl":"https:\/\/volcanes.net\/wp-content\/uploads\/2021\/03\/FOTO-C287.jpg","datePublished":"2021-03-03T01:47:29+00:00","breadcrumb":{"@id":"https:\/\/volcanes.net\/?p=10315#breadcrumb"},"inLanguage":"es","potentialAction":[{"@type":"ReadAction","target":["https:\/\/volcanes.net\/?p=10315"]}]},{"@type":"ImageObject","inLanguage":"es","@id":"https:\/\/volcanes.net\/?p=10315#primaryimage","url":"https:\/\/volcanes.net\/wp-content\/uploads\/2021\/03\/FOTO-C287.jpg","contentUrl":"https:\/\/volcanes.net\/wp-content\/uploads\/2021\/03\/FOTO-C287.jpg","width":762,"height":589},{"@type":"BreadcrumbList","@id":"https:\/\/volcanes.net\/?p=10315#breadcrumb","itemListElement":[{"@type":"ListItem","position":1,"name":"Portada","item":"https:\/\/volcanes.net\/"},{"@type":"ListItem","position":2,"name":"Detienen a dos sujetos por robo y asesinato de dos personas en Tlalmanalco"}]},{"@type":"WebSite","@id":"https:\/\/volcanes.net\/#website","url":"https:\/\/volcanes.net\/","name":"Volcanes.Net","description":"Periodismo Profesional","publisher":{"@id":"https:\/\/volcanes.net\/#organization"},"potentialAction":[{"@type":"SearchAction","target":{"@type":"EntryPoint","urlTemplate":"https:\/\/volcanes.net\/?s={search_term_string}"},"query-input":{"@type":"PropertyValueSpecification","valueRequired":true,"valueName":"search_term_string"}}],"inLanguage":"es"},{"@type":"Organization","@id":"https:\/\/volcanes.net\/#organization","name":"Grupo Volcanes","url":"https:\/\/volcanes.net\/","logo":{"@type":"ImageObject","inLanguage":"es","@id":"https:\/\/volcanes.net\/#\/schema\/logo\/image\/","url":"http:\/\/volcanes.net\/wp-content\/uploads\/2017\/12\/Avatar2.jpg","contentUrl":"http:\/\/volcanes.net\/wp-content\/uploads\/2017\/12\/Avatar2.jpg","width":378,"height":378,"caption":"Grupo Volcanes"},"image":{"@id":"https:\/\/volcanes.net\/#\/schema\/logo\/image\/"},"sameAs":["https:\/\/www.facebook.com\/volcanes.net\/"]},{"@type":"Person","@id":"https:\/\/volcanes.net\/#\/schema\/person\/4bf0f383940966a4abd53f5048c0e6b9","name":"admin","image":{"@type":"ImageObject","inLanguage":"es","@id":"https:\/\/volcanes.net\/#\/schema\/person\/image\/","url":"https:\/\/secure.gravatar.com\/avatar\/ca004e6cba8462b8cb7abc86e382930c?s=96&d=mm&r=g","contentUrl":"https:\/\/secure.gravatar.com\/avatar\/ca004e6cba8462b8cb7abc86e382930c?s=96&d=mm&r=g","caption":"admin"}}]}},"_links":{"self":[{"href":"https:\/\/volcanes.net\/index.php?rest_route=\/wp\/v2\/posts\/10315"}],"collection":[{"href":"https:\/\/volcanes.net\/index.php?rest_route=\/wp\/v2\/posts"}],"about":[{"href":"https:\/\/volcanes.net\/index.php?rest_route=\/wp\/v2\/types\/post"}],"author":[{"embeddable":true,"href":"https:\/\/volcanes.net\/index.php?rest_route=\/wp\/v2\/users\/1"}],"replies":[{"embeddable":true,"href":"https:\/\/volcanes.net\/index.php?rest_route=%2Fwp%2Fv2%2Fcomments&post=10315"}],"version-history":[{"count":1,"href":"https:\/\/volcanes.net\/index.php?rest_route=\/wp\/v2\/posts\/10315\/revisions"}],"predecessor-version":[{"id":10317,"href":"https:\/\/volcanes.net\/index.php?rest_route=\/wp\/v2\/posts\/10315\/revisions\/10317"}],"wp:featuredmedia":[{"embeddable":true,"href":"https:\/\/volcanes.net\/index.php?rest_route=\/wp\/v2\/media\/10316"}],"wp:attachment":[{"href":"https:\/\/volcanes.net\/index.php?rest_route=%2Fwp%2Fv2%2Fmedia&parent=10315"}],"wp:term":[{"taxonomy":"category","embeddable":true,"href":"https:\/\/volcanes.net\/index.php?rest_route=%2Fwp%2Fv2%2Fcategories&post=10315"},{"taxonomy":"post_tag","embeddable":true,"href":"https:\/\/volcanes.net\/index.php?rest_route=%2Fwp%2Fv2%2Ftags&post=10315"}],"curies":[{"name":"wp","href":"https:\/\/api.w.org\/{rel}","templated":true}]}}