{"id":10326,"date":"2021-03-03T09:53:21","date_gmt":"2021-03-03T15:53:21","guid":{"rendered":"http:\/\/volcanes.net\/?p=10326"},"modified":"2021-03-03T19:44:19","modified_gmt":"2021-03-04T01:44:19","slug":"pobladores-de-cocotitlan-continuan-inconformes-pese-a-la-firma-de-acuerdos-ante-la-falta-de-agua","status":"publish","type":"post","link":"https:\/\/volcanes.net\/?p=10326","title":{"rendered":"Pobladores de Cocotitl\u00e1n contin\u00faan inconformes pese a la firma de acuerdos ante la falta de agua"},"content":{"rendered":"<div style=\"margin-top: 0px; margin-bottom: 0px;\" class=\"sharethis-inline-share-buttons\" ><\/div><p style=\"text-align: justify;\"><strong>Cocotitl\u00e1n, Estado de M\u00e9xico.-\u00a0<\/strong>Tras el bloqueo que realizaron vecinos del municipio de Cocotitl\u00e1n el pasado fin de semana en\u00a0 la carretera Cocotitl\u00e1n-Temamatla en protesta contra la administraci\u00f3n municipal encabezada por Tom\u00e1s Su\u00e1rez, debido a que desde hace m\u00e1s de 15 d\u00edas no cuentan con el suministro de agua potable, contin\u00faan inconformes hasta el momento ante la falta del vital l\u00edquido.<\/p>\n<p style=\"text-align: justify;\">Pese a que ya se realiz\u00f3\u00a0 la firma de puntos\u00a0 de acuerdo entre el gobierno local representado por la S\u00edndico municipal y los inconformes para el restablecimiento del agua, los pobladores\u00a0se\u00f1alan que hasta que no se restablezca el suministro de agua, continuar\u00e1n las manifestaciones de inconformidad .<\/p>\n<p style=\"text-align: justify;\">Los quejosos se\u00f1alaron la falta de respeto por parte del alcalde Tom\u00e1s Su\u00e1rez, debido a que no estuvo presente\u00a0 en la asamblea\u00a0 para escuchar las quejas de los ciudadanos, lo que caus\u00f3 indignaci\u00f3n\u00a0 entre los pobladores, adem\u00e1s de que se\u00f1alan que hubo uso de la violencia ante la demanda de servicios, luego de que realizaran el bloqueo.<\/p>\n<p style=\"text-align: justify;\">Exigieron la apertura\u00a0 de las v\u00e1lvulas\u00a0 de agua en las diferentes comunidades para almacenarla en cubetas, ya que no cuentan con cisternas,\u00a0 adem\u00e1s, de que se les especifique los d\u00edas en que las pipas acudir\u00e1n en los lugares donde no existe\u00a0 red hidr\u00e1ulica de agua potable.<\/p>\n<p style=\"text-align: justify;\">\n","protected":false},"excerpt":{"rendered":"<p>Cocotitl\u00e1n, Estado de M\u00e9xico.-\u00a0Tras el bloqueo que realizaron vecinos del municipio de Cocotitl\u00e1n el pasado<\/p>\n","protected":false},"author":1,"featured_media":10327,"comment_status":"open","ping_status":"open","sticky":false,"template":"","format":"standard","meta":{"footnotes":""},"categories":[1],"tags":[13],"class_list":["post-10326","post","type-post","status-publish","format-standard","has-post-thumbnail","hentry","category-municipales","tag-cocotitlan"],"yoast_head":"<!-- This site is optimized with the Yoast SEO plugin v25.3 - https:\/\/yoast.com\/wordpress\/plugins\/seo\/ -->\n<title>Pobladores de Cocotitl\u00e1n contin\u00faan inconformes pese a la firma de acuerdos ante la falta de agua - Volcanes<\/title>\n<meta name=\"robots\" content=\"index, follow, max-snippet:-1, max-image-preview:large, max-video-preview:-1\" \/>\n<link rel=\"canonical\" href=\"https:\/\/volcanes.net\/?p=10326\" \/>\n<meta property=\"og:locale\" content=\"es_MX\" \/>\n<meta property=\"og:type\" content=\"article\" \/>\n<meta property=\"og:title\" content=\"Pobladores de Cocotitl\u00e1n contin\u00faan inconformes pese a la firma de acuerdos ante la falta de agua - Volcanes\" \/>\n<meta property=\"og:description\" content=\"Cocotitl\u00e1n, Estado de M\u00e9xico.-\u00a0Tras el bloqueo que realizaron vecinos del municipio de Cocotitl\u00e1n el pasado\" \/>\n<meta property=\"og:url\" content=\"https:\/\/volcanes.net\/?p=10326\" \/>\n<meta property=\"og:site_name\" content=\"Volcanes\" \/>\n<meta property=\"article:publisher\" content=\"https:\/\/www.facebook.com\/volcanes.net\/\" \/>\n<meta property=\"article:published_time\" content=\"2021-03-03T15:53:21+00:00\" \/>\n<meta property=\"article:modified_time\" content=\"2021-03-04T01:44:19+00:00\" \/>\n<meta property=\"og:image\" content=\"https:\/\/volcanes.net\/wp-content\/uploads\/2021\/03\/images-8.jpeg\" \/>\n\t<meta property=\"og:image:width\" content=\"709\" \/>\n\t<meta property=\"og:image:height\" content=\"433\" \/>\n\t<meta property=\"og:image:type\" content=\"image\/jpeg\" \/>\n<meta name=\"author\" content=\"admin\" \/>\n<meta name=\"twitter:card\" content=\"summary_large_image\" \/>\n<meta name=\"twitter:label1\" content=\"Escrito por\" \/>\n\t<meta name=\"twitter:data1\" content=\"admin\" \/>\n\t<meta name=\"twitter:label2\" content=\"Tiempo de lectura\" \/>\n\t<meta name=\"twitter:data2\" content=\"1 minuto\" \/>\n<script type=\"application\/ld+json\" class=\"yoast-schema-graph\">{\"@context\":\"https:\/\/schema.org\",\"@graph\":[{\"@type\":\"Article\",\"@id\":\"https:\/\/volcanes.net\/?p=10326#article\",\"isPartOf\":{\"@id\":\"https:\/\/volcanes.net\/?p=10326\"},\"author\":{\"name\":\"admin\",\"@id\":\"https:\/\/volcanes.net\/#\/schema\/person\/4bf0f383940966a4abd53f5048c0e6b9\"},\"headline\":\"Pobladores de Cocotitl\u00e1n contin\u00faan inconformes pese a la firma de acuerdos ante la falta de agua\",\"datePublished\":\"2021-03-03T15:53:21+00:00\",\"dateModified\":\"2021-03-04T01:44:19+00:00\",\"mainEntityOfPage\":{\"@id\":\"https:\/\/volcanes.net\/?p=10326\"},\"wordCount\":254,\"commentCount\":0,\"publisher\":{\"@id\":\"https:\/\/volcanes.net\/#organization\"},\"image\":{\"@id\":\"https:\/\/volcanes.net\/?p=10326#primaryimage\"},\"thumbnailUrl\":\"https:\/\/volcanes.net\/wp-content\/uploads\/2021\/03\/images-8.jpeg\",\"keywords\":[\"Cocotitl\u00e1n\"],\"articleSection\":[\"Municipales\"],\"inLanguage\":\"es\",\"potentialAction\":[{\"@type\":\"CommentAction\",\"name\":\"Comment\",\"target\":[\"https:\/\/volcanes.net\/?p=10326#respond\"]}]},{\"@type\":\"WebPage\",\"@id\":\"https:\/\/volcanes.net\/?p=10326\",\"url\":\"https:\/\/volcanes.net\/?p=10326\",\"name\":\"Pobladores de Cocotitl\u00e1n contin\u00faan inconformes pese a la firma de acuerdos ante la falta de agua - Volcanes\",\"isPartOf\":{\"@id\":\"https:\/\/volcanes.net\/#website\"},\"primaryImageOfPage\":{\"@id\":\"https:\/\/volcanes.net\/?p=10326#primaryimage\"},\"image\":{\"@id\":\"https:\/\/volcanes.net\/?p=10326#primaryimage\"},\"thumbnailUrl\":\"https:\/\/volcanes.net\/wp-content\/uploads\/2021\/03\/images-8.jpeg\",\"datePublished\":\"2021-03-03T15:53:21+00:00\",\"dateModified\":\"2021-03-04T01:44:19+00:00\",\"breadcrumb\":{\"@id\":\"https:\/\/volcanes.net\/?p=10326#breadcrumb\"},\"inLanguage\":\"es\",\"potentialAction\":[{\"@type\":\"ReadAction\",\"target\":[\"https:\/\/volcanes.net\/?p=10326\"]}]},{\"@type\":\"ImageObject\",\"inLanguage\":\"es\",\"@id\":\"https:\/\/volcanes.net\/?p=10326#primaryimage\",\"url\":\"https:\/\/volcanes.net\/wp-content\/uploads\/2021\/03\/images-8.jpeg\",\"contentUrl\":\"https:\/\/volcanes.net\/wp-content\/uploads\/2021\/03\/images-8.jpeg\",\"width\":709,\"height\":433},{\"@type\":\"BreadcrumbList\",\"@id\":\"https:\/\/volcanes.net\/?p=10326#breadcrumb\",\"itemListElement\":[{\"@type\":\"ListItem\",\"position\":1,\"name\":\"Portada\",\"item\":\"https:\/\/volcanes.net\/\"},{\"@type\":\"ListItem\",\"position\":2,\"name\":\"Pobladores de Cocotitl\u00e1n contin\u00faan inconformes pese a la firma de acuerdos ante la falta de agua\"}]},{\"@type\":\"WebSite\",\"@id\":\"https:\/\/volcanes.net\/#website\",\"url\":\"https:\/\/volcanes.net\/\",\"name\":\"Volcanes.Net\",\"description\":\"Periodismo Profesional\",\"publisher\":{\"@id\":\"https:\/\/volcanes.net\/#organization\"},\"potentialAction\":[{\"@type\":\"SearchAction\",\"target\":{\"@type\":\"EntryPoint\",\"urlTemplate\":\"https:\/\/volcanes.net\/?s={search_term_string}\"},\"query-input\":{\"@type\":\"PropertyValueSpecification\",\"valueRequired\":true,\"valueName\":\"search_term_string\"}}],\"inLanguage\":\"es\"},{\"@type\":\"Organization\",\"@id\":\"https:\/\/volcanes.net\/#organization\",\"name\":\"Grupo Volcanes\",\"url\":\"https:\/\/volcanes.net\/\",\"logo\":{\"@type\":\"ImageObject\",\"inLanguage\":\"es\",\"@id\":\"https:\/\/volcanes.net\/#\/schema\/logo\/image\/\",\"url\":\"http:\/\/volcanes.net\/wp-content\/uploads\/2017\/12\/Avatar2.jpg\",\"contentUrl\":\"http:\/\/volcanes.net\/wp-content\/uploads\/2017\/12\/Avatar2.jpg\",\"width\":378,\"height\":378,\"caption\":\"Grupo Volcanes\"},\"image\":{\"@id\":\"https:\/\/volcanes.net\/#\/schema\/logo\/image\/\"},\"sameAs\":[\"https:\/\/www.facebook.com\/volcanes.net\/\"]},{\"@type\":\"Person\",\"@id\":\"https:\/\/volcanes.net\/#\/schema\/person\/4bf0f383940966a4abd53f5048c0e6b9\",\"name\":\"admin\",\"image\":{\"@type\":\"ImageObject\",\"inLanguage\":\"es\",\"@id\":\"https:\/\/volcanes.net\/#\/schema\/person\/image\/\",\"url\":\"https:\/\/secure.gravatar.com\/avatar\/ca004e6cba8462b8cb7abc86e382930c?s=96&d=mm&r=g\",\"contentUrl\":\"https:\/\/secure.gravatar.com\/avatar\/ca004e6cba8462b8cb7abc86e382930c?s=96&d=mm&r=g\",\"caption\":\"admin\"}}]}<\/script>\n<!-- \/ Yoast SEO plugin. -->","yoast_head_json":{"title":"Pobladores de Cocotitl\u00e1n contin\u00faan inconformes pese a la firma de acuerdos ante la falta de agua - Volcanes","robots":{"index":"index","follow":"follow","max-snippet":"max-snippet:-1","max-image-preview":"max-image-preview:large","max-video-preview":"max-video-preview:-1"},"canonical":"https:\/\/volcanes.net\/?p=10326","og_locale":"es_MX","og_type":"article","og_title":"Pobladores de Cocotitl\u00e1n contin\u00faan inconformes pese a la firma de acuerdos ante la falta de agua - Volcanes","og_description":"Cocotitl\u00e1n, Estado de M\u00e9xico.-\u00a0Tras el bloqueo que realizaron vecinos del municipio de Cocotitl\u00e1n el pasado","og_url":"https:\/\/volcanes.net\/?p=10326","og_site_name":"Volcanes","article_publisher":"https:\/\/www.facebook.com\/volcanes.net\/","article_published_time":"2021-03-03T15:53:21+00:00","article_modified_time":"2021-03-04T01:44:19+00:00","og_image":[{"width":709,"height":433,"url":"https:\/\/volcanes.net\/wp-content\/uploads\/2021\/03\/images-8.jpeg","type":"image\/jpeg"}],"author":"admin","twitter_card":"summary_large_image","twitter_misc":{"Escrito por":"admin","Tiempo de lectura":"1 minuto"},"schema":{"@context":"https:\/\/schema.org","@graph":[{"@type":"Article","@id":"https:\/\/volcanes.net\/?p=10326#article","isPartOf":{"@id":"https:\/\/volcanes.net\/?p=10326"},"author":{"name":"admin","@id":"https:\/\/volcanes.net\/#\/schema\/person\/4bf0f383940966a4abd53f5048c0e6b9"},"headline":"Pobladores de Cocotitl\u00e1n contin\u00faan inconformes pese a la firma de acuerdos ante la falta de agua","datePublished":"2021-03-03T15:53:21+00:00","dateModified":"2021-03-04T01:44:19+00:00","mainEntityOfPage":{"@id":"https:\/\/volcanes.net\/?p=10326"},"wordCount":254,"commentCount":0,"publisher":{"@id":"https:\/\/volcanes.net\/#organization"},"image":{"@id":"https:\/\/volcanes.net\/?p=10326#primaryimage"},"thumbnailUrl":"https:\/\/volcanes.net\/wp-content\/uploads\/2021\/03\/images-8.jpeg","keywords":["Cocotitl\u00e1n"],"articleSection":["Municipales"],"inLanguage":"es","potentialAction":[{"@type":"CommentAction","name":"Comment","target":["https:\/\/volcanes.net\/?p=10326#respond"]}]},{"@type":"WebPage","@id":"https:\/\/volcanes.net\/?p=10326","url":"https:\/\/volcanes.net\/?p=10326","name":"Pobladores de Cocotitl\u00e1n contin\u00faan inconformes pese a la firma de acuerdos ante la falta de agua - Volcanes","isPartOf":{"@id":"https:\/\/volcanes.net\/#website"},"primaryImageOfPage":{"@id":"https:\/\/volcanes.net\/?p=10326#primaryimage"},"image":{"@id":"https:\/\/volcanes.net\/?p=10326#primaryimage"},"thumbnailUrl":"https:\/\/volcanes.net\/wp-content\/uploads\/2021\/03\/images-8.jpeg","datePublished":"2021-03-03T15:53:21+00:00","dateModified":"2021-03-04T01:44:19+00:00","breadcrumb":{"@id":"https:\/\/volcanes.net\/?p=10326#breadcrumb"},"inLanguage":"es","potentialAction":[{"@type":"ReadAction","target":["https:\/\/volcanes.net\/?p=10326"]}]},{"@type":"ImageObject","inLanguage":"es","@id":"https:\/\/volcanes.net\/?p=10326#primaryimage","url":"https:\/\/volcanes.net\/wp-content\/uploads\/2021\/03\/images-8.jpeg","contentUrl":"https:\/\/volcanes.net\/wp-content\/uploads\/2021\/03\/images-8.jpeg","width":709,"height":433},{"@type":"BreadcrumbList","@id":"https:\/\/volcanes.net\/?p=10326#breadcrumb","itemListElement":[{"@type":"ListItem","position":1,"name":"Portada","item":"https:\/\/volcanes.net\/"},{"@type":"ListItem","position":2,"name":"Pobladores de Cocotitl\u00e1n contin\u00faan inconformes pese a la firma de acuerdos ante la falta de agua"}]},{"@type":"WebSite","@id":"https:\/\/volcanes.net\/#website","url":"https:\/\/volcanes.net\/","name":"Volcanes.Net","description":"Periodismo Profesional","publisher":{"@id":"https:\/\/volcanes.net\/#organization"},"potentialAction":[{"@type":"SearchAction","target":{"@type":"EntryPoint","urlTemplate":"https:\/\/volcanes.net\/?s={search_term_string}"},"query-input":{"@type":"PropertyValueSpecification","valueRequired":true,"valueName":"search_term_string"}}],"inLanguage":"es"},{"@type":"Organization","@id":"https:\/\/volcanes.net\/#organization","name":"Grupo Volcanes","url":"https:\/\/volcanes.net\/","logo":{"@type":"ImageObject","inLanguage":"es","@id":"https:\/\/volcanes.net\/#\/schema\/logo\/image\/","url":"http:\/\/volcanes.net\/wp-content\/uploads\/2017\/12\/Avatar2.jpg","contentUrl":"http:\/\/volcanes.net\/wp-content\/uploads\/2017\/12\/Avatar2.jpg","width":378,"height":378,"caption":"Grupo Volcanes"},"image":{"@id":"https:\/\/volcanes.net\/#\/schema\/logo\/image\/"},"sameAs":["https:\/\/www.facebook.com\/volcanes.net\/"]},{"@type":"Person","@id":"https:\/\/volcanes.net\/#\/schema\/person\/4bf0f383940966a4abd53f5048c0e6b9","name":"admin","image":{"@type":"ImageObject","inLanguage":"es","@id":"https:\/\/volcanes.net\/#\/schema\/person\/image\/","url":"https:\/\/secure.gravatar.com\/avatar\/ca004e6cba8462b8cb7abc86e382930c?s=96&d=mm&r=g","contentUrl":"https:\/\/secure.gravatar.com\/avatar\/ca004e6cba8462b8cb7abc86e382930c?s=96&d=mm&r=g","caption":"admin"}}]}},"_links":{"self":[{"href":"https:\/\/volcanes.net\/index.php?rest_route=\/wp\/v2\/posts\/10326"}],"collection":[{"href":"https:\/\/volcanes.net\/index.php?rest_route=\/wp\/v2\/posts"}],"about":[{"href":"https:\/\/volcanes.net\/index.php?rest_route=\/wp\/v2\/types\/post"}],"author":[{"embeddable":true,"href":"https:\/\/volcanes.net\/index.php?rest_route=\/wp\/v2\/users\/1"}],"replies":[{"embeddable":true,"href":"https:\/\/volcanes.net\/index.php?rest_route=%2Fwp%2Fv2%2Fcomments&post=10326"}],"version-history":[{"count":4,"href":"https:\/\/volcanes.net\/index.php?rest_route=\/wp\/v2\/posts\/10326\/revisions"}],"predecessor-version":[{"id":10347,"href":"https:\/\/volcanes.net\/index.php?rest_route=\/wp\/v2\/posts\/10326\/revisions\/10347"}],"wp:featuredmedia":[{"embeddable":true,"href":"https:\/\/volcanes.net\/index.php?rest_route=\/wp\/v2\/media\/10327"}],"wp:attachment":[{"href":"https:\/\/volcanes.net\/index.php?rest_route=%2Fwp%2Fv2%2Fmedia&parent=10326"}],"wp:term":[{"taxonomy":"category","embeddable":true,"href":"https:\/\/volcanes.net\/index.php?rest_route=%2Fwp%2Fv2%2Fcategories&post=10326"},{"taxonomy":"post_tag","embeddable":true,"href":"https:\/\/volcanes.net\/index.php?rest_route=%2Fwp%2Fv2%2Ftags&post=10326"}],"curies":[{"name":"wp","href":"https:\/\/api.w.org\/{rel}","templated":true}]}}