{"id":1036,"date":"2018-02-05T01:43:58","date_gmt":"2018-02-05T01:43:58","guid":{"rendered":"http:\/\/volcanes.net\/?p=1036"},"modified":"2018-02-05T01:43:58","modified_gmt":"2018-02-05T01:43:58","slug":"celebra-gem-centenario-del-natalicio-de-luis-nishizawa-flores","status":"publish","type":"post","link":"https:\/\/volcanes.net\/?p=1036","title":{"rendered":"Celebra GEM centenario del natalicio de Luis Nishizawa Flores"},"content":{"rendered":"<div style=\"margin-top: 0px; margin-bottom: 0px;\" class=\"sharethis-inline-share-buttons\" ><\/div><p>Este 2018 se viste de fiesta al celebrar los 100 a\u00f1os del nacimiento de unos de los m\u00e1s sobresalientes artistas que ha regalado al mundo la entidad: Luis Nishizawa Flores.<\/p>\n<p>&nbsp;<\/p>\n<p>Para recordarlo, autoridades de la Secretar\u00eda de Cultura estatal, Ivett Tinoco Garc\u00eda, Directora de Patrimonio y Servicios Culturales, Lourdes Malag\u00f3n Ab\u00edn, Directora del Museo-Taller \u201cLuis Nishizawa\u201d, y sus hijos Luis y Gabriel, as\u00ed como su hija Adriana, se reunieron en el espacio que lleva su nombre, previo a la inauguraci\u00f3n de la exposici\u00f3n \u201cNishizawa \u00edntimo\u201d.<\/p>\n<p>&nbsp;<\/p>\n<p>La emoci\u00f3n al recordar a su padre entrecort\u00f3 la voz de los hijos del artista mexiquense, quienes compartieron con los presentes, im\u00e1genes personales, recuerdos, el dolor de su ausencia y parte de la vida del pintor, as\u00ed como pasajes al lado de quien fuera su compa\u00f1era de vida, Eva Zepeda Garc\u00eda.<\/p>\n<p>&nbsp;<\/p>\n<p>\u201cLo m\u00e1s importante de mencionar sobre \u00e9l, es que predomin\u00f3 su esp\u00edritu aventurero y so\u00f1ador, su tenacidad y su sencillez, cualidades que lo llevaron a alcanzar su m\u00e1s grande sue\u00f1o: perdurar en el tiempo\u201d, coment\u00f3 Luis Nishizawa hijo.<\/p>\n<p>&nbsp;<\/p>\n<p>De igual forma, Adriana agreg\u00f3: \u201cestoy segura que mi papi est\u00e1 presente entre nosotros, porque en cada una de sus obras, \u00e9l dej\u00f3 impregnada una peque\u00f1a parte de su alma y de su coraz\u00f3n\u201d.<\/p>\n<p>&nbsp;<\/p>\n<p>Por su parte, Ivett Tinoco Garc\u00eda agradeci\u00f3 la confianza de la familia al compartir las obras que muestran a Nishizawa \u00edntimo, al tiempo que reafirm\u00f3 el compromiso, en nombre del Gobierno estatal, de seguir contribuyendo a que todas las manifestaciones art\u00edsticas tengan eco en la cohesi\u00f3n social y sean aliciente de nuevos talentos o creadores que logren, a trav\u00e9s su arte, cambiar vidas.<\/p>\n<p>&nbsp;<\/p>\n<p>Posteriormente, inauguraron la exposici\u00f3n \u201cNishizawa \u00edntimo\u201d, que est\u00e1 compuesta por una selecci\u00f3n de 134 obras, provenientes del acervo de la familia Nishizawa, en la cual se aprecia la fusi\u00f3n de sus ra\u00edces mexicanas y japonesas.<\/p>\n<p>&nbsp;<\/p>\n<p>Las piezas est\u00e1n realizadas en diversas t\u00e9cnicas como l\u00e1piz sobre papel, \u00f3leo sobre tela y madera, temple, carboncillo, acr\u00edlico y mixta sobre madera, as\u00ed como algunas fotograf\u00edas, medallas y reconocimientos, mismos que comprenden m\u00e1s de 70 a\u00f1os de su fecunda producci\u00f3n art\u00edstica.<\/p>\n<p>&nbsp;<\/p>\n<p>Aunado a esta muestra, que estar\u00e1 abierta al p\u00fablico hasta el 26 de agosto, se llevar\u00e1n a cabo actividades como charlas y recitales mensuales para que los visitantes puedan seguir conociendo el contexto, vida y obra de legendario Luis Nishizawa Flores, nacido en la hacienda de San Mateo, Cuautitl\u00e1n, Estado de M\u00e9xico el 2 de febrero de 1918.<\/p>\n<p>&nbsp;<\/p>\n<p>El Museo-Taller \u201cLuis Nishizawa\u201d est\u00e1 ubicado en Calle Nicol\u00e1s Bravo Sur #305, Col. Centro, Toluca, Estado de M\u00e9xico, con un horario de atenci\u00f3n al p\u00fablico de martes a s\u00e1bado, de 10:00 a 18:00 hrs.<\/p>\n","protected":false},"excerpt":{"rendered":"<p>Este 2018 se viste de fiesta al celebrar los 100 a\u00f1os del nacimiento de unos<\/p>\n","protected":false},"author":1,"featured_media":1031,"comment_status":"open","ping_status":"open","sticky":false,"template":"","format":"standard","meta":{"footnotes":""},"categories":[3],"tags":[4,41],"class_list":["post-1036","post","type-post","status-publish","format-standard","has-post-thumbnail","hentry","category-estatales","tag-gobierno-del-estado-de-mexico","tag-toluca"],"yoast_head":"<!-- This site is optimized with the Yoast SEO plugin v25.3 - https:\/\/yoast.com\/wordpress\/plugins\/seo\/ -->\n<title>Celebra GEM centenario del natalicio de Luis Nishizawa Flores - Volcanes<\/title>\n<meta name=\"robots\" content=\"index, follow, max-snippet:-1, max-image-preview:large, max-video-preview:-1\" \/>\n<link rel=\"canonical\" href=\"https:\/\/volcanes.net\/?p=1036\" \/>\n<meta property=\"og:locale\" content=\"es_MX\" \/>\n<meta property=\"og:type\" content=\"article\" \/>\n<meta property=\"og:title\" content=\"Celebra GEM centenario del natalicio de Luis Nishizawa Flores - Volcanes\" \/>\n<meta property=\"og:description\" content=\"Este 2018 se viste de fiesta al celebrar los 100 a\u00f1os del nacimiento de unos\" \/>\n<meta property=\"og:url\" content=\"https:\/\/volcanes.net\/?p=1036\" \/>\n<meta property=\"og:site_name\" content=\"Volcanes\" \/>\n<meta property=\"article:publisher\" content=\"https:\/\/www.facebook.com\/volcanes.net\/\" \/>\n<meta property=\"article:published_time\" content=\"2018-02-05T01:43:58+00:00\" \/>\n<meta property=\"og:image\" content=\"https:\/\/volcanes.net\/wp-content\/uploads\/2018\/02\/nishizawa.jpg\" \/>\n\t<meta property=\"og:image:width\" content=\"400\" \/>\n\t<meta property=\"og:image:height\" content=\"200\" \/>\n\t<meta property=\"og:image:type\" content=\"image\/jpeg\" \/>\n<meta name=\"author\" content=\"admin\" \/>\n<meta name=\"twitter:card\" content=\"summary_large_image\" \/>\n<meta name=\"twitter:label1\" content=\"Escrito por\" \/>\n\t<meta name=\"twitter:data1\" content=\"admin\" \/>\n\t<meta name=\"twitter:label2\" content=\"Tiempo de lectura\" \/>\n\t<meta name=\"twitter:data2\" content=\"2 minutos\" \/>\n<script type=\"application\/ld+json\" class=\"yoast-schema-graph\">{\"@context\":\"https:\/\/schema.org\",\"@graph\":[{\"@type\":\"Article\",\"@id\":\"https:\/\/volcanes.net\/?p=1036#article\",\"isPartOf\":{\"@id\":\"https:\/\/volcanes.net\/?p=1036\"},\"author\":{\"name\":\"admin\",\"@id\":\"https:\/\/volcanes.net\/#\/schema\/person\/4bf0f383940966a4abd53f5048c0e6b9\"},\"headline\":\"Celebra GEM centenario del natalicio de Luis Nishizawa Flores\",\"datePublished\":\"2018-02-05T01:43:58+00:00\",\"mainEntityOfPage\":{\"@id\":\"https:\/\/volcanes.net\/?p=1036\"},\"wordCount\":493,\"commentCount\":0,\"publisher\":{\"@id\":\"https:\/\/volcanes.net\/#organization\"},\"image\":{\"@id\":\"https:\/\/volcanes.net\/?p=1036#primaryimage\"},\"thumbnailUrl\":\"https:\/\/volcanes.net\/wp-content\/uploads\/2018\/02\/nishizawa.jpg\",\"keywords\":[\"Gobierno del Estado de M\u00e9xico\",\"Toluca\"],\"articleSection\":[\"Estatales\"],\"inLanguage\":\"es\",\"potentialAction\":[{\"@type\":\"CommentAction\",\"name\":\"Comment\",\"target\":[\"https:\/\/volcanes.net\/?p=1036#respond\"]}]},{\"@type\":\"WebPage\",\"@id\":\"https:\/\/volcanes.net\/?p=1036\",\"url\":\"https:\/\/volcanes.net\/?p=1036\",\"name\":\"Celebra GEM centenario del natalicio de Luis Nishizawa Flores - Volcanes\",\"isPartOf\":{\"@id\":\"https:\/\/volcanes.net\/#website\"},\"primaryImageOfPage\":{\"@id\":\"https:\/\/volcanes.net\/?p=1036#primaryimage\"},\"image\":{\"@id\":\"https:\/\/volcanes.net\/?p=1036#primaryimage\"},\"thumbnailUrl\":\"https:\/\/volcanes.net\/wp-content\/uploads\/2018\/02\/nishizawa.jpg\",\"datePublished\":\"2018-02-05T01:43:58+00:00\",\"breadcrumb\":{\"@id\":\"https:\/\/volcanes.net\/?p=1036#breadcrumb\"},\"inLanguage\":\"es\",\"potentialAction\":[{\"@type\":\"ReadAction\",\"target\":[\"https:\/\/volcanes.net\/?p=1036\"]}]},{\"@type\":\"ImageObject\",\"inLanguage\":\"es\",\"@id\":\"https:\/\/volcanes.net\/?p=1036#primaryimage\",\"url\":\"https:\/\/volcanes.net\/wp-content\/uploads\/2018\/02\/nishizawa.jpg\",\"contentUrl\":\"https:\/\/volcanes.net\/wp-content\/uploads\/2018\/02\/nishizawa.jpg\",\"width\":400,\"height\":200},{\"@type\":\"BreadcrumbList\",\"@id\":\"https:\/\/volcanes.net\/?p=1036#breadcrumb\",\"itemListElement\":[{\"@type\":\"ListItem\",\"position\":1,\"name\":\"Portada\",\"item\":\"https:\/\/volcanes.net\/\"},{\"@type\":\"ListItem\",\"position\":2,\"name\":\"Celebra GEM centenario del natalicio de Luis Nishizawa Flores\"}]},{\"@type\":\"WebSite\",\"@id\":\"https:\/\/volcanes.net\/#website\",\"url\":\"https:\/\/volcanes.net\/\",\"name\":\"Volcanes.Net\",\"description\":\"Periodismo Profesional\",\"publisher\":{\"@id\":\"https:\/\/volcanes.net\/#organization\"},\"potentialAction\":[{\"@type\":\"SearchAction\",\"target\":{\"@type\":\"EntryPoint\",\"urlTemplate\":\"https:\/\/volcanes.net\/?s={search_term_string}\"},\"query-input\":{\"@type\":\"PropertyValueSpecification\",\"valueRequired\":true,\"valueName\":\"search_term_string\"}}],\"inLanguage\":\"es\"},{\"@type\":\"Organization\",\"@id\":\"https:\/\/volcanes.net\/#organization\",\"name\":\"Grupo Volcanes\",\"url\":\"https:\/\/volcanes.net\/\",\"logo\":{\"@type\":\"ImageObject\",\"inLanguage\":\"es\",\"@id\":\"https:\/\/volcanes.net\/#\/schema\/logo\/image\/\",\"url\":\"http:\/\/volcanes.net\/wp-content\/uploads\/2017\/12\/Avatar2.jpg\",\"contentUrl\":\"http:\/\/volcanes.net\/wp-content\/uploads\/2017\/12\/Avatar2.jpg\",\"width\":378,\"height\":378,\"caption\":\"Grupo Volcanes\"},\"image\":{\"@id\":\"https:\/\/volcanes.net\/#\/schema\/logo\/image\/\"},\"sameAs\":[\"https:\/\/www.facebook.com\/volcanes.net\/\"]},{\"@type\":\"Person\",\"@id\":\"https:\/\/volcanes.net\/#\/schema\/person\/4bf0f383940966a4abd53f5048c0e6b9\",\"name\":\"admin\",\"image\":{\"@type\":\"ImageObject\",\"inLanguage\":\"es\",\"@id\":\"https:\/\/volcanes.net\/#\/schema\/person\/image\/\",\"url\":\"https:\/\/secure.gravatar.com\/avatar\/ca004e6cba8462b8cb7abc86e382930c?s=96&d=mm&r=g\",\"contentUrl\":\"https:\/\/secure.gravatar.com\/avatar\/ca004e6cba8462b8cb7abc86e382930c?s=96&d=mm&r=g\",\"caption\":\"admin\"}}]}<\/script>\n<!-- \/ Yoast SEO plugin. -->","yoast_head_json":{"title":"Celebra GEM centenario del natalicio de Luis Nishizawa Flores - Volcanes","robots":{"index":"index","follow":"follow","max-snippet":"max-snippet:-1","max-image-preview":"max-image-preview:large","max-video-preview":"max-video-preview:-1"},"canonical":"https:\/\/volcanes.net\/?p=1036","og_locale":"es_MX","og_type":"article","og_title":"Celebra GEM centenario del natalicio de Luis Nishizawa Flores - Volcanes","og_description":"Este 2018 se viste de fiesta al celebrar los 100 a\u00f1os del nacimiento de unos","og_url":"https:\/\/volcanes.net\/?p=1036","og_site_name":"Volcanes","article_publisher":"https:\/\/www.facebook.com\/volcanes.net\/","article_published_time":"2018-02-05T01:43:58+00:00","og_image":[{"width":400,"height":200,"url":"https:\/\/volcanes.net\/wp-content\/uploads\/2018\/02\/nishizawa.jpg","type":"image\/jpeg"}],"author":"admin","twitter_card":"summary_large_image","twitter_misc":{"Escrito por":"admin","Tiempo de lectura":"2 minutos"},"schema":{"@context":"https:\/\/schema.org","@graph":[{"@type":"Article","@id":"https:\/\/volcanes.net\/?p=1036#article","isPartOf":{"@id":"https:\/\/volcanes.net\/?p=1036"},"author":{"name":"admin","@id":"https:\/\/volcanes.net\/#\/schema\/person\/4bf0f383940966a4abd53f5048c0e6b9"},"headline":"Celebra GEM centenario del natalicio de Luis Nishizawa Flores","datePublished":"2018-02-05T01:43:58+00:00","mainEntityOfPage":{"@id":"https:\/\/volcanes.net\/?p=1036"},"wordCount":493,"commentCount":0,"publisher":{"@id":"https:\/\/volcanes.net\/#organization"},"image":{"@id":"https:\/\/volcanes.net\/?p=1036#primaryimage"},"thumbnailUrl":"https:\/\/volcanes.net\/wp-content\/uploads\/2018\/02\/nishizawa.jpg","keywords":["Gobierno del Estado de M\u00e9xico","Toluca"],"articleSection":["Estatales"],"inLanguage":"es","potentialAction":[{"@type":"CommentAction","name":"Comment","target":["https:\/\/volcanes.net\/?p=1036#respond"]}]},{"@type":"WebPage","@id":"https:\/\/volcanes.net\/?p=1036","url":"https:\/\/volcanes.net\/?p=1036","name":"Celebra GEM centenario del natalicio de Luis Nishizawa Flores - Volcanes","isPartOf":{"@id":"https:\/\/volcanes.net\/#website"},"primaryImageOfPage":{"@id":"https:\/\/volcanes.net\/?p=1036#primaryimage"},"image":{"@id":"https:\/\/volcanes.net\/?p=1036#primaryimage"},"thumbnailUrl":"https:\/\/volcanes.net\/wp-content\/uploads\/2018\/02\/nishizawa.jpg","datePublished":"2018-02-05T01:43:58+00:00","breadcrumb":{"@id":"https:\/\/volcanes.net\/?p=1036#breadcrumb"},"inLanguage":"es","potentialAction":[{"@type":"ReadAction","target":["https:\/\/volcanes.net\/?p=1036"]}]},{"@type":"ImageObject","inLanguage":"es","@id":"https:\/\/volcanes.net\/?p=1036#primaryimage","url":"https:\/\/volcanes.net\/wp-content\/uploads\/2018\/02\/nishizawa.jpg","contentUrl":"https:\/\/volcanes.net\/wp-content\/uploads\/2018\/02\/nishizawa.jpg","width":400,"height":200},{"@type":"BreadcrumbList","@id":"https:\/\/volcanes.net\/?p=1036#breadcrumb","itemListElement":[{"@type":"ListItem","position":1,"name":"Portada","item":"https:\/\/volcanes.net\/"},{"@type":"ListItem","position":2,"name":"Celebra GEM centenario del natalicio de Luis Nishizawa Flores"}]},{"@type":"WebSite","@id":"https:\/\/volcanes.net\/#website","url":"https:\/\/volcanes.net\/","name":"Volcanes.Net","description":"Periodismo Profesional","publisher":{"@id":"https:\/\/volcanes.net\/#organization"},"potentialAction":[{"@type":"SearchAction","target":{"@type":"EntryPoint","urlTemplate":"https:\/\/volcanes.net\/?s={search_term_string}"},"query-input":{"@type":"PropertyValueSpecification","valueRequired":true,"valueName":"search_term_string"}}],"inLanguage":"es"},{"@type":"Organization","@id":"https:\/\/volcanes.net\/#organization","name":"Grupo Volcanes","url":"https:\/\/volcanes.net\/","logo":{"@type":"ImageObject","inLanguage":"es","@id":"https:\/\/volcanes.net\/#\/schema\/logo\/image\/","url":"http:\/\/volcanes.net\/wp-content\/uploads\/2017\/12\/Avatar2.jpg","contentUrl":"http:\/\/volcanes.net\/wp-content\/uploads\/2017\/12\/Avatar2.jpg","width":378,"height":378,"caption":"Grupo Volcanes"},"image":{"@id":"https:\/\/volcanes.net\/#\/schema\/logo\/image\/"},"sameAs":["https:\/\/www.facebook.com\/volcanes.net\/"]},{"@type":"Person","@id":"https:\/\/volcanes.net\/#\/schema\/person\/4bf0f383940966a4abd53f5048c0e6b9","name":"admin","image":{"@type":"ImageObject","inLanguage":"es","@id":"https:\/\/volcanes.net\/#\/schema\/person\/image\/","url":"https:\/\/secure.gravatar.com\/avatar\/ca004e6cba8462b8cb7abc86e382930c?s=96&d=mm&r=g","contentUrl":"https:\/\/secure.gravatar.com\/avatar\/ca004e6cba8462b8cb7abc86e382930c?s=96&d=mm&r=g","caption":"admin"}}]}},"_links":{"self":[{"href":"https:\/\/volcanes.net\/index.php?rest_route=\/wp\/v2\/posts\/1036"}],"collection":[{"href":"https:\/\/volcanes.net\/index.php?rest_route=\/wp\/v2\/posts"}],"about":[{"href":"https:\/\/volcanes.net\/index.php?rest_route=\/wp\/v2\/types\/post"}],"author":[{"embeddable":true,"href":"https:\/\/volcanes.net\/index.php?rest_route=\/wp\/v2\/users\/1"}],"replies":[{"embeddable":true,"href":"https:\/\/volcanes.net\/index.php?rest_route=%2Fwp%2Fv2%2Fcomments&post=1036"}],"version-history":[{"count":1,"href":"https:\/\/volcanes.net\/index.php?rest_route=\/wp\/v2\/posts\/1036\/revisions"}],"predecessor-version":[{"id":1037,"href":"https:\/\/volcanes.net\/index.php?rest_route=\/wp\/v2\/posts\/1036\/revisions\/1037"}],"wp:featuredmedia":[{"embeddable":true,"href":"https:\/\/volcanes.net\/index.php?rest_route=\/wp\/v2\/media\/1031"}],"wp:attachment":[{"href":"https:\/\/volcanes.net\/index.php?rest_route=%2Fwp%2Fv2%2Fmedia&parent=1036"}],"wp:term":[{"taxonomy":"category","embeddable":true,"href":"https:\/\/volcanes.net\/index.php?rest_route=%2Fwp%2Fv2%2Fcategories&post=1036"},{"taxonomy":"post_tag","embeddable":true,"href":"https:\/\/volcanes.net\/index.php?rest_route=%2Fwp%2Fv2%2Ftags&post=1036"}],"curies":[{"name":"wp","href":"https:\/\/api.w.org\/{rel}","templated":true}]}}