{"id":10381,"date":"2021-03-05T17:07:18","date_gmt":"2021-03-05T23:07:18","guid":{"rendered":"http:\/\/volcanes.net\/?p=10381"},"modified":"2021-03-05T17:07:18","modified_gmt":"2021-03-05T23:07:18","slug":"gobierno-de-amecameca-entrega-instalaciones-a-elementos-de-la-policia-municipal","status":"publish","type":"post","link":"https:\/\/volcanes.net\/?p=10381","title":{"rendered":"Gobierno de Amecameca entrega instalaciones a elementos de la Polic\u00eda Municipal"},"content":{"rendered":"<div style=\"margin-top: 0px; margin-bottom: 0px;\" class=\"sharethis-inline-share-buttons\" ><\/div><p><strong>Amecameca, Estado de M\u00e9xico<\/strong>.- Las nuevas instalaciones de la Direcci\u00f3n de Seguridad Ciudadana dan pie a una polic\u00eda tecnol\u00f3gica y de proximidad social, y que al sumarse a la certificaci\u00f3n del cien por ciento de sus elementos, dan certidumbre a la sociedad amecamequense de que cuentan con una polic\u00eda totalmente actualizada, equipada y certificada, afirm\u00f3 el Presidente Municipal Miguel \u00c1ngel Salom\u00f3n Cort\u00e9s durante la inauguraci\u00f3n del edificio que a partir de hoy ocupar\u00e1 la polic\u00eda municipal.<\/p>\n<p>Acompa\u00f1ado por los integrantes del Ayuntamiento, el Comisario Municipal Armando Acebo Ortiz, y elementos de la polic\u00eda municipal, el Alcalde refiri\u00f3 que esta inversi\u00f3n en la adecuaci\u00f3n funcional era un hecho sin precedentes ya que durante d\u00e9cadas ning\u00fan gobierno municipal se hab\u00eda preocupado por darle unas instalaciones dignas a los elementos de la polic\u00eda local y esta falta de atenci\u00f3n solo marcaba un atraso significativo en la labor policial.<\/p>\n<p>Adem\u00e1s reconoci\u00f3 p\u00fablicamente el esmero y trabajo de la polic\u00eda municipal que han dado como resultado la disminuci\u00f3n en 2020 del 25 por ciento en el delito de robo, en comparaci\u00f3n con el 2019.<\/p>\n","protected":false},"excerpt":{"rendered":"<p>Amecameca, Estado de M\u00e9xico.- Las nuevas instalaciones de la Direcci\u00f3n de Seguridad Ciudadana dan pie<\/p>\n","protected":false},"author":1,"featured_media":10382,"comment_status":"open","ping_status":"open","sticky":false,"template":"","format":"standard","meta":{"footnotes":""},"categories":[1],"tags":[7],"class_list":["post-10381","post","type-post","status-publish","format-standard","has-post-thumbnail","hentry","category-municipales","tag-amecameca"],"yoast_head":"<!-- This site is optimized with the Yoast SEO plugin v25.3 - https:\/\/yoast.com\/wordpress\/plugins\/seo\/ -->\n<title>Gobierno de Amecameca entrega instalaciones a elementos de la Polic\u00eda Municipal - Volcanes<\/title>\n<meta name=\"robots\" content=\"index, follow, max-snippet:-1, max-image-preview:large, max-video-preview:-1\" \/>\n<link rel=\"canonical\" href=\"https:\/\/volcanes.net\/?p=10381\" \/>\n<meta property=\"og:locale\" content=\"es_MX\" \/>\n<meta property=\"og:type\" content=\"article\" \/>\n<meta property=\"og:title\" content=\"Gobierno de Amecameca entrega instalaciones a elementos de la Polic\u00eda Municipal - Volcanes\" \/>\n<meta property=\"og:description\" content=\"Amecameca, Estado de M\u00e9xico.- Las nuevas instalaciones de la Direcci\u00f3n de Seguridad Ciudadana dan pie\" \/>\n<meta property=\"og:url\" content=\"https:\/\/volcanes.net\/?p=10381\" \/>\n<meta property=\"og:site_name\" content=\"Volcanes\" \/>\n<meta property=\"article:publisher\" content=\"https:\/\/www.facebook.com\/volcanes.net\/\" \/>\n<meta property=\"article:published_time\" content=\"2021-03-05T23:07:18+00:00\" \/>\n<meta property=\"og:image\" content=\"https:\/\/volcanes.net\/wp-content\/uploads\/2021\/03\/FB_IMG_1614985462865.jpg\" \/>\n\t<meta property=\"og:image:width\" content=\"720\" \/>\n\t<meta property=\"og:image:height\" content=\"325\" \/>\n\t<meta property=\"og:image:type\" content=\"image\/jpeg\" \/>\n<meta name=\"author\" content=\"admin\" \/>\n<meta name=\"twitter:card\" content=\"summary_large_image\" \/>\n<meta name=\"twitter:label1\" content=\"Escrito por\" \/>\n\t<meta name=\"twitter:data1\" content=\"admin\" \/>\n\t<meta name=\"twitter:label2\" content=\"Tiempo de lectura\" \/>\n\t<meta name=\"twitter:data2\" content=\"1 minuto\" \/>\n<script type=\"application\/ld+json\" class=\"yoast-schema-graph\">{\"@context\":\"https:\/\/schema.org\",\"@graph\":[{\"@type\":\"Article\",\"@id\":\"https:\/\/volcanes.net\/?p=10381#article\",\"isPartOf\":{\"@id\":\"https:\/\/volcanes.net\/?p=10381\"},\"author\":{\"name\":\"admin\",\"@id\":\"https:\/\/volcanes.net\/#\/schema\/person\/4bf0f383940966a4abd53f5048c0e6b9\"},\"headline\":\"Gobierno de Amecameca entrega instalaciones a elementos de la Polic\u00eda Municipal\",\"datePublished\":\"2021-03-05T23:07:18+00:00\",\"mainEntityOfPage\":{\"@id\":\"https:\/\/volcanes.net\/?p=10381\"},\"wordCount\":213,\"commentCount\":0,\"publisher\":{\"@id\":\"https:\/\/volcanes.net\/#organization\"},\"image\":{\"@id\":\"https:\/\/volcanes.net\/?p=10381#primaryimage\"},\"thumbnailUrl\":\"https:\/\/volcanes.net\/wp-content\/uploads\/2021\/03\/FB_IMG_1614985462865.jpg\",\"keywords\":[\"Amecameca\"],\"articleSection\":[\"Municipales\"],\"inLanguage\":\"es\",\"potentialAction\":[{\"@type\":\"CommentAction\",\"name\":\"Comment\",\"target\":[\"https:\/\/volcanes.net\/?p=10381#respond\"]}]},{\"@type\":\"WebPage\",\"@id\":\"https:\/\/volcanes.net\/?p=10381\",\"url\":\"https:\/\/volcanes.net\/?p=10381\",\"name\":\"Gobierno de Amecameca entrega instalaciones a elementos de la Polic\u00eda Municipal - Volcanes\",\"isPartOf\":{\"@id\":\"https:\/\/volcanes.net\/#website\"},\"primaryImageOfPage\":{\"@id\":\"https:\/\/volcanes.net\/?p=10381#primaryimage\"},\"image\":{\"@id\":\"https:\/\/volcanes.net\/?p=10381#primaryimage\"},\"thumbnailUrl\":\"https:\/\/volcanes.net\/wp-content\/uploads\/2021\/03\/FB_IMG_1614985462865.jpg\",\"datePublished\":\"2021-03-05T23:07:18+00:00\",\"breadcrumb\":{\"@id\":\"https:\/\/volcanes.net\/?p=10381#breadcrumb\"},\"inLanguage\":\"es\",\"potentialAction\":[{\"@type\":\"ReadAction\",\"target\":[\"https:\/\/volcanes.net\/?p=10381\"]}]},{\"@type\":\"ImageObject\",\"inLanguage\":\"es\",\"@id\":\"https:\/\/volcanes.net\/?p=10381#primaryimage\",\"url\":\"https:\/\/volcanes.net\/wp-content\/uploads\/2021\/03\/FB_IMG_1614985462865.jpg\",\"contentUrl\":\"https:\/\/volcanes.net\/wp-content\/uploads\/2021\/03\/FB_IMG_1614985462865.jpg\",\"width\":720,\"height\":325},{\"@type\":\"BreadcrumbList\",\"@id\":\"https:\/\/volcanes.net\/?p=10381#breadcrumb\",\"itemListElement\":[{\"@type\":\"ListItem\",\"position\":1,\"name\":\"Portada\",\"item\":\"https:\/\/volcanes.net\/\"},{\"@type\":\"ListItem\",\"position\":2,\"name\":\"Gobierno de Amecameca entrega instalaciones a elementos de la Polic\u00eda Municipal\"}]},{\"@type\":\"WebSite\",\"@id\":\"https:\/\/volcanes.net\/#website\",\"url\":\"https:\/\/volcanes.net\/\",\"name\":\"Volcanes.Net\",\"description\":\"Periodismo Profesional\",\"publisher\":{\"@id\":\"https:\/\/volcanes.net\/#organization\"},\"potentialAction\":[{\"@type\":\"SearchAction\",\"target\":{\"@type\":\"EntryPoint\",\"urlTemplate\":\"https:\/\/volcanes.net\/?s={search_term_string}\"},\"query-input\":{\"@type\":\"PropertyValueSpecification\",\"valueRequired\":true,\"valueName\":\"search_term_string\"}}],\"inLanguage\":\"es\"},{\"@type\":\"Organization\",\"@id\":\"https:\/\/volcanes.net\/#organization\",\"name\":\"Grupo Volcanes\",\"url\":\"https:\/\/volcanes.net\/\",\"logo\":{\"@type\":\"ImageObject\",\"inLanguage\":\"es\",\"@id\":\"https:\/\/volcanes.net\/#\/schema\/logo\/image\/\",\"url\":\"http:\/\/volcanes.net\/wp-content\/uploads\/2017\/12\/Avatar2.jpg\",\"contentUrl\":\"http:\/\/volcanes.net\/wp-content\/uploads\/2017\/12\/Avatar2.jpg\",\"width\":378,\"height\":378,\"caption\":\"Grupo Volcanes\"},\"image\":{\"@id\":\"https:\/\/volcanes.net\/#\/schema\/logo\/image\/\"},\"sameAs\":[\"https:\/\/www.facebook.com\/volcanes.net\/\"]},{\"@type\":\"Person\",\"@id\":\"https:\/\/volcanes.net\/#\/schema\/person\/4bf0f383940966a4abd53f5048c0e6b9\",\"name\":\"admin\",\"image\":{\"@type\":\"ImageObject\",\"inLanguage\":\"es\",\"@id\":\"https:\/\/volcanes.net\/#\/schema\/person\/image\/\",\"url\":\"https:\/\/secure.gravatar.com\/avatar\/ca004e6cba8462b8cb7abc86e382930c?s=96&d=mm&r=g\",\"contentUrl\":\"https:\/\/secure.gravatar.com\/avatar\/ca004e6cba8462b8cb7abc86e382930c?s=96&d=mm&r=g\",\"caption\":\"admin\"}}]}<\/script>\n<!-- \/ Yoast SEO plugin. -->","yoast_head_json":{"title":"Gobierno de Amecameca entrega instalaciones a elementos de la Polic\u00eda Municipal - Volcanes","robots":{"index":"index","follow":"follow","max-snippet":"max-snippet:-1","max-image-preview":"max-image-preview:large","max-video-preview":"max-video-preview:-1"},"canonical":"https:\/\/volcanes.net\/?p=10381","og_locale":"es_MX","og_type":"article","og_title":"Gobierno de Amecameca entrega instalaciones a elementos de la Polic\u00eda Municipal - Volcanes","og_description":"Amecameca, Estado de M\u00e9xico.- Las nuevas instalaciones de la Direcci\u00f3n de Seguridad Ciudadana dan pie","og_url":"https:\/\/volcanes.net\/?p=10381","og_site_name":"Volcanes","article_publisher":"https:\/\/www.facebook.com\/volcanes.net\/","article_published_time":"2021-03-05T23:07:18+00:00","og_image":[{"width":720,"height":325,"url":"https:\/\/volcanes.net\/wp-content\/uploads\/2021\/03\/FB_IMG_1614985462865.jpg","type":"image\/jpeg"}],"author":"admin","twitter_card":"summary_large_image","twitter_misc":{"Escrito por":"admin","Tiempo de lectura":"1 minuto"},"schema":{"@context":"https:\/\/schema.org","@graph":[{"@type":"Article","@id":"https:\/\/volcanes.net\/?p=10381#article","isPartOf":{"@id":"https:\/\/volcanes.net\/?p=10381"},"author":{"name":"admin","@id":"https:\/\/volcanes.net\/#\/schema\/person\/4bf0f383940966a4abd53f5048c0e6b9"},"headline":"Gobierno de Amecameca entrega instalaciones a elementos de la Polic\u00eda Municipal","datePublished":"2021-03-05T23:07:18+00:00","mainEntityOfPage":{"@id":"https:\/\/volcanes.net\/?p=10381"},"wordCount":213,"commentCount":0,"publisher":{"@id":"https:\/\/volcanes.net\/#organization"},"image":{"@id":"https:\/\/volcanes.net\/?p=10381#primaryimage"},"thumbnailUrl":"https:\/\/volcanes.net\/wp-content\/uploads\/2021\/03\/FB_IMG_1614985462865.jpg","keywords":["Amecameca"],"articleSection":["Municipales"],"inLanguage":"es","potentialAction":[{"@type":"CommentAction","name":"Comment","target":["https:\/\/volcanes.net\/?p=10381#respond"]}]},{"@type":"WebPage","@id":"https:\/\/volcanes.net\/?p=10381","url":"https:\/\/volcanes.net\/?p=10381","name":"Gobierno de Amecameca entrega instalaciones a elementos de la Polic\u00eda Municipal - Volcanes","isPartOf":{"@id":"https:\/\/volcanes.net\/#website"},"primaryImageOfPage":{"@id":"https:\/\/volcanes.net\/?p=10381#primaryimage"},"image":{"@id":"https:\/\/volcanes.net\/?p=10381#primaryimage"},"thumbnailUrl":"https:\/\/volcanes.net\/wp-content\/uploads\/2021\/03\/FB_IMG_1614985462865.jpg","datePublished":"2021-03-05T23:07:18+00:00","breadcrumb":{"@id":"https:\/\/volcanes.net\/?p=10381#breadcrumb"},"inLanguage":"es","potentialAction":[{"@type":"ReadAction","target":["https:\/\/volcanes.net\/?p=10381"]}]},{"@type":"ImageObject","inLanguage":"es","@id":"https:\/\/volcanes.net\/?p=10381#primaryimage","url":"https:\/\/volcanes.net\/wp-content\/uploads\/2021\/03\/FB_IMG_1614985462865.jpg","contentUrl":"https:\/\/volcanes.net\/wp-content\/uploads\/2021\/03\/FB_IMG_1614985462865.jpg","width":720,"height":325},{"@type":"BreadcrumbList","@id":"https:\/\/volcanes.net\/?p=10381#breadcrumb","itemListElement":[{"@type":"ListItem","position":1,"name":"Portada","item":"https:\/\/volcanes.net\/"},{"@type":"ListItem","position":2,"name":"Gobierno de Amecameca entrega instalaciones a elementos de la Polic\u00eda Municipal"}]},{"@type":"WebSite","@id":"https:\/\/volcanes.net\/#website","url":"https:\/\/volcanes.net\/","name":"Volcanes.Net","description":"Periodismo Profesional","publisher":{"@id":"https:\/\/volcanes.net\/#organization"},"potentialAction":[{"@type":"SearchAction","target":{"@type":"EntryPoint","urlTemplate":"https:\/\/volcanes.net\/?s={search_term_string}"},"query-input":{"@type":"PropertyValueSpecification","valueRequired":true,"valueName":"search_term_string"}}],"inLanguage":"es"},{"@type":"Organization","@id":"https:\/\/volcanes.net\/#organization","name":"Grupo Volcanes","url":"https:\/\/volcanes.net\/","logo":{"@type":"ImageObject","inLanguage":"es","@id":"https:\/\/volcanes.net\/#\/schema\/logo\/image\/","url":"http:\/\/volcanes.net\/wp-content\/uploads\/2017\/12\/Avatar2.jpg","contentUrl":"http:\/\/volcanes.net\/wp-content\/uploads\/2017\/12\/Avatar2.jpg","width":378,"height":378,"caption":"Grupo Volcanes"},"image":{"@id":"https:\/\/volcanes.net\/#\/schema\/logo\/image\/"},"sameAs":["https:\/\/www.facebook.com\/volcanes.net\/"]},{"@type":"Person","@id":"https:\/\/volcanes.net\/#\/schema\/person\/4bf0f383940966a4abd53f5048c0e6b9","name":"admin","image":{"@type":"ImageObject","inLanguage":"es","@id":"https:\/\/volcanes.net\/#\/schema\/person\/image\/","url":"https:\/\/secure.gravatar.com\/avatar\/ca004e6cba8462b8cb7abc86e382930c?s=96&d=mm&r=g","contentUrl":"https:\/\/secure.gravatar.com\/avatar\/ca004e6cba8462b8cb7abc86e382930c?s=96&d=mm&r=g","caption":"admin"}}]}},"_links":{"self":[{"href":"https:\/\/volcanes.net\/index.php?rest_route=\/wp\/v2\/posts\/10381"}],"collection":[{"href":"https:\/\/volcanes.net\/index.php?rest_route=\/wp\/v2\/posts"}],"about":[{"href":"https:\/\/volcanes.net\/index.php?rest_route=\/wp\/v2\/types\/post"}],"author":[{"embeddable":true,"href":"https:\/\/volcanes.net\/index.php?rest_route=\/wp\/v2\/users\/1"}],"replies":[{"embeddable":true,"href":"https:\/\/volcanes.net\/index.php?rest_route=%2Fwp%2Fv2%2Fcomments&post=10381"}],"version-history":[{"count":1,"href":"https:\/\/volcanes.net\/index.php?rest_route=\/wp\/v2\/posts\/10381\/revisions"}],"predecessor-version":[{"id":10383,"href":"https:\/\/volcanes.net\/index.php?rest_route=\/wp\/v2\/posts\/10381\/revisions\/10383"}],"wp:featuredmedia":[{"embeddable":true,"href":"https:\/\/volcanes.net\/index.php?rest_route=\/wp\/v2\/media\/10382"}],"wp:attachment":[{"href":"https:\/\/volcanes.net\/index.php?rest_route=%2Fwp%2Fv2%2Fmedia&parent=10381"}],"wp:term":[{"taxonomy":"category","embeddable":true,"href":"https:\/\/volcanes.net\/index.php?rest_route=%2Fwp%2Fv2%2Fcategories&post=10381"},{"taxonomy":"post_tag","embeddable":true,"href":"https:\/\/volcanes.net\/index.php?rest_route=%2Fwp%2Fv2%2Ftags&post=10381"}],"curies":[{"name":"wp","href":"https:\/\/api.w.org\/{rel}","templated":true}]}}