{"id":1042,"date":"2018-02-05T01:49:10","date_gmt":"2018-02-05T01:49:10","guid":{"rendered":"http:\/\/volcanes.net\/?p=1042"},"modified":"2018-02-05T01:49:10","modified_gmt":"2018-02-05T01:49:10","slug":"aumentaremos-sueldos-a-los-maestros-meade","status":"publish","type":"post","link":"https:\/\/volcanes.net\/?p=1042","title":{"rendered":"Aumentaremos sueldos a los maestros Meade"},"content":{"rendered":"<div style=\"margin-top: 0px; margin-bottom: 0px;\" class=\"sharethis-inline-share-buttons\" ><\/div><p>El precandidato del PRI, PVEM y Nueva Alianza a la Presidencia de la Rep\u00fablica, Jos\u00e9 Antonio Meade Kuribre\u00f1a, asegur\u00f3 que va por un incremento significativo y real en los sueldos base de las y los maestros mexicanos.<\/p>\n<p>En el centro de convenciones Expo Guadalajara, en Jalisco, expuso que la educaci\u00f3n es la columna vertebral de M\u00e9xico y, por ello, se tiene que eliminar la brecha entre el esfuerzo que realizan d\u00eda a d\u00eda los maestros y el sueldo que perciben.<\/p>\n<p>\u201cLos maestros mexicanos que inspiran a todas las generaciones, esos maestros, merecen de su gobierno el mismo esfuerzo significativo y real que se les ha pedido, con un ingreso significativo y real en sus sueldos, que permita cerrar la distancia entre estos maestros, que son los mejores del mundo, y los niveles de remuneraci\u00f3n que vemos fuera\u201d, subray\u00f3.<\/p>\n<p>En materia educativa, sostuvo que uno de sus objetivos ser\u00e1 dar cobertura universal en preparatoria y reducir los \u00edndices de deserci\u00f3n.<\/p>\n<p>Explic\u00f3 que este esfuerzo se complementar\u00e1 con transporte seguro, becas y mejores instalaciones para que los estudiantes tengan la esperanza y certeza de que el camino de la educaci\u00f3n les permitir\u00e1 transformar su entorno y vida.<\/p>\n<p>Acompa\u00f1ado por su esposa Juana Cuevas, enfatiz\u00f3 que trabajar\u00e1 para erradicar el bullying de las escuelas,\u00a0uno de los temas m\u00e1s importantes que M\u00e9xico enfrenta como sociedad y que tiene consecuencias reales en la autoestima de quienes lo padecen y en la construcci\u00f3n de una cultura de derecho.<\/p>\n<p>Meade advirti\u00f3 que muchos fen\u00f3menos de violencia, empezando por el feminicidio, tienen que ver con la ausencia de una cultura de respeto en el hogar, por lo que trabajar\u00e1 para impulsar ese valor en casas, escuelas, calles y centros de trabajo.<\/p>\n<p>\u201cSi nosotros queremos construir un entorno seguro y libre de violencia, tenemos que empezar construy\u00e9ndolo en la casa y en la escuela.<\/p>\n<p>\u201cEso quiere decir que tenemos que enfrentar el problema del bullying como un problema serio, como un tema que no es anecd\u00f3tico, como un tema que lesiona, como un tema que genera y auspicia violencia\u201d, subray\u00f3.<\/p>\n<p>El precandidato de la colaci\u00f3n Todos por M\u00e9xico destac\u00f3 la importancia de lograr una cobertura educativa total, implementando escuelas y preescolares de tiempo completo, para que la formaci\u00f3n en la primera infancia se vea fortalecida con maestros altamente capacitados, servicios de calidad y alimentaci\u00f3n nutritiva.<\/p>\n<p>Respecto al combate a la pobreza se comprometi\u00f3 a implementar una pol\u00edtica p\u00fablica focalizada, que no se concentre en entregar dinero sino en resolver los problemas estructurales.<\/p>\n<p>Se trata, dijo, de generar las condiciones necesarias para que todo mexicano tenga vivienda digna y con servicios de calidad, salud, seguridad social, una alimentaci\u00f3n balanceada y educaci\u00f3n, para que nadie en M\u00e9xico nazca enfrentando pobreza extrema.<\/p>\n<p>Por su parte, el presidente del Comit\u00e9 Directivo de Nueva Alianza, Luis Castro Obreg\u00f3n, asegur\u00f3 que Jos\u00e9 Antonio Meade es el aspirante presidencial m\u00e1s preparado, con mayor trayectoria y \u201csin cola que le pisen\u201d.<\/p>\n<p>Castro Obreg\u00f3n dijo que para las pr\u00f3ximas elecciones est\u00e1n en juego dos proyectos de naci\u00f3n. El primero el de un M\u00e9xico que puede ser potencia, con desarrollo sustentable y prosperidad; mientras que el segundo implicar\u00eda ir en contra del sentido de la historia.<\/p>\n","protected":false},"excerpt":{"rendered":"<p>El precandidato del PRI, PVEM y Nueva Alianza a la Presidencia de la Rep\u00fablica, Jos\u00e9<\/p>\n","protected":false},"author":1,"featured_media":1033,"comment_status":"open","ping_status":"open","sticky":false,"template":"","format":"standard","meta":{"footnotes":""},"categories":[1],"tags":[36,10],"class_list":["post-1042","post","type-post","status-publish","format-standard","has-post-thumbnail","hentry","category-municipales","tag-meade","tag-pri"],"yoast_head":"<!-- This site is optimized with the Yoast SEO plugin v25.3 - https:\/\/yoast.com\/wordpress\/plugins\/seo\/ -->\n<title>Aumentaremos sueldos a los maestros Meade - Volcanes<\/title>\n<meta name=\"robots\" content=\"index, follow, max-snippet:-1, max-image-preview:large, max-video-preview:-1\" \/>\n<link rel=\"canonical\" href=\"https:\/\/volcanes.net\/?p=1042\" \/>\n<meta property=\"og:locale\" content=\"es_MX\" \/>\n<meta property=\"og:type\" content=\"article\" \/>\n<meta property=\"og:title\" content=\"Aumentaremos sueldos a los maestros Meade - Volcanes\" \/>\n<meta property=\"og:description\" content=\"El precandidato del PRI, PVEM y Nueva Alianza a la Presidencia de la Rep\u00fablica, Jos\u00e9\" \/>\n<meta property=\"og:url\" content=\"https:\/\/volcanes.net\/?p=1042\" \/>\n<meta property=\"og:site_name\" content=\"Volcanes\" \/>\n<meta property=\"article:publisher\" content=\"https:\/\/www.facebook.com\/volcanes.net\/\" \/>\n<meta property=\"article:published_time\" content=\"2018-02-05T01:49:10+00:00\" \/>\n<meta property=\"og:image\" content=\"https:\/\/volcanes.net\/wp-content\/uploads\/2018\/02\/meade-na.jpg\" \/>\n\t<meta property=\"og:image:width\" content=\"400\" \/>\n\t<meta property=\"og:image:height\" content=\"200\" \/>\n\t<meta property=\"og:image:type\" content=\"image\/jpeg\" \/>\n<meta name=\"author\" content=\"admin\" \/>\n<meta name=\"twitter:card\" content=\"summary_large_image\" \/>\n<meta name=\"twitter:label1\" content=\"Escrito por\" \/>\n\t<meta name=\"twitter:data1\" content=\"admin\" \/>\n\t<meta name=\"twitter:label2\" content=\"Tiempo de lectura\" \/>\n\t<meta name=\"twitter:data2\" content=\"3 minutos\" \/>\n<script type=\"application\/ld+json\" class=\"yoast-schema-graph\">{\"@context\":\"https:\/\/schema.org\",\"@graph\":[{\"@type\":\"Article\",\"@id\":\"https:\/\/volcanes.net\/?p=1042#article\",\"isPartOf\":{\"@id\":\"https:\/\/volcanes.net\/?p=1042\"},\"author\":{\"name\":\"admin\",\"@id\":\"https:\/\/volcanes.net\/#\/schema\/person\/4bf0f383940966a4abd53f5048c0e6b9\"},\"headline\":\"Aumentaremos sueldos a los maestros Meade\",\"datePublished\":\"2018-02-05T01:49:10+00:00\",\"mainEntityOfPage\":{\"@id\":\"https:\/\/volcanes.net\/?p=1042\"},\"wordCount\":567,\"commentCount\":0,\"publisher\":{\"@id\":\"https:\/\/volcanes.net\/#organization\"},\"image\":{\"@id\":\"https:\/\/volcanes.net\/?p=1042#primaryimage\"},\"thumbnailUrl\":\"https:\/\/volcanes.net\/wp-content\/uploads\/2018\/02\/meade-na.jpg\",\"keywords\":[\"Meade\",\"PRI\"],\"articleSection\":[\"Municipales\"],\"inLanguage\":\"es\",\"potentialAction\":[{\"@type\":\"CommentAction\",\"name\":\"Comment\",\"target\":[\"https:\/\/volcanes.net\/?p=1042#respond\"]}]},{\"@type\":\"WebPage\",\"@id\":\"https:\/\/volcanes.net\/?p=1042\",\"url\":\"https:\/\/volcanes.net\/?p=1042\",\"name\":\"Aumentaremos sueldos a los maestros Meade - Volcanes\",\"isPartOf\":{\"@id\":\"https:\/\/volcanes.net\/#website\"},\"primaryImageOfPage\":{\"@id\":\"https:\/\/volcanes.net\/?p=1042#primaryimage\"},\"image\":{\"@id\":\"https:\/\/volcanes.net\/?p=1042#primaryimage\"},\"thumbnailUrl\":\"https:\/\/volcanes.net\/wp-content\/uploads\/2018\/02\/meade-na.jpg\",\"datePublished\":\"2018-02-05T01:49:10+00:00\",\"breadcrumb\":{\"@id\":\"https:\/\/volcanes.net\/?p=1042#breadcrumb\"},\"inLanguage\":\"es\",\"potentialAction\":[{\"@type\":\"ReadAction\",\"target\":[\"https:\/\/volcanes.net\/?p=1042\"]}]},{\"@type\":\"ImageObject\",\"inLanguage\":\"es\",\"@id\":\"https:\/\/volcanes.net\/?p=1042#primaryimage\",\"url\":\"https:\/\/volcanes.net\/wp-content\/uploads\/2018\/02\/meade-na.jpg\",\"contentUrl\":\"https:\/\/volcanes.net\/wp-content\/uploads\/2018\/02\/meade-na.jpg\",\"width\":400,\"height\":200},{\"@type\":\"BreadcrumbList\",\"@id\":\"https:\/\/volcanes.net\/?p=1042#breadcrumb\",\"itemListElement\":[{\"@type\":\"ListItem\",\"position\":1,\"name\":\"Portada\",\"item\":\"https:\/\/volcanes.net\/\"},{\"@type\":\"ListItem\",\"position\":2,\"name\":\"Aumentaremos sueldos a los maestros Meade\"}]},{\"@type\":\"WebSite\",\"@id\":\"https:\/\/volcanes.net\/#website\",\"url\":\"https:\/\/volcanes.net\/\",\"name\":\"Volcanes.Net\",\"description\":\"Periodismo Profesional\",\"publisher\":{\"@id\":\"https:\/\/volcanes.net\/#organization\"},\"potentialAction\":[{\"@type\":\"SearchAction\",\"target\":{\"@type\":\"EntryPoint\",\"urlTemplate\":\"https:\/\/volcanes.net\/?s={search_term_string}\"},\"query-input\":{\"@type\":\"PropertyValueSpecification\",\"valueRequired\":true,\"valueName\":\"search_term_string\"}}],\"inLanguage\":\"es\"},{\"@type\":\"Organization\",\"@id\":\"https:\/\/volcanes.net\/#organization\",\"name\":\"Grupo Volcanes\",\"url\":\"https:\/\/volcanes.net\/\",\"logo\":{\"@type\":\"ImageObject\",\"inLanguage\":\"es\",\"@id\":\"https:\/\/volcanes.net\/#\/schema\/logo\/image\/\",\"url\":\"http:\/\/volcanes.net\/wp-content\/uploads\/2017\/12\/Avatar2.jpg\",\"contentUrl\":\"http:\/\/volcanes.net\/wp-content\/uploads\/2017\/12\/Avatar2.jpg\",\"width\":378,\"height\":378,\"caption\":\"Grupo Volcanes\"},\"image\":{\"@id\":\"https:\/\/volcanes.net\/#\/schema\/logo\/image\/\"},\"sameAs\":[\"https:\/\/www.facebook.com\/volcanes.net\/\"]},{\"@type\":\"Person\",\"@id\":\"https:\/\/volcanes.net\/#\/schema\/person\/4bf0f383940966a4abd53f5048c0e6b9\",\"name\":\"admin\",\"image\":{\"@type\":\"ImageObject\",\"inLanguage\":\"es\",\"@id\":\"https:\/\/volcanes.net\/#\/schema\/person\/image\/\",\"url\":\"https:\/\/secure.gravatar.com\/avatar\/ca004e6cba8462b8cb7abc86e382930c?s=96&d=mm&r=g\",\"contentUrl\":\"https:\/\/secure.gravatar.com\/avatar\/ca004e6cba8462b8cb7abc86e382930c?s=96&d=mm&r=g\",\"caption\":\"admin\"}}]}<\/script>\n<!-- \/ Yoast SEO plugin. -->","yoast_head_json":{"title":"Aumentaremos sueldos a los maestros Meade - Volcanes","robots":{"index":"index","follow":"follow","max-snippet":"max-snippet:-1","max-image-preview":"max-image-preview:large","max-video-preview":"max-video-preview:-1"},"canonical":"https:\/\/volcanes.net\/?p=1042","og_locale":"es_MX","og_type":"article","og_title":"Aumentaremos sueldos a los maestros Meade - Volcanes","og_description":"El precandidato del PRI, PVEM y Nueva Alianza a la Presidencia de la Rep\u00fablica, Jos\u00e9","og_url":"https:\/\/volcanes.net\/?p=1042","og_site_name":"Volcanes","article_publisher":"https:\/\/www.facebook.com\/volcanes.net\/","article_published_time":"2018-02-05T01:49:10+00:00","og_image":[{"width":400,"height":200,"url":"https:\/\/volcanes.net\/wp-content\/uploads\/2018\/02\/meade-na.jpg","type":"image\/jpeg"}],"author":"admin","twitter_card":"summary_large_image","twitter_misc":{"Escrito por":"admin","Tiempo de lectura":"3 minutos"},"schema":{"@context":"https:\/\/schema.org","@graph":[{"@type":"Article","@id":"https:\/\/volcanes.net\/?p=1042#article","isPartOf":{"@id":"https:\/\/volcanes.net\/?p=1042"},"author":{"name":"admin","@id":"https:\/\/volcanes.net\/#\/schema\/person\/4bf0f383940966a4abd53f5048c0e6b9"},"headline":"Aumentaremos sueldos a los maestros Meade","datePublished":"2018-02-05T01:49:10+00:00","mainEntityOfPage":{"@id":"https:\/\/volcanes.net\/?p=1042"},"wordCount":567,"commentCount":0,"publisher":{"@id":"https:\/\/volcanes.net\/#organization"},"image":{"@id":"https:\/\/volcanes.net\/?p=1042#primaryimage"},"thumbnailUrl":"https:\/\/volcanes.net\/wp-content\/uploads\/2018\/02\/meade-na.jpg","keywords":["Meade","PRI"],"articleSection":["Municipales"],"inLanguage":"es","potentialAction":[{"@type":"CommentAction","name":"Comment","target":["https:\/\/volcanes.net\/?p=1042#respond"]}]},{"@type":"WebPage","@id":"https:\/\/volcanes.net\/?p=1042","url":"https:\/\/volcanes.net\/?p=1042","name":"Aumentaremos sueldos a los maestros Meade - Volcanes","isPartOf":{"@id":"https:\/\/volcanes.net\/#website"},"primaryImageOfPage":{"@id":"https:\/\/volcanes.net\/?p=1042#primaryimage"},"image":{"@id":"https:\/\/volcanes.net\/?p=1042#primaryimage"},"thumbnailUrl":"https:\/\/volcanes.net\/wp-content\/uploads\/2018\/02\/meade-na.jpg","datePublished":"2018-02-05T01:49:10+00:00","breadcrumb":{"@id":"https:\/\/volcanes.net\/?p=1042#breadcrumb"},"inLanguage":"es","potentialAction":[{"@type":"ReadAction","target":["https:\/\/volcanes.net\/?p=1042"]}]},{"@type":"ImageObject","inLanguage":"es","@id":"https:\/\/volcanes.net\/?p=1042#primaryimage","url":"https:\/\/volcanes.net\/wp-content\/uploads\/2018\/02\/meade-na.jpg","contentUrl":"https:\/\/volcanes.net\/wp-content\/uploads\/2018\/02\/meade-na.jpg","width":400,"height":200},{"@type":"BreadcrumbList","@id":"https:\/\/volcanes.net\/?p=1042#breadcrumb","itemListElement":[{"@type":"ListItem","position":1,"name":"Portada","item":"https:\/\/volcanes.net\/"},{"@type":"ListItem","position":2,"name":"Aumentaremos sueldos a los maestros Meade"}]},{"@type":"WebSite","@id":"https:\/\/volcanes.net\/#website","url":"https:\/\/volcanes.net\/","name":"Volcanes.Net","description":"Periodismo Profesional","publisher":{"@id":"https:\/\/volcanes.net\/#organization"},"potentialAction":[{"@type":"SearchAction","target":{"@type":"EntryPoint","urlTemplate":"https:\/\/volcanes.net\/?s={search_term_string}"},"query-input":{"@type":"PropertyValueSpecification","valueRequired":true,"valueName":"search_term_string"}}],"inLanguage":"es"},{"@type":"Organization","@id":"https:\/\/volcanes.net\/#organization","name":"Grupo Volcanes","url":"https:\/\/volcanes.net\/","logo":{"@type":"ImageObject","inLanguage":"es","@id":"https:\/\/volcanes.net\/#\/schema\/logo\/image\/","url":"http:\/\/volcanes.net\/wp-content\/uploads\/2017\/12\/Avatar2.jpg","contentUrl":"http:\/\/volcanes.net\/wp-content\/uploads\/2017\/12\/Avatar2.jpg","width":378,"height":378,"caption":"Grupo Volcanes"},"image":{"@id":"https:\/\/volcanes.net\/#\/schema\/logo\/image\/"},"sameAs":["https:\/\/www.facebook.com\/volcanes.net\/"]},{"@type":"Person","@id":"https:\/\/volcanes.net\/#\/schema\/person\/4bf0f383940966a4abd53f5048c0e6b9","name":"admin","image":{"@type":"ImageObject","inLanguage":"es","@id":"https:\/\/volcanes.net\/#\/schema\/person\/image\/","url":"https:\/\/secure.gravatar.com\/avatar\/ca004e6cba8462b8cb7abc86e382930c?s=96&d=mm&r=g","contentUrl":"https:\/\/secure.gravatar.com\/avatar\/ca004e6cba8462b8cb7abc86e382930c?s=96&d=mm&r=g","caption":"admin"}}]}},"_links":{"self":[{"href":"https:\/\/volcanes.net\/index.php?rest_route=\/wp\/v2\/posts\/1042"}],"collection":[{"href":"https:\/\/volcanes.net\/index.php?rest_route=\/wp\/v2\/posts"}],"about":[{"href":"https:\/\/volcanes.net\/index.php?rest_route=\/wp\/v2\/types\/post"}],"author":[{"embeddable":true,"href":"https:\/\/volcanes.net\/index.php?rest_route=\/wp\/v2\/users\/1"}],"replies":[{"embeddable":true,"href":"https:\/\/volcanes.net\/index.php?rest_route=%2Fwp%2Fv2%2Fcomments&post=1042"}],"version-history":[{"count":1,"href":"https:\/\/volcanes.net\/index.php?rest_route=\/wp\/v2\/posts\/1042\/revisions"}],"predecessor-version":[{"id":1043,"href":"https:\/\/volcanes.net\/index.php?rest_route=\/wp\/v2\/posts\/1042\/revisions\/1043"}],"wp:featuredmedia":[{"embeddable":true,"href":"https:\/\/volcanes.net\/index.php?rest_route=\/wp\/v2\/media\/1033"}],"wp:attachment":[{"href":"https:\/\/volcanes.net\/index.php?rest_route=%2Fwp%2Fv2%2Fmedia&parent=1042"}],"wp:term":[{"taxonomy":"category","embeddable":true,"href":"https:\/\/volcanes.net\/index.php?rest_route=%2Fwp%2Fv2%2Fcategories&post=1042"},{"taxonomy":"post_tag","embeddable":true,"href":"https:\/\/volcanes.net\/index.php?rest_route=%2Fwp%2Fv2%2Ftags&post=1042"}],"curies":[{"name":"wp","href":"https:\/\/api.w.org\/{rel}","templated":true}]}}