{"id":10425,"date":"2021-03-08T22:22:11","date_gmt":"2021-03-09T04:22:11","guid":{"rendered":"http:\/\/volcanes.net\/?p=10425"},"modified":"2021-03-08T22:22:11","modified_gmt":"2021-03-09T04:22:11","slug":"gobierno-de-chalco-conmemora-el-dia-internacional-de-la-mujer","status":"publish","type":"post","link":"https:\/\/volcanes.net\/?p=10425","title":{"rendered":"Gobierno de Chalco conmemora el D\u00eda Internacional de la Mujer"},"content":{"rendered":"<div style=\"margin-top: 0px; margin-bottom: 0px;\" class=\"sharethis-inline-share-buttons\" ><\/div><div style=\"text-align: justify;\" align=\"justify\"><strong>Chalco, Estado de M\u00e9xico.-<\/strong> El Consejo Municipal de la Mujer del Gobierno de Chalco conmemor\u00f3 el D\u00eda Internacional de la Mujer con el foro \u201cVoces de Mujer\u201d, con cinco mesas tem\u00e1ticas de trabajo para generar acciones y pol\u00edticas en favor de la erradicaci\u00f3n de la violencia de g\u00e9nero en el municipio.<\/div>\n<p style=\"text-align: justify;\">La titular del Consejo de la Mujer, Ana Mar\u00eda Morales Arochi asegur\u00f3 que para el Presidente Municipal, Miguel Guti\u00e9rrez, ha sido prioridad prevenir y atender este problema social. \u201cSer emp\u00e1tico, comprometido y capaz es un deber de todo gobierno; trabajar con perspectiva de g\u00e9nero es un modo de hacer que las pol\u00edticas p\u00fablicas municipales funcionen con base en las necesidades de las mujeres\u201d, puntualiz\u00f3.<\/p>\n<p style=\"text-align: justify;\">\n<div style=\"text-align: justify;\" align=\"justify\">Explic\u00f3 que las acciones de esta dependencia van encaminadas a romper el c\u00edrculo de violencia de las mujeres por medio de la independencia econ\u00f3mica de sus agresores, por lo que imparten talleres productivos. Se\u00f1al\u00f3 que tambi\u00e9n se coordinan con la Polic\u00eda de G\u00e9nero para acompa\u00f1ar a las v\u00edctimas a presentar su denuncia a la Fiscal\u00eda y protegerlas; adem\u00e1s, visitan las comunidades con la Unidad M\u00f3vil de Atenci\u00f3n a la Violencia.<\/div>\n<p style=\"text-align: justify;\">\n<div style=\"text-align: justify;\" align=\"justify\">Reiter\u00f3 que desde 2019 existe la campa\u00f1a permanente \u201cEn Chalco, caminemos sin violencia, hagamos conciencia\u201d, que lleva jornadas de servicios gratuitos a las mujeres en todos los barrios, pueblos, colonias y unidades habitacionales. Asegur\u00f3 que, con estas acciones, se logr\u00f3 frenar la segunda Alerta de Violencia de G\u00e9nero en el municipio.<\/div>\n<p style=\"text-align: justify;\">\n<div style=\"text-align: justify;\" align=\"justify\">En tanto, la representante de la Secretar\u00eda de la Mujer del Estado de M\u00e9xico, Mar\u00eda Elena Ray\u00f3n de Haro asegur\u00f3 que el 8 de marzo es una fecha para conmemorar la lucha de las mujeres y que el mejor regalo que se les puede hacer es ayudar a romper las brechas de la desigualdad. \u201cNecesitamos una sociedad donde ser mujer y ser ni\u00f1a no sea una desventaja\u201d, apunt\u00f3.<\/div>\n<p style=\"text-align: justify;\">\n<div style=\"text-align: justify;\" align=\"justify\">Durante el foro se conformaron mesas tem\u00e1ticas de trabajo para generar conclusiones que se traducir\u00e1n en acciones a corto plazo a trav\u00e9s del Consejo Municipal de la Mujer. Los temas fueron: C\u00f3mo romper los c\u00edrculos de violencia, tipos de violencia de g\u00e9nero, valores morales y su fuerza en la sociedad, acceso a la justicia y resguardo de la integridad personal y acceso a la tecnolog\u00eda<\/div>\n","protected":false},"excerpt":{"rendered":"<p>Chalco, Estado de M\u00e9xico.- El Consejo Municipal de la Mujer del Gobierno de Chalco conmemor\u00f3<\/p>\n","protected":false},"author":1,"featured_media":10426,"comment_status":"open","ping_status":"open","sticky":false,"template":"","format":"standard","meta":{"footnotes":""},"categories":[1],"tags":[9],"class_list":["post-10425","post","type-post","status-publish","format-standard","has-post-thumbnail","hentry","category-municipales","tag-chalco"],"yoast_head":"<!-- This site is optimized with the Yoast SEO plugin v25.3 - https:\/\/yoast.com\/wordpress\/plugins\/seo\/ -->\n<title>Gobierno de Chalco conmemora el D\u00eda Internacional de la Mujer - Volcanes<\/title>\n<meta name=\"robots\" content=\"index, follow, max-snippet:-1, max-image-preview:large, max-video-preview:-1\" \/>\n<link rel=\"canonical\" href=\"https:\/\/volcanes.net\/?p=10425\" \/>\n<meta property=\"og:locale\" content=\"es_MX\" \/>\n<meta property=\"og:type\" content=\"article\" \/>\n<meta property=\"og:title\" content=\"Gobierno de Chalco conmemora el D\u00eda Internacional de la Mujer - Volcanes\" \/>\n<meta property=\"og:description\" content=\"Chalco, Estado de M\u00e9xico.- El Consejo Municipal de la Mujer del Gobierno de Chalco conmemor\u00f3\" \/>\n<meta property=\"og:url\" content=\"https:\/\/volcanes.net\/?p=10425\" \/>\n<meta property=\"og:site_name\" content=\"Volcanes\" \/>\n<meta property=\"article:publisher\" content=\"https:\/\/www.facebook.com\/volcanes.net\/\" \/>\n<meta property=\"article:published_time\" content=\"2021-03-09T04:22:11+00:00\" \/>\n<meta property=\"og:image\" content=\"https:\/\/volcanes.net\/wp-content\/uploads\/2021\/03\/B228AC.jpg\" \/>\n\t<meta property=\"og:image:width\" content=\"1140\" \/>\n\t<meta property=\"og:image:height\" content=\"760\" \/>\n\t<meta property=\"og:image:type\" content=\"image\/jpeg\" \/>\n<meta name=\"author\" content=\"admin\" \/>\n<meta name=\"twitter:card\" content=\"summary_large_image\" \/>\n<meta name=\"twitter:label1\" content=\"Escrito por\" \/>\n\t<meta name=\"twitter:data1\" content=\"admin\" \/>\n\t<meta name=\"twitter:label2\" content=\"Tiempo de lectura\" \/>\n\t<meta name=\"twitter:data2\" content=\"2 minutos\" \/>\n<script type=\"application\/ld+json\" class=\"yoast-schema-graph\">{\"@context\":\"https:\/\/schema.org\",\"@graph\":[{\"@type\":\"Article\",\"@id\":\"https:\/\/volcanes.net\/?p=10425#article\",\"isPartOf\":{\"@id\":\"https:\/\/volcanes.net\/?p=10425\"},\"author\":{\"name\":\"admin\",\"@id\":\"https:\/\/volcanes.net\/#\/schema\/person\/4bf0f383940966a4abd53f5048c0e6b9\"},\"headline\":\"Gobierno de Chalco conmemora el D\u00eda Internacional de la Mujer\",\"datePublished\":\"2021-03-09T04:22:11+00:00\",\"mainEntityOfPage\":{\"@id\":\"https:\/\/volcanes.net\/?p=10425\"},\"wordCount\":417,\"commentCount\":0,\"publisher\":{\"@id\":\"https:\/\/volcanes.net\/#organization\"},\"image\":{\"@id\":\"https:\/\/volcanes.net\/?p=10425#primaryimage\"},\"thumbnailUrl\":\"https:\/\/volcanes.net\/wp-content\/uploads\/2021\/03\/B228AC.jpg\",\"keywords\":[\"Chalco\"],\"articleSection\":[\"Municipales\"],\"inLanguage\":\"es\",\"potentialAction\":[{\"@type\":\"CommentAction\",\"name\":\"Comment\",\"target\":[\"https:\/\/volcanes.net\/?p=10425#respond\"]}]},{\"@type\":\"WebPage\",\"@id\":\"https:\/\/volcanes.net\/?p=10425\",\"url\":\"https:\/\/volcanes.net\/?p=10425\",\"name\":\"Gobierno de Chalco conmemora el D\u00eda Internacional de la Mujer - Volcanes\",\"isPartOf\":{\"@id\":\"https:\/\/volcanes.net\/#website\"},\"primaryImageOfPage\":{\"@id\":\"https:\/\/volcanes.net\/?p=10425#primaryimage\"},\"image\":{\"@id\":\"https:\/\/volcanes.net\/?p=10425#primaryimage\"},\"thumbnailUrl\":\"https:\/\/volcanes.net\/wp-content\/uploads\/2021\/03\/B228AC.jpg\",\"datePublished\":\"2021-03-09T04:22:11+00:00\",\"breadcrumb\":{\"@id\":\"https:\/\/volcanes.net\/?p=10425#breadcrumb\"},\"inLanguage\":\"es\",\"potentialAction\":[{\"@type\":\"ReadAction\",\"target\":[\"https:\/\/volcanes.net\/?p=10425\"]}]},{\"@type\":\"ImageObject\",\"inLanguage\":\"es\",\"@id\":\"https:\/\/volcanes.net\/?p=10425#primaryimage\",\"url\":\"https:\/\/volcanes.net\/wp-content\/uploads\/2021\/03\/B228AC.jpg\",\"contentUrl\":\"https:\/\/volcanes.net\/wp-content\/uploads\/2021\/03\/B228AC.jpg\",\"width\":1140,\"height\":760},{\"@type\":\"BreadcrumbList\",\"@id\":\"https:\/\/volcanes.net\/?p=10425#breadcrumb\",\"itemListElement\":[{\"@type\":\"ListItem\",\"position\":1,\"name\":\"Portada\",\"item\":\"https:\/\/volcanes.net\/\"},{\"@type\":\"ListItem\",\"position\":2,\"name\":\"Gobierno de Chalco conmemora el D\u00eda Internacional de la Mujer\"}]},{\"@type\":\"WebSite\",\"@id\":\"https:\/\/volcanes.net\/#website\",\"url\":\"https:\/\/volcanes.net\/\",\"name\":\"Volcanes.Net\",\"description\":\"Periodismo Profesional\",\"publisher\":{\"@id\":\"https:\/\/volcanes.net\/#organization\"},\"potentialAction\":[{\"@type\":\"SearchAction\",\"target\":{\"@type\":\"EntryPoint\",\"urlTemplate\":\"https:\/\/volcanes.net\/?s={search_term_string}\"},\"query-input\":{\"@type\":\"PropertyValueSpecification\",\"valueRequired\":true,\"valueName\":\"search_term_string\"}}],\"inLanguage\":\"es\"},{\"@type\":\"Organization\",\"@id\":\"https:\/\/volcanes.net\/#organization\",\"name\":\"Grupo Volcanes\",\"url\":\"https:\/\/volcanes.net\/\",\"logo\":{\"@type\":\"ImageObject\",\"inLanguage\":\"es\",\"@id\":\"https:\/\/volcanes.net\/#\/schema\/logo\/image\/\",\"url\":\"http:\/\/volcanes.net\/wp-content\/uploads\/2017\/12\/Avatar2.jpg\",\"contentUrl\":\"http:\/\/volcanes.net\/wp-content\/uploads\/2017\/12\/Avatar2.jpg\",\"width\":378,\"height\":378,\"caption\":\"Grupo Volcanes\"},\"image\":{\"@id\":\"https:\/\/volcanes.net\/#\/schema\/logo\/image\/\"},\"sameAs\":[\"https:\/\/www.facebook.com\/volcanes.net\/\"]},{\"@type\":\"Person\",\"@id\":\"https:\/\/volcanes.net\/#\/schema\/person\/4bf0f383940966a4abd53f5048c0e6b9\",\"name\":\"admin\",\"image\":{\"@type\":\"ImageObject\",\"inLanguage\":\"es\",\"@id\":\"https:\/\/volcanes.net\/#\/schema\/person\/image\/\",\"url\":\"https:\/\/secure.gravatar.com\/avatar\/ca004e6cba8462b8cb7abc86e382930c?s=96&d=mm&r=g\",\"contentUrl\":\"https:\/\/secure.gravatar.com\/avatar\/ca004e6cba8462b8cb7abc86e382930c?s=96&d=mm&r=g\",\"caption\":\"admin\"}}]}<\/script>\n<!-- \/ Yoast SEO plugin. -->","yoast_head_json":{"title":"Gobierno de Chalco conmemora el D\u00eda Internacional de la Mujer - Volcanes","robots":{"index":"index","follow":"follow","max-snippet":"max-snippet:-1","max-image-preview":"max-image-preview:large","max-video-preview":"max-video-preview:-1"},"canonical":"https:\/\/volcanes.net\/?p=10425","og_locale":"es_MX","og_type":"article","og_title":"Gobierno de Chalco conmemora el D\u00eda Internacional de la Mujer - Volcanes","og_description":"Chalco, Estado de M\u00e9xico.- El Consejo Municipal de la Mujer del Gobierno de Chalco conmemor\u00f3","og_url":"https:\/\/volcanes.net\/?p=10425","og_site_name":"Volcanes","article_publisher":"https:\/\/www.facebook.com\/volcanes.net\/","article_published_time":"2021-03-09T04:22:11+00:00","og_image":[{"width":1140,"height":760,"url":"https:\/\/volcanes.net\/wp-content\/uploads\/2021\/03\/B228AC.jpg","type":"image\/jpeg"}],"author":"admin","twitter_card":"summary_large_image","twitter_misc":{"Escrito por":"admin","Tiempo de lectura":"2 minutos"},"schema":{"@context":"https:\/\/schema.org","@graph":[{"@type":"Article","@id":"https:\/\/volcanes.net\/?p=10425#article","isPartOf":{"@id":"https:\/\/volcanes.net\/?p=10425"},"author":{"name":"admin","@id":"https:\/\/volcanes.net\/#\/schema\/person\/4bf0f383940966a4abd53f5048c0e6b9"},"headline":"Gobierno de Chalco conmemora el D\u00eda Internacional de la Mujer","datePublished":"2021-03-09T04:22:11+00:00","mainEntityOfPage":{"@id":"https:\/\/volcanes.net\/?p=10425"},"wordCount":417,"commentCount":0,"publisher":{"@id":"https:\/\/volcanes.net\/#organization"},"image":{"@id":"https:\/\/volcanes.net\/?p=10425#primaryimage"},"thumbnailUrl":"https:\/\/volcanes.net\/wp-content\/uploads\/2021\/03\/B228AC.jpg","keywords":["Chalco"],"articleSection":["Municipales"],"inLanguage":"es","potentialAction":[{"@type":"CommentAction","name":"Comment","target":["https:\/\/volcanes.net\/?p=10425#respond"]}]},{"@type":"WebPage","@id":"https:\/\/volcanes.net\/?p=10425","url":"https:\/\/volcanes.net\/?p=10425","name":"Gobierno de Chalco conmemora el D\u00eda Internacional de la Mujer - Volcanes","isPartOf":{"@id":"https:\/\/volcanes.net\/#website"},"primaryImageOfPage":{"@id":"https:\/\/volcanes.net\/?p=10425#primaryimage"},"image":{"@id":"https:\/\/volcanes.net\/?p=10425#primaryimage"},"thumbnailUrl":"https:\/\/volcanes.net\/wp-content\/uploads\/2021\/03\/B228AC.jpg","datePublished":"2021-03-09T04:22:11+00:00","breadcrumb":{"@id":"https:\/\/volcanes.net\/?p=10425#breadcrumb"},"inLanguage":"es","potentialAction":[{"@type":"ReadAction","target":["https:\/\/volcanes.net\/?p=10425"]}]},{"@type":"ImageObject","inLanguage":"es","@id":"https:\/\/volcanes.net\/?p=10425#primaryimage","url":"https:\/\/volcanes.net\/wp-content\/uploads\/2021\/03\/B228AC.jpg","contentUrl":"https:\/\/volcanes.net\/wp-content\/uploads\/2021\/03\/B228AC.jpg","width":1140,"height":760},{"@type":"BreadcrumbList","@id":"https:\/\/volcanes.net\/?p=10425#breadcrumb","itemListElement":[{"@type":"ListItem","position":1,"name":"Portada","item":"https:\/\/volcanes.net\/"},{"@type":"ListItem","position":2,"name":"Gobierno de Chalco conmemora el D\u00eda Internacional de la Mujer"}]},{"@type":"WebSite","@id":"https:\/\/volcanes.net\/#website","url":"https:\/\/volcanes.net\/","name":"Volcanes.Net","description":"Periodismo Profesional","publisher":{"@id":"https:\/\/volcanes.net\/#organization"},"potentialAction":[{"@type":"SearchAction","target":{"@type":"EntryPoint","urlTemplate":"https:\/\/volcanes.net\/?s={search_term_string}"},"query-input":{"@type":"PropertyValueSpecification","valueRequired":true,"valueName":"search_term_string"}}],"inLanguage":"es"},{"@type":"Organization","@id":"https:\/\/volcanes.net\/#organization","name":"Grupo Volcanes","url":"https:\/\/volcanes.net\/","logo":{"@type":"ImageObject","inLanguage":"es","@id":"https:\/\/volcanes.net\/#\/schema\/logo\/image\/","url":"http:\/\/volcanes.net\/wp-content\/uploads\/2017\/12\/Avatar2.jpg","contentUrl":"http:\/\/volcanes.net\/wp-content\/uploads\/2017\/12\/Avatar2.jpg","width":378,"height":378,"caption":"Grupo Volcanes"},"image":{"@id":"https:\/\/volcanes.net\/#\/schema\/logo\/image\/"},"sameAs":["https:\/\/www.facebook.com\/volcanes.net\/"]},{"@type":"Person","@id":"https:\/\/volcanes.net\/#\/schema\/person\/4bf0f383940966a4abd53f5048c0e6b9","name":"admin","image":{"@type":"ImageObject","inLanguage":"es","@id":"https:\/\/volcanes.net\/#\/schema\/person\/image\/","url":"https:\/\/secure.gravatar.com\/avatar\/ca004e6cba8462b8cb7abc86e382930c?s=96&d=mm&r=g","contentUrl":"https:\/\/secure.gravatar.com\/avatar\/ca004e6cba8462b8cb7abc86e382930c?s=96&d=mm&r=g","caption":"admin"}}]}},"_links":{"self":[{"href":"https:\/\/volcanes.net\/index.php?rest_route=\/wp\/v2\/posts\/10425"}],"collection":[{"href":"https:\/\/volcanes.net\/index.php?rest_route=\/wp\/v2\/posts"}],"about":[{"href":"https:\/\/volcanes.net\/index.php?rest_route=\/wp\/v2\/types\/post"}],"author":[{"embeddable":true,"href":"https:\/\/volcanes.net\/index.php?rest_route=\/wp\/v2\/users\/1"}],"replies":[{"embeddable":true,"href":"https:\/\/volcanes.net\/index.php?rest_route=%2Fwp%2Fv2%2Fcomments&post=10425"}],"version-history":[{"count":1,"href":"https:\/\/volcanes.net\/index.php?rest_route=\/wp\/v2\/posts\/10425\/revisions"}],"predecessor-version":[{"id":10427,"href":"https:\/\/volcanes.net\/index.php?rest_route=\/wp\/v2\/posts\/10425\/revisions\/10427"}],"wp:featuredmedia":[{"embeddable":true,"href":"https:\/\/volcanes.net\/index.php?rest_route=\/wp\/v2\/media\/10426"}],"wp:attachment":[{"href":"https:\/\/volcanes.net\/index.php?rest_route=%2Fwp%2Fv2%2Fmedia&parent=10425"}],"wp:term":[{"taxonomy":"category","embeddable":true,"href":"https:\/\/volcanes.net\/index.php?rest_route=%2Fwp%2Fv2%2Fcategories&post=10425"},{"taxonomy":"post_tag","embeddable":true,"href":"https:\/\/volcanes.net\/index.php?rest_route=%2Fwp%2Fv2%2Ftags&post=10425"}],"curies":[{"name":"wp","href":"https:\/\/api.w.org\/{rel}","templated":true}]}}