{"id":10429,"date":"2021-03-09T09:42:38","date_gmt":"2021-03-09T15:42:38","guid":{"rendered":"http:\/\/volcanes.net\/?p=10429"},"modified":"2021-03-10T15:29:43","modified_gmt":"2021-03-10T21:29:43","slug":"en-temamatla-implementan-la-policia-de-genero","status":"publish","type":"post","link":"https:\/\/volcanes.net\/?p=10429","title":{"rendered":"En Temamatla implementan la polic\u00eda de g\u00e9nero"},"content":{"rendered":"<div style=\"margin-top: 0px; margin-bottom: 0px;\" class=\"sharethis-inline-share-buttons\" ><\/div><p style=\"text-align: justify;\">Temamatla, Estado de M\u00e9xico.-Cinco elementos y dos patrullas de g\u00e9nero fueron entregadas en el municipio de Temamatla en la conmemoraci\u00f3n del D\u00eda Internacional de la mujer.<\/p>\n<p style=\"text-align: justify;\">Juan Mart\u00edn Orozpe P\u00e9rez presidente municipal destac\u00f3 que\u00a0 estos nuevos elementos y veh\u00edculos se dan por la norma que marca el gobierno del Estado de M\u00e9xico para reducir la violencia de g\u00e9nero en los municipios que conforman la entidad.<\/p>\n<p style=\"text-align: justify;\">\u00abEs algo que nos marca la norma y hoy hacemos entrega de dos veh\u00edculos y cinco elementos que estar\u00e1n al frente de esta direcci\u00f3n que se ha creado\u00bb, dijo el edil.<\/p>\n<p style=\"text-align: justify;\">El mun\u00edcipe afirm\u00f3 que la violencia, dentro del hogar se ha incrementado durante la pandemia y se tiene que reducir, \u00abse ha incrementado en un 45 por ciento esta violencia creemos que es muy alto pero debido al tiempo que lleva es normal, lo que decimos es que tenemos que erradicarla\u00bb.<\/p>\n<p style=\"text-align: justify;\">\u00a0Orozpe P\u00e9rez remarc\u00f3 la importancia de las mujeres en el gobierno y la necesidad de celebrarlas, &#8220;no es un d\u00eda para felicitar pero s\u00ed para honrar a ellas que hacen su labor y lo digo porque en mi cabildo hay siete mujeres y m\u00e1s en la administraci\u00f3n y que son un pilar para trabajar&#8221;.<\/p>\n<p style=\"text-align: justify;\">El edil destac\u00f3 que su gobierno est\u00e1 comprometido para seguir apoyando a las mujeres de la localidad y no s\u00e9 permitir\u00e1 el abuso o violencia contra las mujeres de esta localidad.<\/p>\n<p style=\"text-align: justify;\">Elisa Cort\u00e9s, novena regidora y la comisionada en atenci\u00f3n a la mujer afirm\u00f3 que se tiene que hacer una labor en la administraci\u00f3n y por ello se capacitar\u00e1 a los elementos de seguridad p\u00fablica para atenci\u00f3n a las v\u00edctimas de violencia de g\u00e9nero y ahora con patrullas y elementos podr\u00e1n acompa\u00f1ar a las v\u00edctimas a realizar el tr\u00e1mite ante la fiscal\u00eda de G\u00e9nero en Amecameca.<\/p>\n<p style=\"text-align: justify;\">Orozpe P\u00e9rez dijo que con estos nuevos elementos y veh\u00edculos se podr\u00e1 reducir el porcentaje de violencia que se tiene en la localidad y concientizar a la poblaci\u00f3n de llevar a cabo las denuncias correspondientes<\/p>\n","protected":false},"excerpt":{"rendered":"<p>Temamatla, Estado de M\u00e9xico.-Cinco elementos y dos patrullas de g\u00e9nero fueron entregadas en el municipio<\/p>\n","protected":false},"author":1,"featured_media":10430,"comment_status":"open","ping_status":"open","sticky":false,"template":"","format":"standard","meta":{"footnotes":""},"categories":[1],"tags":[236],"class_list":["post-10429","post","type-post","status-publish","format-standard","has-post-thumbnail","hentry","category-municipales","tag-temamatla"],"yoast_head":"<!-- This site is optimized with the Yoast SEO plugin v25.3 - https:\/\/yoast.com\/wordpress\/plugins\/seo\/ -->\n<title>En Temamatla implementan la polic\u00eda de g\u00e9nero - Volcanes<\/title>\n<meta name=\"robots\" content=\"index, follow, max-snippet:-1, max-image-preview:large, max-video-preview:-1\" \/>\n<link rel=\"canonical\" href=\"https:\/\/volcanes.net\/?p=10429\" \/>\n<meta property=\"og:locale\" content=\"es_MX\" \/>\n<meta property=\"og:type\" content=\"article\" \/>\n<meta property=\"og:title\" content=\"En Temamatla implementan la polic\u00eda de g\u00e9nero - Volcanes\" \/>\n<meta property=\"og:description\" content=\"Temamatla, Estado de M\u00e9xico.-Cinco elementos y dos patrullas de g\u00e9nero fueron entregadas en el municipio\" \/>\n<meta property=\"og:url\" content=\"https:\/\/volcanes.net\/?p=10429\" \/>\n<meta property=\"og:site_name\" content=\"Volcanes\" \/>\n<meta property=\"article:publisher\" content=\"https:\/\/www.facebook.com\/volcanes.net\/\" \/>\n<meta property=\"article:published_time\" content=\"2021-03-09T15:42:38+00:00\" \/>\n<meta property=\"article:modified_time\" content=\"2021-03-10T21:29:43+00:00\" \/>\n<meta property=\"og:image\" content=\"https:\/\/volcanes.net\/wp-content\/uploads\/2021\/03\/FB_IMG_1615304324718.jpg\" \/>\n\t<meta property=\"og:image:width\" content=\"720\" \/>\n\t<meta property=\"og:image:height\" content=\"487\" \/>\n\t<meta property=\"og:image:type\" content=\"image\/jpeg\" \/>\n<meta name=\"author\" content=\"admin\" \/>\n<meta name=\"twitter:card\" content=\"summary_large_image\" \/>\n<meta name=\"twitter:label1\" content=\"Escrito por\" \/>\n\t<meta name=\"twitter:data1\" content=\"admin\" \/>\n\t<meta name=\"twitter:label2\" content=\"Tiempo de lectura\" \/>\n\t<meta name=\"twitter:data2\" content=\"2 minutos\" \/>\n<script type=\"application\/ld+json\" class=\"yoast-schema-graph\">{\"@context\":\"https:\/\/schema.org\",\"@graph\":[{\"@type\":\"Article\",\"@id\":\"https:\/\/volcanes.net\/?p=10429#article\",\"isPartOf\":{\"@id\":\"https:\/\/volcanes.net\/?p=10429\"},\"author\":{\"name\":\"admin\",\"@id\":\"https:\/\/volcanes.net\/#\/schema\/person\/4bf0f383940966a4abd53f5048c0e6b9\"},\"headline\":\"En Temamatla implementan la polic\u00eda de g\u00e9nero\",\"datePublished\":\"2021-03-09T15:42:38+00:00\",\"dateModified\":\"2021-03-10T21:29:43+00:00\",\"mainEntityOfPage\":{\"@id\":\"https:\/\/volcanes.net\/?p=10429\"},\"wordCount\":374,\"commentCount\":0,\"publisher\":{\"@id\":\"https:\/\/volcanes.net\/#organization\"},\"image\":{\"@id\":\"https:\/\/volcanes.net\/?p=10429#primaryimage\"},\"thumbnailUrl\":\"https:\/\/volcanes.net\/wp-content\/uploads\/2021\/03\/FB_IMG_1615304324718.jpg\",\"keywords\":[\"Temamatla\"],\"articleSection\":[\"Municipales\"],\"inLanguage\":\"es\",\"potentialAction\":[{\"@type\":\"CommentAction\",\"name\":\"Comment\",\"target\":[\"https:\/\/volcanes.net\/?p=10429#respond\"]}]},{\"@type\":\"WebPage\",\"@id\":\"https:\/\/volcanes.net\/?p=10429\",\"url\":\"https:\/\/volcanes.net\/?p=10429\",\"name\":\"En Temamatla implementan la polic\u00eda de g\u00e9nero - Volcanes\",\"isPartOf\":{\"@id\":\"https:\/\/volcanes.net\/#website\"},\"primaryImageOfPage\":{\"@id\":\"https:\/\/volcanes.net\/?p=10429#primaryimage\"},\"image\":{\"@id\":\"https:\/\/volcanes.net\/?p=10429#primaryimage\"},\"thumbnailUrl\":\"https:\/\/volcanes.net\/wp-content\/uploads\/2021\/03\/FB_IMG_1615304324718.jpg\",\"datePublished\":\"2021-03-09T15:42:38+00:00\",\"dateModified\":\"2021-03-10T21:29:43+00:00\",\"breadcrumb\":{\"@id\":\"https:\/\/volcanes.net\/?p=10429#breadcrumb\"},\"inLanguage\":\"es\",\"potentialAction\":[{\"@type\":\"ReadAction\",\"target\":[\"https:\/\/volcanes.net\/?p=10429\"]}]},{\"@type\":\"ImageObject\",\"inLanguage\":\"es\",\"@id\":\"https:\/\/volcanes.net\/?p=10429#primaryimage\",\"url\":\"https:\/\/volcanes.net\/wp-content\/uploads\/2021\/03\/FB_IMG_1615304324718.jpg\",\"contentUrl\":\"https:\/\/volcanes.net\/wp-content\/uploads\/2021\/03\/FB_IMG_1615304324718.jpg\",\"width\":720,\"height\":487},{\"@type\":\"BreadcrumbList\",\"@id\":\"https:\/\/volcanes.net\/?p=10429#breadcrumb\",\"itemListElement\":[{\"@type\":\"ListItem\",\"position\":1,\"name\":\"Portada\",\"item\":\"https:\/\/volcanes.net\/\"},{\"@type\":\"ListItem\",\"position\":2,\"name\":\"En Temamatla implementan la polic\u00eda de g\u00e9nero\"}]},{\"@type\":\"WebSite\",\"@id\":\"https:\/\/volcanes.net\/#website\",\"url\":\"https:\/\/volcanes.net\/\",\"name\":\"Volcanes.Net\",\"description\":\"Periodismo Profesional\",\"publisher\":{\"@id\":\"https:\/\/volcanes.net\/#organization\"},\"potentialAction\":[{\"@type\":\"SearchAction\",\"target\":{\"@type\":\"EntryPoint\",\"urlTemplate\":\"https:\/\/volcanes.net\/?s={search_term_string}\"},\"query-input\":{\"@type\":\"PropertyValueSpecification\",\"valueRequired\":true,\"valueName\":\"search_term_string\"}}],\"inLanguage\":\"es\"},{\"@type\":\"Organization\",\"@id\":\"https:\/\/volcanes.net\/#organization\",\"name\":\"Grupo Volcanes\",\"url\":\"https:\/\/volcanes.net\/\",\"logo\":{\"@type\":\"ImageObject\",\"inLanguage\":\"es\",\"@id\":\"https:\/\/volcanes.net\/#\/schema\/logo\/image\/\",\"url\":\"http:\/\/volcanes.net\/wp-content\/uploads\/2017\/12\/Avatar2.jpg\",\"contentUrl\":\"http:\/\/volcanes.net\/wp-content\/uploads\/2017\/12\/Avatar2.jpg\",\"width\":378,\"height\":378,\"caption\":\"Grupo Volcanes\"},\"image\":{\"@id\":\"https:\/\/volcanes.net\/#\/schema\/logo\/image\/\"},\"sameAs\":[\"https:\/\/www.facebook.com\/volcanes.net\/\"]},{\"@type\":\"Person\",\"@id\":\"https:\/\/volcanes.net\/#\/schema\/person\/4bf0f383940966a4abd53f5048c0e6b9\",\"name\":\"admin\",\"image\":{\"@type\":\"ImageObject\",\"inLanguage\":\"es\",\"@id\":\"https:\/\/volcanes.net\/#\/schema\/person\/image\/\",\"url\":\"https:\/\/secure.gravatar.com\/avatar\/ca004e6cba8462b8cb7abc86e382930c?s=96&d=mm&r=g\",\"contentUrl\":\"https:\/\/secure.gravatar.com\/avatar\/ca004e6cba8462b8cb7abc86e382930c?s=96&d=mm&r=g\",\"caption\":\"admin\"}}]}<\/script>\n<!-- \/ Yoast SEO plugin. -->","yoast_head_json":{"title":"En Temamatla implementan la polic\u00eda de g\u00e9nero - Volcanes","robots":{"index":"index","follow":"follow","max-snippet":"max-snippet:-1","max-image-preview":"max-image-preview:large","max-video-preview":"max-video-preview:-1"},"canonical":"https:\/\/volcanes.net\/?p=10429","og_locale":"es_MX","og_type":"article","og_title":"En Temamatla implementan la polic\u00eda de g\u00e9nero - Volcanes","og_description":"Temamatla, Estado de M\u00e9xico.-Cinco elementos y dos patrullas de g\u00e9nero fueron entregadas en el municipio","og_url":"https:\/\/volcanes.net\/?p=10429","og_site_name":"Volcanes","article_publisher":"https:\/\/www.facebook.com\/volcanes.net\/","article_published_time":"2021-03-09T15:42:38+00:00","article_modified_time":"2021-03-10T21:29:43+00:00","og_image":[{"width":720,"height":487,"url":"https:\/\/volcanes.net\/wp-content\/uploads\/2021\/03\/FB_IMG_1615304324718.jpg","type":"image\/jpeg"}],"author":"admin","twitter_card":"summary_large_image","twitter_misc":{"Escrito por":"admin","Tiempo de lectura":"2 minutos"},"schema":{"@context":"https:\/\/schema.org","@graph":[{"@type":"Article","@id":"https:\/\/volcanes.net\/?p=10429#article","isPartOf":{"@id":"https:\/\/volcanes.net\/?p=10429"},"author":{"name":"admin","@id":"https:\/\/volcanes.net\/#\/schema\/person\/4bf0f383940966a4abd53f5048c0e6b9"},"headline":"En Temamatla implementan la polic\u00eda de g\u00e9nero","datePublished":"2021-03-09T15:42:38+00:00","dateModified":"2021-03-10T21:29:43+00:00","mainEntityOfPage":{"@id":"https:\/\/volcanes.net\/?p=10429"},"wordCount":374,"commentCount":0,"publisher":{"@id":"https:\/\/volcanes.net\/#organization"},"image":{"@id":"https:\/\/volcanes.net\/?p=10429#primaryimage"},"thumbnailUrl":"https:\/\/volcanes.net\/wp-content\/uploads\/2021\/03\/FB_IMG_1615304324718.jpg","keywords":["Temamatla"],"articleSection":["Municipales"],"inLanguage":"es","potentialAction":[{"@type":"CommentAction","name":"Comment","target":["https:\/\/volcanes.net\/?p=10429#respond"]}]},{"@type":"WebPage","@id":"https:\/\/volcanes.net\/?p=10429","url":"https:\/\/volcanes.net\/?p=10429","name":"En Temamatla implementan la polic\u00eda de g\u00e9nero - Volcanes","isPartOf":{"@id":"https:\/\/volcanes.net\/#website"},"primaryImageOfPage":{"@id":"https:\/\/volcanes.net\/?p=10429#primaryimage"},"image":{"@id":"https:\/\/volcanes.net\/?p=10429#primaryimage"},"thumbnailUrl":"https:\/\/volcanes.net\/wp-content\/uploads\/2021\/03\/FB_IMG_1615304324718.jpg","datePublished":"2021-03-09T15:42:38+00:00","dateModified":"2021-03-10T21:29:43+00:00","breadcrumb":{"@id":"https:\/\/volcanes.net\/?p=10429#breadcrumb"},"inLanguage":"es","potentialAction":[{"@type":"ReadAction","target":["https:\/\/volcanes.net\/?p=10429"]}]},{"@type":"ImageObject","inLanguage":"es","@id":"https:\/\/volcanes.net\/?p=10429#primaryimage","url":"https:\/\/volcanes.net\/wp-content\/uploads\/2021\/03\/FB_IMG_1615304324718.jpg","contentUrl":"https:\/\/volcanes.net\/wp-content\/uploads\/2021\/03\/FB_IMG_1615304324718.jpg","width":720,"height":487},{"@type":"BreadcrumbList","@id":"https:\/\/volcanes.net\/?p=10429#breadcrumb","itemListElement":[{"@type":"ListItem","position":1,"name":"Portada","item":"https:\/\/volcanes.net\/"},{"@type":"ListItem","position":2,"name":"En Temamatla implementan la polic\u00eda de g\u00e9nero"}]},{"@type":"WebSite","@id":"https:\/\/volcanes.net\/#website","url":"https:\/\/volcanes.net\/","name":"Volcanes.Net","description":"Periodismo Profesional","publisher":{"@id":"https:\/\/volcanes.net\/#organization"},"potentialAction":[{"@type":"SearchAction","target":{"@type":"EntryPoint","urlTemplate":"https:\/\/volcanes.net\/?s={search_term_string}"},"query-input":{"@type":"PropertyValueSpecification","valueRequired":true,"valueName":"search_term_string"}}],"inLanguage":"es"},{"@type":"Organization","@id":"https:\/\/volcanes.net\/#organization","name":"Grupo Volcanes","url":"https:\/\/volcanes.net\/","logo":{"@type":"ImageObject","inLanguage":"es","@id":"https:\/\/volcanes.net\/#\/schema\/logo\/image\/","url":"http:\/\/volcanes.net\/wp-content\/uploads\/2017\/12\/Avatar2.jpg","contentUrl":"http:\/\/volcanes.net\/wp-content\/uploads\/2017\/12\/Avatar2.jpg","width":378,"height":378,"caption":"Grupo Volcanes"},"image":{"@id":"https:\/\/volcanes.net\/#\/schema\/logo\/image\/"},"sameAs":["https:\/\/www.facebook.com\/volcanes.net\/"]},{"@type":"Person","@id":"https:\/\/volcanes.net\/#\/schema\/person\/4bf0f383940966a4abd53f5048c0e6b9","name":"admin","image":{"@type":"ImageObject","inLanguage":"es","@id":"https:\/\/volcanes.net\/#\/schema\/person\/image\/","url":"https:\/\/secure.gravatar.com\/avatar\/ca004e6cba8462b8cb7abc86e382930c?s=96&d=mm&r=g","contentUrl":"https:\/\/secure.gravatar.com\/avatar\/ca004e6cba8462b8cb7abc86e382930c?s=96&d=mm&r=g","caption":"admin"}}]}},"_links":{"self":[{"href":"https:\/\/volcanes.net\/index.php?rest_route=\/wp\/v2\/posts\/10429"}],"collection":[{"href":"https:\/\/volcanes.net\/index.php?rest_route=\/wp\/v2\/posts"}],"about":[{"href":"https:\/\/volcanes.net\/index.php?rest_route=\/wp\/v2\/types\/post"}],"author":[{"embeddable":true,"href":"https:\/\/volcanes.net\/index.php?rest_route=\/wp\/v2\/users\/1"}],"replies":[{"embeddable":true,"href":"https:\/\/volcanes.net\/index.php?rest_route=%2Fwp%2Fv2%2Fcomments&post=10429"}],"version-history":[{"count":3,"href":"https:\/\/volcanes.net\/index.php?rest_route=\/wp\/v2\/posts\/10429\/revisions"}],"predecessor-version":[{"id":10460,"href":"https:\/\/volcanes.net\/index.php?rest_route=\/wp\/v2\/posts\/10429\/revisions\/10460"}],"wp:featuredmedia":[{"embeddable":true,"href":"https:\/\/volcanes.net\/index.php?rest_route=\/wp\/v2\/media\/10430"}],"wp:attachment":[{"href":"https:\/\/volcanes.net\/index.php?rest_route=%2Fwp%2Fv2%2Fmedia&parent=10429"}],"wp:term":[{"taxonomy":"category","embeddable":true,"href":"https:\/\/volcanes.net\/index.php?rest_route=%2Fwp%2Fv2%2Fcategories&post=10429"},{"taxonomy":"post_tag","embeddable":true,"href":"https:\/\/volcanes.net\/index.php?rest_route=%2Fwp%2Fv2%2Ftags&post=10429"}],"curies":[{"name":"wp","href":"https:\/\/api.w.org\/{rel}","templated":true}]}}