{"id":1046,"date":"2018-02-05T01:51:37","date_gmt":"2018-02-05T01:51:37","guid":{"rendered":"http:\/\/volcanes.net\/?p=1046"},"modified":"2018-02-05T01:51:37","modified_gmt":"2018-02-05T01:51:37","slug":"desarrollo-social-invertira-mas-de-14-mil-mdp-en-guerrero","status":"publish","type":"post","link":"https:\/\/volcanes.net\/?p=1046","title":{"rendered":"Desarrollo Social invertir\u00e1 m\u00e1s de 14 mil mdp en Guerrero"},"content":{"rendered":"<div style=\"margin-top: 0px; margin-bottom: 0px;\" class=\"sharethis-inline-share-buttons\" ><\/div><p>La Secretar\u00eda de Desarrollo Social (Sedesol) invertir\u00e1 14 mil 300 millones de pesos en Guerrero durante 2018 para apoyar directamente a m\u00e1s de 2.5 millones de habitantes en el estado.<\/p>\n<p>El subsecretario de Planeaci\u00f3n, Evaluaci\u00f3n y Desarrollo Regional, Javier Garc\u00eda Bejos, destac\u00f3 que entre 2012 y 2016 unas 286 mil personas superaron la pobreza extrema en la entidad, donde se est\u00e1n dando resultados con el trabajo de todos y \u201cestamos d\u00e1ndole la vuelta a un problema que hist\u00f3ricamente hab\u00eda quedado estancado\u201d.<\/p>\n<p>El funcionario sostuvo que \u201cla Estrategia Nacional de Inclusi\u00f3n es la columna vertebral de la pol\u00edtica social que emprendemos, es el camino que nos han marcado el presidente Enrique Pe\u00f1a Nieto y el secretario Eviel P\u00e9rez Maga\u00f1a, para redoblar esfuerzos en mejorar la calidad de vida de las familias\u201d.<\/p>\n<p>Acompa\u00f1ado por el gobernador H\u00e9ctor Astudillo Flores, asegur\u00f3 que se continuar\u00e1 trabajando en equipo, con unidad y con buena coordinaci\u00f3n para seguir generando buenos resultados en el abatimiento de las carencias.<\/p>\n<p>Sostuvo que el seguir trabajando en temas de distribuci\u00f3n de agua potable, drenaje, techo y muros firmes convoca a los tres \u00f3rdenes de gobierno a seguir aplicando recursos de manera coordinada, \u201ccomo lo hemos hecho gracias al compromiso del gobernador, de manera conjunta con los municipios\u201d.<\/p>\n<p>Entre otros aspectos, las autoridades anunciaron que este a\u00f1o se invertir\u00e1n 50 millones de pesos para el reequipamiento del Programa Comedores Comunitarios en Guerrero, en donde se cuenta con mil 200 establecimientos donde todos los d\u00edas 133 mil guerrerenses comen con el apoyo solidario de m\u00e1s de 20 mil 700 voluntarias.<\/p>\n<p>Garc\u00eda Bejos se\u00f1al\u00f3 que en los Comedores Comunitarios est\u00e1n pasando cosas buenas, como con los otros programas que instrumenta la Sedesol. Este a\u00f1o se incorporar\u00e1n 20 mil familias Prospera m\u00e1s y 12 mil nuevos afiliados al Programa Pensi\u00f3n para Adultos Mayores, de acuerdo con un comunicado.<\/p>\n","protected":false},"excerpt":{"rendered":"<p>La Secretar\u00eda de Desarrollo Social (Sedesol) invertir\u00e1 14 mil 300 millones de pesos en Guerrero<\/p>\n","protected":false},"author":1,"featured_media":1035,"comment_status":"open","ping_status":"open","sticky":false,"template":"","format":"standard","meta":{"footnotes":""},"categories":[1],"tags":[33],"class_list":["post-1046","post","type-post","status-publish","format-standard","has-post-thumbnail","hentry","category-municipales","tag-sedesol"],"yoast_head":"<!-- This site is optimized with the Yoast SEO plugin v25.3 - https:\/\/yoast.com\/wordpress\/plugins\/seo\/ -->\n<title>Desarrollo Social invertir\u00e1 m\u00e1s de 14 mil mdp en Guerrero - Volcanes<\/title>\n<meta name=\"robots\" content=\"index, follow, max-snippet:-1, max-image-preview:large, max-video-preview:-1\" \/>\n<link rel=\"canonical\" href=\"https:\/\/volcanes.net\/?p=1046\" \/>\n<meta property=\"og:locale\" content=\"es_MX\" \/>\n<meta property=\"og:type\" content=\"article\" \/>\n<meta property=\"og:title\" content=\"Desarrollo Social invertir\u00e1 m\u00e1s de 14 mil mdp en Guerrero - Volcanes\" \/>\n<meta property=\"og:description\" content=\"La Secretar\u00eda de Desarrollo Social (Sedesol) invertir\u00e1 14 mil 300 millones de pesos en Guerrero\" \/>\n<meta property=\"og:url\" content=\"https:\/\/volcanes.net\/?p=1046\" \/>\n<meta property=\"og:site_name\" content=\"Volcanes\" \/>\n<meta property=\"article:publisher\" content=\"https:\/\/www.facebook.com\/volcanes.net\/\" \/>\n<meta property=\"article:published_time\" content=\"2018-02-05T01:51:37+00:00\" \/>\n<meta property=\"og:image\" content=\"https:\/\/volcanes.net\/wp-content\/uploads\/2018\/02\/garcia-bejos.jpg\" \/>\n\t<meta property=\"og:image:width\" content=\"400\" \/>\n\t<meta property=\"og:image:height\" content=\"200\" \/>\n\t<meta property=\"og:image:type\" content=\"image\/jpeg\" \/>\n<meta name=\"author\" content=\"admin\" \/>\n<meta name=\"twitter:card\" content=\"summary_large_image\" \/>\n<meta name=\"twitter:label1\" content=\"Escrito por\" \/>\n\t<meta name=\"twitter:data1\" content=\"admin\" \/>\n\t<meta name=\"twitter:label2\" content=\"Tiempo de lectura\" \/>\n\t<meta name=\"twitter:data2\" content=\"2 minutos\" \/>\n<script type=\"application\/ld+json\" class=\"yoast-schema-graph\">{\"@context\":\"https:\/\/schema.org\",\"@graph\":[{\"@type\":\"Article\",\"@id\":\"https:\/\/volcanes.net\/?p=1046#article\",\"isPartOf\":{\"@id\":\"https:\/\/volcanes.net\/?p=1046\"},\"author\":{\"name\":\"admin\",\"@id\":\"https:\/\/volcanes.net\/#\/schema\/person\/4bf0f383940966a4abd53f5048c0e6b9\"},\"headline\":\"Desarrollo Social invertir\u00e1 m\u00e1s de 14 mil mdp en Guerrero\",\"datePublished\":\"2018-02-05T01:51:37+00:00\",\"mainEntityOfPage\":{\"@id\":\"https:\/\/volcanes.net\/?p=1046\"},\"wordCount\":329,\"commentCount\":0,\"publisher\":{\"@id\":\"https:\/\/volcanes.net\/#organization\"},\"image\":{\"@id\":\"https:\/\/volcanes.net\/?p=1046#primaryimage\"},\"thumbnailUrl\":\"https:\/\/volcanes.net\/wp-content\/uploads\/2018\/02\/garcia-bejos.jpg\",\"keywords\":[\"SEDESOL\"],\"articleSection\":[\"Municipales\"],\"inLanguage\":\"es\",\"potentialAction\":[{\"@type\":\"CommentAction\",\"name\":\"Comment\",\"target\":[\"https:\/\/volcanes.net\/?p=1046#respond\"]}]},{\"@type\":\"WebPage\",\"@id\":\"https:\/\/volcanes.net\/?p=1046\",\"url\":\"https:\/\/volcanes.net\/?p=1046\",\"name\":\"Desarrollo Social invertir\u00e1 m\u00e1s de 14 mil mdp en Guerrero - Volcanes\",\"isPartOf\":{\"@id\":\"https:\/\/volcanes.net\/#website\"},\"primaryImageOfPage\":{\"@id\":\"https:\/\/volcanes.net\/?p=1046#primaryimage\"},\"image\":{\"@id\":\"https:\/\/volcanes.net\/?p=1046#primaryimage\"},\"thumbnailUrl\":\"https:\/\/volcanes.net\/wp-content\/uploads\/2018\/02\/garcia-bejos.jpg\",\"datePublished\":\"2018-02-05T01:51:37+00:00\",\"breadcrumb\":{\"@id\":\"https:\/\/volcanes.net\/?p=1046#breadcrumb\"},\"inLanguage\":\"es\",\"potentialAction\":[{\"@type\":\"ReadAction\",\"target\":[\"https:\/\/volcanes.net\/?p=1046\"]}]},{\"@type\":\"ImageObject\",\"inLanguage\":\"es\",\"@id\":\"https:\/\/volcanes.net\/?p=1046#primaryimage\",\"url\":\"https:\/\/volcanes.net\/wp-content\/uploads\/2018\/02\/garcia-bejos.jpg\",\"contentUrl\":\"https:\/\/volcanes.net\/wp-content\/uploads\/2018\/02\/garcia-bejos.jpg\",\"width\":400,\"height\":200},{\"@type\":\"BreadcrumbList\",\"@id\":\"https:\/\/volcanes.net\/?p=1046#breadcrumb\",\"itemListElement\":[{\"@type\":\"ListItem\",\"position\":1,\"name\":\"Portada\",\"item\":\"https:\/\/volcanes.net\/\"},{\"@type\":\"ListItem\",\"position\":2,\"name\":\"Desarrollo Social invertir\u00e1 m\u00e1s de 14 mil mdp en Guerrero\"}]},{\"@type\":\"WebSite\",\"@id\":\"https:\/\/volcanes.net\/#website\",\"url\":\"https:\/\/volcanes.net\/\",\"name\":\"Volcanes.Net\",\"description\":\"Periodismo Profesional\",\"publisher\":{\"@id\":\"https:\/\/volcanes.net\/#organization\"},\"potentialAction\":[{\"@type\":\"SearchAction\",\"target\":{\"@type\":\"EntryPoint\",\"urlTemplate\":\"https:\/\/volcanes.net\/?s={search_term_string}\"},\"query-input\":{\"@type\":\"PropertyValueSpecification\",\"valueRequired\":true,\"valueName\":\"search_term_string\"}}],\"inLanguage\":\"es\"},{\"@type\":\"Organization\",\"@id\":\"https:\/\/volcanes.net\/#organization\",\"name\":\"Grupo Volcanes\",\"url\":\"https:\/\/volcanes.net\/\",\"logo\":{\"@type\":\"ImageObject\",\"inLanguage\":\"es\",\"@id\":\"https:\/\/volcanes.net\/#\/schema\/logo\/image\/\",\"url\":\"http:\/\/volcanes.net\/wp-content\/uploads\/2017\/12\/Avatar2.jpg\",\"contentUrl\":\"http:\/\/volcanes.net\/wp-content\/uploads\/2017\/12\/Avatar2.jpg\",\"width\":378,\"height\":378,\"caption\":\"Grupo Volcanes\"},\"image\":{\"@id\":\"https:\/\/volcanes.net\/#\/schema\/logo\/image\/\"},\"sameAs\":[\"https:\/\/www.facebook.com\/volcanes.net\/\"]},{\"@type\":\"Person\",\"@id\":\"https:\/\/volcanes.net\/#\/schema\/person\/4bf0f383940966a4abd53f5048c0e6b9\",\"name\":\"admin\",\"image\":{\"@type\":\"ImageObject\",\"inLanguage\":\"es\",\"@id\":\"https:\/\/volcanes.net\/#\/schema\/person\/image\/\",\"url\":\"https:\/\/secure.gravatar.com\/avatar\/ca004e6cba8462b8cb7abc86e382930c?s=96&d=mm&r=g\",\"contentUrl\":\"https:\/\/secure.gravatar.com\/avatar\/ca004e6cba8462b8cb7abc86e382930c?s=96&d=mm&r=g\",\"caption\":\"admin\"}}]}<\/script>\n<!-- \/ Yoast SEO plugin. -->","yoast_head_json":{"title":"Desarrollo Social invertir\u00e1 m\u00e1s de 14 mil mdp en Guerrero - Volcanes","robots":{"index":"index","follow":"follow","max-snippet":"max-snippet:-1","max-image-preview":"max-image-preview:large","max-video-preview":"max-video-preview:-1"},"canonical":"https:\/\/volcanes.net\/?p=1046","og_locale":"es_MX","og_type":"article","og_title":"Desarrollo Social invertir\u00e1 m\u00e1s de 14 mil mdp en Guerrero - Volcanes","og_description":"La Secretar\u00eda de Desarrollo Social (Sedesol) invertir\u00e1 14 mil 300 millones de pesos en Guerrero","og_url":"https:\/\/volcanes.net\/?p=1046","og_site_name":"Volcanes","article_publisher":"https:\/\/www.facebook.com\/volcanes.net\/","article_published_time":"2018-02-05T01:51:37+00:00","og_image":[{"width":400,"height":200,"url":"https:\/\/volcanes.net\/wp-content\/uploads\/2018\/02\/garcia-bejos.jpg","type":"image\/jpeg"}],"author":"admin","twitter_card":"summary_large_image","twitter_misc":{"Escrito por":"admin","Tiempo de lectura":"2 minutos"},"schema":{"@context":"https:\/\/schema.org","@graph":[{"@type":"Article","@id":"https:\/\/volcanes.net\/?p=1046#article","isPartOf":{"@id":"https:\/\/volcanes.net\/?p=1046"},"author":{"name":"admin","@id":"https:\/\/volcanes.net\/#\/schema\/person\/4bf0f383940966a4abd53f5048c0e6b9"},"headline":"Desarrollo Social invertir\u00e1 m\u00e1s de 14 mil mdp en Guerrero","datePublished":"2018-02-05T01:51:37+00:00","mainEntityOfPage":{"@id":"https:\/\/volcanes.net\/?p=1046"},"wordCount":329,"commentCount":0,"publisher":{"@id":"https:\/\/volcanes.net\/#organization"},"image":{"@id":"https:\/\/volcanes.net\/?p=1046#primaryimage"},"thumbnailUrl":"https:\/\/volcanes.net\/wp-content\/uploads\/2018\/02\/garcia-bejos.jpg","keywords":["SEDESOL"],"articleSection":["Municipales"],"inLanguage":"es","potentialAction":[{"@type":"CommentAction","name":"Comment","target":["https:\/\/volcanes.net\/?p=1046#respond"]}]},{"@type":"WebPage","@id":"https:\/\/volcanes.net\/?p=1046","url":"https:\/\/volcanes.net\/?p=1046","name":"Desarrollo Social invertir\u00e1 m\u00e1s de 14 mil mdp en Guerrero - Volcanes","isPartOf":{"@id":"https:\/\/volcanes.net\/#website"},"primaryImageOfPage":{"@id":"https:\/\/volcanes.net\/?p=1046#primaryimage"},"image":{"@id":"https:\/\/volcanes.net\/?p=1046#primaryimage"},"thumbnailUrl":"https:\/\/volcanes.net\/wp-content\/uploads\/2018\/02\/garcia-bejos.jpg","datePublished":"2018-02-05T01:51:37+00:00","breadcrumb":{"@id":"https:\/\/volcanes.net\/?p=1046#breadcrumb"},"inLanguage":"es","potentialAction":[{"@type":"ReadAction","target":["https:\/\/volcanes.net\/?p=1046"]}]},{"@type":"ImageObject","inLanguage":"es","@id":"https:\/\/volcanes.net\/?p=1046#primaryimage","url":"https:\/\/volcanes.net\/wp-content\/uploads\/2018\/02\/garcia-bejos.jpg","contentUrl":"https:\/\/volcanes.net\/wp-content\/uploads\/2018\/02\/garcia-bejos.jpg","width":400,"height":200},{"@type":"BreadcrumbList","@id":"https:\/\/volcanes.net\/?p=1046#breadcrumb","itemListElement":[{"@type":"ListItem","position":1,"name":"Portada","item":"https:\/\/volcanes.net\/"},{"@type":"ListItem","position":2,"name":"Desarrollo Social invertir\u00e1 m\u00e1s de 14 mil mdp en Guerrero"}]},{"@type":"WebSite","@id":"https:\/\/volcanes.net\/#website","url":"https:\/\/volcanes.net\/","name":"Volcanes.Net","description":"Periodismo Profesional","publisher":{"@id":"https:\/\/volcanes.net\/#organization"},"potentialAction":[{"@type":"SearchAction","target":{"@type":"EntryPoint","urlTemplate":"https:\/\/volcanes.net\/?s={search_term_string}"},"query-input":{"@type":"PropertyValueSpecification","valueRequired":true,"valueName":"search_term_string"}}],"inLanguage":"es"},{"@type":"Organization","@id":"https:\/\/volcanes.net\/#organization","name":"Grupo Volcanes","url":"https:\/\/volcanes.net\/","logo":{"@type":"ImageObject","inLanguage":"es","@id":"https:\/\/volcanes.net\/#\/schema\/logo\/image\/","url":"http:\/\/volcanes.net\/wp-content\/uploads\/2017\/12\/Avatar2.jpg","contentUrl":"http:\/\/volcanes.net\/wp-content\/uploads\/2017\/12\/Avatar2.jpg","width":378,"height":378,"caption":"Grupo Volcanes"},"image":{"@id":"https:\/\/volcanes.net\/#\/schema\/logo\/image\/"},"sameAs":["https:\/\/www.facebook.com\/volcanes.net\/"]},{"@type":"Person","@id":"https:\/\/volcanes.net\/#\/schema\/person\/4bf0f383940966a4abd53f5048c0e6b9","name":"admin","image":{"@type":"ImageObject","inLanguage":"es","@id":"https:\/\/volcanes.net\/#\/schema\/person\/image\/","url":"https:\/\/secure.gravatar.com\/avatar\/ca004e6cba8462b8cb7abc86e382930c?s=96&d=mm&r=g","contentUrl":"https:\/\/secure.gravatar.com\/avatar\/ca004e6cba8462b8cb7abc86e382930c?s=96&d=mm&r=g","caption":"admin"}}]}},"_links":{"self":[{"href":"https:\/\/volcanes.net\/index.php?rest_route=\/wp\/v2\/posts\/1046"}],"collection":[{"href":"https:\/\/volcanes.net\/index.php?rest_route=\/wp\/v2\/posts"}],"about":[{"href":"https:\/\/volcanes.net\/index.php?rest_route=\/wp\/v2\/types\/post"}],"author":[{"embeddable":true,"href":"https:\/\/volcanes.net\/index.php?rest_route=\/wp\/v2\/users\/1"}],"replies":[{"embeddable":true,"href":"https:\/\/volcanes.net\/index.php?rest_route=%2Fwp%2Fv2%2Fcomments&post=1046"}],"version-history":[{"count":1,"href":"https:\/\/volcanes.net\/index.php?rest_route=\/wp\/v2\/posts\/1046\/revisions"}],"predecessor-version":[{"id":1047,"href":"https:\/\/volcanes.net\/index.php?rest_route=\/wp\/v2\/posts\/1046\/revisions\/1047"}],"wp:featuredmedia":[{"embeddable":true,"href":"https:\/\/volcanes.net\/index.php?rest_route=\/wp\/v2\/media\/1035"}],"wp:attachment":[{"href":"https:\/\/volcanes.net\/index.php?rest_route=%2Fwp%2Fv2%2Fmedia&parent=1046"}],"wp:term":[{"taxonomy":"category","embeddable":true,"href":"https:\/\/volcanes.net\/index.php?rest_route=%2Fwp%2Fv2%2Fcategories&post=1046"},{"taxonomy":"post_tag","embeddable":true,"href":"https:\/\/volcanes.net\/index.php?rest_route=%2Fwp%2Fv2%2Ftags&post=1046"}],"curies":[{"name":"wp","href":"https:\/\/api.w.org\/{rel}","templated":true}]}}