{"id":10464,"date":"2021-03-10T17:22:44","date_gmt":"2021-03-10T23:22:44","guid":{"rendered":"http:\/\/volcanes.net\/?p=10464"},"modified":"2021-03-10T17:22:44","modified_gmt":"2021-03-10T23:22:44","slug":"enrique-vargas-del-villar-busca-apoyar-a-campesinos-de-la-region-de-los-volcanes","status":"publish","type":"post","link":"https:\/\/volcanes.net\/?p=10464","title":{"rendered":"Enrique Vargas del Villar busca apoyar a campesinos de la  regi\u00f3n de los Volcanes"},"content":{"rendered":"<div style=\"margin-top: 0px; margin-bottom: 0px;\" class=\"sharethis-inline-share-buttons\" ><\/div><p style=\"text-align: justify;\"><strong>Zona Volcanes<\/strong>.- Enrique Vargas del Villar, presidente de la Comisi\u00f3n Pol\u00edtica del Partido Acci\u00f3n Nacional (PAN), visit\u00f3 la regi\u00f3n de los Volcanes, donde tuvo la oportunidad de platicar con ganaderos y con gente del campo de la regi\u00f3n, por lo que reconoci\u00f3 que es necesario que se les brinde apoyo a este sector poblacional.<\/p>\n<p style=\"text-align: justify;\">Por lo anterior, campesinos comentaron a Vargas del Villar que desd\u00e9 hace dos a\u00f1os no han recibido apoyo del gobierno federal, por lo que se\u00f1al que es importante buscar los recursos para brindarles apoyos a este sector de la zona volcanes.<\/p>\n<p style=\"text-align: justify;\">Vargas del Villar, coment\u00f3 en entrevista para Volcanes Multimedios que desafortunadamente el gobierno federal dejo en abandono la regi\u00f3n de los volcanes, adem\u00e1s de que retir\u00f3 todos los apoyos, sin embargo, trabaja para impulsar que el gobierno federal volte\u00e9 a ver la regi\u00f3n de los volcanes.<\/p>\n<p style=\"text-align: justify;\">&#8220;Actualmente el PAN cuenta con un proyecto, el cual consta de recorre todo el Estado de M\u00e9xico en donde se les da seguimiento a todas las regiones mexiquense con el compromiso de apoyar a cada sector desde el Partido Acci\u00f3n Nacional&#8221; dijo el funcionario.<\/p>\n<p style=\"text-align: justify;\">\n","protected":false},"excerpt":{"rendered":"<p>Zona Volcanes.- Enrique Vargas del Villar, presidente de la Comisi\u00f3n Pol\u00edtica del Partido Acci\u00f3n Nacional<\/p>\n","protected":false},"author":1,"featured_media":10465,"comment_status":"open","ping_status":"open","sticky":false,"template":"","format":"standard","meta":{"footnotes":""},"categories":[1],"tags":[206],"class_list":["post-10464","post","type-post","status-publish","format-standard","has-post-thumbnail","hentry","category-municipales","tag-zona-volcanes"],"yoast_head":"<!-- This site is optimized with the Yoast SEO plugin v25.3 - https:\/\/yoast.com\/wordpress\/plugins\/seo\/ -->\n<title>Enrique Vargas del Villar busca apoyar a campesinos de la regi\u00f3n de los Volcanes - Volcanes<\/title>\n<meta name=\"robots\" content=\"index, follow, max-snippet:-1, max-image-preview:large, max-video-preview:-1\" \/>\n<link rel=\"canonical\" href=\"https:\/\/volcanes.net\/?p=10464\" \/>\n<meta property=\"og:locale\" content=\"es_MX\" \/>\n<meta property=\"og:type\" content=\"article\" \/>\n<meta property=\"og:title\" content=\"Enrique Vargas del Villar busca apoyar a campesinos de la regi\u00f3n de los Volcanes - Volcanes\" \/>\n<meta property=\"og:description\" content=\"Zona Volcanes.- Enrique Vargas del Villar, presidente de la Comisi\u00f3n Pol\u00edtica del Partido Acci\u00f3n Nacional\" \/>\n<meta property=\"og:url\" content=\"https:\/\/volcanes.net\/?p=10464\" \/>\n<meta property=\"og:site_name\" content=\"Volcanes\" \/>\n<meta property=\"article:publisher\" content=\"https:\/\/www.facebook.com\/volcanes.net\/\" \/>\n<meta property=\"article:published_time\" content=\"2021-03-10T23:22:44+00:00\" \/>\n<meta property=\"og:image\" content=\"https:\/\/volcanes.net\/wp-content\/uploads\/2021\/03\/Screenshot_2021-03-10-17-19-182.jpg\" \/>\n\t<meta property=\"og:image:width\" content=\"720\" \/>\n\t<meta property=\"og:image:height\" content=\"405\" \/>\n\t<meta property=\"og:image:type\" content=\"image\/jpeg\" \/>\n<meta name=\"author\" content=\"admin\" \/>\n<meta name=\"twitter:card\" content=\"summary_large_image\" \/>\n<meta name=\"twitter:label1\" content=\"Escrito por\" \/>\n\t<meta name=\"twitter:data1\" content=\"admin\" \/>\n\t<meta name=\"twitter:label2\" content=\"Tiempo de lectura\" \/>\n\t<meta name=\"twitter:data2\" content=\"1 minuto\" \/>\n<script type=\"application\/ld+json\" class=\"yoast-schema-graph\">{\"@context\":\"https:\/\/schema.org\",\"@graph\":[{\"@type\":\"Article\",\"@id\":\"https:\/\/volcanes.net\/?p=10464#article\",\"isPartOf\":{\"@id\":\"https:\/\/volcanes.net\/?p=10464\"},\"author\":{\"name\":\"admin\",\"@id\":\"https:\/\/volcanes.net\/#\/schema\/person\/4bf0f383940966a4abd53f5048c0e6b9\"},\"headline\":\"Enrique Vargas del Villar busca apoyar a campesinos de la regi\u00f3n de los Volcanes\",\"datePublished\":\"2021-03-10T23:22:44+00:00\",\"mainEntityOfPage\":{\"@id\":\"https:\/\/volcanes.net\/?p=10464\"},\"wordCount\":213,\"commentCount\":0,\"publisher\":{\"@id\":\"https:\/\/volcanes.net\/#organization\"},\"image\":{\"@id\":\"https:\/\/volcanes.net\/?p=10464#primaryimage\"},\"thumbnailUrl\":\"https:\/\/volcanes.net\/wp-content\/uploads\/2021\/03\/Screenshot_2021-03-10-17-19-182.jpg\",\"keywords\":[\"zona volcanes\"],\"articleSection\":[\"Municipales\"],\"inLanguage\":\"es\",\"potentialAction\":[{\"@type\":\"CommentAction\",\"name\":\"Comment\",\"target\":[\"https:\/\/volcanes.net\/?p=10464#respond\"]}]},{\"@type\":\"WebPage\",\"@id\":\"https:\/\/volcanes.net\/?p=10464\",\"url\":\"https:\/\/volcanes.net\/?p=10464\",\"name\":\"Enrique Vargas del Villar busca apoyar a campesinos de la regi\u00f3n de los Volcanes - Volcanes\",\"isPartOf\":{\"@id\":\"https:\/\/volcanes.net\/#website\"},\"primaryImageOfPage\":{\"@id\":\"https:\/\/volcanes.net\/?p=10464#primaryimage\"},\"image\":{\"@id\":\"https:\/\/volcanes.net\/?p=10464#primaryimage\"},\"thumbnailUrl\":\"https:\/\/volcanes.net\/wp-content\/uploads\/2021\/03\/Screenshot_2021-03-10-17-19-182.jpg\",\"datePublished\":\"2021-03-10T23:22:44+00:00\",\"breadcrumb\":{\"@id\":\"https:\/\/volcanes.net\/?p=10464#breadcrumb\"},\"inLanguage\":\"es\",\"potentialAction\":[{\"@type\":\"ReadAction\",\"target\":[\"https:\/\/volcanes.net\/?p=10464\"]}]},{\"@type\":\"ImageObject\",\"inLanguage\":\"es\",\"@id\":\"https:\/\/volcanes.net\/?p=10464#primaryimage\",\"url\":\"https:\/\/volcanes.net\/wp-content\/uploads\/2021\/03\/Screenshot_2021-03-10-17-19-182.jpg\",\"contentUrl\":\"https:\/\/volcanes.net\/wp-content\/uploads\/2021\/03\/Screenshot_2021-03-10-17-19-182.jpg\",\"width\":720,\"height\":405},{\"@type\":\"BreadcrumbList\",\"@id\":\"https:\/\/volcanes.net\/?p=10464#breadcrumb\",\"itemListElement\":[{\"@type\":\"ListItem\",\"position\":1,\"name\":\"Portada\",\"item\":\"https:\/\/volcanes.net\/\"},{\"@type\":\"ListItem\",\"position\":2,\"name\":\"Enrique Vargas del Villar busca apoyar a campesinos de la regi\u00f3n de los Volcanes\"}]},{\"@type\":\"WebSite\",\"@id\":\"https:\/\/volcanes.net\/#website\",\"url\":\"https:\/\/volcanes.net\/\",\"name\":\"Volcanes.Net\",\"description\":\"Periodismo Profesional\",\"publisher\":{\"@id\":\"https:\/\/volcanes.net\/#organization\"},\"potentialAction\":[{\"@type\":\"SearchAction\",\"target\":{\"@type\":\"EntryPoint\",\"urlTemplate\":\"https:\/\/volcanes.net\/?s={search_term_string}\"},\"query-input\":{\"@type\":\"PropertyValueSpecification\",\"valueRequired\":true,\"valueName\":\"search_term_string\"}}],\"inLanguage\":\"es\"},{\"@type\":\"Organization\",\"@id\":\"https:\/\/volcanes.net\/#organization\",\"name\":\"Grupo Volcanes\",\"url\":\"https:\/\/volcanes.net\/\",\"logo\":{\"@type\":\"ImageObject\",\"inLanguage\":\"es\",\"@id\":\"https:\/\/volcanes.net\/#\/schema\/logo\/image\/\",\"url\":\"http:\/\/volcanes.net\/wp-content\/uploads\/2017\/12\/Avatar2.jpg\",\"contentUrl\":\"http:\/\/volcanes.net\/wp-content\/uploads\/2017\/12\/Avatar2.jpg\",\"width\":378,\"height\":378,\"caption\":\"Grupo Volcanes\"},\"image\":{\"@id\":\"https:\/\/volcanes.net\/#\/schema\/logo\/image\/\"},\"sameAs\":[\"https:\/\/www.facebook.com\/volcanes.net\/\"]},{\"@type\":\"Person\",\"@id\":\"https:\/\/volcanes.net\/#\/schema\/person\/4bf0f383940966a4abd53f5048c0e6b9\",\"name\":\"admin\",\"image\":{\"@type\":\"ImageObject\",\"inLanguage\":\"es\",\"@id\":\"https:\/\/volcanes.net\/#\/schema\/person\/image\/\",\"url\":\"https:\/\/secure.gravatar.com\/avatar\/ca004e6cba8462b8cb7abc86e382930c?s=96&d=mm&r=g\",\"contentUrl\":\"https:\/\/secure.gravatar.com\/avatar\/ca004e6cba8462b8cb7abc86e382930c?s=96&d=mm&r=g\",\"caption\":\"admin\"}}]}<\/script>\n<!-- \/ Yoast SEO plugin. -->","yoast_head_json":{"title":"Enrique Vargas del Villar busca apoyar a campesinos de la regi\u00f3n de los Volcanes - Volcanes","robots":{"index":"index","follow":"follow","max-snippet":"max-snippet:-1","max-image-preview":"max-image-preview:large","max-video-preview":"max-video-preview:-1"},"canonical":"https:\/\/volcanes.net\/?p=10464","og_locale":"es_MX","og_type":"article","og_title":"Enrique Vargas del Villar busca apoyar a campesinos de la regi\u00f3n de los Volcanes - Volcanes","og_description":"Zona Volcanes.- Enrique Vargas del Villar, presidente de la Comisi\u00f3n Pol\u00edtica del Partido Acci\u00f3n Nacional","og_url":"https:\/\/volcanes.net\/?p=10464","og_site_name":"Volcanes","article_publisher":"https:\/\/www.facebook.com\/volcanes.net\/","article_published_time":"2021-03-10T23:22:44+00:00","og_image":[{"width":720,"height":405,"url":"https:\/\/volcanes.net\/wp-content\/uploads\/2021\/03\/Screenshot_2021-03-10-17-19-182.jpg","type":"image\/jpeg"}],"author":"admin","twitter_card":"summary_large_image","twitter_misc":{"Escrito por":"admin","Tiempo de lectura":"1 minuto"},"schema":{"@context":"https:\/\/schema.org","@graph":[{"@type":"Article","@id":"https:\/\/volcanes.net\/?p=10464#article","isPartOf":{"@id":"https:\/\/volcanes.net\/?p=10464"},"author":{"name":"admin","@id":"https:\/\/volcanes.net\/#\/schema\/person\/4bf0f383940966a4abd53f5048c0e6b9"},"headline":"Enrique Vargas del Villar busca apoyar a campesinos de la regi\u00f3n de los Volcanes","datePublished":"2021-03-10T23:22:44+00:00","mainEntityOfPage":{"@id":"https:\/\/volcanes.net\/?p=10464"},"wordCount":213,"commentCount":0,"publisher":{"@id":"https:\/\/volcanes.net\/#organization"},"image":{"@id":"https:\/\/volcanes.net\/?p=10464#primaryimage"},"thumbnailUrl":"https:\/\/volcanes.net\/wp-content\/uploads\/2021\/03\/Screenshot_2021-03-10-17-19-182.jpg","keywords":["zona volcanes"],"articleSection":["Municipales"],"inLanguage":"es","potentialAction":[{"@type":"CommentAction","name":"Comment","target":["https:\/\/volcanes.net\/?p=10464#respond"]}]},{"@type":"WebPage","@id":"https:\/\/volcanes.net\/?p=10464","url":"https:\/\/volcanes.net\/?p=10464","name":"Enrique Vargas del Villar busca apoyar a campesinos de la regi\u00f3n de los Volcanes - Volcanes","isPartOf":{"@id":"https:\/\/volcanes.net\/#website"},"primaryImageOfPage":{"@id":"https:\/\/volcanes.net\/?p=10464#primaryimage"},"image":{"@id":"https:\/\/volcanes.net\/?p=10464#primaryimage"},"thumbnailUrl":"https:\/\/volcanes.net\/wp-content\/uploads\/2021\/03\/Screenshot_2021-03-10-17-19-182.jpg","datePublished":"2021-03-10T23:22:44+00:00","breadcrumb":{"@id":"https:\/\/volcanes.net\/?p=10464#breadcrumb"},"inLanguage":"es","potentialAction":[{"@type":"ReadAction","target":["https:\/\/volcanes.net\/?p=10464"]}]},{"@type":"ImageObject","inLanguage":"es","@id":"https:\/\/volcanes.net\/?p=10464#primaryimage","url":"https:\/\/volcanes.net\/wp-content\/uploads\/2021\/03\/Screenshot_2021-03-10-17-19-182.jpg","contentUrl":"https:\/\/volcanes.net\/wp-content\/uploads\/2021\/03\/Screenshot_2021-03-10-17-19-182.jpg","width":720,"height":405},{"@type":"BreadcrumbList","@id":"https:\/\/volcanes.net\/?p=10464#breadcrumb","itemListElement":[{"@type":"ListItem","position":1,"name":"Portada","item":"https:\/\/volcanes.net\/"},{"@type":"ListItem","position":2,"name":"Enrique Vargas del Villar busca apoyar a campesinos de la regi\u00f3n de los Volcanes"}]},{"@type":"WebSite","@id":"https:\/\/volcanes.net\/#website","url":"https:\/\/volcanes.net\/","name":"Volcanes.Net","description":"Periodismo Profesional","publisher":{"@id":"https:\/\/volcanes.net\/#organization"},"potentialAction":[{"@type":"SearchAction","target":{"@type":"EntryPoint","urlTemplate":"https:\/\/volcanes.net\/?s={search_term_string}"},"query-input":{"@type":"PropertyValueSpecification","valueRequired":true,"valueName":"search_term_string"}}],"inLanguage":"es"},{"@type":"Organization","@id":"https:\/\/volcanes.net\/#organization","name":"Grupo Volcanes","url":"https:\/\/volcanes.net\/","logo":{"@type":"ImageObject","inLanguage":"es","@id":"https:\/\/volcanes.net\/#\/schema\/logo\/image\/","url":"http:\/\/volcanes.net\/wp-content\/uploads\/2017\/12\/Avatar2.jpg","contentUrl":"http:\/\/volcanes.net\/wp-content\/uploads\/2017\/12\/Avatar2.jpg","width":378,"height":378,"caption":"Grupo Volcanes"},"image":{"@id":"https:\/\/volcanes.net\/#\/schema\/logo\/image\/"},"sameAs":["https:\/\/www.facebook.com\/volcanes.net\/"]},{"@type":"Person","@id":"https:\/\/volcanes.net\/#\/schema\/person\/4bf0f383940966a4abd53f5048c0e6b9","name":"admin","image":{"@type":"ImageObject","inLanguage":"es","@id":"https:\/\/volcanes.net\/#\/schema\/person\/image\/","url":"https:\/\/secure.gravatar.com\/avatar\/ca004e6cba8462b8cb7abc86e382930c?s=96&d=mm&r=g","contentUrl":"https:\/\/secure.gravatar.com\/avatar\/ca004e6cba8462b8cb7abc86e382930c?s=96&d=mm&r=g","caption":"admin"}}]}},"_links":{"self":[{"href":"https:\/\/volcanes.net\/index.php?rest_route=\/wp\/v2\/posts\/10464"}],"collection":[{"href":"https:\/\/volcanes.net\/index.php?rest_route=\/wp\/v2\/posts"}],"about":[{"href":"https:\/\/volcanes.net\/index.php?rest_route=\/wp\/v2\/types\/post"}],"author":[{"embeddable":true,"href":"https:\/\/volcanes.net\/index.php?rest_route=\/wp\/v2\/users\/1"}],"replies":[{"embeddable":true,"href":"https:\/\/volcanes.net\/index.php?rest_route=%2Fwp%2Fv2%2Fcomments&post=10464"}],"version-history":[{"count":1,"href":"https:\/\/volcanes.net\/index.php?rest_route=\/wp\/v2\/posts\/10464\/revisions"}],"predecessor-version":[{"id":10466,"href":"https:\/\/volcanes.net\/index.php?rest_route=\/wp\/v2\/posts\/10464\/revisions\/10466"}],"wp:featuredmedia":[{"embeddable":true,"href":"https:\/\/volcanes.net\/index.php?rest_route=\/wp\/v2\/media\/10465"}],"wp:attachment":[{"href":"https:\/\/volcanes.net\/index.php?rest_route=%2Fwp%2Fv2%2Fmedia&parent=10464"}],"wp:term":[{"taxonomy":"category","embeddable":true,"href":"https:\/\/volcanes.net\/index.php?rest_route=%2Fwp%2Fv2%2Fcategories&post=10464"},{"taxonomy":"post_tag","embeddable":true,"href":"https:\/\/volcanes.net\/index.php?rest_route=%2Fwp%2Fv2%2Ftags&post=10464"}],"curies":[{"name":"wp","href":"https:\/\/api.w.org\/{rel}","templated":true}]}}