{"id":10507,"date":"2021-03-11T09:47:24","date_gmt":"2021-03-11T15:47:24","guid":{"rendered":"http:\/\/volcanes.net\/?p=10507"},"modified":"2021-03-12T09:49:46","modified_gmt":"2021-03-12T15:49:46","slug":"gobierno-de-ixtapaluca-exige-al-gobierno-federal-la-aplicacion-de-la-vacuna-contra-el-covid-19-en-la-demarcacion","status":"publish","type":"post","link":"https:\/\/volcanes.net\/?p=10507","title":{"rendered":"Gobierno de Ixtapaluca exige al Gobierno Federal la aplicaci\u00f3n de la vacuna contra el Covid-19 en la demarcaci\u00f3n"},"content":{"rendered":"<div style=\"margin-top: 0px; margin-bottom: 0px;\" class=\"sharethis-inline-share-buttons\" ><\/div><p style=\"text-align: justify;\">Ixtapaluca, Estado de M\u00e9xico.- Maricela Serrano Hern\u00e1ndez presidenta municipal de Ixtapaluca, exigi\u00f3 al Gobierno Federal la aplicaci\u00f3n de la vacuna contra el virus Covid-19 para el personal m\u00e9dico de la entidad y para los adultos mayores de este municipio.<\/p>\n<p style=\"text-align: justify;\">Durante una rueda de prensa, la alcaldesa\u00a0lament\u00f3 que la estrategia de vacunaci\u00f3n no ha garantizado la salud de las personas en la entidad, y denunci\u00f3 la lentitud y negligencia en este proceso, as\u00ed como la utilizaci\u00f3n con tintes pol\u00edticos de este programa, lo que incrementa la incertidumbre entre la poblaci\u00f3n.<\/p>\n<p style=\"text-align: justify;\">Ante ello, Serrano Hern\u00e1ndez inform\u00f3 que tiene m\u00e1s de 45 d\u00edas que el Ayuntamiento de Ixtapaluca ha cumplido con todas las solicitudes realizadas por parte del Gobierno Federal con el fin de poner en marca la aplicaci\u00f3n de las vacunas contra este virus, sin embargo, luego de realizar 4 simulacros en distintos inmuebles de la entidad, la implementaci\u00f3n del plan de vacunaci\u00f3n contin\u00faa sin avance.<\/p>\n<p style=\"text-align: justify;\">No obstante, la munic\u00edpe destac\u00f3 que dentro del municipio se han implementado m\u00e1s de 600 mil acciones a trav\u00e9s de la Red de Atenci\u00f3n Integral COVID- 19, entre las que destacan: la puesta en marcha de programas de trabajo temporal para mujeres, j\u00f3venes y sectores vulnerables, la entrega de despensas y apoyos alimentarios, la sanitizaci\u00f3n de espacios p\u00fablicos y domicilios particulares, as\u00ed como los cuatro centros de llenado de tanques de ox\u00edgeno, en donde se brinda informaci\u00f3n y distintos apoyos a la ciudadan\u00eda.<\/p>\n","protected":false},"excerpt":{"rendered":"<p>Ixtapaluca, Estado de M\u00e9xico.- Maricela Serrano Hern\u00e1ndez presidenta municipal de Ixtapaluca, exigi\u00f3 al Gobierno Federal<\/p>\n","protected":false},"author":1,"featured_media":10492,"comment_status":"open","ping_status":"open","sticky":false,"template":"","format":"standard","meta":{"footnotes":""},"categories":[1],"tags":[6],"class_list":["post-10507","post","type-post","status-publish","format-standard","has-post-thumbnail","hentry","category-municipales","tag-ixtapaluca"],"yoast_head":"<!-- This site is optimized with the Yoast SEO plugin v25.3 - https:\/\/yoast.com\/wordpress\/plugins\/seo\/ -->\n<title>Gobierno de Ixtapaluca exige al Gobierno Federal la aplicaci\u00f3n de la vacuna contra el Covid-19 en la demarcaci\u00f3n - Volcanes<\/title>\n<meta name=\"robots\" content=\"index, follow, max-snippet:-1, max-image-preview:large, max-video-preview:-1\" \/>\n<link rel=\"canonical\" href=\"https:\/\/volcanes.net\/?p=10507\" \/>\n<meta property=\"og:locale\" content=\"es_MX\" \/>\n<meta property=\"og:type\" content=\"article\" \/>\n<meta property=\"og:title\" content=\"Gobierno de Ixtapaluca exige al Gobierno Federal la aplicaci\u00f3n de la vacuna contra el Covid-19 en la demarcaci\u00f3n - Volcanes\" \/>\n<meta property=\"og:description\" content=\"Ixtapaluca, Estado de M\u00e9xico.- Maricela Serrano Hern\u00e1ndez presidenta municipal de Ixtapaluca, exigi\u00f3 al Gobierno Federal\" \/>\n<meta property=\"og:url\" content=\"https:\/\/volcanes.net\/?p=10507\" \/>\n<meta property=\"og:site_name\" content=\"Volcanes\" \/>\n<meta property=\"article:publisher\" content=\"https:\/\/www.facebook.com\/volcanes.net\/\" \/>\n<meta property=\"article:published_time\" content=\"2021-03-11T15:47:24+00:00\" \/>\n<meta property=\"article:modified_time\" content=\"2021-03-12T15:49:46+00:00\" \/>\n<meta property=\"og:image\" content=\"https:\/\/volcanes.net\/wp-content\/uploads\/2021\/03\/FB_IMG_1615485268735.jpg\" \/>\n\t<meta property=\"og:image:width\" content=\"619\" \/>\n\t<meta property=\"og:image:height\" content=\"324\" \/>\n\t<meta property=\"og:image:type\" content=\"image\/jpeg\" \/>\n<meta name=\"author\" content=\"admin\" \/>\n<meta name=\"twitter:card\" content=\"summary_large_image\" \/>\n<meta name=\"twitter:label1\" content=\"Escrito por\" \/>\n\t<meta name=\"twitter:data1\" content=\"admin\" \/>\n\t<meta name=\"twitter:label2\" content=\"Tiempo de lectura\" \/>\n\t<meta name=\"twitter:data2\" content=\"1 minuto\" \/>\n<script type=\"application\/ld+json\" class=\"yoast-schema-graph\">{\"@context\":\"https:\/\/schema.org\",\"@graph\":[{\"@type\":\"Article\",\"@id\":\"https:\/\/volcanes.net\/?p=10507#article\",\"isPartOf\":{\"@id\":\"https:\/\/volcanes.net\/?p=10507\"},\"author\":{\"name\":\"admin\",\"@id\":\"https:\/\/volcanes.net\/#\/schema\/person\/4bf0f383940966a4abd53f5048c0e6b9\"},\"headline\":\"Gobierno de Ixtapaluca exige al Gobierno Federal la aplicaci\u00f3n de la vacuna contra el Covid-19 en la demarcaci\u00f3n\",\"datePublished\":\"2021-03-11T15:47:24+00:00\",\"dateModified\":\"2021-03-12T15:49:46+00:00\",\"mainEntityOfPage\":{\"@id\":\"https:\/\/volcanes.net\/?p=10507\"},\"wordCount\":280,\"commentCount\":0,\"publisher\":{\"@id\":\"https:\/\/volcanes.net\/#organization\"},\"image\":{\"@id\":\"https:\/\/volcanes.net\/?p=10507#primaryimage\"},\"thumbnailUrl\":\"https:\/\/volcanes.net\/wp-content\/uploads\/2021\/03\/FB_IMG_1615485268735.jpg\",\"keywords\":[\"Ixtapaluca\"],\"articleSection\":[\"Municipales\"],\"inLanguage\":\"es\",\"potentialAction\":[{\"@type\":\"CommentAction\",\"name\":\"Comment\",\"target\":[\"https:\/\/volcanes.net\/?p=10507#respond\"]}]},{\"@type\":\"WebPage\",\"@id\":\"https:\/\/volcanes.net\/?p=10507\",\"url\":\"https:\/\/volcanes.net\/?p=10507\",\"name\":\"Gobierno de Ixtapaluca exige al Gobierno Federal la aplicaci\u00f3n de la vacuna contra el Covid-19 en la demarcaci\u00f3n - Volcanes\",\"isPartOf\":{\"@id\":\"https:\/\/volcanes.net\/#website\"},\"primaryImageOfPage\":{\"@id\":\"https:\/\/volcanes.net\/?p=10507#primaryimage\"},\"image\":{\"@id\":\"https:\/\/volcanes.net\/?p=10507#primaryimage\"},\"thumbnailUrl\":\"https:\/\/volcanes.net\/wp-content\/uploads\/2021\/03\/FB_IMG_1615485268735.jpg\",\"datePublished\":\"2021-03-11T15:47:24+00:00\",\"dateModified\":\"2021-03-12T15:49:46+00:00\",\"breadcrumb\":{\"@id\":\"https:\/\/volcanes.net\/?p=10507#breadcrumb\"},\"inLanguage\":\"es\",\"potentialAction\":[{\"@type\":\"ReadAction\",\"target\":[\"https:\/\/volcanes.net\/?p=10507\"]}]},{\"@type\":\"ImageObject\",\"inLanguage\":\"es\",\"@id\":\"https:\/\/volcanes.net\/?p=10507#primaryimage\",\"url\":\"https:\/\/volcanes.net\/wp-content\/uploads\/2021\/03\/FB_IMG_1615485268735.jpg\",\"contentUrl\":\"https:\/\/volcanes.net\/wp-content\/uploads\/2021\/03\/FB_IMG_1615485268735.jpg\",\"width\":619,\"height\":324},{\"@type\":\"BreadcrumbList\",\"@id\":\"https:\/\/volcanes.net\/?p=10507#breadcrumb\",\"itemListElement\":[{\"@type\":\"ListItem\",\"position\":1,\"name\":\"Portada\",\"item\":\"https:\/\/volcanes.net\/\"},{\"@type\":\"ListItem\",\"position\":2,\"name\":\"Gobierno de Ixtapaluca exige al Gobierno Federal la aplicaci\u00f3n de la vacuna contra el Covid-19 en la demarcaci\u00f3n\"}]},{\"@type\":\"WebSite\",\"@id\":\"https:\/\/volcanes.net\/#website\",\"url\":\"https:\/\/volcanes.net\/\",\"name\":\"Volcanes.Net\",\"description\":\"Periodismo Profesional\",\"publisher\":{\"@id\":\"https:\/\/volcanes.net\/#organization\"},\"potentialAction\":[{\"@type\":\"SearchAction\",\"target\":{\"@type\":\"EntryPoint\",\"urlTemplate\":\"https:\/\/volcanes.net\/?s={search_term_string}\"},\"query-input\":{\"@type\":\"PropertyValueSpecification\",\"valueRequired\":true,\"valueName\":\"search_term_string\"}}],\"inLanguage\":\"es\"},{\"@type\":\"Organization\",\"@id\":\"https:\/\/volcanes.net\/#organization\",\"name\":\"Grupo Volcanes\",\"url\":\"https:\/\/volcanes.net\/\",\"logo\":{\"@type\":\"ImageObject\",\"inLanguage\":\"es\",\"@id\":\"https:\/\/volcanes.net\/#\/schema\/logo\/image\/\",\"url\":\"http:\/\/volcanes.net\/wp-content\/uploads\/2017\/12\/Avatar2.jpg\",\"contentUrl\":\"http:\/\/volcanes.net\/wp-content\/uploads\/2017\/12\/Avatar2.jpg\",\"width\":378,\"height\":378,\"caption\":\"Grupo Volcanes\"},\"image\":{\"@id\":\"https:\/\/volcanes.net\/#\/schema\/logo\/image\/\"},\"sameAs\":[\"https:\/\/www.facebook.com\/volcanes.net\/\"]},{\"@type\":\"Person\",\"@id\":\"https:\/\/volcanes.net\/#\/schema\/person\/4bf0f383940966a4abd53f5048c0e6b9\",\"name\":\"admin\",\"image\":{\"@type\":\"ImageObject\",\"inLanguage\":\"es\",\"@id\":\"https:\/\/volcanes.net\/#\/schema\/person\/image\/\",\"url\":\"https:\/\/secure.gravatar.com\/avatar\/ca004e6cba8462b8cb7abc86e382930c?s=96&d=mm&r=g\",\"contentUrl\":\"https:\/\/secure.gravatar.com\/avatar\/ca004e6cba8462b8cb7abc86e382930c?s=96&d=mm&r=g\",\"caption\":\"admin\"}}]}<\/script>\n<!-- \/ Yoast SEO plugin. -->","yoast_head_json":{"title":"Gobierno de Ixtapaluca exige al Gobierno Federal la aplicaci\u00f3n de la vacuna contra el Covid-19 en la demarcaci\u00f3n - Volcanes","robots":{"index":"index","follow":"follow","max-snippet":"max-snippet:-1","max-image-preview":"max-image-preview:large","max-video-preview":"max-video-preview:-1"},"canonical":"https:\/\/volcanes.net\/?p=10507","og_locale":"es_MX","og_type":"article","og_title":"Gobierno de Ixtapaluca exige al Gobierno Federal la aplicaci\u00f3n de la vacuna contra el Covid-19 en la demarcaci\u00f3n - Volcanes","og_description":"Ixtapaluca, Estado de M\u00e9xico.- Maricela Serrano Hern\u00e1ndez presidenta municipal de Ixtapaluca, exigi\u00f3 al Gobierno Federal","og_url":"https:\/\/volcanes.net\/?p=10507","og_site_name":"Volcanes","article_publisher":"https:\/\/www.facebook.com\/volcanes.net\/","article_published_time":"2021-03-11T15:47:24+00:00","article_modified_time":"2021-03-12T15:49:46+00:00","og_image":[{"width":619,"height":324,"url":"https:\/\/volcanes.net\/wp-content\/uploads\/2021\/03\/FB_IMG_1615485268735.jpg","type":"image\/jpeg"}],"author":"admin","twitter_card":"summary_large_image","twitter_misc":{"Escrito por":"admin","Tiempo de lectura":"1 minuto"},"schema":{"@context":"https:\/\/schema.org","@graph":[{"@type":"Article","@id":"https:\/\/volcanes.net\/?p=10507#article","isPartOf":{"@id":"https:\/\/volcanes.net\/?p=10507"},"author":{"name":"admin","@id":"https:\/\/volcanes.net\/#\/schema\/person\/4bf0f383940966a4abd53f5048c0e6b9"},"headline":"Gobierno de Ixtapaluca exige al Gobierno Federal la aplicaci\u00f3n de la vacuna contra el Covid-19 en la demarcaci\u00f3n","datePublished":"2021-03-11T15:47:24+00:00","dateModified":"2021-03-12T15:49:46+00:00","mainEntityOfPage":{"@id":"https:\/\/volcanes.net\/?p=10507"},"wordCount":280,"commentCount":0,"publisher":{"@id":"https:\/\/volcanes.net\/#organization"},"image":{"@id":"https:\/\/volcanes.net\/?p=10507#primaryimage"},"thumbnailUrl":"https:\/\/volcanes.net\/wp-content\/uploads\/2021\/03\/FB_IMG_1615485268735.jpg","keywords":["Ixtapaluca"],"articleSection":["Municipales"],"inLanguage":"es","potentialAction":[{"@type":"CommentAction","name":"Comment","target":["https:\/\/volcanes.net\/?p=10507#respond"]}]},{"@type":"WebPage","@id":"https:\/\/volcanes.net\/?p=10507","url":"https:\/\/volcanes.net\/?p=10507","name":"Gobierno de Ixtapaluca exige al Gobierno Federal la aplicaci\u00f3n de la vacuna contra el Covid-19 en la demarcaci\u00f3n - Volcanes","isPartOf":{"@id":"https:\/\/volcanes.net\/#website"},"primaryImageOfPage":{"@id":"https:\/\/volcanes.net\/?p=10507#primaryimage"},"image":{"@id":"https:\/\/volcanes.net\/?p=10507#primaryimage"},"thumbnailUrl":"https:\/\/volcanes.net\/wp-content\/uploads\/2021\/03\/FB_IMG_1615485268735.jpg","datePublished":"2021-03-11T15:47:24+00:00","dateModified":"2021-03-12T15:49:46+00:00","breadcrumb":{"@id":"https:\/\/volcanes.net\/?p=10507#breadcrumb"},"inLanguage":"es","potentialAction":[{"@type":"ReadAction","target":["https:\/\/volcanes.net\/?p=10507"]}]},{"@type":"ImageObject","inLanguage":"es","@id":"https:\/\/volcanes.net\/?p=10507#primaryimage","url":"https:\/\/volcanes.net\/wp-content\/uploads\/2021\/03\/FB_IMG_1615485268735.jpg","contentUrl":"https:\/\/volcanes.net\/wp-content\/uploads\/2021\/03\/FB_IMG_1615485268735.jpg","width":619,"height":324},{"@type":"BreadcrumbList","@id":"https:\/\/volcanes.net\/?p=10507#breadcrumb","itemListElement":[{"@type":"ListItem","position":1,"name":"Portada","item":"https:\/\/volcanes.net\/"},{"@type":"ListItem","position":2,"name":"Gobierno de Ixtapaluca exige al Gobierno Federal la aplicaci\u00f3n de la vacuna contra el Covid-19 en la demarcaci\u00f3n"}]},{"@type":"WebSite","@id":"https:\/\/volcanes.net\/#website","url":"https:\/\/volcanes.net\/","name":"Volcanes.Net","description":"Periodismo Profesional","publisher":{"@id":"https:\/\/volcanes.net\/#organization"},"potentialAction":[{"@type":"SearchAction","target":{"@type":"EntryPoint","urlTemplate":"https:\/\/volcanes.net\/?s={search_term_string}"},"query-input":{"@type":"PropertyValueSpecification","valueRequired":true,"valueName":"search_term_string"}}],"inLanguage":"es"},{"@type":"Organization","@id":"https:\/\/volcanes.net\/#organization","name":"Grupo Volcanes","url":"https:\/\/volcanes.net\/","logo":{"@type":"ImageObject","inLanguage":"es","@id":"https:\/\/volcanes.net\/#\/schema\/logo\/image\/","url":"http:\/\/volcanes.net\/wp-content\/uploads\/2017\/12\/Avatar2.jpg","contentUrl":"http:\/\/volcanes.net\/wp-content\/uploads\/2017\/12\/Avatar2.jpg","width":378,"height":378,"caption":"Grupo Volcanes"},"image":{"@id":"https:\/\/volcanes.net\/#\/schema\/logo\/image\/"},"sameAs":["https:\/\/www.facebook.com\/volcanes.net\/"]},{"@type":"Person","@id":"https:\/\/volcanes.net\/#\/schema\/person\/4bf0f383940966a4abd53f5048c0e6b9","name":"admin","image":{"@type":"ImageObject","inLanguage":"es","@id":"https:\/\/volcanes.net\/#\/schema\/person\/image\/","url":"https:\/\/secure.gravatar.com\/avatar\/ca004e6cba8462b8cb7abc86e382930c?s=96&d=mm&r=g","contentUrl":"https:\/\/secure.gravatar.com\/avatar\/ca004e6cba8462b8cb7abc86e382930c?s=96&d=mm&r=g","caption":"admin"}}]}},"_links":{"self":[{"href":"https:\/\/volcanes.net\/index.php?rest_route=\/wp\/v2\/posts\/10507"}],"collection":[{"href":"https:\/\/volcanes.net\/index.php?rest_route=\/wp\/v2\/posts"}],"about":[{"href":"https:\/\/volcanes.net\/index.php?rest_route=\/wp\/v2\/types\/post"}],"author":[{"embeddable":true,"href":"https:\/\/volcanes.net\/index.php?rest_route=\/wp\/v2\/users\/1"}],"replies":[{"embeddable":true,"href":"https:\/\/volcanes.net\/index.php?rest_route=%2Fwp%2Fv2%2Fcomments&post=10507"}],"version-history":[{"count":1,"href":"https:\/\/volcanes.net\/index.php?rest_route=\/wp\/v2\/posts\/10507\/revisions"}],"predecessor-version":[{"id":10508,"href":"https:\/\/volcanes.net\/index.php?rest_route=\/wp\/v2\/posts\/10507\/revisions\/10508"}],"wp:featuredmedia":[{"embeddable":true,"href":"https:\/\/volcanes.net\/index.php?rest_route=\/wp\/v2\/media\/10492"}],"wp:attachment":[{"href":"https:\/\/volcanes.net\/index.php?rest_route=%2Fwp%2Fv2%2Fmedia&parent=10507"}],"wp:term":[{"taxonomy":"category","embeddable":true,"href":"https:\/\/volcanes.net\/index.php?rest_route=%2Fwp%2Fv2%2Fcategories&post=10507"},{"taxonomy":"post_tag","embeddable":true,"href":"https:\/\/volcanes.net\/index.php?rest_route=%2Fwp%2Fv2%2Ftags&post=10507"}],"curies":[{"name":"wp","href":"https:\/\/api.w.org\/{rel}","templated":true}]}}