{"id":1052,"date":"2018-02-06T23:03:13","date_gmt":"2018-02-06T23:03:13","guid":{"rendered":"http:\/\/volcanes.net\/?p=1052"},"modified":"2018-02-06T23:03:13","modified_gmt":"2018-02-06T23:03:13","slug":"alfredo-del-mazo-entrega-infraestructura-y-equipo-tecnologico-para-mejorar-espacios-academicos-y-servicios-de-la-uaem","status":"publish","type":"post","link":"https:\/\/volcanes.net\/?p=1052","title":{"rendered":"Alfredo Del Mazo entrega infraestructura y equipo tecnol\u00f3gico para mejorar espacios acad\u00e9micos y servicios de la UAEM"},"content":{"rendered":"<div style=\"margin-top: 0px; margin-bottom: 0px;\" class=\"sharethis-inline-share-buttons\" ><\/div><p>El gobernador Alfredo Del Mazo entreg\u00f3 edificios acad\u00e9micos, equipo tecnol\u00f3gico, obras de mantenimiento y m\u00f3dulos culturales para contribuir a mejorar la educaci\u00f3n de los m\u00e1s de 81 mil 600 estudiantes que conforman la matr\u00edcula de la Universidad\u00a0Aut\u00f3noma del Estado de M\u00e9xico (UAEM).<\/p>\n<p>En la Unidad Universitaria de la UAEM, en Amecameca, asegur\u00f3 que el gobierno estatal est\u00e1 trabajando para mejorar la calidad de la educaci\u00f3n que reciben los mexiquenses y, en conjunto con la academia y los padres de familia, formar generaciones fuertes. Adem\u00e1s, inaugur\u00f3 un edificio con 11 aulas y una posta zoot\u00e9cnica, que fortalecer\u00e1 la carrera de Veterinaria, as\u00ed como los posgrados en Ciencias Agropecuarias y Recursos Naturales.<\/p>\n<p>De forma simult\u00e1nea, Alfredo Del Mazo entreg\u00f3 dos m\u00f3dulos culturales -uno en Valle de Chalco y otro en Amecameca-, que buscan impulsar el talento y la creatividad de\u00a0los universitarios de la zona oriente de la entidad. Destac\u00f3 que desde los \u00faltimos meses de 2017, el Gobierno estatal hizo un esfuerzo para que la m\u00e1xima casa de estudios mexiquense contara con un presupuesto que fortaleciera sus finanzas, y reconoci\u00f3 a la C\u00e1mara de Diputados local por aprobar un monto que super\u00f3, con m\u00e1s de 975 millones de pesos, el presupuesto asignado a esta universidad en relaci\u00f3n al a\u00f1o anterior. Afirm\u00f3 que su administraci\u00f3n continuar\u00e1 trabajando en equipo con la UAEM, para seguir mejorando los servicios acad\u00e9micos, y anticip\u00f3 que buscar\u00e1 replicar el modelo de transporte universitario \u201cPotrob\u00fas\u201d, en\u00a0\u00a0todas las regiones de la entidad.<\/p>\n<p>Por su parte, el rector Alfredo Barrera precis\u00f3 que\u00a0\u00a0los apoyos otorgados este d\u00eda beneficiar\u00e1n a\u00a0\u00a0los estudiantes de 10 centros universitarios, 21 facultades, ocho planteles, seis unidades acad\u00e9micas, un instituto de investigaci\u00f3n y una escuela de estudios profesionales. Explic\u00f3 que estos espacios recibieron 3 mil 300 pupitres, mil 473 equipos tecnol\u00f3gicos, 105 pintarrones interactivos, 48 sillas de ruedas, escritorios, sistemas de seguridad,\u00a0\u00a0adem\u00e1s de un tractor para el Centro Universitario de Tenancingo, y otras herramientas de trabajo.<\/p>\n","protected":false},"excerpt":{"rendered":"<p>El gobernador Alfredo Del Mazo entreg\u00f3 edificios acad\u00e9micos, equipo tecnol\u00f3gico, obras de mantenimiento y m\u00f3dulos<\/p>\n","protected":false},"author":1,"featured_media":1053,"comment_status":"open","ping_status":"open","sticky":false,"template":"","format":"standard","meta":{"footnotes":""},"categories":[3],"tags":[7,80,57,9,15,14,16,81,5,46],"class_list":["post-1052","post","type-post","status-publish","format-standard","has-post-thumbnail","hentry","category-estatales","tag-amecameca","tag-atlautla","tag-ayapango","tag-chalco","tag-ecatzingo","tag-ozumba","tag-tepetlixpa","tag-tlalmanalco","tag-valle-de-chalco","tag-volcanes"],"yoast_head":"<!-- This site is optimized with the Yoast SEO plugin v25.3 - https:\/\/yoast.com\/wordpress\/plugins\/seo\/ -->\n<title>Alfredo Del Mazo entrega infraestructura y equipo tecnol\u00f3gico para mejorar espacios acad\u00e9micos y servicios de la UAEM - Volcanes<\/title>\n<meta name=\"robots\" content=\"index, follow, max-snippet:-1, max-image-preview:large, max-video-preview:-1\" \/>\n<link rel=\"canonical\" href=\"https:\/\/volcanes.net\/?p=1052\" \/>\n<meta property=\"og:locale\" content=\"es_MX\" \/>\n<meta property=\"og:type\" content=\"article\" \/>\n<meta property=\"og:title\" content=\"Alfredo Del Mazo entrega infraestructura y equipo tecnol\u00f3gico para mejorar espacios acad\u00e9micos y servicios de la UAEM - Volcanes\" \/>\n<meta property=\"og:description\" content=\"El gobernador Alfredo Del Mazo entreg\u00f3 edificios acad\u00e9micos, equipo tecnol\u00f3gico, obras de mantenimiento y m\u00f3dulos\" \/>\n<meta property=\"og:url\" content=\"https:\/\/volcanes.net\/?p=1052\" \/>\n<meta property=\"og:site_name\" content=\"Volcanes\" \/>\n<meta property=\"article:publisher\" content=\"https:\/\/www.facebook.com\/volcanes.net\/\" \/>\n<meta property=\"article:published_time\" content=\"2018-02-06T23:03:13+00:00\" \/>\n<meta property=\"og:image\" content=\"https:\/\/volcanes.net\/wp-content\/uploads\/2018\/02\/delmz.jpg\" \/>\n\t<meta property=\"og:image:width\" content=\"448\" \/>\n\t<meta property=\"og:image:height\" content=\"330\" \/>\n\t<meta property=\"og:image:type\" content=\"image\/jpeg\" \/>\n<meta name=\"author\" content=\"admin\" \/>\n<meta name=\"twitter:card\" content=\"summary_large_image\" \/>\n<meta name=\"twitter:label1\" content=\"Escrito por\" \/>\n\t<meta name=\"twitter:data1\" content=\"admin\" \/>\n\t<meta name=\"twitter:label2\" content=\"Tiempo de lectura\" \/>\n\t<meta name=\"twitter:data2\" content=\"2 minutos\" \/>\n<script type=\"application\/ld+json\" class=\"yoast-schema-graph\">{\"@context\":\"https:\/\/schema.org\",\"@graph\":[{\"@type\":\"Article\",\"@id\":\"https:\/\/volcanes.net\/?p=1052#article\",\"isPartOf\":{\"@id\":\"https:\/\/volcanes.net\/?p=1052\"},\"author\":{\"name\":\"admin\",\"@id\":\"https:\/\/volcanes.net\/#\/schema\/person\/4bf0f383940966a4abd53f5048c0e6b9\"},\"headline\":\"Alfredo Del Mazo entrega infraestructura y equipo tecnol\u00f3gico para mejorar espacios acad\u00e9micos y servicios de la UAEM\",\"datePublished\":\"2018-02-06T23:03:13+00:00\",\"mainEntityOfPage\":{\"@id\":\"https:\/\/volcanes.net\/?p=1052\"},\"wordCount\":357,\"commentCount\":0,\"publisher\":{\"@id\":\"https:\/\/volcanes.net\/#organization\"},\"image\":{\"@id\":\"https:\/\/volcanes.net\/?p=1052#primaryimage\"},\"thumbnailUrl\":\"https:\/\/volcanes.net\/wp-content\/uploads\/2018\/02\/delmz.jpg\",\"keywords\":[\"Amecameca\",\"Atlautla\",\"Ayapango\",\"Chalco\",\"Ecatzingo\",\"Ozumba\",\"Tepetlixpa\",\"Tlalmanalco\",\"Valle de Chalco\",\"Volcanes\"],\"articleSection\":[\"Estatales\"],\"inLanguage\":\"es\",\"potentialAction\":[{\"@type\":\"CommentAction\",\"name\":\"Comment\",\"target\":[\"https:\/\/volcanes.net\/?p=1052#respond\"]}]},{\"@type\":\"WebPage\",\"@id\":\"https:\/\/volcanes.net\/?p=1052\",\"url\":\"https:\/\/volcanes.net\/?p=1052\",\"name\":\"Alfredo Del Mazo entrega infraestructura y equipo tecnol\u00f3gico para mejorar espacios acad\u00e9micos y servicios de la UAEM - Volcanes\",\"isPartOf\":{\"@id\":\"https:\/\/volcanes.net\/#website\"},\"primaryImageOfPage\":{\"@id\":\"https:\/\/volcanes.net\/?p=1052#primaryimage\"},\"image\":{\"@id\":\"https:\/\/volcanes.net\/?p=1052#primaryimage\"},\"thumbnailUrl\":\"https:\/\/volcanes.net\/wp-content\/uploads\/2018\/02\/delmz.jpg\",\"datePublished\":\"2018-02-06T23:03:13+00:00\",\"breadcrumb\":{\"@id\":\"https:\/\/volcanes.net\/?p=1052#breadcrumb\"},\"inLanguage\":\"es\",\"potentialAction\":[{\"@type\":\"ReadAction\",\"target\":[\"https:\/\/volcanes.net\/?p=1052\"]}]},{\"@type\":\"ImageObject\",\"inLanguage\":\"es\",\"@id\":\"https:\/\/volcanes.net\/?p=1052#primaryimage\",\"url\":\"https:\/\/volcanes.net\/wp-content\/uploads\/2018\/02\/delmz.jpg\",\"contentUrl\":\"https:\/\/volcanes.net\/wp-content\/uploads\/2018\/02\/delmz.jpg\",\"width\":448,\"height\":330},{\"@type\":\"BreadcrumbList\",\"@id\":\"https:\/\/volcanes.net\/?p=1052#breadcrumb\",\"itemListElement\":[{\"@type\":\"ListItem\",\"position\":1,\"name\":\"Portada\",\"item\":\"https:\/\/volcanes.net\/\"},{\"@type\":\"ListItem\",\"position\":2,\"name\":\"Alfredo Del Mazo entrega infraestructura y equipo tecnol\u00f3gico para mejorar espacios acad\u00e9micos y servicios de la UAEM\"}]},{\"@type\":\"WebSite\",\"@id\":\"https:\/\/volcanes.net\/#website\",\"url\":\"https:\/\/volcanes.net\/\",\"name\":\"Volcanes.Net\",\"description\":\"Periodismo Profesional\",\"publisher\":{\"@id\":\"https:\/\/volcanes.net\/#organization\"},\"potentialAction\":[{\"@type\":\"SearchAction\",\"target\":{\"@type\":\"EntryPoint\",\"urlTemplate\":\"https:\/\/volcanes.net\/?s={search_term_string}\"},\"query-input\":{\"@type\":\"PropertyValueSpecification\",\"valueRequired\":true,\"valueName\":\"search_term_string\"}}],\"inLanguage\":\"es\"},{\"@type\":\"Organization\",\"@id\":\"https:\/\/volcanes.net\/#organization\",\"name\":\"Grupo Volcanes\",\"url\":\"https:\/\/volcanes.net\/\",\"logo\":{\"@type\":\"ImageObject\",\"inLanguage\":\"es\",\"@id\":\"https:\/\/volcanes.net\/#\/schema\/logo\/image\/\",\"url\":\"http:\/\/volcanes.net\/wp-content\/uploads\/2017\/12\/Avatar2.jpg\",\"contentUrl\":\"http:\/\/volcanes.net\/wp-content\/uploads\/2017\/12\/Avatar2.jpg\",\"width\":378,\"height\":378,\"caption\":\"Grupo Volcanes\"},\"image\":{\"@id\":\"https:\/\/volcanes.net\/#\/schema\/logo\/image\/\"},\"sameAs\":[\"https:\/\/www.facebook.com\/volcanes.net\/\"]},{\"@type\":\"Person\",\"@id\":\"https:\/\/volcanes.net\/#\/schema\/person\/4bf0f383940966a4abd53f5048c0e6b9\",\"name\":\"admin\",\"image\":{\"@type\":\"ImageObject\",\"inLanguage\":\"es\",\"@id\":\"https:\/\/volcanes.net\/#\/schema\/person\/image\/\",\"url\":\"https:\/\/secure.gravatar.com\/avatar\/ca004e6cba8462b8cb7abc86e382930c?s=96&d=mm&r=g\",\"contentUrl\":\"https:\/\/secure.gravatar.com\/avatar\/ca004e6cba8462b8cb7abc86e382930c?s=96&d=mm&r=g\",\"caption\":\"admin\"}}]}<\/script>\n<!-- \/ Yoast SEO plugin. -->","yoast_head_json":{"title":"Alfredo Del Mazo entrega infraestructura y equipo tecnol\u00f3gico para mejorar espacios acad\u00e9micos y servicios de la UAEM - Volcanes","robots":{"index":"index","follow":"follow","max-snippet":"max-snippet:-1","max-image-preview":"max-image-preview:large","max-video-preview":"max-video-preview:-1"},"canonical":"https:\/\/volcanes.net\/?p=1052","og_locale":"es_MX","og_type":"article","og_title":"Alfredo Del Mazo entrega infraestructura y equipo tecnol\u00f3gico para mejorar espacios acad\u00e9micos y servicios de la UAEM - Volcanes","og_description":"El gobernador Alfredo Del Mazo entreg\u00f3 edificios acad\u00e9micos, equipo tecnol\u00f3gico, obras de mantenimiento y m\u00f3dulos","og_url":"https:\/\/volcanes.net\/?p=1052","og_site_name":"Volcanes","article_publisher":"https:\/\/www.facebook.com\/volcanes.net\/","article_published_time":"2018-02-06T23:03:13+00:00","og_image":[{"width":448,"height":330,"url":"https:\/\/volcanes.net\/wp-content\/uploads\/2018\/02\/delmz.jpg","type":"image\/jpeg"}],"author":"admin","twitter_card":"summary_large_image","twitter_misc":{"Escrito por":"admin","Tiempo de lectura":"2 minutos"},"schema":{"@context":"https:\/\/schema.org","@graph":[{"@type":"Article","@id":"https:\/\/volcanes.net\/?p=1052#article","isPartOf":{"@id":"https:\/\/volcanes.net\/?p=1052"},"author":{"name":"admin","@id":"https:\/\/volcanes.net\/#\/schema\/person\/4bf0f383940966a4abd53f5048c0e6b9"},"headline":"Alfredo Del Mazo entrega infraestructura y equipo tecnol\u00f3gico para mejorar espacios acad\u00e9micos y servicios de la UAEM","datePublished":"2018-02-06T23:03:13+00:00","mainEntityOfPage":{"@id":"https:\/\/volcanes.net\/?p=1052"},"wordCount":357,"commentCount":0,"publisher":{"@id":"https:\/\/volcanes.net\/#organization"},"image":{"@id":"https:\/\/volcanes.net\/?p=1052#primaryimage"},"thumbnailUrl":"https:\/\/volcanes.net\/wp-content\/uploads\/2018\/02\/delmz.jpg","keywords":["Amecameca","Atlautla","Ayapango","Chalco","Ecatzingo","Ozumba","Tepetlixpa","Tlalmanalco","Valle de Chalco","Volcanes"],"articleSection":["Estatales"],"inLanguage":"es","potentialAction":[{"@type":"CommentAction","name":"Comment","target":["https:\/\/volcanes.net\/?p=1052#respond"]}]},{"@type":"WebPage","@id":"https:\/\/volcanes.net\/?p=1052","url":"https:\/\/volcanes.net\/?p=1052","name":"Alfredo Del Mazo entrega infraestructura y equipo tecnol\u00f3gico para mejorar espacios acad\u00e9micos y servicios de la UAEM - Volcanes","isPartOf":{"@id":"https:\/\/volcanes.net\/#website"},"primaryImageOfPage":{"@id":"https:\/\/volcanes.net\/?p=1052#primaryimage"},"image":{"@id":"https:\/\/volcanes.net\/?p=1052#primaryimage"},"thumbnailUrl":"https:\/\/volcanes.net\/wp-content\/uploads\/2018\/02\/delmz.jpg","datePublished":"2018-02-06T23:03:13+00:00","breadcrumb":{"@id":"https:\/\/volcanes.net\/?p=1052#breadcrumb"},"inLanguage":"es","potentialAction":[{"@type":"ReadAction","target":["https:\/\/volcanes.net\/?p=1052"]}]},{"@type":"ImageObject","inLanguage":"es","@id":"https:\/\/volcanes.net\/?p=1052#primaryimage","url":"https:\/\/volcanes.net\/wp-content\/uploads\/2018\/02\/delmz.jpg","contentUrl":"https:\/\/volcanes.net\/wp-content\/uploads\/2018\/02\/delmz.jpg","width":448,"height":330},{"@type":"BreadcrumbList","@id":"https:\/\/volcanes.net\/?p=1052#breadcrumb","itemListElement":[{"@type":"ListItem","position":1,"name":"Portada","item":"https:\/\/volcanes.net\/"},{"@type":"ListItem","position":2,"name":"Alfredo Del Mazo entrega infraestructura y equipo tecnol\u00f3gico para mejorar espacios acad\u00e9micos y servicios de la UAEM"}]},{"@type":"WebSite","@id":"https:\/\/volcanes.net\/#website","url":"https:\/\/volcanes.net\/","name":"Volcanes.Net","description":"Periodismo Profesional","publisher":{"@id":"https:\/\/volcanes.net\/#organization"},"potentialAction":[{"@type":"SearchAction","target":{"@type":"EntryPoint","urlTemplate":"https:\/\/volcanes.net\/?s={search_term_string}"},"query-input":{"@type":"PropertyValueSpecification","valueRequired":true,"valueName":"search_term_string"}}],"inLanguage":"es"},{"@type":"Organization","@id":"https:\/\/volcanes.net\/#organization","name":"Grupo Volcanes","url":"https:\/\/volcanes.net\/","logo":{"@type":"ImageObject","inLanguage":"es","@id":"https:\/\/volcanes.net\/#\/schema\/logo\/image\/","url":"http:\/\/volcanes.net\/wp-content\/uploads\/2017\/12\/Avatar2.jpg","contentUrl":"http:\/\/volcanes.net\/wp-content\/uploads\/2017\/12\/Avatar2.jpg","width":378,"height":378,"caption":"Grupo Volcanes"},"image":{"@id":"https:\/\/volcanes.net\/#\/schema\/logo\/image\/"},"sameAs":["https:\/\/www.facebook.com\/volcanes.net\/"]},{"@type":"Person","@id":"https:\/\/volcanes.net\/#\/schema\/person\/4bf0f383940966a4abd53f5048c0e6b9","name":"admin","image":{"@type":"ImageObject","inLanguage":"es","@id":"https:\/\/volcanes.net\/#\/schema\/person\/image\/","url":"https:\/\/secure.gravatar.com\/avatar\/ca004e6cba8462b8cb7abc86e382930c?s=96&d=mm&r=g","contentUrl":"https:\/\/secure.gravatar.com\/avatar\/ca004e6cba8462b8cb7abc86e382930c?s=96&d=mm&r=g","caption":"admin"}}]}},"_links":{"self":[{"href":"https:\/\/volcanes.net\/index.php?rest_route=\/wp\/v2\/posts\/1052"}],"collection":[{"href":"https:\/\/volcanes.net\/index.php?rest_route=\/wp\/v2\/posts"}],"about":[{"href":"https:\/\/volcanes.net\/index.php?rest_route=\/wp\/v2\/types\/post"}],"author":[{"embeddable":true,"href":"https:\/\/volcanes.net\/index.php?rest_route=\/wp\/v2\/users\/1"}],"replies":[{"embeddable":true,"href":"https:\/\/volcanes.net\/index.php?rest_route=%2Fwp%2Fv2%2Fcomments&post=1052"}],"version-history":[{"count":1,"href":"https:\/\/volcanes.net\/index.php?rest_route=\/wp\/v2\/posts\/1052\/revisions"}],"predecessor-version":[{"id":1054,"href":"https:\/\/volcanes.net\/index.php?rest_route=\/wp\/v2\/posts\/1052\/revisions\/1054"}],"wp:featuredmedia":[{"embeddable":true,"href":"https:\/\/volcanes.net\/index.php?rest_route=\/wp\/v2\/media\/1053"}],"wp:attachment":[{"href":"https:\/\/volcanes.net\/index.php?rest_route=%2Fwp%2Fv2%2Fmedia&parent=1052"}],"wp:term":[{"taxonomy":"category","embeddable":true,"href":"https:\/\/volcanes.net\/index.php?rest_route=%2Fwp%2Fv2%2Fcategories&post=1052"},{"taxonomy":"post_tag","embeddable":true,"href":"https:\/\/volcanes.net\/index.php?rest_route=%2Fwp%2Fv2%2Ftags&post=1052"}],"curies":[{"name":"wp","href":"https:\/\/api.w.org\/{rel}","templated":true}]}}