{"id":10526,"date":"2021-03-15T12:27:34","date_gmt":"2021-03-15T18:27:34","guid":{"rendered":"http:\/\/volcanes.net\/?p=10526"},"modified":"2021-03-15T12:27:34","modified_gmt":"2021-03-15T18:27:34","slug":"gobierno-municipal-de-amecameca-continuan-trabajando-en-materia-de-seguridad","status":"publish","type":"post","link":"https:\/\/volcanes.net\/?p=10526","title":{"rendered":"Gobierno municipal de Amecameca contin\u00faan trabajando en materia de seguridad"},"content":{"rendered":"<div style=\"margin-top: 0px; margin-bottom: 0px;\" class=\"sharethis-inline-share-buttons\" ><\/div><p style=\"text-align: justify;\">Amecameca, Estado de M\u00e9xico.- El gobierno de este municipio mexiquense que preside Miguel \u00c1ngel Salom\u00f3n Cort\u00e9s hizo entrega de 200 alarmas vecinales y cinco controles inal\u00e1mbricos, con el fin de que las familias Amecamequenses puedan hacer uso de esta alarma cuando se encuentren ante una situaci\u00f3n de inseguridad.<\/p>\n<p style=\"text-align: justify;\">De acuerdo con el mun\u00edcipe, inform\u00f3 que se hizo la adquisici\u00f3n de alarmas de \u00faltima generaci\u00f3n, las cuales ser\u00e1n instaladas en las diferentes delegaciones del municipio, as\u00ed mismo se hizo entrega de controles y receptores inal\u00e1mbricos, lo cual les permite a la ciudadan\u00eda cargarlo entre sus pertenencias con el fin de que la ciudadan\u00eda se sienta segura dentro del municipio.<\/p>\n<p style=\"text-align: justify;\">&#8220;Estamos comprometidos con la segunda de todos los Amecamequenses&#8221; dijo el edil, adem\u00e1s de que coment\u00f3 que en materia de seguridad su administraci\u00f3n ha hecho entrega de patrullas, por lo que ahora busca que se entregue una patrulla en las diferentes delegaciones, esto como parte de la estrategia de seguridad.<\/p>\n<p style=\"text-align: justify;\">Salom\u00f3n Cort\u00e9s, reconoci\u00f3 que de igual forma mantener un municipio iluminado entra en temas de segunda, as\u00ed como de contar con elementos bien preparados y certificados garantiza que se eleve la calidad de vida dentro del municipio a trav\u00e9s de brindar seguridad de proximidad a todas las familias Amecamequenses.<\/p>\n","protected":false},"excerpt":{"rendered":"<p>Amecameca, Estado de M\u00e9xico.- El gobierno de este municipio mexiquense que preside Miguel \u00c1ngel Salom\u00f3n<\/p>\n","protected":false},"author":1,"featured_media":10527,"comment_status":"open","ping_status":"open","sticky":false,"template":"","format":"standard","meta":{"footnotes":""},"categories":[1],"tags":[7],"class_list":["post-10526","post","type-post","status-publish","format-standard","has-post-thumbnail","hentry","category-municipales","tag-amecameca"],"yoast_head":"<!-- This site is optimized with the Yoast SEO plugin v25.3 - https:\/\/yoast.com\/wordpress\/plugins\/seo\/ -->\n<title>Gobierno municipal de Amecameca contin\u00faan trabajando en materia de seguridad - Volcanes<\/title>\n<meta name=\"robots\" content=\"index, follow, max-snippet:-1, max-image-preview:large, max-video-preview:-1\" \/>\n<link rel=\"canonical\" href=\"https:\/\/volcanes.net\/?p=10526\" \/>\n<meta property=\"og:locale\" content=\"es_MX\" \/>\n<meta property=\"og:type\" content=\"article\" \/>\n<meta property=\"og:title\" content=\"Gobierno municipal de Amecameca contin\u00faan trabajando en materia de seguridad - Volcanes\" \/>\n<meta property=\"og:description\" content=\"Amecameca, Estado de M\u00e9xico.- El gobierno de este municipio mexiquense que preside Miguel \u00c1ngel Salom\u00f3n\" \/>\n<meta property=\"og:url\" content=\"https:\/\/volcanes.net\/?p=10526\" \/>\n<meta property=\"og:site_name\" content=\"Volcanes\" \/>\n<meta property=\"article:publisher\" content=\"https:\/\/www.facebook.com\/volcanes.net\/\" \/>\n<meta property=\"article:published_time\" content=\"2021-03-15T18:27:34+00:00\" \/>\n<meta property=\"og:image\" content=\"https:\/\/volcanes.net\/wp-content\/uploads\/2021\/03\/Screenshot_2021-03-15-12-26-352.jpg\" \/>\n\t<meta property=\"og:image:width\" content=\"720\" \/>\n\t<meta property=\"og:image:height\" content=\"397\" \/>\n\t<meta property=\"og:image:type\" content=\"image\/jpeg\" \/>\n<meta name=\"author\" content=\"admin\" \/>\n<meta name=\"twitter:card\" content=\"summary_large_image\" \/>\n<meta name=\"twitter:label1\" content=\"Escrito por\" \/>\n\t<meta name=\"twitter:data1\" content=\"admin\" \/>\n\t<meta name=\"twitter:label2\" content=\"Tiempo de lectura\" \/>\n\t<meta name=\"twitter:data2\" content=\"1 minuto\" \/>\n<script type=\"application\/ld+json\" class=\"yoast-schema-graph\">{\"@context\":\"https:\/\/schema.org\",\"@graph\":[{\"@type\":\"Article\",\"@id\":\"https:\/\/volcanes.net\/?p=10526#article\",\"isPartOf\":{\"@id\":\"https:\/\/volcanes.net\/?p=10526\"},\"author\":{\"name\":\"admin\",\"@id\":\"https:\/\/volcanes.net\/#\/schema\/person\/4bf0f383940966a4abd53f5048c0e6b9\"},\"headline\":\"Gobierno municipal de Amecameca contin\u00faan trabajando en materia de seguridad\",\"datePublished\":\"2021-03-15T18:27:34+00:00\",\"mainEntityOfPage\":{\"@id\":\"https:\/\/volcanes.net\/?p=10526\"},\"wordCount\":235,\"commentCount\":0,\"publisher\":{\"@id\":\"https:\/\/volcanes.net\/#organization\"},\"image\":{\"@id\":\"https:\/\/volcanes.net\/?p=10526#primaryimage\"},\"thumbnailUrl\":\"https:\/\/volcanes.net\/wp-content\/uploads\/2021\/03\/Screenshot_2021-03-15-12-26-352.jpg\",\"keywords\":[\"Amecameca\"],\"articleSection\":[\"Municipales\"],\"inLanguage\":\"es\",\"potentialAction\":[{\"@type\":\"CommentAction\",\"name\":\"Comment\",\"target\":[\"https:\/\/volcanes.net\/?p=10526#respond\"]}]},{\"@type\":\"WebPage\",\"@id\":\"https:\/\/volcanes.net\/?p=10526\",\"url\":\"https:\/\/volcanes.net\/?p=10526\",\"name\":\"Gobierno municipal de Amecameca contin\u00faan trabajando en materia de seguridad - Volcanes\",\"isPartOf\":{\"@id\":\"https:\/\/volcanes.net\/#website\"},\"primaryImageOfPage\":{\"@id\":\"https:\/\/volcanes.net\/?p=10526#primaryimage\"},\"image\":{\"@id\":\"https:\/\/volcanes.net\/?p=10526#primaryimage\"},\"thumbnailUrl\":\"https:\/\/volcanes.net\/wp-content\/uploads\/2021\/03\/Screenshot_2021-03-15-12-26-352.jpg\",\"datePublished\":\"2021-03-15T18:27:34+00:00\",\"breadcrumb\":{\"@id\":\"https:\/\/volcanes.net\/?p=10526#breadcrumb\"},\"inLanguage\":\"es\",\"potentialAction\":[{\"@type\":\"ReadAction\",\"target\":[\"https:\/\/volcanes.net\/?p=10526\"]}]},{\"@type\":\"ImageObject\",\"inLanguage\":\"es\",\"@id\":\"https:\/\/volcanes.net\/?p=10526#primaryimage\",\"url\":\"https:\/\/volcanes.net\/wp-content\/uploads\/2021\/03\/Screenshot_2021-03-15-12-26-352.jpg\",\"contentUrl\":\"https:\/\/volcanes.net\/wp-content\/uploads\/2021\/03\/Screenshot_2021-03-15-12-26-352.jpg\",\"width\":720,\"height\":397},{\"@type\":\"BreadcrumbList\",\"@id\":\"https:\/\/volcanes.net\/?p=10526#breadcrumb\",\"itemListElement\":[{\"@type\":\"ListItem\",\"position\":1,\"name\":\"Portada\",\"item\":\"https:\/\/volcanes.net\/\"},{\"@type\":\"ListItem\",\"position\":2,\"name\":\"Gobierno municipal de Amecameca contin\u00faan trabajando en materia de seguridad\"}]},{\"@type\":\"WebSite\",\"@id\":\"https:\/\/volcanes.net\/#website\",\"url\":\"https:\/\/volcanes.net\/\",\"name\":\"Volcanes.Net\",\"description\":\"Periodismo Profesional\",\"publisher\":{\"@id\":\"https:\/\/volcanes.net\/#organization\"},\"potentialAction\":[{\"@type\":\"SearchAction\",\"target\":{\"@type\":\"EntryPoint\",\"urlTemplate\":\"https:\/\/volcanes.net\/?s={search_term_string}\"},\"query-input\":{\"@type\":\"PropertyValueSpecification\",\"valueRequired\":true,\"valueName\":\"search_term_string\"}}],\"inLanguage\":\"es\"},{\"@type\":\"Organization\",\"@id\":\"https:\/\/volcanes.net\/#organization\",\"name\":\"Grupo Volcanes\",\"url\":\"https:\/\/volcanes.net\/\",\"logo\":{\"@type\":\"ImageObject\",\"inLanguage\":\"es\",\"@id\":\"https:\/\/volcanes.net\/#\/schema\/logo\/image\/\",\"url\":\"http:\/\/volcanes.net\/wp-content\/uploads\/2017\/12\/Avatar2.jpg\",\"contentUrl\":\"http:\/\/volcanes.net\/wp-content\/uploads\/2017\/12\/Avatar2.jpg\",\"width\":378,\"height\":378,\"caption\":\"Grupo Volcanes\"},\"image\":{\"@id\":\"https:\/\/volcanes.net\/#\/schema\/logo\/image\/\"},\"sameAs\":[\"https:\/\/www.facebook.com\/volcanes.net\/\"]},{\"@type\":\"Person\",\"@id\":\"https:\/\/volcanes.net\/#\/schema\/person\/4bf0f383940966a4abd53f5048c0e6b9\",\"name\":\"admin\",\"image\":{\"@type\":\"ImageObject\",\"inLanguage\":\"es\",\"@id\":\"https:\/\/volcanes.net\/#\/schema\/person\/image\/\",\"url\":\"https:\/\/secure.gravatar.com\/avatar\/ca004e6cba8462b8cb7abc86e382930c?s=96&d=mm&r=g\",\"contentUrl\":\"https:\/\/secure.gravatar.com\/avatar\/ca004e6cba8462b8cb7abc86e382930c?s=96&d=mm&r=g\",\"caption\":\"admin\"}}]}<\/script>\n<!-- \/ Yoast SEO plugin. -->","yoast_head_json":{"title":"Gobierno municipal de Amecameca contin\u00faan trabajando en materia de seguridad - Volcanes","robots":{"index":"index","follow":"follow","max-snippet":"max-snippet:-1","max-image-preview":"max-image-preview:large","max-video-preview":"max-video-preview:-1"},"canonical":"https:\/\/volcanes.net\/?p=10526","og_locale":"es_MX","og_type":"article","og_title":"Gobierno municipal de Amecameca contin\u00faan trabajando en materia de seguridad - Volcanes","og_description":"Amecameca, Estado de M\u00e9xico.- El gobierno de este municipio mexiquense que preside Miguel \u00c1ngel Salom\u00f3n","og_url":"https:\/\/volcanes.net\/?p=10526","og_site_name":"Volcanes","article_publisher":"https:\/\/www.facebook.com\/volcanes.net\/","article_published_time":"2021-03-15T18:27:34+00:00","og_image":[{"width":720,"height":397,"url":"https:\/\/volcanes.net\/wp-content\/uploads\/2021\/03\/Screenshot_2021-03-15-12-26-352.jpg","type":"image\/jpeg"}],"author":"admin","twitter_card":"summary_large_image","twitter_misc":{"Escrito por":"admin","Tiempo de lectura":"1 minuto"},"schema":{"@context":"https:\/\/schema.org","@graph":[{"@type":"Article","@id":"https:\/\/volcanes.net\/?p=10526#article","isPartOf":{"@id":"https:\/\/volcanes.net\/?p=10526"},"author":{"name":"admin","@id":"https:\/\/volcanes.net\/#\/schema\/person\/4bf0f383940966a4abd53f5048c0e6b9"},"headline":"Gobierno municipal de Amecameca contin\u00faan trabajando en materia de seguridad","datePublished":"2021-03-15T18:27:34+00:00","mainEntityOfPage":{"@id":"https:\/\/volcanes.net\/?p=10526"},"wordCount":235,"commentCount":0,"publisher":{"@id":"https:\/\/volcanes.net\/#organization"},"image":{"@id":"https:\/\/volcanes.net\/?p=10526#primaryimage"},"thumbnailUrl":"https:\/\/volcanes.net\/wp-content\/uploads\/2021\/03\/Screenshot_2021-03-15-12-26-352.jpg","keywords":["Amecameca"],"articleSection":["Municipales"],"inLanguage":"es","potentialAction":[{"@type":"CommentAction","name":"Comment","target":["https:\/\/volcanes.net\/?p=10526#respond"]}]},{"@type":"WebPage","@id":"https:\/\/volcanes.net\/?p=10526","url":"https:\/\/volcanes.net\/?p=10526","name":"Gobierno municipal de Amecameca contin\u00faan trabajando en materia de seguridad - Volcanes","isPartOf":{"@id":"https:\/\/volcanes.net\/#website"},"primaryImageOfPage":{"@id":"https:\/\/volcanes.net\/?p=10526#primaryimage"},"image":{"@id":"https:\/\/volcanes.net\/?p=10526#primaryimage"},"thumbnailUrl":"https:\/\/volcanes.net\/wp-content\/uploads\/2021\/03\/Screenshot_2021-03-15-12-26-352.jpg","datePublished":"2021-03-15T18:27:34+00:00","breadcrumb":{"@id":"https:\/\/volcanes.net\/?p=10526#breadcrumb"},"inLanguage":"es","potentialAction":[{"@type":"ReadAction","target":["https:\/\/volcanes.net\/?p=10526"]}]},{"@type":"ImageObject","inLanguage":"es","@id":"https:\/\/volcanes.net\/?p=10526#primaryimage","url":"https:\/\/volcanes.net\/wp-content\/uploads\/2021\/03\/Screenshot_2021-03-15-12-26-352.jpg","contentUrl":"https:\/\/volcanes.net\/wp-content\/uploads\/2021\/03\/Screenshot_2021-03-15-12-26-352.jpg","width":720,"height":397},{"@type":"BreadcrumbList","@id":"https:\/\/volcanes.net\/?p=10526#breadcrumb","itemListElement":[{"@type":"ListItem","position":1,"name":"Portada","item":"https:\/\/volcanes.net\/"},{"@type":"ListItem","position":2,"name":"Gobierno municipal de Amecameca contin\u00faan trabajando en materia de seguridad"}]},{"@type":"WebSite","@id":"https:\/\/volcanes.net\/#website","url":"https:\/\/volcanes.net\/","name":"Volcanes.Net","description":"Periodismo Profesional","publisher":{"@id":"https:\/\/volcanes.net\/#organization"},"potentialAction":[{"@type":"SearchAction","target":{"@type":"EntryPoint","urlTemplate":"https:\/\/volcanes.net\/?s={search_term_string}"},"query-input":{"@type":"PropertyValueSpecification","valueRequired":true,"valueName":"search_term_string"}}],"inLanguage":"es"},{"@type":"Organization","@id":"https:\/\/volcanes.net\/#organization","name":"Grupo Volcanes","url":"https:\/\/volcanes.net\/","logo":{"@type":"ImageObject","inLanguage":"es","@id":"https:\/\/volcanes.net\/#\/schema\/logo\/image\/","url":"http:\/\/volcanes.net\/wp-content\/uploads\/2017\/12\/Avatar2.jpg","contentUrl":"http:\/\/volcanes.net\/wp-content\/uploads\/2017\/12\/Avatar2.jpg","width":378,"height":378,"caption":"Grupo Volcanes"},"image":{"@id":"https:\/\/volcanes.net\/#\/schema\/logo\/image\/"},"sameAs":["https:\/\/www.facebook.com\/volcanes.net\/"]},{"@type":"Person","@id":"https:\/\/volcanes.net\/#\/schema\/person\/4bf0f383940966a4abd53f5048c0e6b9","name":"admin","image":{"@type":"ImageObject","inLanguage":"es","@id":"https:\/\/volcanes.net\/#\/schema\/person\/image\/","url":"https:\/\/secure.gravatar.com\/avatar\/ca004e6cba8462b8cb7abc86e382930c?s=96&d=mm&r=g","contentUrl":"https:\/\/secure.gravatar.com\/avatar\/ca004e6cba8462b8cb7abc86e382930c?s=96&d=mm&r=g","caption":"admin"}}]}},"_links":{"self":[{"href":"https:\/\/volcanes.net\/index.php?rest_route=\/wp\/v2\/posts\/10526"}],"collection":[{"href":"https:\/\/volcanes.net\/index.php?rest_route=\/wp\/v2\/posts"}],"about":[{"href":"https:\/\/volcanes.net\/index.php?rest_route=\/wp\/v2\/types\/post"}],"author":[{"embeddable":true,"href":"https:\/\/volcanes.net\/index.php?rest_route=\/wp\/v2\/users\/1"}],"replies":[{"embeddable":true,"href":"https:\/\/volcanes.net\/index.php?rest_route=%2Fwp%2Fv2%2Fcomments&post=10526"}],"version-history":[{"count":1,"href":"https:\/\/volcanes.net\/index.php?rest_route=\/wp\/v2\/posts\/10526\/revisions"}],"predecessor-version":[{"id":10528,"href":"https:\/\/volcanes.net\/index.php?rest_route=\/wp\/v2\/posts\/10526\/revisions\/10528"}],"wp:featuredmedia":[{"embeddable":true,"href":"https:\/\/volcanes.net\/index.php?rest_route=\/wp\/v2\/media\/10527"}],"wp:attachment":[{"href":"https:\/\/volcanes.net\/index.php?rest_route=%2Fwp%2Fv2%2Fmedia&parent=10526"}],"wp:term":[{"taxonomy":"category","embeddable":true,"href":"https:\/\/volcanes.net\/index.php?rest_route=%2Fwp%2Fv2%2Fcategories&post=10526"},{"taxonomy":"post_tag","embeddable":true,"href":"https:\/\/volcanes.net\/index.php?rest_route=%2Fwp%2Fv2%2Ftags&post=10526"}],"curies":[{"name":"wp","href":"https:\/\/api.w.org\/{rel}","templated":true}]}}