{"id":10581,"date":"2021-03-20T10:52:37","date_gmt":"2021-03-20T16:52:37","guid":{"rendered":"http:\/\/volcanes.net\/?p=10581"},"modified":"2021-03-20T13:51:58","modified_gmt":"2021-03-20T19:51:58","slug":"en-tlalmanalco-encuentran-posible-centro-ceremonial","status":"publish","type":"post","link":"https:\/\/volcanes.net\/?p=10581","title":{"rendered":"En Tlalmanalco encuentran posible centro ceremonial"},"content":{"rendered":"<div style=\"margin-top: 0px; margin-bottom: 0px;\" class=\"sharethis-inline-share-buttons\" ><\/div><p>Tlalmanalco, Estado de M\u00e9xico.- El Dr. en Arqueolog\u00eda, Dr. Herv\u00e9 V Monterrosa, dijo que, con las investigaciones en la pir\u00e1mide, \u201cTepantlalco\u201d, est\u00e1 arrojando nueva informaci\u00f3n de estos vestigios prehisp\u00e1nicos, el cu\u00e1l se trata de un edificio administrativos de la \u00e9poca Poscl\u00e1sico Medio Tard\u00edo.<\/p>\n<p>Dijo que, mientras transcurran el salvamento Arqueol\u00f3gico, de los vestigios prehisp\u00e1nicos de Tepantlalco, (En la Cima del Tempatl), y que se tratar\u00eda de un templo donde hac\u00edan ceremonias a los patrones, ya que, en la \u00e9poca Mezoamericana, no eran ni Dioses o Deidades, sino patrones.<\/p>\n<p>Expres\u00f3 que, los vestigios prehisp\u00e1nicos, se pudiera tratar de lo que fue un edificio administrativo, y no en centro religioso de los Nonohualcas Teotlixcas Tlacochalcas.<\/p>\n<p>Se\u00f1al\u00f3 que, en el tiempo de los Mexhicas-Tenochcas, Tlalmanalco, fue un importante Altepetl, m\u00e1s importante que el gran se\u00f1or\u00edo Chalcas, ya que ellos tra\u00edan al patrono de Tecaztlipoca, (Espejo Humeante), y por toda la zona era respetado.<\/p>\n<p>Indic\u00f3 que, a tres d\u00edas de trabajo, solamente se han encontrado tepalcates, sin embargo, se espera encontrar figuras Arqueol\u00f3gicas, pero se tiene que, trabajar mucho.<\/p>\n<p>Por su parte, Jos\u00e9 Concepci\u00f3n Guzm\u00e1n, miembro del Consejo Cultural de la Memoria Arqueol\u00f3gica, dijo que, las gestiones de la gesti\u00f3n ante el Instituto Nacional de Antropolog\u00eda e Historia, (INAH), para el proyecto de Salvamento Arqueol\u00f3gico de Tepantlalco, habla muy bien de ella, ya que, hasta el final de su administraci\u00f3n p\u00fablica municipal, preservar\u00e1 las ra\u00edces, identidad y cultura de su municipio.<\/p>\n","protected":false},"excerpt":{"rendered":"<p>Tlalmanalco, Estado de M\u00e9xico.- El Dr. en Arqueolog\u00eda, Dr. Herv\u00e9 V Monterrosa, dijo que, con<\/p>\n","protected":false},"author":1,"featured_media":10582,"comment_status":"open","ping_status":"open","sticky":false,"template":"","format":"standard","meta":{"footnotes":""},"categories":[1],"tags":[81],"class_list":["post-10581","post","type-post","status-publish","format-standard","has-post-thumbnail","hentry","category-municipales","tag-tlalmanalco"],"yoast_head":"<!-- This site is optimized with the Yoast SEO plugin v25.3 - https:\/\/yoast.com\/wordpress\/plugins\/seo\/ -->\n<title>En Tlalmanalco encuentran posible centro ceremonial - Volcanes<\/title>\n<meta name=\"robots\" content=\"index, follow, max-snippet:-1, max-image-preview:large, max-video-preview:-1\" \/>\n<link rel=\"canonical\" href=\"https:\/\/volcanes.net\/?p=10581\" \/>\n<meta property=\"og:locale\" content=\"es_MX\" \/>\n<meta property=\"og:type\" content=\"article\" \/>\n<meta property=\"og:title\" content=\"En Tlalmanalco encuentran posible centro ceremonial - Volcanes\" \/>\n<meta property=\"og:description\" content=\"Tlalmanalco, Estado de M\u00e9xico.- El Dr. en Arqueolog\u00eda, Dr. Herv\u00e9 V Monterrosa, dijo que, con\" \/>\n<meta property=\"og:url\" content=\"https:\/\/volcanes.net\/?p=10581\" \/>\n<meta property=\"og:site_name\" content=\"Volcanes\" \/>\n<meta property=\"article:publisher\" content=\"https:\/\/www.facebook.com\/volcanes.net\/\" \/>\n<meta property=\"article:published_time\" content=\"2021-03-20T16:52:37+00:00\" \/>\n<meta property=\"article:modified_time\" content=\"2021-03-20T19:51:58+00:00\" \/>\n<meta property=\"og:image\" content=\"https:\/\/volcanes.net\/wp-content\/uploads\/2021\/03\/excavacion-360x381-1.jpg\" \/>\n\t<meta property=\"og:image:width\" content=\"360\" \/>\n\t<meta property=\"og:image:height\" content=\"381\" \/>\n\t<meta property=\"og:image:type\" content=\"image\/jpeg\" \/>\n<meta name=\"author\" content=\"admin\" \/>\n<meta name=\"twitter:card\" content=\"summary_large_image\" \/>\n<meta name=\"twitter:label1\" content=\"Escrito por\" \/>\n\t<meta name=\"twitter:data1\" content=\"admin\" \/>\n\t<meta name=\"twitter:label2\" content=\"Tiempo de lectura\" \/>\n\t<meta name=\"twitter:data2\" content=\"1 minuto\" \/>\n<script type=\"application\/ld+json\" class=\"yoast-schema-graph\">{\"@context\":\"https:\/\/schema.org\",\"@graph\":[{\"@type\":\"Article\",\"@id\":\"https:\/\/volcanes.net\/?p=10581#article\",\"isPartOf\":{\"@id\":\"https:\/\/volcanes.net\/?p=10581\"},\"author\":{\"name\":\"admin\",\"@id\":\"https:\/\/volcanes.net\/#\/schema\/person\/4bf0f383940966a4abd53f5048c0e6b9\"},\"headline\":\"En Tlalmanalco encuentran posible centro ceremonial\",\"datePublished\":\"2021-03-20T16:52:37+00:00\",\"dateModified\":\"2021-03-20T19:51:58+00:00\",\"mainEntityOfPage\":{\"@id\":\"https:\/\/volcanes.net\/?p=10581\"},\"wordCount\":273,\"commentCount\":0,\"publisher\":{\"@id\":\"https:\/\/volcanes.net\/#organization\"},\"image\":{\"@id\":\"https:\/\/volcanes.net\/?p=10581#primaryimage\"},\"thumbnailUrl\":\"https:\/\/volcanes.net\/wp-content\/uploads\/2021\/03\/excavacion-360x381-1.jpg\",\"keywords\":[\"Tlalmanalco\"],\"articleSection\":[\"Municipales\"],\"inLanguage\":\"es\",\"potentialAction\":[{\"@type\":\"CommentAction\",\"name\":\"Comment\",\"target\":[\"https:\/\/volcanes.net\/?p=10581#respond\"]}]},{\"@type\":\"WebPage\",\"@id\":\"https:\/\/volcanes.net\/?p=10581\",\"url\":\"https:\/\/volcanes.net\/?p=10581\",\"name\":\"En Tlalmanalco encuentran posible centro ceremonial - Volcanes\",\"isPartOf\":{\"@id\":\"https:\/\/volcanes.net\/#website\"},\"primaryImageOfPage\":{\"@id\":\"https:\/\/volcanes.net\/?p=10581#primaryimage\"},\"image\":{\"@id\":\"https:\/\/volcanes.net\/?p=10581#primaryimage\"},\"thumbnailUrl\":\"https:\/\/volcanes.net\/wp-content\/uploads\/2021\/03\/excavacion-360x381-1.jpg\",\"datePublished\":\"2021-03-20T16:52:37+00:00\",\"dateModified\":\"2021-03-20T19:51:58+00:00\",\"breadcrumb\":{\"@id\":\"https:\/\/volcanes.net\/?p=10581#breadcrumb\"},\"inLanguage\":\"es\",\"potentialAction\":[{\"@type\":\"ReadAction\",\"target\":[\"https:\/\/volcanes.net\/?p=10581\"]}]},{\"@type\":\"ImageObject\",\"inLanguage\":\"es\",\"@id\":\"https:\/\/volcanes.net\/?p=10581#primaryimage\",\"url\":\"https:\/\/volcanes.net\/wp-content\/uploads\/2021\/03\/excavacion-360x381-1.jpg\",\"contentUrl\":\"https:\/\/volcanes.net\/wp-content\/uploads\/2021\/03\/excavacion-360x381-1.jpg\",\"width\":360,\"height\":381},{\"@type\":\"BreadcrumbList\",\"@id\":\"https:\/\/volcanes.net\/?p=10581#breadcrumb\",\"itemListElement\":[{\"@type\":\"ListItem\",\"position\":1,\"name\":\"Portada\",\"item\":\"https:\/\/volcanes.net\/\"},{\"@type\":\"ListItem\",\"position\":2,\"name\":\"En Tlalmanalco encuentran posible centro ceremonial\"}]},{\"@type\":\"WebSite\",\"@id\":\"https:\/\/volcanes.net\/#website\",\"url\":\"https:\/\/volcanes.net\/\",\"name\":\"Volcanes.Net\",\"description\":\"Periodismo Profesional\",\"publisher\":{\"@id\":\"https:\/\/volcanes.net\/#organization\"},\"potentialAction\":[{\"@type\":\"SearchAction\",\"target\":{\"@type\":\"EntryPoint\",\"urlTemplate\":\"https:\/\/volcanes.net\/?s={search_term_string}\"},\"query-input\":{\"@type\":\"PropertyValueSpecification\",\"valueRequired\":true,\"valueName\":\"search_term_string\"}}],\"inLanguage\":\"es\"},{\"@type\":\"Organization\",\"@id\":\"https:\/\/volcanes.net\/#organization\",\"name\":\"Grupo Volcanes\",\"url\":\"https:\/\/volcanes.net\/\",\"logo\":{\"@type\":\"ImageObject\",\"inLanguage\":\"es\",\"@id\":\"https:\/\/volcanes.net\/#\/schema\/logo\/image\/\",\"url\":\"http:\/\/volcanes.net\/wp-content\/uploads\/2017\/12\/Avatar2.jpg\",\"contentUrl\":\"http:\/\/volcanes.net\/wp-content\/uploads\/2017\/12\/Avatar2.jpg\",\"width\":378,\"height\":378,\"caption\":\"Grupo Volcanes\"},\"image\":{\"@id\":\"https:\/\/volcanes.net\/#\/schema\/logo\/image\/\"},\"sameAs\":[\"https:\/\/www.facebook.com\/volcanes.net\/\"]},{\"@type\":\"Person\",\"@id\":\"https:\/\/volcanes.net\/#\/schema\/person\/4bf0f383940966a4abd53f5048c0e6b9\",\"name\":\"admin\",\"image\":{\"@type\":\"ImageObject\",\"inLanguage\":\"es\",\"@id\":\"https:\/\/volcanes.net\/#\/schema\/person\/image\/\",\"url\":\"https:\/\/secure.gravatar.com\/avatar\/ca004e6cba8462b8cb7abc86e382930c?s=96&d=mm&r=g\",\"contentUrl\":\"https:\/\/secure.gravatar.com\/avatar\/ca004e6cba8462b8cb7abc86e382930c?s=96&d=mm&r=g\",\"caption\":\"admin\"}}]}<\/script>\n<!-- \/ Yoast SEO plugin. -->","yoast_head_json":{"title":"En Tlalmanalco encuentran posible centro ceremonial - Volcanes","robots":{"index":"index","follow":"follow","max-snippet":"max-snippet:-1","max-image-preview":"max-image-preview:large","max-video-preview":"max-video-preview:-1"},"canonical":"https:\/\/volcanes.net\/?p=10581","og_locale":"es_MX","og_type":"article","og_title":"En Tlalmanalco encuentran posible centro ceremonial - Volcanes","og_description":"Tlalmanalco, Estado de M\u00e9xico.- El Dr. en Arqueolog\u00eda, Dr. Herv\u00e9 V Monterrosa, dijo que, con","og_url":"https:\/\/volcanes.net\/?p=10581","og_site_name":"Volcanes","article_publisher":"https:\/\/www.facebook.com\/volcanes.net\/","article_published_time":"2021-03-20T16:52:37+00:00","article_modified_time":"2021-03-20T19:51:58+00:00","og_image":[{"width":360,"height":381,"url":"https:\/\/volcanes.net\/wp-content\/uploads\/2021\/03\/excavacion-360x381-1.jpg","type":"image\/jpeg"}],"author":"admin","twitter_card":"summary_large_image","twitter_misc":{"Escrito por":"admin","Tiempo de lectura":"1 minuto"},"schema":{"@context":"https:\/\/schema.org","@graph":[{"@type":"Article","@id":"https:\/\/volcanes.net\/?p=10581#article","isPartOf":{"@id":"https:\/\/volcanes.net\/?p=10581"},"author":{"name":"admin","@id":"https:\/\/volcanes.net\/#\/schema\/person\/4bf0f383940966a4abd53f5048c0e6b9"},"headline":"En Tlalmanalco encuentran posible centro ceremonial","datePublished":"2021-03-20T16:52:37+00:00","dateModified":"2021-03-20T19:51:58+00:00","mainEntityOfPage":{"@id":"https:\/\/volcanes.net\/?p=10581"},"wordCount":273,"commentCount":0,"publisher":{"@id":"https:\/\/volcanes.net\/#organization"},"image":{"@id":"https:\/\/volcanes.net\/?p=10581#primaryimage"},"thumbnailUrl":"https:\/\/volcanes.net\/wp-content\/uploads\/2021\/03\/excavacion-360x381-1.jpg","keywords":["Tlalmanalco"],"articleSection":["Municipales"],"inLanguage":"es","potentialAction":[{"@type":"CommentAction","name":"Comment","target":["https:\/\/volcanes.net\/?p=10581#respond"]}]},{"@type":"WebPage","@id":"https:\/\/volcanes.net\/?p=10581","url":"https:\/\/volcanes.net\/?p=10581","name":"En Tlalmanalco encuentran posible centro ceremonial - Volcanes","isPartOf":{"@id":"https:\/\/volcanes.net\/#website"},"primaryImageOfPage":{"@id":"https:\/\/volcanes.net\/?p=10581#primaryimage"},"image":{"@id":"https:\/\/volcanes.net\/?p=10581#primaryimage"},"thumbnailUrl":"https:\/\/volcanes.net\/wp-content\/uploads\/2021\/03\/excavacion-360x381-1.jpg","datePublished":"2021-03-20T16:52:37+00:00","dateModified":"2021-03-20T19:51:58+00:00","breadcrumb":{"@id":"https:\/\/volcanes.net\/?p=10581#breadcrumb"},"inLanguage":"es","potentialAction":[{"@type":"ReadAction","target":["https:\/\/volcanes.net\/?p=10581"]}]},{"@type":"ImageObject","inLanguage":"es","@id":"https:\/\/volcanes.net\/?p=10581#primaryimage","url":"https:\/\/volcanes.net\/wp-content\/uploads\/2021\/03\/excavacion-360x381-1.jpg","contentUrl":"https:\/\/volcanes.net\/wp-content\/uploads\/2021\/03\/excavacion-360x381-1.jpg","width":360,"height":381},{"@type":"BreadcrumbList","@id":"https:\/\/volcanes.net\/?p=10581#breadcrumb","itemListElement":[{"@type":"ListItem","position":1,"name":"Portada","item":"https:\/\/volcanes.net\/"},{"@type":"ListItem","position":2,"name":"En Tlalmanalco encuentran posible centro ceremonial"}]},{"@type":"WebSite","@id":"https:\/\/volcanes.net\/#website","url":"https:\/\/volcanes.net\/","name":"Volcanes.Net","description":"Periodismo Profesional","publisher":{"@id":"https:\/\/volcanes.net\/#organization"},"potentialAction":[{"@type":"SearchAction","target":{"@type":"EntryPoint","urlTemplate":"https:\/\/volcanes.net\/?s={search_term_string}"},"query-input":{"@type":"PropertyValueSpecification","valueRequired":true,"valueName":"search_term_string"}}],"inLanguage":"es"},{"@type":"Organization","@id":"https:\/\/volcanes.net\/#organization","name":"Grupo Volcanes","url":"https:\/\/volcanes.net\/","logo":{"@type":"ImageObject","inLanguage":"es","@id":"https:\/\/volcanes.net\/#\/schema\/logo\/image\/","url":"http:\/\/volcanes.net\/wp-content\/uploads\/2017\/12\/Avatar2.jpg","contentUrl":"http:\/\/volcanes.net\/wp-content\/uploads\/2017\/12\/Avatar2.jpg","width":378,"height":378,"caption":"Grupo Volcanes"},"image":{"@id":"https:\/\/volcanes.net\/#\/schema\/logo\/image\/"},"sameAs":["https:\/\/www.facebook.com\/volcanes.net\/"]},{"@type":"Person","@id":"https:\/\/volcanes.net\/#\/schema\/person\/4bf0f383940966a4abd53f5048c0e6b9","name":"admin","image":{"@type":"ImageObject","inLanguage":"es","@id":"https:\/\/volcanes.net\/#\/schema\/person\/image\/","url":"https:\/\/secure.gravatar.com\/avatar\/ca004e6cba8462b8cb7abc86e382930c?s=96&d=mm&r=g","contentUrl":"https:\/\/secure.gravatar.com\/avatar\/ca004e6cba8462b8cb7abc86e382930c?s=96&d=mm&r=g","caption":"admin"}}]}},"_links":{"self":[{"href":"https:\/\/volcanes.net\/index.php?rest_route=\/wp\/v2\/posts\/10581"}],"collection":[{"href":"https:\/\/volcanes.net\/index.php?rest_route=\/wp\/v2\/posts"}],"about":[{"href":"https:\/\/volcanes.net\/index.php?rest_route=\/wp\/v2\/types\/post"}],"author":[{"embeddable":true,"href":"https:\/\/volcanes.net\/index.php?rest_route=\/wp\/v2\/users\/1"}],"replies":[{"embeddable":true,"href":"https:\/\/volcanes.net\/index.php?rest_route=%2Fwp%2Fv2%2Fcomments&post=10581"}],"version-history":[{"count":1,"href":"https:\/\/volcanes.net\/index.php?rest_route=\/wp\/v2\/posts\/10581\/revisions"}],"predecessor-version":[{"id":10583,"href":"https:\/\/volcanes.net\/index.php?rest_route=\/wp\/v2\/posts\/10581\/revisions\/10583"}],"wp:featuredmedia":[{"embeddable":true,"href":"https:\/\/volcanes.net\/index.php?rest_route=\/wp\/v2\/media\/10582"}],"wp:attachment":[{"href":"https:\/\/volcanes.net\/index.php?rest_route=%2Fwp%2Fv2%2Fmedia&parent=10581"}],"wp:term":[{"taxonomy":"category","embeddable":true,"href":"https:\/\/volcanes.net\/index.php?rest_route=%2Fwp%2Fv2%2Fcategories&post=10581"},{"taxonomy":"post_tag","embeddable":true,"href":"https:\/\/volcanes.net\/index.php?rest_route=%2Fwp%2Fv2%2Ftags&post=10581"}],"curies":[{"name":"wp","href":"https:\/\/api.w.org\/{rel}","templated":true}]}}