{"id":1066,"date":"2018-02-07T01:03:00","date_gmt":"2018-02-07T01:03:00","guid":{"rendered":"http:\/\/volcanes.net\/?p=1066"},"modified":"2018-02-07T01:03:00","modified_gmt":"2018-02-07T01:03:00","slug":"gobierno-federal-cumplira-meta-de-generar-cuatro-millones-de-empleos-dignos-roberto-campa","status":"publish","type":"post","link":"https:\/\/volcanes.net\/?p=1066","title":{"rendered":"Gobierno federal cumplir\u00e1 meta de generar cuatro millones de empleos dignos: Roberto Campa"},"content":{"rendered":"<div style=\"margin-top: 0px; margin-bottom: 0px;\" class=\"sharethis-inline-share-buttons\" ><\/div><p>El titular de la Secretar\u00eda del Trabajo, Roberto Campa Cifri\u00e1n, afirm\u00f3 que el presidente Enrique Pe\u00f1a Nieto va a cumplir la meta que se fij\u00f3 de generar cuatro millones de empleos dignos al t\u00e9rmino de su administraci\u00f3n, medio mill\u00f3n m\u00e1s que los dos sexenios anteriores juntos.<\/p>\n<p>En conferencia de prensa, resalt\u00f3 que estas fuentes de trabajo cumplen con lo que establece la ley ya que brindan\u00a0seguridad social, cr\u00e9ditos para vivienda y consumo.<\/p>\n<p>Sostuvo que lo alcanzado por el actual gobierno rebasa por mucho lo logrado por los sexenios anteriores, pues con Miguel de la Madrid se generaron entre 1.6 y 1.7 millones, con Ernesto Zedillo 2.4, con Vicente Fox 1.2 y con Felipe Calder\u00f3n 2.3.<\/p>\n<p>Campa Cifri\u00e1n mencion\u00f3 que a diciembre de 2017 ya se hab\u00eda rebasado el n\u00famero de puestos de trabajo creados en cada una de las \u00faltimas cinco administraciones anteriores completas.<\/p>\n<p>Abund\u00f3 que a 10 meses de que concluya el sexenio se han generado 3.2 millones de empleos y ya se han recuperado los de car\u00e1cter temporal que se pierden a principios del a\u00f1o.<\/p>\n<p>Tras se\u00f1alar que la\u00a0informalidad es altamente improductiva, record\u00f3 que la econom\u00eda informal en el pa\u00eds represent\u00f3 24 por ciento del PIB en 2015 y fue generada por 58 por ciento de la poblaci\u00f3n.<\/p>\n<p>En tanto que el sector formal gener\u00f3 76 por ciento del Producto Interno Bruto, con 42 por ciento de la poblaci\u00f3n ocupada\u00a0formal, lo cual resalta los amplios contrastes de productividad entre el sector formal e informal.<\/p>\n<p>Al respecto el funcionario federal resalt\u00f3 que gracias a la formalizaci\u00f3n del empleo,\u00a0el promedio de crecimiento en el n\u00famero de empleos asegurados ha sido m\u00e1s del doble del crecimiento del PIB.<\/p>\n<p>Abund\u00f3 que la tasa de desocupaci\u00f3n en el pa\u00eds en el \u00faltimo trimestre de 2017, fue de s\u00f3lo 3.55 por ciento de la poblaci\u00f3n econ\u00f3micamente activa, 1.6 puntos porcentuales menor que al comienzo de la administraci\u00f3n.<\/p>\n<p>El secretario del Trabajo mencion\u00f3 que la tasa de informalidad ha disminuido en m\u00e1s de tres puntos porcentuales, al pasar de 59.8 por ciento en el tercer trimestre de 2012 a 57.2 a igual trimestre de 2017, la m\u00e1s baja para un periodo similar desde que se publica este dato.<\/p>\n<p>Por otra parte, asegur\u00f3 que el Servicio Nacional de Empleo ha atendido a m\u00e1s de 24 millones de personas, colocando o recolocando en un puesto de trabajo formal a m\u00e1s de 6.4 millones, rebasando incluso con menos recursos lo alcanzado en el mismo periodo de la administraci\u00f3n anterior en 39 por ciento m\u00e1s atenciones y 42.6 por ciento m\u00e1s colocaciones.<\/p>\n<p>Adem\u00e1s, en lo que va de la administraci\u00f3n, abund\u00f3, el Servicio Nacional de Empleo\u00a0ha colocado a m\u00e1s de 71 mil personas con alg\u00fan tipo de discapacidad en un puesto de trabajo, esto es 2.1 veces m\u00e1s que en el mismo periodo de la administraci\u00f3n anterior.<\/p>\n<p>Indic\u00f3 que en el mismo periodo ha colocado a m\u00e1s de 192 mil adultos mayores, 2.5 veces m\u00e1s que en el mismo lapso del sexenio pasado.<\/p>\n<p>Campa Cifri\u00e1n subray\u00f3 que en la administraci\u00f3n se han otorgado m\u00e1s de cinco millones de cr\u00e9ditos al consumo a trabajadores formales, por un monto superior a los 68 mil millones de pesos, lo que representa 4.3 y 2.2 veces lo logrado en un periodo comparable de las dos administraciones anteriores.<\/p>\n<p>Con estos cr\u00e9ditos otorgados por el Instituto del Fondo Nacional para el Consumo de los Trabajadores (Infonacot), dijo, se ha beneficiado a m\u00e1s de 19 millones de personas.<\/p>\n","protected":false},"excerpt":{"rendered":"<p>El titular de la Secretar\u00eda del Trabajo, Roberto Campa Cifri\u00e1n, afirm\u00f3 que el presidente Enrique<\/p>\n","protected":false},"author":1,"featured_media":1058,"comment_status":"open","ping_status":"open","sticky":false,"template":"","format":"standard","meta":{"footnotes":""},"categories":[1],"tags":[],"class_list":["post-1066","post","type-post","status-publish","format-standard","has-post-thumbnail","hentry","category-municipales"],"yoast_head":"<!-- This site is optimized with the Yoast SEO plugin v25.3 - https:\/\/yoast.com\/wordpress\/plugins\/seo\/ -->\n<title>Gobierno federal cumplir\u00e1 meta de generar cuatro millones de empleos dignos: Roberto Campa - Volcanes<\/title>\n<meta name=\"robots\" content=\"index, follow, max-snippet:-1, max-image-preview:large, max-video-preview:-1\" \/>\n<link rel=\"canonical\" href=\"https:\/\/volcanes.net\/?p=1066\" \/>\n<meta property=\"og:locale\" content=\"es_MX\" \/>\n<meta property=\"og:type\" content=\"article\" \/>\n<meta property=\"og:title\" content=\"Gobierno federal cumplir\u00e1 meta de generar cuatro millones de empleos dignos: Roberto Campa - Volcanes\" \/>\n<meta property=\"og:description\" content=\"El titular de la Secretar\u00eda del Trabajo, Roberto Campa Cifri\u00e1n, afirm\u00f3 que el presidente Enrique\" \/>\n<meta property=\"og:url\" content=\"https:\/\/volcanes.net\/?p=1066\" \/>\n<meta property=\"og:site_name\" content=\"Volcanes\" \/>\n<meta property=\"article:publisher\" content=\"https:\/\/www.facebook.com\/volcanes.net\/\" \/>\n<meta property=\"article:published_time\" content=\"2018-02-07T01:03:00+00:00\" \/>\n<meta property=\"og:image\" content=\"https:\/\/volcanes.net\/wp-content\/uploads\/2018\/02\/campa.jpg\" \/>\n\t<meta property=\"og:image:width\" content=\"400\" \/>\n\t<meta property=\"og:image:height\" content=\"200\" \/>\n\t<meta property=\"og:image:type\" content=\"image\/jpeg\" \/>\n<meta name=\"author\" content=\"admin\" \/>\n<meta name=\"twitter:card\" content=\"summary_large_image\" \/>\n<meta name=\"twitter:label1\" content=\"Escrito por\" \/>\n\t<meta name=\"twitter:data1\" content=\"admin\" \/>\n\t<meta name=\"twitter:label2\" content=\"Tiempo de lectura\" \/>\n\t<meta name=\"twitter:data2\" content=\"3 minutos\" \/>\n<script type=\"application\/ld+json\" class=\"yoast-schema-graph\">{\"@context\":\"https:\/\/schema.org\",\"@graph\":[{\"@type\":\"Article\",\"@id\":\"https:\/\/volcanes.net\/?p=1066#article\",\"isPartOf\":{\"@id\":\"https:\/\/volcanes.net\/?p=1066\"},\"author\":{\"name\":\"admin\",\"@id\":\"https:\/\/volcanes.net\/#\/schema\/person\/4bf0f383940966a4abd53f5048c0e6b9\"},\"headline\":\"Gobierno federal cumplir\u00e1 meta de generar cuatro millones de empleos dignos: Roberto Campa\",\"datePublished\":\"2018-02-07T01:03:00+00:00\",\"mainEntityOfPage\":{\"@id\":\"https:\/\/volcanes.net\/?p=1066\"},\"wordCount\":607,\"commentCount\":0,\"publisher\":{\"@id\":\"https:\/\/volcanes.net\/#organization\"},\"image\":{\"@id\":\"https:\/\/volcanes.net\/?p=1066#primaryimage\"},\"thumbnailUrl\":\"https:\/\/volcanes.net\/wp-content\/uploads\/2018\/02\/campa.jpg\",\"articleSection\":[\"Municipales\"],\"inLanguage\":\"es\",\"potentialAction\":[{\"@type\":\"CommentAction\",\"name\":\"Comment\",\"target\":[\"https:\/\/volcanes.net\/?p=1066#respond\"]}]},{\"@type\":\"WebPage\",\"@id\":\"https:\/\/volcanes.net\/?p=1066\",\"url\":\"https:\/\/volcanes.net\/?p=1066\",\"name\":\"Gobierno federal cumplir\u00e1 meta de generar cuatro millones de empleos dignos: Roberto Campa - Volcanes\",\"isPartOf\":{\"@id\":\"https:\/\/volcanes.net\/#website\"},\"primaryImageOfPage\":{\"@id\":\"https:\/\/volcanes.net\/?p=1066#primaryimage\"},\"image\":{\"@id\":\"https:\/\/volcanes.net\/?p=1066#primaryimage\"},\"thumbnailUrl\":\"https:\/\/volcanes.net\/wp-content\/uploads\/2018\/02\/campa.jpg\",\"datePublished\":\"2018-02-07T01:03:00+00:00\",\"breadcrumb\":{\"@id\":\"https:\/\/volcanes.net\/?p=1066#breadcrumb\"},\"inLanguage\":\"es\",\"potentialAction\":[{\"@type\":\"ReadAction\",\"target\":[\"https:\/\/volcanes.net\/?p=1066\"]}]},{\"@type\":\"ImageObject\",\"inLanguage\":\"es\",\"@id\":\"https:\/\/volcanes.net\/?p=1066#primaryimage\",\"url\":\"https:\/\/volcanes.net\/wp-content\/uploads\/2018\/02\/campa.jpg\",\"contentUrl\":\"https:\/\/volcanes.net\/wp-content\/uploads\/2018\/02\/campa.jpg\",\"width\":400,\"height\":200},{\"@type\":\"BreadcrumbList\",\"@id\":\"https:\/\/volcanes.net\/?p=1066#breadcrumb\",\"itemListElement\":[{\"@type\":\"ListItem\",\"position\":1,\"name\":\"Portada\",\"item\":\"https:\/\/volcanes.net\/\"},{\"@type\":\"ListItem\",\"position\":2,\"name\":\"Gobierno federal cumplir\u00e1 meta de generar cuatro millones de empleos dignos: Roberto Campa\"}]},{\"@type\":\"WebSite\",\"@id\":\"https:\/\/volcanes.net\/#website\",\"url\":\"https:\/\/volcanes.net\/\",\"name\":\"Volcanes.Net\",\"description\":\"Periodismo Profesional\",\"publisher\":{\"@id\":\"https:\/\/volcanes.net\/#organization\"},\"potentialAction\":[{\"@type\":\"SearchAction\",\"target\":{\"@type\":\"EntryPoint\",\"urlTemplate\":\"https:\/\/volcanes.net\/?s={search_term_string}\"},\"query-input\":{\"@type\":\"PropertyValueSpecification\",\"valueRequired\":true,\"valueName\":\"search_term_string\"}}],\"inLanguage\":\"es\"},{\"@type\":\"Organization\",\"@id\":\"https:\/\/volcanes.net\/#organization\",\"name\":\"Grupo Volcanes\",\"url\":\"https:\/\/volcanes.net\/\",\"logo\":{\"@type\":\"ImageObject\",\"inLanguage\":\"es\",\"@id\":\"https:\/\/volcanes.net\/#\/schema\/logo\/image\/\",\"url\":\"http:\/\/volcanes.net\/wp-content\/uploads\/2017\/12\/Avatar2.jpg\",\"contentUrl\":\"http:\/\/volcanes.net\/wp-content\/uploads\/2017\/12\/Avatar2.jpg\",\"width\":378,\"height\":378,\"caption\":\"Grupo Volcanes\"},\"image\":{\"@id\":\"https:\/\/volcanes.net\/#\/schema\/logo\/image\/\"},\"sameAs\":[\"https:\/\/www.facebook.com\/volcanes.net\/\"]},{\"@type\":\"Person\",\"@id\":\"https:\/\/volcanes.net\/#\/schema\/person\/4bf0f383940966a4abd53f5048c0e6b9\",\"name\":\"admin\",\"image\":{\"@type\":\"ImageObject\",\"inLanguage\":\"es\",\"@id\":\"https:\/\/volcanes.net\/#\/schema\/person\/image\/\",\"url\":\"https:\/\/secure.gravatar.com\/avatar\/ca004e6cba8462b8cb7abc86e382930c?s=96&d=mm&r=g\",\"contentUrl\":\"https:\/\/secure.gravatar.com\/avatar\/ca004e6cba8462b8cb7abc86e382930c?s=96&d=mm&r=g\",\"caption\":\"admin\"}}]}<\/script>\n<!-- \/ Yoast SEO plugin. -->","yoast_head_json":{"title":"Gobierno federal cumplir\u00e1 meta de generar cuatro millones de empleos dignos: Roberto Campa - Volcanes","robots":{"index":"index","follow":"follow","max-snippet":"max-snippet:-1","max-image-preview":"max-image-preview:large","max-video-preview":"max-video-preview:-1"},"canonical":"https:\/\/volcanes.net\/?p=1066","og_locale":"es_MX","og_type":"article","og_title":"Gobierno federal cumplir\u00e1 meta de generar cuatro millones de empleos dignos: Roberto Campa - Volcanes","og_description":"El titular de la Secretar\u00eda del Trabajo, Roberto Campa Cifri\u00e1n, afirm\u00f3 que el presidente Enrique","og_url":"https:\/\/volcanes.net\/?p=1066","og_site_name":"Volcanes","article_publisher":"https:\/\/www.facebook.com\/volcanes.net\/","article_published_time":"2018-02-07T01:03:00+00:00","og_image":[{"width":400,"height":200,"url":"https:\/\/volcanes.net\/wp-content\/uploads\/2018\/02\/campa.jpg","type":"image\/jpeg"}],"author":"admin","twitter_card":"summary_large_image","twitter_misc":{"Escrito por":"admin","Tiempo de lectura":"3 minutos"},"schema":{"@context":"https:\/\/schema.org","@graph":[{"@type":"Article","@id":"https:\/\/volcanes.net\/?p=1066#article","isPartOf":{"@id":"https:\/\/volcanes.net\/?p=1066"},"author":{"name":"admin","@id":"https:\/\/volcanes.net\/#\/schema\/person\/4bf0f383940966a4abd53f5048c0e6b9"},"headline":"Gobierno federal cumplir\u00e1 meta de generar cuatro millones de empleos dignos: Roberto Campa","datePublished":"2018-02-07T01:03:00+00:00","mainEntityOfPage":{"@id":"https:\/\/volcanes.net\/?p=1066"},"wordCount":607,"commentCount":0,"publisher":{"@id":"https:\/\/volcanes.net\/#organization"},"image":{"@id":"https:\/\/volcanes.net\/?p=1066#primaryimage"},"thumbnailUrl":"https:\/\/volcanes.net\/wp-content\/uploads\/2018\/02\/campa.jpg","articleSection":["Municipales"],"inLanguage":"es","potentialAction":[{"@type":"CommentAction","name":"Comment","target":["https:\/\/volcanes.net\/?p=1066#respond"]}]},{"@type":"WebPage","@id":"https:\/\/volcanes.net\/?p=1066","url":"https:\/\/volcanes.net\/?p=1066","name":"Gobierno federal cumplir\u00e1 meta de generar cuatro millones de empleos dignos: Roberto Campa - Volcanes","isPartOf":{"@id":"https:\/\/volcanes.net\/#website"},"primaryImageOfPage":{"@id":"https:\/\/volcanes.net\/?p=1066#primaryimage"},"image":{"@id":"https:\/\/volcanes.net\/?p=1066#primaryimage"},"thumbnailUrl":"https:\/\/volcanes.net\/wp-content\/uploads\/2018\/02\/campa.jpg","datePublished":"2018-02-07T01:03:00+00:00","breadcrumb":{"@id":"https:\/\/volcanes.net\/?p=1066#breadcrumb"},"inLanguage":"es","potentialAction":[{"@type":"ReadAction","target":["https:\/\/volcanes.net\/?p=1066"]}]},{"@type":"ImageObject","inLanguage":"es","@id":"https:\/\/volcanes.net\/?p=1066#primaryimage","url":"https:\/\/volcanes.net\/wp-content\/uploads\/2018\/02\/campa.jpg","contentUrl":"https:\/\/volcanes.net\/wp-content\/uploads\/2018\/02\/campa.jpg","width":400,"height":200},{"@type":"BreadcrumbList","@id":"https:\/\/volcanes.net\/?p=1066#breadcrumb","itemListElement":[{"@type":"ListItem","position":1,"name":"Portada","item":"https:\/\/volcanes.net\/"},{"@type":"ListItem","position":2,"name":"Gobierno federal cumplir\u00e1 meta de generar cuatro millones de empleos dignos: Roberto Campa"}]},{"@type":"WebSite","@id":"https:\/\/volcanes.net\/#website","url":"https:\/\/volcanes.net\/","name":"Volcanes.Net","description":"Periodismo Profesional","publisher":{"@id":"https:\/\/volcanes.net\/#organization"},"potentialAction":[{"@type":"SearchAction","target":{"@type":"EntryPoint","urlTemplate":"https:\/\/volcanes.net\/?s={search_term_string}"},"query-input":{"@type":"PropertyValueSpecification","valueRequired":true,"valueName":"search_term_string"}}],"inLanguage":"es"},{"@type":"Organization","@id":"https:\/\/volcanes.net\/#organization","name":"Grupo Volcanes","url":"https:\/\/volcanes.net\/","logo":{"@type":"ImageObject","inLanguage":"es","@id":"https:\/\/volcanes.net\/#\/schema\/logo\/image\/","url":"http:\/\/volcanes.net\/wp-content\/uploads\/2017\/12\/Avatar2.jpg","contentUrl":"http:\/\/volcanes.net\/wp-content\/uploads\/2017\/12\/Avatar2.jpg","width":378,"height":378,"caption":"Grupo Volcanes"},"image":{"@id":"https:\/\/volcanes.net\/#\/schema\/logo\/image\/"},"sameAs":["https:\/\/www.facebook.com\/volcanes.net\/"]},{"@type":"Person","@id":"https:\/\/volcanes.net\/#\/schema\/person\/4bf0f383940966a4abd53f5048c0e6b9","name":"admin","image":{"@type":"ImageObject","inLanguage":"es","@id":"https:\/\/volcanes.net\/#\/schema\/person\/image\/","url":"https:\/\/secure.gravatar.com\/avatar\/ca004e6cba8462b8cb7abc86e382930c?s=96&d=mm&r=g","contentUrl":"https:\/\/secure.gravatar.com\/avatar\/ca004e6cba8462b8cb7abc86e382930c?s=96&d=mm&r=g","caption":"admin"}}]}},"_links":{"self":[{"href":"https:\/\/volcanes.net\/index.php?rest_route=\/wp\/v2\/posts\/1066"}],"collection":[{"href":"https:\/\/volcanes.net\/index.php?rest_route=\/wp\/v2\/posts"}],"about":[{"href":"https:\/\/volcanes.net\/index.php?rest_route=\/wp\/v2\/types\/post"}],"author":[{"embeddable":true,"href":"https:\/\/volcanes.net\/index.php?rest_route=\/wp\/v2\/users\/1"}],"replies":[{"embeddable":true,"href":"https:\/\/volcanes.net\/index.php?rest_route=%2Fwp%2Fv2%2Fcomments&post=1066"}],"version-history":[{"count":1,"href":"https:\/\/volcanes.net\/index.php?rest_route=\/wp\/v2\/posts\/1066\/revisions"}],"predecessor-version":[{"id":1067,"href":"https:\/\/volcanes.net\/index.php?rest_route=\/wp\/v2\/posts\/1066\/revisions\/1067"}],"wp:featuredmedia":[{"embeddable":true,"href":"https:\/\/volcanes.net\/index.php?rest_route=\/wp\/v2\/media\/1058"}],"wp:attachment":[{"href":"https:\/\/volcanes.net\/index.php?rest_route=%2Fwp%2Fv2%2Fmedia&parent=1066"}],"wp:term":[{"taxonomy":"category","embeddable":true,"href":"https:\/\/volcanes.net\/index.php?rest_route=%2Fwp%2Fv2%2Fcategories&post=1066"},{"taxonomy":"post_tag","embeddable":true,"href":"https:\/\/volcanes.net\/index.php?rest_route=%2Fwp%2Fv2%2Ftags&post=1066"}],"curies":[{"name":"wp","href":"https:\/\/api.w.org\/{rel}","templated":true}]}}