{"id":10668,"date":"2021-03-29T14:25:27","date_gmt":"2021-03-29T20:25:27","guid":{"rendered":"http:\/\/volcanes.net\/?p=10668"},"modified":"2021-03-29T14:25:27","modified_gmt":"2021-03-29T20:25:27","slug":"inicia-la-obra-de-la-primera-clinica-de-chalco-gratuita","status":"publish","type":"post","link":"https:\/\/volcanes.net\/?p=10668","title":{"rendered":"Inicia la obra de la primera cl\u00ednica  de Chalco gratuita"},"content":{"rendered":"<div style=\"margin-top: 0px; margin-bottom: 0px;\" class=\"sharethis-inline-share-buttons\" ><\/div><div dir=\"auto\" style=\"text-align: justify;\">Chalco, Estado de M\u00e9xico.-Con la finalidad de atender al m\u00e1s del 52 por ciento de la poblaci\u00f3n que no cuenta con seguridad social, el director de Obras P\u00fablicas del Gobierno de Chalco, Leonel Miguel Brugada y el subdirector de ODAPAS, Gerardo Hern\u00e1ndez Carmona, dieron inicio a la obra de construcci\u00f3n de la primera Cl\u00ednica Municipal Gratuita, en la colonia Uni\u00f3n de Guadalupe.<\/div>\n<div dir=\"auto\" style=\"text-align: justify;\"><\/div>\n<div dir=\"auto\" style=\"text-align: justify;\">En su mensaje, el director de Obras P\u00fablicas, Leonel Miguel Brugada asegur\u00f3 que esta cl\u00ednica es la primera en su tipo y que, con 4.8 millones de pesos de inversi\u00f3n directa del Gobierno Municipal, se construir\u00e1n tres consultorios m\u00e9dicos generales, un consultorio de oftalmolog\u00eda, un consultorio de odontolog\u00eda, farmacia con medicamentos del cuadro b\u00e1sico, un consultorio de toma de muestras de laboratorio, adem\u00e1s de la oficina de administraci\u00f3n y estacionamiento. Puntualiz\u00f3 que la Cl\u00ednica Municipal funcionar\u00e1 a trav\u00e9s del Sistema Municipal DIF, con la tarjeta del Programa Acciones Contundentes por tu Salud, para atender a las personas m\u00e1s vulnerables.<\/div>\n<div dir=\"auto\" style=\"text-align: justify;\"><\/div>\n<div dir=\"auto\" style=\"text-align: justify;\">El Director se\u00f1al\u00f3 que el predio para edificar la Cl\u00ednica Municipal es propiedad del municipio y se har\u00e1 en esta ubicaci\u00f3n para beneficiar a la colonia Uni\u00f3n de Guadalupe y las colonias aleda\u00f1as: Nueva San Isidro, Tres Mar\u00edas, Nueva San Isidro, Culturas y Covadonga, pero se espera que la atenci\u00f3n sea para toda la poblaci\u00f3n de escasos recursos de todo el municipio. Miguel Brugada recalc\u00f3 que esta cl\u00ednica se suma al esfuerzo de los 28 Centros de Atenci\u00f3n Social por atender a la poblaci\u00f3n que no cuenta con seguro social.<\/div>\n<div dir=\"auto\" style=\"text-align: justify;\"><\/div>\n<div dir=\"auto\" style=\"text-align: justify;\">Por su parte, el subdirector del ODAPAS, Gerardo Hern\u00e1ndez Carmona indic\u00f3 que, aunque el tema de la atenci\u00f3n a la salud depende de las instancia estatales y federales, el Gobierno de Chalco conoce de las necesidades de la poblaci\u00f3n y que, gracias a los ahorros sustanciales que ha hecho la administraci\u00f3n, se pudo destinar este recurso para la construcci\u00f3n de la primera Cl\u00ednica Municipal. Dijo que esperan que esta obra no sea la primera de su tipo y que puedan edificar otras cl\u00ednicas gratuitas para las personas de escasos recursos.<\/div>\n","protected":false},"excerpt":{"rendered":"<p>Chalco, Estado de M\u00e9xico.-Con la finalidad de atender al m\u00e1s del 52 por ciento de<\/p>\n","protected":false},"author":1,"featured_media":10669,"comment_status":"open","ping_status":"open","sticky":false,"template":"","format":"standard","meta":{"footnotes":""},"categories":[1],"tags":[9],"class_list":["post-10668","post","type-post","status-publish","format-standard","has-post-thumbnail","hentry","category-municipales","tag-chalco"],"yoast_head":"<!-- This site is optimized with the Yoast SEO plugin v25.3 - https:\/\/yoast.com\/wordpress\/plugins\/seo\/ -->\n<title>Inicia la obra de la primera cl\u00ednica de Chalco gratuita - Volcanes<\/title>\n<meta name=\"robots\" content=\"index, follow, max-snippet:-1, max-image-preview:large, max-video-preview:-1\" \/>\n<link rel=\"canonical\" href=\"https:\/\/volcanes.net\/?p=10668\" \/>\n<meta property=\"og:locale\" content=\"es_MX\" \/>\n<meta property=\"og:type\" content=\"article\" \/>\n<meta property=\"og:title\" content=\"Inicia la obra de la primera cl\u00ednica de Chalco gratuita - Volcanes\" \/>\n<meta property=\"og:description\" content=\"Chalco, Estado de M\u00e9xico.-Con la finalidad de atender al m\u00e1s del 52 por ciento de\" \/>\n<meta property=\"og:url\" content=\"https:\/\/volcanes.net\/?p=10668\" \/>\n<meta property=\"og:site_name\" content=\"Volcanes\" \/>\n<meta property=\"article:publisher\" content=\"https:\/\/www.facebook.com\/volcanes.net\/\" \/>\n<meta property=\"article:published_time\" content=\"2021-03-29T20:25:27+00:00\" \/>\n<meta property=\"og:image\" content=\"https:\/\/volcanes.net\/wp-content\/uploads\/2021\/03\/IMG-20210329-WA0003.jpg\" \/>\n\t<meta property=\"og:image:width\" content=\"1080\" \/>\n\t<meta property=\"og:image:height\" content=\"608\" \/>\n\t<meta property=\"og:image:type\" content=\"image\/jpeg\" \/>\n<meta name=\"author\" content=\"admin\" \/>\n<meta name=\"twitter:card\" content=\"summary_large_image\" \/>\n<meta name=\"twitter:label1\" content=\"Escrito por\" \/>\n\t<meta name=\"twitter:data1\" content=\"admin\" \/>\n\t<meta name=\"twitter:label2\" content=\"Tiempo de lectura\" \/>\n\t<meta name=\"twitter:data2\" content=\"2 minutos\" \/>\n<script type=\"application\/ld+json\" class=\"yoast-schema-graph\">{\"@context\":\"https:\/\/schema.org\",\"@graph\":[{\"@type\":\"Article\",\"@id\":\"https:\/\/volcanes.net\/?p=10668#article\",\"isPartOf\":{\"@id\":\"https:\/\/volcanes.net\/?p=10668\"},\"author\":{\"name\":\"admin\",\"@id\":\"https:\/\/volcanes.net\/#\/schema\/person\/4bf0f383940966a4abd53f5048c0e6b9\"},\"headline\":\"Inicia la obra de la primera cl\u00ednica de Chalco gratuita\",\"datePublished\":\"2021-03-29T20:25:27+00:00\",\"mainEntityOfPage\":{\"@id\":\"https:\/\/volcanes.net\/?p=10668\"},\"wordCount\":389,\"commentCount\":0,\"publisher\":{\"@id\":\"https:\/\/volcanes.net\/#organization\"},\"image\":{\"@id\":\"https:\/\/volcanes.net\/?p=10668#primaryimage\"},\"thumbnailUrl\":\"https:\/\/volcanes.net\/wp-content\/uploads\/2021\/03\/IMG-20210329-WA0003.jpg\",\"keywords\":[\"Chalco\"],\"articleSection\":[\"Municipales\"],\"inLanguage\":\"es\",\"potentialAction\":[{\"@type\":\"CommentAction\",\"name\":\"Comment\",\"target\":[\"https:\/\/volcanes.net\/?p=10668#respond\"]}]},{\"@type\":\"WebPage\",\"@id\":\"https:\/\/volcanes.net\/?p=10668\",\"url\":\"https:\/\/volcanes.net\/?p=10668\",\"name\":\"Inicia la obra de la primera cl\u00ednica de Chalco gratuita - Volcanes\",\"isPartOf\":{\"@id\":\"https:\/\/volcanes.net\/#website\"},\"primaryImageOfPage\":{\"@id\":\"https:\/\/volcanes.net\/?p=10668#primaryimage\"},\"image\":{\"@id\":\"https:\/\/volcanes.net\/?p=10668#primaryimage\"},\"thumbnailUrl\":\"https:\/\/volcanes.net\/wp-content\/uploads\/2021\/03\/IMG-20210329-WA0003.jpg\",\"datePublished\":\"2021-03-29T20:25:27+00:00\",\"breadcrumb\":{\"@id\":\"https:\/\/volcanes.net\/?p=10668#breadcrumb\"},\"inLanguage\":\"es\",\"potentialAction\":[{\"@type\":\"ReadAction\",\"target\":[\"https:\/\/volcanes.net\/?p=10668\"]}]},{\"@type\":\"ImageObject\",\"inLanguage\":\"es\",\"@id\":\"https:\/\/volcanes.net\/?p=10668#primaryimage\",\"url\":\"https:\/\/volcanes.net\/wp-content\/uploads\/2021\/03\/IMG-20210329-WA0003.jpg\",\"contentUrl\":\"https:\/\/volcanes.net\/wp-content\/uploads\/2021\/03\/IMG-20210329-WA0003.jpg\",\"width\":1080,\"height\":608},{\"@type\":\"BreadcrumbList\",\"@id\":\"https:\/\/volcanes.net\/?p=10668#breadcrumb\",\"itemListElement\":[{\"@type\":\"ListItem\",\"position\":1,\"name\":\"Portada\",\"item\":\"https:\/\/volcanes.net\/\"},{\"@type\":\"ListItem\",\"position\":2,\"name\":\"Inicia la obra de la primera cl\u00ednica de Chalco gratuita\"}]},{\"@type\":\"WebSite\",\"@id\":\"https:\/\/volcanes.net\/#website\",\"url\":\"https:\/\/volcanes.net\/\",\"name\":\"Volcanes.Net\",\"description\":\"Periodismo Profesional\",\"publisher\":{\"@id\":\"https:\/\/volcanes.net\/#organization\"},\"potentialAction\":[{\"@type\":\"SearchAction\",\"target\":{\"@type\":\"EntryPoint\",\"urlTemplate\":\"https:\/\/volcanes.net\/?s={search_term_string}\"},\"query-input\":{\"@type\":\"PropertyValueSpecification\",\"valueRequired\":true,\"valueName\":\"search_term_string\"}}],\"inLanguage\":\"es\"},{\"@type\":\"Organization\",\"@id\":\"https:\/\/volcanes.net\/#organization\",\"name\":\"Grupo Volcanes\",\"url\":\"https:\/\/volcanes.net\/\",\"logo\":{\"@type\":\"ImageObject\",\"inLanguage\":\"es\",\"@id\":\"https:\/\/volcanes.net\/#\/schema\/logo\/image\/\",\"url\":\"http:\/\/volcanes.net\/wp-content\/uploads\/2017\/12\/Avatar2.jpg\",\"contentUrl\":\"http:\/\/volcanes.net\/wp-content\/uploads\/2017\/12\/Avatar2.jpg\",\"width\":378,\"height\":378,\"caption\":\"Grupo Volcanes\"},\"image\":{\"@id\":\"https:\/\/volcanes.net\/#\/schema\/logo\/image\/\"},\"sameAs\":[\"https:\/\/www.facebook.com\/volcanes.net\/\"]},{\"@type\":\"Person\",\"@id\":\"https:\/\/volcanes.net\/#\/schema\/person\/4bf0f383940966a4abd53f5048c0e6b9\",\"name\":\"admin\",\"image\":{\"@type\":\"ImageObject\",\"inLanguage\":\"es\",\"@id\":\"https:\/\/volcanes.net\/#\/schema\/person\/image\/\",\"url\":\"https:\/\/secure.gravatar.com\/avatar\/ca004e6cba8462b8cb7abc86e382930c?s=96&d=mm&r=g\",\"contentUrl\":\"https:\/\/secure.gravatar.com\/avatar\/ca004e6cba8462b8cb7abc86e382930c?s=96&d=mm&r=g\",\"caption\":\"admin\"}}]}<\/script>\n<!-- \/ Yoast SEO plugin. -->","yoast_head_json":{"title":"Inicia la obra de la primera cl\u00ednica de Chalco gratuita - Volcanes","robots":{"index":"index","follow":"follow","max-snippet":"max-snippet:-1","max-image-preview":"max-image-preview:large","max-video-preview":"max-video-preview:-1"},"canonical":"https:\/\/volcanes.net\/?p=10668","og_locale":"es_MX","og_type":"article","og_title":"Inicia la obra de la primera cl\u00ednica de Chalco gratuita - Volcanes","og_description":"Chalco, Estado de M\u00e9xico.-Con la finalidad de atender al m\u00e1s del 52 por ciento de","og_url":"https:\/\/volcanes.net\/?p=10668","og_site_name":"Volcanes","article_publisher":"https:\/\/www.facebook.com\/volcanes.net\/","article_published_time":"2021-03-29T20:25:27+00:00","og_image":[{"width":1080,"height":608,"url":"https:\/\/volcanes.net\/wp-content\/uploads\/2021\/03\/IMG-20210329-WA0003.jpg","type":"image\/jpeg"}],"author":"admin","twitter_card":"summary_large_image","twitter_misc":{"Escrito por":"admin","Tiempo de lectura":"2 minutos"},"schema":{"@context":"https:\/\/schema.org","@graph":[{"@type":"Article","@id":"https:\/\/volcanes.net\/?p=10668#article","isPartOf":{"@id":"https:\/\/volcanes.net\/?p=10668"},"author":{"name":"admin","@id":"https:\/\/volcanes.net\/#\/schema\/person\/4bf0f383940966a4abd53f5048c0e6b9"},"headline":"Inicia la obra de la primera cl\u00ednica de Chalco gratuita","datePublished":"2021-03-29T20:25:27+00:00","mainEntityOfPage":{"@id":"https:\/\/volcanes.net\/?p=10668"},"wordCount":389,"commentCount":0,"publisher":{"@id":"https:\/\/volcanes.net\/#organization"},"image":{"@id":"https:\/\/volcanes.net\/?p=10668#primaryimage"},"thumbnailUrl":"https:\/\/volcanes.net\/wp-content\/uploads\/2021\/03\/IMG-20210329-WA0003.jpg","keywords":["Chalco"],"articleSection":["Municipales"],"inLanguage":"es","potentialAction":[{"@type":"CommentAction","name":"Comment","target":["https:\/\/volcanes.net\/?p=10668#respond"]}]},{"@type":"WebPage","@id":"https:\/\/volcanes.net\/?p=10668","url":"https:\/\/volcanes.net\/?p=10668","name":"Inicia la obra de la primera cl\u00ednica de Chalco gratuita - Volcanes","isPartOf":{"@id":"https:\/\/volcanes.net\/#website"},"primaryImageOfPage":{"@id":"https:\/\/volcanes.net\/?p=10668#primaryimage"},"image":{"@id":"https:\/\/volcanes.net\/?p=10668#primaryimage"},"thumbnailUrl":"https:\/\/volcanes.net\/wp-content\/uploads\/2021\/03\/IMG-20210329-WA0003.jpg","datePublished":"2021-03-29T20:25:27+00:00","breadcrumb":{"@id":"https:\/\/volcanes.net\/?p=10668#breadcrumb"},"inLanguage":"es","potentialAction":[{"@type":"ReadAction","target":["https:\/\/volcanes.net\/?p=10668"]}]},{"@type":"ImageObject","inLanguage":"es","@id":"https:\/\/volcanes.net\/?p=10668#primaryimage","url":"https:\/\/volcanes.net\/wp-content\/uploads\/2021\/03\/IMG-20210329-WA0003.jpg","contentUrl":"https:\/\/volcanes.net\/wp-content\/uploads\/2021\/03\/IMG-20210329-WA0003.jpg","width":1080,"height":608},{"@type":"BreadcrumbList","@id":"https:\/\/volcanes.net\/?p=10668#breadcrumb","itemListElement":[{"@type":"ListItem","position":1,"name":"Portada","item":"https:\/\/volcanes.net\/"},{"@type":"ListItem","position":2,"name":"Inicia la obra de la primera cl\u00ednica de Chalco gratuita"}]},{"@type":"WebSite","@id":"https:\/\/volcanes.net\/#website","url":"https:\/\/volcanes.net\/","name":"Volcanes.Net","description":"Periodismo Profesional","publisher":{"@id":"https:\/\/volcanes.net\/#organization"},"potentialAction":[{"@type":"SearchAction","target":{"@type":"EntryPoint","urlTemplate":"https:\/\/volcanes.net\/?s={search_term_string}"},"query-input":{"@type":"PropertyValueSpecification","valueRequired":true,"valueName":"search_term_string"}}],"inLanguage":"es"},{"@type":"Organization","@id":"https:\/\/volcanes.net\/#organization","name":"Grupo Volcanes","url":"https:\/\/volcanes.net\/","logo":{"@type":"ImageObject","inLanguage":"es","@id":"https:\/\/volcanes.net\/#\/schema\/logo\/image\/","url":"http:\/\/volcanes.net\/wp-content\/uploads\/2017\/12\/Avatar2.jpg","contentUrl":"http:\/\/volcanes.net\/wp-content\/uploads\/2017\/12\/Avatar2.jpg","width":378,"height":378,"caption":"Grupo Volcanes"},"image":{"@id":"https:\/\/volcanes.net\/#\/schema\/logo\/image\/"},"sameAs":["https:\/\/www.facebook.com\/volcanes.net\/"]},{"@type":"Person","@id":"https:\/\/volcanes.net\/#\/schema\/person\/4bf0f383940966a4abd53f5048c0e6b9","name":"admin","image":{"@type":"ImageObject","inLanguage":"es","@id":"https:\/\/volcanes.net\/#\/schema\/person\/image\/","url":"https:\/\/secure.gravatar.com\/avatar\/ca004e6cba8462b8cb7abc86e382930c?s=96&d=mm&r=g","contentUrl":"https:\/\/secure.gravatar.com\/avatar\/ca004e6cba8462b8cb7abc86e382930c?s=96&d=mm&r=g","caption":"admin"}}]}},"_links":{"self":[{"href":"https:\/\/volcanes.net\/index.php?rest_route=\/wp\/v2\/posts\/10668"}],"collection":[{"href":"https:\/\/volcanes.net\/index.php?rest_route=\/wp\/v2\/posts"}],"about":[{"href":"https:\/\/volcanes.net\/index.php?rest_route=\/wp\/v2\/types\/post"}],"author":[{"embeddable":true,"href":"https:\/\/volcanes.net\/index.php?rest_route=\/wp\/v2\/users\/1"}],"replies":[{"embeddable":true,"href":"https:\/\/volcanes.net\/index.php?rest_route=%2Fwp%2Fv2%2Fcomments&post=10668"}],"version-history":[{"count":1,"href":"https:\/\/volcanes.net\/index.php?rest_route=\/wp\/v2\/posts\/10668\/revisions"}],"predecessor-version":[{"id":10670,"href":"https:\/\/volcanes.net\/index.php?rest_route=\/wp\/v2\/posts\/10668\/revisions\/10670"}],"wp:featuredmedia":[{"embeddable":true,"href":"https:\/\/volcanes.net\/index.php?rest_route=\/wp\/v2\/media\/10669"}],"wp:attachment":[{"href":"https:\/\/volcanes.net\/index.php?rest_route=%2Fwp%2Fv2%2Fmedia&parent=10668"}],"wp:term":[{"taxonomy":"category","embeddable":true,"href":"https:\/\/volcanes.net\/index.php?rest_route=%2Fwp%2Fv2%2Fcategories&post=10668"},{"taxonomy":"post_tag","embeddable":true,"href":"https:\/\/volcanes.net\/index.php?rest_route=%2Fwp%2Fv2%2Ftags&post=10668"}],"curies":[{"name":"wp","href":"https:\/\/api.w.org\/{rel}","templated":true}]}}