{"id":1068,"date":"2018-02-07T01:04:03","date_gmt":"2018-02-07T01:04:03","guid":{"rendered":"http:\/\/volcanes.net\/?p=1068"},"modified":"2018-02-07T01:04:03","modified_gmt":"2018-02-07T01:04:03","slug":"andres-manuel-el-precandidato-del-no-a-que-mexico-avance-nuno-mayer","status":"publish","type":"post","link":"https:\/\/volcanes.net\/?p=1068","title":{"rendered":"Andr\u00e9s Manuel, el precandidato del \u201cno\u201d a que M\u00e9xico avance Nu\u00f1o Mayer"},"content":{"rendered":"<div style=\"margin-top: 0px; margin-bottom: 0px;\" class=\"sharethis-inline-share-buttons\" ><\/div><p>Andr\u00e9s Manuel L\u00f3pez Obrador, es el candidato del no, que dice no al Estado de derecho al hacer una tregua con los delincuentes, del no a un aeropuerto que le va a cambiar a M\u00e9xico su capacidad econ\u00f3mica, del no a la reforma educativa y se niega a miles de millones de d\u00f3lares en inversi\u00f3n energ\u00e9tica, se\u00f1al\u00f3 Aurelio Nu\u00f1o.<\/p>\n<p>El coordinador de la precampa\u00f1a del precandidato presidencial del PRI, Jos\u00e9 Antonio Meade, dijo que el aspirante presidencia de la coalici\u00f3n \u201cJuntos haremos historia\u201d, es un pol\u00edtico que se distingue por su negativa a que M\u00e9xico avance y sus ocurrencias fuera de contexto de las necesidades reales que quiere disfrazar como propuestas.<\/p>\n<p>Durante un debate trasmitido en un programa de radio la ma\u00f1ana de este martes, Nu\u00f1o Mayer indic\u00f3 que el abanderado de Morena s\u00f3lo se muestra positivo para dar amnist\u00eda de los criminales que tanto han da\u00f1ado a la poblaci\u00f3n.<\/p>\n<p>Consider\u00f3 que el tabasque\u00f1o carece de propuestas y s\u00f3lo se rige por ocurrencias que resultan incoherentes ante las necesidades de M\u00e9xico, como la toma de pozos petroleros y la de Paseo de la Reforma, que traer\u00e1n como consecuencia la asfixia de la ciudad.<\/p>\n<p>\u201cL\u00f3pez Obrador sigue pensando en funci\u00f3n de corporaciones y estructuras como conservador del siglo XIX, y lo \u00fanico que logra es desinformar al p\u00fablico con datos no actualizados como el estado de alfabetizaci\u00f3n\u201d.<\/p>\n<p>Aurelio Nu\u00f1o detall\u00f3 que mientras el representante de \u201cJuntos haremos historia\u201d habla de no continuar el actual proyecto del nuevo aeropuerto y asegura que lograr\u00e1 reubicarlo, se ha demostrado t\u00e9cnicamente que no hay otro lugar donde se pueda levantar la infraestructura que ya se tiene planeada.<\/p>\n<p>\u201cAndr\u00e9s Manuel no ganar\u00e1, entre muchas otras cosas, por sus mentiras, desinformando a los mexicanos con cifras no actualizadas, con pactos con Elba Esther Gordillo, y una serie de falsedades. Estoy completamente convencido de que Meade es la \u00fanica opci\u00f3n para llevar prosperidad, ley, orden, educaci\u00f3n de calidad y bienestar a M\u00e9xico\u201d, puntualiz\u00f3.<\/p>\n","protected":false},"excerpt":{"rendered":"<p>Andr\u00e9s Manuel L\u00f3pez Obrador, es el candidato del no, que dice no al Estado de<\/p>\n","protected":false},"author":1,"featured_media":1059,"comment_status":"open","ping_status":"open","sticky":false,"template":"","format":"standard","meta":{"footnotes":""},"categories":[1],"tags":[10],"class_list":["post-1068","post","type-post","status-publish","format-standard","has-post-thumbnail","hentry","category-municipales","tag-pri"],"yoast_head":"<!-- This site is optimized with the Yoast SEO plugin v25.3 - https:\/\/yoast.com\/wordpress\/plugins\/seo\/ -->\n<title>Andr\u00e9s Manuel, el precandidato del \u201cno\u201d a que M\u00e9xico avance Nu\u00f1o Mayer - Volcanes<\/title>\n<meta name=\"robots\" content=\"index, follow, max-snippet:-1, max-image-preview:large, max-video-preview:-1\" \/>\n<link rel=\"canonical\" href=\"https:\/\/volcanes.net\/?p=1068\" \/>\n<meta property=\"og:locale\" content=\"es_MX\" \/>\n<meta property=\"og:type\" content=\"article\" \/>\n<meta property=\"og:title\" content=\"Andr\u00e9s Manuel, el precandidato del \u201cno\u201d a que M\u00e9xico avance Nu\u00f1o Mayer - Volcanes\" \/>\n<meta property=\"og:description\" content=\"Andr\u00e9s Manuel L\u00f3pez Obrador, es el candidato del no, que dice no al Estado de\" \/>\n<meta property=\"og:url\" content=\"https:\/\/volcanes.net\/?p=1068\" \/>\n<meta property=\"og:site_name\" content=\"Volcanes\" \/>\n<meta property=\"article:publisher\" content=\"https:\/\/www.facebook.com\/volcanes.net\/\" \/>\n<meta property=\"article:published_time\" content=\"2018-02-07T01:04:03+00:00\" \/>\n<meta property=\"og:image\" content=\"https:\/\/volcanes.net\/wp-content\/uploads\/2018\/02\/amlo.jpg\" \/>\n\t<meta property=\"og:image:width\" content=\"400\" \/>\n\t<meta property=\"og:image:height\" content=\"200\" \/>\n\t<meta property=\"og:image:type\" content=\"image\/jpeg\" \/>\n<meta name=\"author\" content=\"admin\" \/>\n<meta name=\"twitter:card\" content=\"summary_large_image\" \/>\n<meta name=\"twitter:label1\" content=\"Escrito por\" \/>\n\t<meta name=\"twitter:data1\" content=\"admin\" \/>\n\t<meta name=\"twitter:label2\" content=\"Tiempo de lectura\" \/>\n\t<meta name=\"twitter:data2\" content=\"2 minutos\" \/>\n<script type=\"application\/ld+json\" class=\"yoast-schema-graph\">{\"@context\":\"https:\/\/schema.org\",\"@graph\":[{\"@type\":\"Article\",\"@id\":\"https:\/\/volcanes.net\/?p=1068#article\",\"isPartOf\":{\"@id\":\"https:\/\/volcanes.net\/?p=1068\"},\"author\":{\"name\":\"admin\",\"@id\":\"https:\/\/volcanes.net\/#\/schema\/person\/4bf0f383940966a4abd53f5048c0e6b9\"},\"headline\":\"Andr\u00e9s Manuel, el precandidato del \u201cno\u201d a que M\u00e9xico avance Nu\u00f1o Mayer\",\"datePublished\":\"2018-02-07T01:04:03+00:00\",\"mainEntityOfPage\":{\"@id\":\"https:\/\/volcanes.net\/?p=1068\"},\"wordCount\":373,\"commentCount\":0,\"publisher\":{\"@id\":\"https:\/\/volcanes.net\/#organization\"},\"image\":{\"@id\":\"https:\/\/volcanes.net\/?p=1068#primaryimage\"},\"thumbnailUrl\":\"https:\/\/volcanes.net\/wp-content\/uploads\/2018\/02\/amlo.jpg\",\"keywords\":[\"PRI\"],\"articleSection\":[\"Municipales\"],\"inLanguage\":\"es\",\"potentialAction\":[{\"@type\":\"CommentAction\",\"name\":\"Comment\",\"target\":[\"https:\/\/volcanes.net\/?p=1068#respond\"]}]},{\"@type\":\"WebPage\",\"@id\":\"https:\/\/volcanes.net\/?p=1068\",\"url\":\"https:\/\/volcanes.net\/?p=1068\",\"name\":\"Andr\u00e9s Manuel, el precandidato del \u201cno\u201d a que M\u00e9xico avance Nu\u00f1o Mayer - Volcanes\",\"isPartOf\":{\"@id\":\"https:\/\/volcanes.net\/#website\"},\"primaryImageOfPage\":{\"@id\":\"https:\/\/volcanes.net\/?p=1068#primaryimage\"},\"image\":{\"@id\":\"https:\/\/volcanes.net\/?p=1068#primaryimage\"},\"thumbnailUrl\":\"https:\/\/volcanes.net\/wp-content\/uploads\/2018\/02\/amlo.jpg\",\"datePublished\":\"2018-02-07T01:04:03+00:00\",\"breadcrumb\":{\"@id\":\"https:\/\/volcanes.net\/?p=1068#breadcrumb\"},\"inLanguage\":\"es\",\"potentialAction\":[{\"@type\":\"ReadAction\",\"target\":[\"https:\/\/volcanes.net\/?p=1068\"]}]},{\"@type\":\"ImageObject\",\"inLanguage\":\"es\",\"@id\":\"https:\/\/volcanes.net\/?p=1068#primaryimage\",\"url\":\"https:\/\/volcanes.net\/wp-content\/uploads\/2018\/02\/amlo.jpg\",\"contentUrl\":\"https:\/\/volcanes.net\/wp-content\/uploads\/2018\/02\/amlo.jpg\",\"width\":400,\"height\":200,\"caption\":\"VILLANUEVA, ZACATECAS, 05NOVIEMBRE2017.- Andr\u00e9s Manuel L\u00f3pez Obrador, presidente del partido Movimiento de Regeneraci\u00f3n Nacional (MORENA), como parte de su gira que sostiene en Nayarit, Jaslico, Aguascalientes y Zacatecas; sostuvo un encuentro con simpatizantes y habitantes de este municipio en el cual continua dando a conocer sus propuestas de gobierno en caso de llegara la presidencia. FOTO: MISAEL VALTIERRA \/ CUARTOSCURO.COM\"},{\"@type\":\"BreadcrumbList\",\"@id\":\"https:\/\/volcanes.net\/?p=1068#breadcrumb\",\"itemListElement\":[{\"@type\":\"ListItem\",\"position\":1,\"name\":\"Portada\",\"item\":\"https:\/\/volcanes.net\/\"},{\"@type\":\"ListItem\",\"position\":2,\"name\":\"Andr\u00e9s Manuel, el precandidato del \u201cno\u201d a que M\u00e9xico avance Nu\u00f1o Mayer\"}]},{\"@type\":\"WebSite\",\"@id\":\"https:\/\/volcanes.net\/#website\",\"url\":\"https:\/\/volcanes.net\/\",\"name\":\"Volcanes.Net\",\"description\":\"Periodismo Profesional\",\"publisher\":{\"@id\":\"https:\/\/volcanes.net\/#organization\"},\"potentialAction\":[{\"@type\":\"SearchAction\",\"target\":{\"@type\":\"EntryPoint\",\"urlTemplate\":\"https:\/\/volcanes.net\/?s={search_term_string}\"},\"query-input\":{\"@type\":\"PropertyValueSpecification\",\"valueRequired\":true,\"valueName\":\"search_term_string\"}}],\"inLanguage\":\"es\"},{\"@type\":\"Organization\",\"@id\":\"https:\/\/volcanes.net\/#organization\",\"name\":\"Grupo Volcanes\",\"url\":\"https:\/\/volcanes.net\/\",\"logo\":{\"@type\":\"ImageObject\",\"inLanguage\":\"es\",\"@id\":\"https:\/\/volcanes.net\/#\/schema\/logo\/image\/\",\"url\":\"http:\/\/volcanes.net\/wp-content\/uploads\/2017\/12\/Avatar2.jpg\",\"contentUrl\":\"http:\/\/volcanes.net\/wp-content\/uploads\/2017\/12\/Avatar2.jpg\",\"width\":378,\"height\":378,\"caption\":\"Grupo Volcanes\"},\"image\":{\"@id\":\"https:\/\/volcanes.net\/#\/schema\/logo\/image\/\"},\"sameAs\":[\"https:\/\/www.facebook.com\/volcanes.net\/\"]},{\"@type\":\"Person\",\"@id\":\"https:\/\/volcanes.net\/#\/schema\/person\/4bf0f383940966a4abd53f5048c0e6b9\",\"name\":\"admin\",\"image\":{\"@type\":\"ImageObject\",\"inLanguage\":\"es\",\"@id\":\"https:\/\/volcanes.net\/#\/schema\/person\/image\/\",\"url\":\"https:\/\/secure.gravatar.com\/avatar\/ca004e6cba8462b8cb7abc86e382930c?s=96&d=mm&r=g\",\"contentUrl\":\"https:\/\/secure.gravatar.com\/avatar\/ca004e6cba8462b8cb7abc86e382930c?s=96&d=mm&r=g\",\"caption\":\"admin\"}}]}<\/script>\n<!-- \/ Yoast SEO plugin. -->","yoast_head_json":{"title":"Andr\u00e9s Manuel, el precandidato del \u201cno\u201d a que M\u00e9xico avance Nu\u00f1o Mayer - Volcanes","robots":{"index":"index","follow":"follow","max-snippet":"max-snippet:-1","max-image-preview":"max-image-preview:large","max-video-preview":"max-video-preview:-1"},"canonical":"https:\/\/volcanes.net\/?p=1068","og_locale":"es_MX","og_type":"article","og_title":"Andr\u00e9s Manuel, el precandidato del \u201cno\u201d a que M\u00e9xico avance Nu\u00f1o Mayer - Volcanes","og_description":"Andr\u00e9s Manuel L\u00f3pez Obrador, es el candidato del no, que dice no al Estado de","og_url":"https:\/\/volcanes.net\/?p=1068","og_site_name":"Volcanes","article_publisher":"https:\/\/www.facebook.com\/volcanes.net\/","article_published_time":"2018-02-07T01:04:03+00:00","og_image":[{"width":400,"height":200,"url":"https:\/\/volcanes.net\/wp-content\/uploads\/2018\/02\/amlo.jpg","type":"image\/jpeg"}],"author":"admin","twitter_card":"summary_large_image","twitter_misc":{"Escrito por":"admin","Tiempo de lectura":"2 minutos"},"schema":{"@context":"https:\/\/schema.org","@graph":[{"@type":"Article","@id":"https:\/\/volcanes.net\/?p=1068#article","isPartOf":{"@id":"https:\/\/volcanes.net\/?p=1068"},"author":{"name":"admin","@id":"https:\/\/volcanes.net\/#\/schema\/person\/4bf0f383940966a4abd53f5048c0e6b9"},"headline":"Andr\u00e9s Manuel, el precandidato del \u201cno\u201d a que M\u00e9xico avance Nu\u00f1o Mayer","datePublished":"2018-02-07T01:04:03+00:00","mainEntityOfPage":{"@id":"https:\/\/volcanes.net\/?p=1068"},"wordCount":373,"commentCount":0,"publisher":{"@id":"https:\/\/volcanes.net\/#organization"},"image":{"@id":"https:\/\/volcanes.net\/?p=1068#primaryimage"},"thumbnailUrl":"https:\/\/volcanes.net\/wp-content\/uploads\/2018\/02\/amlo.jpg","keywords":["PRI"],"articleSection":["Municipales"],"inLanguage":"es","potentialAction":[{"@type":"CommentAction","name":"Comment","target":["https:\/\/volcanes.net\/?p=1068#respond"]}]},{"@type":"WebPage","@id":"https:\/\/volcanes.net\/?p=1068","url":"https:\/\/volcanes.net\/?p=1068","name":"Andr\u00e9s Manuel, el precandidato del \u201cno\u201d a que M\u00e9xico avance Nu\u00f1o Mayer - Volcanes","isPartOf":{"@id":"https:\/\/volcanes.net\/#website"},"primaryImageOfPage":{"@id":"https:\/\/volcanes.net\/?p=1068#primaryimage"},"image":{"@id":"https:\/\/volcanes.net\/?p=1068#primaryimage"},"thumbnailUrl":"https:\/\/volcanes.net\/wp-content\/uploads\/2018\/02\/amlo.jpg","datePublished":"2018-02-07T01:04:03+00:00","breadcrumb":{"@id":"https:\/\/volcanes.net\/?p=1068#breadcrumb"},"inLanguage":"es","potentialAction":[{"@type":"ReadAction","target":["https:\/\/volcanes.net\/?p=1068"]}]},{"@type":"ImageObject","inLanguage":"es","@id":"https:\/\/volcanes.net\/?p=1068#primaryimage","url":"https:\/\/volcanes.net\/wp-content\/uploads\/2018\/02\/amlo.jpg","contentUrl":"https:\/\/volcanes.net\/wp-content\/uploads\/2018\/02\/amlo.jpg","width":400,"height":200,"caption":"VILLANUEVA, ZACATECAS, 05NOVIEMBRE2017.- Andr\u00e9s Manuel L\u00f3pez Obrador, presidente del partido Movimiento de Regeneraci\u00f3n Nacional (MORENA), como parte de su gira que sostiene en Nayarit, Jaslico, Aguascalientes y Zacatecas; sostuvo un encuentro con simpatizantes y habitantes de este municipio en el cual continua dando a conocer sus propuestas de gobierno en caso de llegara la presidencia. FOTO: MISAEL VALTIERRA \/ CUARTOSCURO.COM"},{"@type":"BreadcrumbList","@id":"https:\/\/volcanes.net\/?p=1068#breadcrumb","itemListElement":[{"@type":"ListItem","position":1,"name":"Portada","item":"https:\/\/volcanes.net\/"},{"@type":"ListItem","position":2,"name":"Andr\u00e9s Manuel, el precandidato del \u201cno\u201d a que M\u00e9xico avance Nu\u00f1o Mayer"}]},{"@type":"WebSite","@id":"https:\/\/volcanes.net\/#website","url":"https:\/\/volcanes.net\/","name":"Volcanes.Net","description":"Periodismo Profesional","publisher":{"@id":"https:\/\/volcanes.net\/#organization"},"potentialAction":[{"@type":"SearchAction","target":{"@type":"EntryPoint","urlTemplate":"https:\/\/volcanes.net\/?s={search_term_string}"},"query-input":{"@type":"PropertyValueSpecification","valueRequired":true,"valueName":"search_term_string"}}],"inLanguage":"es"},{"@type":"Organization","@id":"https:\/\/volcanes.net\/#organization","name":"Grupo Volcanes","url":"https:\/\/volcanes.net\/","logo":{"@type":"ImageObject","inLanguage":"es","@id":"https:\/\/volcanes.net\/#\/schema\/logo\/image\/","url":"http:\/\/volcanes.net\/wp-content\/uploads\/2017\/12\/Avatar2.jpg","contentUrl":"http:\/\/volcanes.net\/wp-content\/uploads\/2017\/12\/Avatar2.jpg","width":378,"height":378,"caption":"Grupo Volcanes"},"image":{"@id":"https:\/\/volcanes.net\/#\/schema\/logo\/image\/"},"sameAs":["https:\/\/www.facebook.com\/volcanes.net\/"]},{"@type":"Person","@id":"https:\/\/volcanes.net\/#\/schema\/person\/4bf0f383940966a4abd53f5048c0e6b9","name":"admin","image":{"@type":"ImageObject","inLanguage":"es","@id":"https:\/\/volcanes.net\/#\/schema\/person\/image\/","url":"https:\/\/secure.gravatar.com\/avatar\/ca004e6cba8462b8cb7abc86e382930c?s=96&d=mm&r=g","contentUrl":"https:\/\/secure.gravatar.com\/avatar\/ca004e6cba8462b8cb7abc86e382930c?s=96&d=mm&r=g","caption":"admin"}}]}},"_links":{"self":[{"href":"https:\/\/volcanes.net\/index.php?rest_route=\/wp\/v2\/posts\/1068"}],"collection":[{"href":"https:\/\/volcanes.net\/index.php?rest_route=\/wp\/v2\/posts"}],"about":[{"href":"https:\/\/volcanes.net\/index.php?rest_route=\/wp\/v2\/types\/post"}],"author":[{"embeddable":true,"href":"https:\/\/volcanes.net\/index.php?rest_route=\/wp\/v2\/users\/1"}],"replies":[{"embeddable":true,"href":"https:\/\/volcanes.net\/index.php?rest_route=%2Fwp%2Fv2%2Fcomments&post=1068"}],"version-history":[{"count":2,"href":"https:\/\/volcanes.net\/index.php?rest_route=\/wp\/v2\/posts\/1068\/revisions"}],"predecessor-version":[{"id":1070,"href":"https:\/\/volcanes.net\/index.php?rest_route=\/wp\/v2\/posts\/1068\/revisions\/1070"}],"wp:featuredmedia":[{"embeddable":true,"href":"https:\/\/volcanes.net\/index.php?rest_route=\/wp\/v2\/media\/1059"}],"wp:attachment":[{"href":"https:\/\/volcanes.net\/index.php?rest_route=%2Fwp%2Fv2%2Fmedia&parent=1068"}],"wp:term":[{"taxonomy":"category","embeddable":true,"href":"https:\/\/volcanes.net\/index.php?rest_route=%2Fwp%2Fv2%2Fcategories&post=1068"},{"taxonomy":"post_tag","embeddable":true,"href":"https:\/\/volcanes.net\/index.php?rest_route=%2Fwp%2Fv2%2Ftags&post=1068"}],"curies":[{"name":"wp","href":"https:\/\/api.w.org\/{rel}","templated":true}]}}