{"id":10690,"date":"2021-03-31T12:26:25","date_gmt":"2021-03-31T18:26:25","guid":{"rendered":"http:\/\/volcanes.net\/?p=10690"},"modified":"2021-03-31T12:26:25","modified_gmt":"2021-03-31T18:26:25","slug":"elementos-de-la-policia-municipal-de-temamatla-reciben-su-cup","status":"publish","type":"post","link":"https:\/\/volcanes.net\/?p=10690","title":{"rendered":"Elementos de la polic\u00eda municipal de Temamatla reciben su CUP\u00a0"},"content":{"rendered":"<div style=\"margin-top: 0px; margin-bottom: 0px;\" class=\"sharethis-inline-share-buttons\" ><\/div><div dir=\"auto\" style=\"text-align: justify;\">Temamatla, Estado de M\u00e9xico.- Elementos de la polic\u00eda municipal de Temamatla recibieron su certificado \u00fanico policial, los cuales con anterioridad fueron evaluados.<\/div>\n<div dir=\"auto\" style=\"text-align: justify;\"><\/div>\n<div dir=\"auto\" style=\"text-align: justify;\">El evento estuvo encabezado por el presidente municipal Juan Mart\u00edn Orozpe P\u00e9rez, acompa\u00f1ado de la Presidenta del DIF Municipal, la Secretaria del Ayuntamiento, el Director de Seguridad P\u00fablica Municipal Guzm\u00e1n Mart\u00ednez Mariano, as\u00ed como el Honorable Cabildo y el Secretario T\u00e9cnico de Seguridad P\u00fablica.<\/div>\n<div dir=\"auto\" style=\"text-align: justify;\"><\/div>\n<div dir=\"auto\" style=\"text-align: justify;\">El Certificado \u00danico Policial es un requisito de ley para la permanencia del elemento policial dentro de las instituciones de Seguridad P\u00fablica, el cual fue publicado en la Gaceta Oficial de Gobierno del a\u00f1o 2016 y establece que el elemento policial deber\u00e1 cumplir 4 aspectos Importantes para obtener el Certificado \u00danico Policial CUP: Ex\u00e1menes de Control y Confianza (Aprobados y Vigentes), Formaci\u00f3n inicial (Curso B\u00e1sico para Polic\u00edas), Curso de Competencias B\u00e1sicas de la Funci\u00f3n Policial y Evaluaciones del Desempe\u00f1o de cada Polic\u00eda.<\/div>\n<div class=\"yj6qo\" style=\"text-align: justify;\"><\/div>\n<div class=\"adL\" dir=\"auto\" style=\"text-align: justify;\"><\/div>\n","protected":false},"excerpt":{"rendered":"<p>Temamatla, Estado de M\u00e9xico.- Elementos de la polic\u00eda municipal de Temamatla recibieron su certificado \u00fanico<\/p>\n","protected":false},"author":1,"featured_media":10691,"comment_status":"open","ping_status":"open","sticky":false,"template":"","format":"standard","meta":{"footnotes":""},"categories":[1],"tags":[236],"class_list":["post-10690","post","type-post","status-publish","format-standard","has-post-thumbnail","hentry","category-municipales","tag-temamatla"],"yoast_head":"<!-- This site is optimized with the Yoast SEO plugin v25.3 - https:\/\/yoast.com\/wordpress\/plugins\/seo\/ -->\n<title>Elementos de la polic\u00eda municipal de Temamatla reciben su CUP\u00a0 - Volcanes<\/title>\n<meta name=\"robots\" content=\"index, follow, max-snippet:-1, max-image-preview:large, max-video-preview:-1\" \/>\n<link rel=\"canonical\" href=\"https:\/\/volcanes.net\/?p=10690\" \/>\n<meta property=\"og:locale\" content=\"es_MX\" \/>\n<meta property=\"og:type\" content=\"article\" \/>\n<meta property=\"og:title\" content=\"Elementos de la polic\u00eda municipal de Temamatla reciben su CUP\u00a0 - Volcanes\" \/>\n<meta property=\"og:description\" content=\"Temamatla, Estado de M\u00e9xico.- Elementos de la polic\u00eda municipal de Temamatla recibieron su certificado \u00fanico\" \/>\n<meta property=\"og:url\" content=\"https:\/\/volcanes.net\/?p=10690\" \/>\n<meta property=\"og:site_name\" content=\"Volcanes\" \/>\n<meta property=\"article:publisher\" content=\"https:\/\/www.facebook.com\/volcanes.net\/\" \/>\n<meta property=\"article:published_time\" content=\"2021-03-31T18:26:25+00:00\" \/>\n<meta property=\"og:image\" content=\"https:\/\/volcanes.net\/wp-content\/uploads\/2021\/03\/FB_IMG_1617207318213.jpg\" \/>\n\t<meta property=\"og:image:width\" content=\"720\" \/>\n\t<meta property=\"og:image:height\" content=\"405\" \/>\n\t<meta property=\"og:image:type\" content=\"image\/jpeg\" \/>\n<meta name=\"author\" content=\"admin\" \/>\n<meta name=\"twitter:card\" content=\"summary_large_image\" \/>\n<meta name=\"twitter:label1\" content=\"Escrito por\" \/>\n\t<meta name=\"twitter:data1\" content=\"admin\" \/>\n\t<meta name=\"twitter:label2\" content=\"Tiempo de lectura\" \/>\n\t<meta name=\"twitter:data2\" content=\"1 minuto\" \/>\n<script type=\"application\/ld+json\" class=\"yoast-schema-graph\">{\"@context\":\"https:\/\/schema.org\",\"@graph\":[{\"@type\":\"Article\",\"@id\":\"https:\/\/volcanes.net\/?p=10690#article\",\"isPartOf\":{\"@id\":\"https:\/\/volcanes.net\/?p=10690\"},\"author\":{\"name\":\"admin\",\"@id\":\"https:\/\/volcanes.net\/#\/schema\/person\/4bf0f383940966a4abd53f5048c0e6b9\"},\"headline\":\"Elementos de la polic\u00eda municipal de Temamatla reciben su CUP\u00a0\",\"datePublished\":\"2021-03-31T18:26:25+00:00\",\"mainEntityOfPage\":{\"@id\":\"https:\/\/volcanes.net\/?p=10690\"},\"wordCount\":178,\"commentCount\":0,\"publisher\":{\"@id\":\"https:\/\/volcanes.net\/#organization\"},\"image\":{\"@id\":\"https:\/\/volcanes.net\/?p=10690#primaryimage\"},\"thumbnailUrl\":\"https:\/\/volcanes.net\/wp-content\/uploads\/2021\/03\/FB_IMG_1617207318213.jpg\",\"keywords\":[\"Temamatla\"],\"articleSection\":[\"Municipales\"],\"inLanguage\":\"es\",\"potentialAction\":[{\"@type\":\"CommentAction\",\"name\":\"Comment\",\"target\":[\"https:\/\/volcanes.net\/?p=10690#respond\"]}]},{\"@type\":\"WebPage\",\"@id\":\"https:\/\/volcanes.net\/?p=10690\",\"url\":\"https:\/\/volcanes.net\/?p=10690\",\"name\":\"Elementos de la polic\u00eda municipal de Temamatla reciben su CUP\u00a0 - Volcanes\",\"isPartOf\":{\"@id\":\"https:\/\/volcanes.net\/#website\"},\"primaryImageOfPage\":{\"@id\":\"https:\/\/volcanes.net\/?p=10690#primaryimage\"},\"image\":{\"@id\":\"https:\/\/volcanes.net\/?p=10690#primaryimage\"},\"thumbnailUrl\":\"https:\/\/volcanes.net\/wp-content\/uploads\/2021\/03\/FB_IMG_1617207318213.jpg\",\"datePublished\":\"2021-03-31T18:26:25+00:00\",\"breadcrumb\":{\"@id\":\"https:\/\/volcanes.net\/?p=10690#breadcrumb\"},\"inLanguage\":\"es\",\"potentialAction\":[{\"@type\":\"ReadAction\",\"target\":[\"https:\/\/volcanes.net\/?p=10690\"]}]},{\"@type\":\"ImageObject\",\"inLanguage\":\"es\",\"@id\":\"https:\/\/volcanes.net\/?p=10690#primaryimage\",\"url\":\"https:\/\/volcanes.net\/wp-content\/uploads\/2021\/03\/FB_IMG_1617207318213.jpg\",\"contentUrl\":\"https:\/\/volcanes.net\/wp-content\/uploads\/2021\/03\/FB_IMG_1617207318213.jpg\",\"width\":720,\"height\":405},{\"@type\":\"BreadcrumbList\",\"@id\":\"https:\/\/volcanes.net\/?p=10690#breadcrumb\",\"itemListElement\":[{\"@type\":\"ListItem\",\"position\":1,\"name\":\"Portada\",\"item\":\"https:\/\/volcanes.net\/\"},{\"@type\":\"ListItem\",\"position\":2,\"name\":\"Elementos de la polic\u00eda municipal de Temamatla reciben su CUP\u00a0\"}]},{\"@type\":\"WebSite\",\"@id\":\"https:\/\/volcanes.net\/#website\",\"url\":\"https:\/\/volcanes.net\/\",\"name\":\"Volcanes.Net\",\"description\":\"Periodismo Profesional\",\"publisher\":{\"@id\":\"https:\/\/volcanes.net\/#organization\"},\"potentialAction\":[{\"@type\":\"SearchAction\",\"target\":{\"@type\":\"EntryPoint\",\"urlTemplate\":\"https:\/\/volcanes.net\/?s={search_term_string}\"},\"query-input\":{\"@type\":\"PropertyValueSpecification\",\"valueRequired\":true,\"valueName\":\"search_term_string\"}}],\"inLanguage\":\"es\"},{\"@type\":\"Organization\",\"@id\":\"https:\/\/volcanes.net\/#organization\",\"name\":\"Grupo Volcanes\",\"url\":\"https:\/\/volcanes.net\/\",\"logo\":{\"@type\":\"ImageObject\",\"inLanguage\":\"es\",\"@id\":\"https:\/\/volcanes.net\/#\/schema\/logo\/image\/\",\"url\":\"http:\/\/volcanes.net\/wp-content\/uploads\/2017\/12\/Avatar2.jpg\",\"contentUrl\":\"http:\/\/volcanes.net\/wp-content\/uploads\/2017\/12\/Avatar2.jpg\",\"width\":378,\"height\":378,\"caption\":\"Grupo Volcanes\"},\"image\":{\"@id\":\"https:\/\/volcanes.net\/#\/schema\/logo\/image\/\"},\"sameAs\":[\"https:\/\/www.facebook.com\/volcanes.net\/\"]},{\"@type\":\"Person\",\"@id\":\"https:\/\/volcanes.net\/#\/schema\/person\/4bf0f383940966a4abd53f5048c0e6b9\",\"name\":\"admin\",\"image\":{\"@type\":\"ImageObject\",\"inLanguage\":\"es\",\"@id\":\"https:\/\/volcanes.net\/#\/schema\/person\/image\/\",\"url\":\"https:\/\/secure.gravatar.com\/avatar\/ca004e6cba8462b8cb7abc86e382930c?s=96&d=mm&r=g\",\"contentUrl\":\"https:\/\/secure.gravatar.com\/avatar\/ca004e6cba8462b8cb7abc86e382930c?s=96&d=mm&r=g\",\"caption\":\"admin\"}}]}<\/script>\n<!-- \/ Yoast SEO plugin. -->","yoast_head_json":{"title":"Elementos de la polic\u00eda municipal de Temamatla reciben su CUP\u00a0 - Volcanes","robots":{"index":"index","follow":"follow","max-snippet":"max-snippet:-1","max-image-preview":"max-image-preview:large","max-video-preview":"max-video-preview:-1"},"canonical":"https:\/\/volcanes.net\/?p=10690","og_locale":"es_MX","og_type":"article","og_title":"Elementos de la polic\u00eda municipal de Temamatla reciben su CUP\u00a0 - Volcanes","og_description":"Temamatla, Estado de M\u00e9xico.- Elementos de la polic\u00eda municipal de Temamatla recibieron su certificado \u00fanico","og_url":"https:\/\/volcanes.net\/?p=10690","og_site_name":"Volcanes","article_publisher":"https:\/\/www.facebook.com\/volcanes.net\/","article_published_time":"2021-03-31T18:26:25+00:00","og_image":[{"width":720,"height":405,"url":"https:\/\/volcanes.net\/wp-content\/uploads\/2021\/03\/FB_IMG_1617207318213.jpg","type":"image\/jpeg"}],"author":"admin","twitter_card":"summary_large_image","twitter_misc":{"Escrito por":"admin","Tiempo de lectura":"1 minuto"},"schema":{"@context":"https:\/\/schema.org","@graph":[{"@type":"Article","@id":"https:\/\/volcanes.net\/?p=10690#article","isPartOf":{"@id":"https:\/\/volcanes.net\/?p=10690"},"author":{"name":"admin","@id":"https:\/\/volcanes.net\/#\/schema\/person\/4bf0f383940966a4abd53f5048c0e6b9"},"headline":"Elementos de la polic\u00eda municipal de Temamatla reciben su CUP\u00a0","datePublished":"2021-03-31T18:26:25+00:00","mainEntityOfPage":{"@id":"https:\/\/volcanes.net\/?p=10690"},"wordCount":178,"commentCount":0,"publisher":{"@id":"https:\/\/volcanes.net\/#organization"},"image":{"@id":"https:\/\/volcanes.net\/?p=10690#primaryimage"},"thumbnailUrl":"https:\/\/volcanes.net\/wp-content\/uploads\/2021\/03\/FB_IMG_1617207318213.jpg","keywords":["Temamatla"],"articleSection":["Municipales"],"inLanguage":"es","potentialAction":[{"@type":"CommentAction","name":"Comment","target":["https:\/\/volcanes.net\/?p=10690#respond"]}]},{"@type":"WebPage","@id":"https:\/\/volcanes.net\/?p=10690","url":"https:\/\/volcanes.net\/?p=10690","name":"Elementos de la polic\u00eda municipal de Temamatla reciben su CUP\u00a0 - Volcanes","isPartOf":{"@id":"https:\/\/volcanes.net\/#website"},"primaryImageOfPage":{"@id":"https:\/\/volcanes.net\/?p=10690#primaryimage"},"image":{"@id":"https:\/\/volcanes.net\/?p=10690#primaryimage"},"thumbnailUrl":"https:\/\/volcanes.net\/wp-content\/uploads\/2021\/03\/FB_IMG_1617207318213.jpg","datePublished":"2021-03-31T18:26:25+00:00","breadcrumb":{"@id":"https:\/\/volcanes.net\/?p=10690#breadcrumb"},"inLanguage":"es","potentialAction":[{"@type":"ReadAction","target":["https:\/\/volcanes.net\/?p=10690"]}]},{"@type":"ImageObject","inLanguage":"es","@id":"https:\/\/volcanes.net\/?p=10690#primaryimage","url":"https:\/\/volcanes.net\/wp-content\/uploads\/2021\/03\/FB_IMG_1617207318213.jpg","contentUrl":"https:\/\/volcanes.net\/wp-content\/uploads\/2021\/03\/FB_IMG_1617207318213.jpg","width":720,"height":405},{"@type":"BreadcrumbList","@id":"https:\/\/volcanes.net\/?p=10690#breadcrumb","itemListElement":[{"@type":"ListItem","position":1,"name":"Portada","item":"https:\/\/volcanes.net\/"},{"@type":"ListItem","position":2,"name":"Elementos de la polic\u00eda municipal de Temamatla reciben su CUP\u00a0"}]},{"@type":"WebSite","@id":"https:\/\/volcanes.net\/#website","url":"https:\/\/volcanes.net\/","name":"Volcanes.Net","description":"Periodismo Profesional","publisher":{"@id":"https:\/\/volcanes.net\/#organization"},"potentialAction":[{"@type":"SearchAction","target":{"@type":"EntryPoint","urlTemplate":"https:\/\/volcanes.net\/?s={search_term_string}"},"query-input":{"@type":"PropertyValueSpecification","valueRequired":true,"valueName":"search_term_string"}}],"inLanguage":"es"},{"@type":"Organization","@id":"https:\/\/volcanes.net\/#organization","name":"Grupo Volcanes","url":"https:\/\/volcanes.net\/","logo":{"@type":"ImageObject","inLanguage":"es","@id":"https:\/\/volcanes.net\/#\/schema\/logo\/image\/","url":"http:\/\/volcanes.net\/wp-content\/uploads\/2017\/12\/Avatar2.jpg","contentUrl":"http:\/\/volcanes.net\/wp-content\/uploads\/2017\/12\/Avatar2.jpg","width":378,"height":378,"caption":"Grupo Volcanes"},"image":{"@id":"https:\/\/volcanes.net\/#\/schema\/logo\/image\/"},"sameAs":["https:\/\/www.facebook.com\/volcanes.net\/"]},{"@type":"Person","@id":"https:\/\/volcanes.net\/#\/schema\/person\/4bf0f383940966a4abd53f5048c0e6b9","name":"admin","image":{"@type":"ImageObject","inLanguage":"es","@id":"https:\/\/volcanes.net\/#\/schema\/person\/image\/","url":"https:\/\/secure.gravatar.com\/avatar\/ca004e6cba8462b8cb7abc86e382930c?s=96&d=mm&r=g","contentUrl":"https:\/\/secure.gravatar.com\/avatar\/ca004e6cba8462b8cb7abc86e382930c?s=96&d=mm&r=g","caption":"admin"}}]}},"_links":{"self":[{"href":"https:\/\/volcanes.net\/index.php?rest_route=\/wp\/v2\/posts\/10690"}],"collection":[{"href":"https:\/\/volcanes.net\/index.php?rest_route=\/wp\/v2\/posts"}],"about":[{"href":"https:\/\/volcanes.net\/index.php?rest_route=\/wp\/v2\/types\/post"}],"author":[{"embeddable":true,"href":"https:\/\/volcanes.net\/index.php?rest_route=\/wp\/v2\/users\/1"}],"replies":[{"embeddable":true,"href":"https:\/\/volcanes.net\/index.php?rest_route=%2Fwp%2Fv2%2Fcomments&post=10690"}],"version-history":[{"count":1,"href":"https:\/\/volcanes.net\/index.php?rest_route=\/wp\/v2\/posts\/10690\/revisions"}],"predecessor-version":[{"id":10692,"href":"https:\/\/volcanes.net\/index.php?rest_route=\/wp\/v2\/posts\/10690\/revisions\/10692"}],"wp:featuredmedia":[{"embeddable":true,"href":"https:\/\/volcanes.net\/index.php?rest_route=\/wp\/v2\/media\/10691"}],"wp:attachment":[{"href":"https:\/\/volcanes.net\/index.php?rest_route=%2Fwp%2Fv2%2Fmedia&parent=10690"}],"wp:term":[{"taxonomy":"category","embeddable":true,"href":"https:\/\/volcanes.net\/index.php?rest_route=%2Fwp%2Fv2%2Fcategories&post=10690"},{"taxonomy":"post_tag","embeddable":true,"href":"https:\/\/volcanes.net\/index.php?rest_route=%2Fwp%2Fv2%2Ftags&post=10690"}],"curies":[{"name":"wp","href":"https:\/\/api.w.org\/{rel}","templated":true}]}}