{"id":10697,"date":"2021-03-31T17:13:07","date_gmt":"2021-03-31T23:13:07","guid":{"rendered":"http:\/\/volcanes.net\/?p=10697"},"modified":"2021-03-31T17:13:07","modified_gmt":"2021-03-31T23:13:07","slug":"lo-condenan-a-50-anos-de-prision-por-el-delito-de-secuestro-en-ixtapaluca","status":"publish","type":"post","link":"https:\/\/volcanes.net\/?p=10697","title":{"rendered":"Lo condenan a 50 a\u00f1os de prisi\u00f3n por el delito de secuestro en Ixtapaluca"},"content":{"rendered":"<div style=\"margin-top: 0px; margin-bottom: 0px;\" class=\"sharethis-inline-share-buttons\" ><\/div><p style=\"text-align: justify;\">Ixtapaluca, Estado de M\u00e9xico.- El Representante Social de la Fiscal\u00eda Especializada de Secuestro Zona Oriente, de esta Fiscal\u00eda General de Justicia Estatal (FGJEM), obtuvo una sentencia condenatoria de 50 a\u00f1os de prisi\u00f3n para Jairo Mart\u00ednez Le\u00f3n, tras acreditar su participaci\u00f3n en el delito de privaci\u00f3n de la libertad, en la modalidad de secuestro expr\u00e9s.<\/p>\n<p style=\"text-align: justify;\">Luego de revisar los elementos de prueba recabados y aportados por el Ministerio P\u00fablico, un Juez con sede en Chalco dict\u00f3 esta condena para Mart\u00ednez Le\u00f3n, adem\u00e1s le fij\u00f3 multas de 301 mil 960 pesos, 20 mil 533 pesos como reparaci\u00f3n del da\u00f1o moral y 63 mil 502 pesos como reparaci\u00f3n del da\u00f1o material, aunado a que sus derechos y civiles y pol\u00edticos quedaron suspendidos.<\/p>\n<p style=\"text-align: justify;\">Este il\u00edcito acontecido el d\u00eda 1 de noviembre del a\u00f1o 2017, cuando tres personas se hicieron pasar por pasajeros y abordaron una unidad de transporte p\u00fablico, conducida por la v\u00edctima. Esta acci\u00f3n ocurri\u00f3 en calles de la Ciudad de M\u00e9xico, calles adelante estas personas amagaron al chofer, en tanto que Jairo Mart\u00ednez Le\u00f3n conduc\u00eda un autom\u00f3vil tipo Tsuru, con el cual le cerr\u00f3 el paso al veh\u00edculo de servicio p\u00fablico.<\/p>\n<p style=\"text-align: justify;\">Los probables part\u00edcipes amenazaron a la v\u00edctima y por la fuerza lo pasaron a los asientos traseros de su veh\u00edculo de servicio p\u00fablico, a bordo del cual lo ataron de pies y manos. Despu\u00e9s uno de los involucrados tom\u00f3 el control del veh\u00edculo y condujo a la colonia Geovillas de Santa B\u00e1rbara, en el municipio de Ixtapaluca.<\/p>\n<p style=\"text-align: justify;\">En ese lugar bajaron a la v\u00edctima y la subieron a otra camioneta, finalmente la hicieron que abordara el veh\u00edculo Tsuru conducido por el ahora sentenciado. Este sujeto traslad\u00f3 al conductor secuestrado hasta el kil\u00f3metro 35, de la carretera federal M\u00e9xico\u2013Puebla, a la altura de las minas El Milagro, de la colonia La Ca\u00f1ada, donde lo abandon\u00f3.<\/p>\n<p style=\"text-align: justify;\">Cabe mencionar que Jairo fue detenido por elementos policiacos, quienes realizaban una movilizaci\u00f3n en la zona, por lo que fue presentado ante el Agente del Ministerio P\u00fablico, quien inici\u00f3 una indagatoria por el delito de privaci\u00f3n de la libertad, en la modalidad de secuestro expr\u00e9s, cuando para ejecutar el delito de robo se prive de la libertad a otro, con las agravantes de cometerse por un grupo de dos o m\u00e1s personas y con violencia.<\/p>\n<p style=\"text-align: justify;\">Posteriormente fue ingresado al Centro Penitenciario y de Reinserci\u00f3n Social de Chalco, donde qued\u00f3 a disposici\u00f3n de un Juez, quien previo proceso legal, le dict\u00f3 esta condena.<\/p>\n","protected":false},"excerpt":{"rendered":"<p>Ixtapaluca, Estado de M\u00e9xico.- El Representante Social de la Fiscal\u00eda Especializada de Secuestro Zona Oriente,<\/p>\n","protected":false},"author":1,"featured_media":10698,"comment_status":"open","ping_status":"open","sticky":false,"template":"","format":"standard","meta":{"footnotes":""},"categories":[1],"tags":[6],"class_list":["post-10697","post","type-post","status-publish","format-standard","has-post-thumbnail","hentry","category-municipales","tag-ixtapaluca"],"yoast_head":"<!-- This site is optimized with the Yoast SEO plugin v25.3 - https:\/\/yoast.com\/wordpress\/plugins\/seo\/ -->\n<title>Lo condenan a 50 a\u00f1os de prisi\u00f3n por el delito de secuestro en Ixtapaluca - Volcanes<\/title>\n<meta name=\"robots\" content=\"index, follow, max-snippet:-1, max-image-preview:large, max-video-preview:-1\" \/>\n<link rel=\"canonical\" href=\"https:\/\/volcanes.net\/?p=10697\" \/>\n<meta property=\"og:locale\" content=\"es_MX\" \/>\n<meta property=\"og:type\" content=\"article\" \/>\n<meta property=\"og:title\" content=\"Lo condenan a 50 a\u00f1os de prisi\u00f3n por el delito de secuestro en Ixtapaluca - Volcanes\" \/>\n<meta property=\"og:description\" content=\"Ixtapaluca, Estado de M\u00e9xico.- El Representante Social de la Fiscal\u00eda Especializada de Secuestro Zona Oriente,\" \/>\n<meta property=\"og:url\" content=\"https:\/\/volcanes.net\/?p=10697\" \/>\n<meta property=\"og:site_name\" content=\"Volcanes\" \/>\n<meta property=\"article:publisher\" content=\"https:\/\/www.facebook.com\/volcanes.net\/\" \/>\n<meta property=\"article:published_time\" content=\"2021-03-31T23:13:07+00:00\" \/>\n<meta property=\"og:image\" content=\"https:\/\/volcanes.net\/wp-content\/uploads\/2021\/03\/FOTO-C431.jpg\" \/>\n\t<meta property=\"og:image:width\" content=\"500\" \/>\n\t<meta property=\"og:image:height\" content=\"685\" \/>\n\t<meta property=\"og:image:type\" content=\"image\/jpeg\" \/>\n<meta name=\"author\" content=\"admin\" \/>\n<meta name=\"twitter:card\" content=\"summary_large_image\" \/>\n<meta name=\"twitter:label1\" content=\"Escrito por\" \/>\n\t<meta name=\"twitter:data1\" content=\"admin\" \/>\n\t<meta name=\"twitter:label2\" content=\"Tiempo de lectura\" \/>\n\t<meta name=\"twitter:data2\" content=\"2 minutos\" \/>\n<script type=\"application\/ld+json\" class=\"yoast-schema-graph\">{\"@context\":\"https:\/\/schema.org\",\"@graph\":[{\"@type\":\"Article\",\"@id\":\"https:\/\/volcanes.net\/?p=10697#article\",\"isPartOf\":{\"@id\":\"https:\/\/volcanes.net\/?p=10697\"},\"author\":{\"name\":\"admin\",\"@id\":\"https:\/\/volcanes.net\/#\/schema\/person\/4bf0f383940966a4abd53f5048c0e6b9\"},\"headline\":\"Lo condenan a 50 a\u00f1os de prisi\u00f3n por el delito de secuestro en Ixtapaluca\",\"datePublished\":\"2021-03-31T23:13:07+00:00\",\"mainEntityOfPage\":{\"@id\":\"https:\/\/volcanes.net\/?p=10697\"},\"wordCount\":463,\"commentCount\":0,\"publisher\":{\"@id\":\"https:\/\/volcanes.net\/#organization\"},\"image\":{\"@id\":\"https:\/\/volcanes.net\/?p=10697#primaryimage\"},\"thumbnailUrl\":\"https:\/\/volcanes.net\/wp-content\/uploads\/2021\/03\/FOTO-C431.jpg\",\"keywords\":[\"Ixtapaluca\"],\"articleSection\":[\"Municipales\"],\"inLanguage\":\"es\",\"potentialAction\":[{\"@type\":\"CommentAction\",\"name\":\"Comment\",\"target\":[\"https:\/\/volcanes.net\/?p=10697#respond\"]}]},{\"@type\":\"WebPage\",\"@id\":\"https:\/\/volcanes.net\/?p=10697\",\"url\":\"https:\/\/volcanes.net\/?p=10697\",\"name\":\"Lo condenan a 50 a\u00f1os de prisi\u00f3n por el delito de secuestro en Ixtapaluca - Volcanes\",\"isPartOf\":{\"@id\":\"https:\/\/volcanes.net\/#website\"},\"primaryImageOfPage\":{\"@id\":\"https:\/\/volcanes.net\/?p=10697#primaryimage\"},\"image\":{\"@id\":\"https:\/\/volcanes.net\/?p=10697#primaryimage\"},\"thumbnailUrl\":\"https:\/\/volcanes.net\/wp-content\/uploads\/2021\/03\/FOTO-C431.jpg\",\"datePublished\":\"2021-03-31T23:13:07+00:00\",\"breadcrumb\":{\"@id\":\"https:\/\/volcanes.net\/?p=10697#breadcrumb\"},\"inLanguage\":\"es\",\"potentialAction\":[{\"@type\":\"ReadAction\",\"target\":[\"https:\/\/volcanes.net\/?p=10697\"]}]},{\"@type\":\"ImageObject\",\"inLanguage\":\"es\",\"@id\":\"https:\/\/volcanes.net\/?p=10697#primaryimage\",\"url\":\"https:\/\/volcanes.net\/wp-content\/uploads\/2021\/03\/FOTO-C431.jpg\",\"contentUrl\":\"https:\/\/volcanes.net\/wp-content\/uploads\/2021\/03\/FOTO-C431.jpg\",\"width\":500,\"height\":685},{\"@type\":\"BreadcrumbList\",\"@id\":\"https:\/\/volcanes.net\/?p=10697#breadcrumb\",\"itemListElement\":[{\"@type\":\"ListItem\",\"position\":1,\"name\":\"Portada\",\"item\":\"https:\/\/volcanes.net\/\"},{\"@type\":\"ListItem\",\"position\":2,\"name\":\"Lo condenan a 50 a\u00f1os de prisi\u00f3n por el delito de secuestro en Ixtapaluca\"}]},{\"@type\":\"WebSite\",\"@id\":\"https:\/\/volcanes.net\/#website\",\"url\":\"https:\/\/volcanes.net\/\",\"name\":\"Volcanes.Net\",\"description\":\"Periodismo Profesional\",\"publisher\":{\"@id\":\"https:\/\/volcanes.net\/#organization\"},\"potentialAction\":[{\"@type\":\"SearchAction\",\"target\":{\"@type\":\"EntryPoint\",\"urlTemplate\":\"https:\/\/volcanes.net\/?s={search_term_string}\"},\"query-input\":{\"@type\":\"PropertyValueSpecification\",\"valueRequired\":true,\"valueName\":\"search_term_string\"}}],\"inLanguage\":\"es\"},{\"@type\":\"Organization\",\"@id\":\"https:\/\/volcanes.net\/#organization\",\"name\":\"Grupo Volcanes\",\"url\":\"https:\/\/volcanes.net\/\",\"logo\":{\"@type\":\"ImageObject\",\"inLanguage\":\"es\",\"@id\":\"https:\/\/volcanes.net\/#\/schema\/logo\/image\/\",\"url\":\"http:\/\/volcanes.net\/wp-content\/uploads\/2017\/12\/Avatar2.jpg\",\"contentUrl\":\"http:\/\/volcanes.net\/wp-content\/uploads\/2017\/12\/Avatar2.jpg\",\"width\":378,\"height\":378,\"caption\":\"Grupo Volcanes\"},\"image\":{\"@id\":\"https:\/\/volcanes.net\/#\/schema\/logo\/image\/\"},\"sameAs\":[\"https:\/\/www.facebook.com\/volcanes.net\/\"]},{\"@type\":\"Person\",\"@id\":\"https:\/\/volcanes.net\/#\/schema\/person\/4bf0f383940966a4abd53f5048c0e6b9\",\"name\":\"admin\",\"image\":{\"@type\":\"ImageObject\",\"inLanguage\":\"es\",\"@id\":\"https:\/\/volcanes.net\/#\/schema\/person\/image\/\",\"url\":\"https:\/\/secure.gravatar.com\/avatar\/ca004e6cba8462b8cb7abc86e382930c?s=96&d=mm&r=g\",\"contentUrl\":\"https:\/\/secure.gravatar.com\/avatar\/ca004e6cba8462b8cb7abc86e382930c?s=96&d=mm&r=g\",\"caption\":\"admin\"}}]}<\/script>\n<!-- \/ Yoast SEO plugin. -->","yoast_head_json":{"title":"Lo condenan a 50 a\u00f1os de prisi\u00f3n por el delito de secuestro en Ixtapaluca - Volcanes","robots":{"index":"index","follow":"follow","max-snippet":"max-snippet:-1","max-image-preview":"max-image-preview:large","max-video-preview":"max-video-preview:-1"},"canonical":"https:\/\/volcanes.net\/?p=10697","og_locale":"es_MX","og_type":"article","og_title":"Lo condenan a 50 a\u00f1os de prisi\u00f3n por el delito de secuestro en Ixtapaluca - Volcanes","og_description":"Ixtapaluca, Estado de M\u00e9xico.- El Representante Social de la Fiscal\u00eda Especializada de Secuestro Zona Oriente,","og_url":"https:\/\/volcanes.net\/?p=10697","og_site_name":"Volcanes","article_publisher":"https:\/\/www.facebook.com\/volcanes.net\/","article_published_time":"2021-03-31T23:13:07+00:00","og_image":[{"width":500,"height":685,"url":"https:\/\/volcanes.net\/wp-content\/uploads\/2021\/03\/FOTO-C431.jpg","type":"image\/jpeg"}],"author":"admin","twitter_card":"summary_large_image","twitter_misc":{"Escrito por":"admin","Tiempo de lectura":"2 minutos"},"schema":{"@context":"https:\/\/schema.org","@graph":[{"@type":"Article","@id":"https:\/\/volcanes.net\/?p=10697#article","isPartOf":{"@id":"https:\/\/volcanes.net\/?p=10697"},"author":{"name":"admin","@id":"https:\/\/volcanes.net\/#\/schema\/person\/4bf0f383940966a4abd53f5048c0e6b9"},"headline":"Lo condenan a 50 a\u00f1os de prisi\u00f3n por el delito de secuestro en Ixtapaluca","datePublished":"2021-03-31T23:13:07+00:00","mainEntityOfPage":{"@id":"https:\/\/volcanes.net\/?p=10697"},"wordCount":463,"commentCount":0,"publisher":{"@id":"https:\/\/volcanes.net\/#organization"},"image":{"@id":"https:\/\/volcanes.net\/?p=10697#primaryimage"},"thumbnailUrl":"https:\/\/volcanes.net\/wp-content\/uploads\/2021\/03\/FOTO-C431.jpg","keywords":["Ixtapaluca"],"articleSection":["Municipales"],"inLanguage":"es","potentialAction":[{"@type":"CommentAction","name":"Comment","target":["https:\/\/volcanes.net\/?p=10697#respond"]}]},{"@type":"WebPage","@id":"https:\/\/volcanes.net\/?p=10697","url":"https:\/\/volcanes.net\/?p=10697","name":"Lo condenan a 50 a\u00f1os de prisi\u00f3n por el delito de secuestro en Ixtapaluca - Volcanes","isPartOf":{"@id":"https:\/\/volcanes.net\/#website"},"primaryImageOfPage":{"@id":"https:\/\/volcanes.net\/?p=10697#primaryimage"},"image":{"@id":"https:\/\/volcanes.net\/?p=10697#primaryimage"},"thumbnailUrl":"https:\/\/volcanes.net\/wp-content\/uploads\/2021\/03\/FOTO-C431.jpg","datePublished":"2021-03-31T23:13:07+00:00","breadcrumb":{"@id":"https:\/\/volcanes.net\/?p=10697#breadcrumb"},"inLanguage":"es","potentialAction":[{"@type":"ReadAction","target":["https:\/\/volcanes.net\/?p=10697"]}]},{"@type":"ImageObject","inLanguage":"es","@id":"https:\/\/volcanes.net\/?p=10697#primaryimage","url":"https:\/\/volcanes.net\/wp-content\/uploads\/2021\/03\/FOTO-C431.jpg","contentUrl":"https:\/\/volcanes.net\/wp-content\/uploads\/2021\/03\/FOTO-C431.jpg","width":500,"height":685},{"@type":"BreadcrumbList","@id":"https:\/\/volcanes.net\/?p=10697#breadcrumb","itemListElement":[{"@type":"ListItem","position":1,"name":"Portada","item":"https:\/\/volcanes.net\/"},{"@type":"ListItem","position":2,"name":"Lo condenan a 50 a\u00f1os de prisi\u00f3n por el delito de secuestro en Ixtapaluca"}]},{"@type":"WebSite","@id":"https:\/\/volcanes.net\/#website","url":"https:\/\/volcanes.net\/","name":"Volcanes.Net","description":"Periodismo Profesional","publisher":{"@id":"https:\/\/volcanes.net\/#organization"},"potentialAction":[{"@type":"SearchAction","target":{"@type":"EntryPoint","urlTemplate":"https:\/\/volcanes.net\/?s={search_term_string}"},"query-input":{"@type":"PropertyValueSpecification","valueRequired":true,"valueName":"search_term_string"}}],"inLanguage":"es"},{"@type":"Organization","@id":"https:\/\/volcanes.net\/#organization","name":"Grupo Volcanes","url":"https:\/\/volcanes.net\/","logo":{"@type":"ImageObject","inLanguage":"es","@id":"https:\/\/volcanes.net\/#\/schema\/logo\/image\/","url":"http:\/\/volcanes.net\/wp-content\/uploads\/2017\/12\/Avatar2.jpg","contentUrl":"http:\/\/volcanes.net\/wp-content\/uploads\/2017\/12\/Avatar2.jpg","width":378,"height":378,"caption":"Grupo Volcanes"},"image":{"@id":"https:\/\/volcanes.net\/#\/schema\/logo\/image\/"},"sameAs":["https:\/\/www.facebook.com\/volcanes.net\/"]},{"@type":"Person","@id":"https:\/\/volcanes.net\/#\/schema\/person\/4bf0f383940966a4abd53f5048c0e6b9","name":"admin","image":{"@type":"ImageObject","inLanguage":"es","@id":"https:\/\/volcanes.net\/#\/schema\/person\/image\/","url":"https:\/\/secure.gravatar.com\/avatar\/ca004e6cba8462b8cb7abc86e382930c?s=96&d=mm&r=g","contentUrl":"https:\/\/secure.gravatar.com\/avatar\/ca004e6cba8462b8cb7abc86e382930c?s=96&d=mm&r=g","caption":"admin"}}]}},"_links":{"self":[{"href":"https:\/\/volcanes.net\/index.php?rest_route=\/wp\/v2\/posts\/10697"}],"collection":[{"href":"https:\/\/volcanes.net\/index.php?rest_route=\/wp\/v2\/posts"}],"about":[{"href":"https:\/\/volcanes.net\/index.php?rest_route=\/wp\/v2\/types\/post"}],"author":[{"embeddable":true,"href":"https:\/\/volcanes.net\/index.php?rest_route=\/wp\/v2\/users\/1"}],"replies":[{"embeddable":true,"href":"https:\/\/volcanes.net\/index.php?rest_route=%2Fwp%2Fv2%2Fcomments&post=10697"}],"version-history":[{"count":1,"href":"https:\/\/volcanes.net\/index.php?rest_route=\/wp\/v2\/posts\/10697\/revisions"}],"predecessor-version":[{"id":10699,"href":"https:\/\/volcanes.net\/index.php?rest_route=\/wp\/v2\/posts\/10697\/revisions\/10699"}],"wp:featuredmedia":[{"embeddable":true,"href":"https:\/\/volcanes.net\/index.php?rest_route=\/wp\/v2\/media\/10698"}],"wp:attachment":[{"href":"https:\/\/volcanes.net\/index.php?rest_route=%2Fwp%2Fv2%2Fmedia&parent=10697"}],"wp:term":[{"taxonomy":"category","embeddable":true,"href":"https:\/\/volcanes.net\/index.php?rest_route=%2Fwp%2Fv2%2Fcategories&post=10697"},{"taxonomy":"post_tag","embeddable":true,"href":"https:\/\/volcanes.net\/index.php?rest_route=%2Fwp%2Fv2%2Ftags&post=10697"}],"curies":[{"name":"wp","href":"https:\/\/api.w.org\/{rel}","templated":true}]}}