{"id":10706,"date":"2021-04-03T15:17:29","date_gmt":"2021-04-03T21:17:29","guid":{"rendered":"http:\/\/volcanes.net\/?p=10706"},"modified":"2021-04-03T15:17:29","modified_gmt":"2021-04-03T21:17:29","slug":"realizaran-primer-foro-virtual-de-proteccion-y-bienestar-animal-en-ixtapaluca","status":"publish","type":"post","link":"https:\/\/volcanes.net\/?p=10706","title":{"rendered":"Realizar\u00e1n Primer Foro virtual de Protecci\u00f3n y Bienestar Animal en Ixtapaluca"},"content":{"rendered":"<div style=\"margin-top: 0px; margin-bottom: 0px;\" class=\"sharethis-inline-share-buttons\" ><\/div><div dir=\"auto\">\n<div dir=\"auto\">Ixtapaluca, Estado de M\u00e9xico.-Continuando con el compromiso para combatir el maltrato animal en el municipio, la Subdirecci\u00f3n de Ecolog\u00eda, realizar\u00e1 su \u201cPrimer Foro virtual de Protecci\u00f3n y Bienestar animal\u201d, el pr\u00f3ximo jueves 15 de abril, a trav\u00e9s de la plataforma Zoom.<\/div>\n<div dir=\"auto\"><\/div>\n<div dir=\"auto\">En este foro habr\u00e1 especialistas y activistas sociales que compartir\u00e1n con los asistentes la necesidad de erradicar el maltrato animal,\u00a0 con la implementaci\u00f3n de diferentes estrategias p\u00fablicas bien estructuradas.<\/div>\n<div dir=\"auto\"><\/div>\n<div dir=\"auto\">Esta pl\u00e1tica se suma a las acciones realizadas previamente como el marat\u00f3n virtual \u201cPerrot\u00f3n\u201d y la campa\u00f1a alimentaria \u201cUn alimento, una caricia\u201d cuyo objetivo es hacer conciencia sobre la responsabilidad que conlleva tener una mascota.<\/div>\n<div dir=\"auto\"><\/div>\n<div dir=\"auto\">Para inscribirse y ser part\u00edcipe en el foro, se tendr\u00e1 que enviar un correo a\u00a0<a href=\"mailto:ecologiaixtapaluca1921@gmail.com\" target=\"_blank\" rel=\"noopener noreferrer\">ecologiaixtapaluca1921@gmail.<wbr \/>com<\/a>\u00a0en donde se otorgar\u00e1 el link de acceso para la conferencia, sin embargo, solo se contar\u00e1 con 80 asistentes, ya que el cupo ser\u00e1 limitado.<\/div>\n<div dir=\"auto\"><\/div>\n<div dir=\"auto\">Eynar Vel\u00e1zquez Segoviano, subdirector de Ecolog\u00eda, hizo extensiva la invitaci\u00f3n a este tipo de eventos, dado que se realizan para crear solidaridad con las mascotas, as\u00ed como la importancia de los cuidados, d\u00e1ndoles alimento, vacunaci\u00f3n y evitar abandonarlos.<\/div>\n<div dir=\"auto\"><\/div>\n<div dir=\"auto\">La subdirecci\u00f3n constantemente informa acerca de los delitos que se cometen de forma m\u00e1s com\u00fan contra los animales. Ante cualquier denuncia, comun\u00edcate al 8007028770 de la Fiscal\u00eda General de Justicia del Estado de M\u00e9xico, o a la subdirecci\u00f3n al 26 06 73 27, extensi\u00f3n: 2084.<\/div>\n<\/div>\n<div class=\"yj6qo\"><\/div>\n<div class=\"adL\"><\/div>\n","protected":false},"excerpt":{"rendered":"<p>Ixtapaluca, Estado de M\u00e9xico.-Continuando con el compromiso para combatir el maltrato animal en el municipio,<\/p>\n","protected":false},"author":1,"featured_media":10707,"comment_status":"open","ping_status":"open","sticky":false,"template":"","format":"standard","meta":{"footnotes":""},"categories":[1],"tags":[6],"class_list":["post-10706","post","type-post","status-publish","format-standard","has-post-thumbnail","hentry","category-municipales","tag-ixtapaluca"],"yoast_head":"<!-- This site is optimized with the Yoast SEO plugin v25.3 - https:\/\/yoast.com\/wordpress\/plugins\/seo\/ -->\n<title>Realizar\u00e1n Primer Foro virtual de Protecci\u00f3n y Bienestar Animal en Ixtapaluca - Volcanes<\/title>\n<meta name=\"robots\" content=\"index, follow, max-snippet:-1, max-image-preview:large, max-video-preview:-1\" \/>\n<link rel=\"canonical\" href=\"https:\/\/volcanes.net\/?p=10706\" \/>\n<meta property=\"og:locale\" content=\"es_MX\" \/>\n<meta property=\"og:type\" content=\"article\" \/>\n<meta property=\"og:title\" content=\"Realizar\u00e1n Primer Foro virtual de Protecci\u00f3n y Bienestar Animal en Ixtapaluca - Volcanes\" \/>\n<meta property=\"og:description\" content=\"Ixtapaluca, Estado de M\u00e9xico.-Continuando con el compromiso para combatir el maltrato animal en el municipio,\" \/>\n<meta property=\"og:url\" content=\"https:\/\/volcanes.net\/?p=10706\" \/>\n<meta property=\"og:site_name\" content=\"Volcanes\" \/>\n<meta property=\"article:publisher\" content=\"https:\/\/www.facebook.com\/volcanes.net\/\" \/>\n<meta property=\"article:published_time\" content=\"2021-04-03T21:17:29+00:00\" \/>\n<meta property=\"og:image\" content=\"https:\/\/volcanes.net\/wp-content\/uploads\/2021\/04\/SE-PARTE-DEL-PRIMER-FORO-CONTRA-EL-MALTRATO-ANIMAL-01-1200x675-1.jpg\" \/>\n\t<meta property=\"og:image:width\" content=\"1200\" \/>\n\t<meta property=\"og:image:height\" content=\"675\" \/>\n\t<meta property=\"og:image:type\" content=\"image\/jpeg\" \/>\n<meta name=\"author\" content=\"admin\" \/>\n<meta name=\"twitter:card\" content=\"summary_large_image\" \/>\n<meta name=\"twitter:label1\" content=\"Escrito por\" \/>\n\t<meta name=\"twitter:data1\" content=\"admin\" \/>\n\t<meta name=\"twitter:label2\" content=\"Tiempo de lectura\" \/>\n\t<meta name=\"twitter:data2\" content=\"1 minuto\" \/>\n<script type=\"application\/ld+json\" class=\"yoast-schema-graph\">{\"@context\":\"https:\/\/schema.org\",\"@graph\":[{\"@type\":\"Article\",\"@id\":\"https:\/\/volcanes.net\/?p=10706#article\",\"isPartOf\":{\"@id\":\"https:\/\/volcanes.net\/?p=10706\"},\"author\":{\"name\":\"admin\",\"@id\":\"https:\/\/volcanes.net\/#\/schema\/person\/4bf0f383940966a4abd53f5048c0e6b9\"},\"headline\":\"Realizar\u00e1n Primer Foro virtual de Protecci\u00f3n y Bienestar Animal en Ixtapaluca\",\"datePublished\":\"2021-04-03T21:17:29+00:00\",\"mainEntityOfPage\":{\"@id\":\"https:\/\/volcanes.net\/?p=10706\"},\"wordCount\":264,\"commentCount\":0,\"publisher\":{\"@id\":\"https:\/\/volcanes.net\/#organization\"},\"image\":{\"@id\":\"https:\/\/volcanes.net\/?p=10706#primaryimage\"},\"thumbnailUrl\":\"https:\/\/volcanes.net\/wp-content\/uploads\/2021\/04\/SE-PARTE-DEL-PRIMER-FORO-CONTRA-EL-MALTRATO-ANIMAL-01-1200x675-1.jpg\",\"keywords\":[\"Ixtapaluca\"],\"articleSection\":[\"Municipales\"],\"inLanguage\":\"es\",\"potentialAction\":[{\"@type\":\"CommentAction\",\"name\":\"Comment\",\"target\":[\"https:\/\/volcanes.net\/?p=10706#respond\"]}]},{\"@type\":\"WebPage\",\"@id\":\"https:\/\/volcanes.net\/?p=10706\",\"url\":\"https:\/\/volcanes.net\/?p=10706\",\"name\":\"Realizar\u00e1n Primer Foro virtual de Protecci\u00f3n y Bienestar Animal en Ixtapaluca - Volcanes\",\"isPartOf\":{\"@id\":\"https:\/\/volcanes.net\/#website\"},\"primaryImageOfPage\":{\"@id\":\"https:\/\/volcanes.net\/?p=10706#primaryimage\"},\"image\":{\"@id\":\"https:\/\/volcanes.net\/?p=10706#primaryimage\"},\"thumbnailUrl\":\"https:\/\/volcanes.net\/wp-content\/uploads\/2021\/04\/SE-PARTE-DEL-PRIMER-FORO-CONTRA-EL-MALTRATO-ANIMAL-01-1200x675-1.jpg\",\"datePublished\":\"2021-04-03T21:17:29+00:00\",\"breadcrumb\":{\"@id\":\"https:\/\/volcanes.net\/?p=10706#breadcrumb\"},\"inLanguage\":\"es\",\"potentialAction\":[{\"@type\":\"ReadAction\",\"target\":[\"https:\/\/volcanes.net\/?p=10706\"]}]},{\"@type\":\"ImageObject\",\"inLanguage\":\"es\",\"@id\":\"https:\/\/volcanes.net\/?p=10706#primaryimage\",\"url\":\"https:\/\/volcanes.net\/wp-content\/uploads\/2021\/04\/SE-PARTE-DEL-PRIMER-FORO-CONTRA-EL-MALTRATO-ANIMAL-01-1200x675-1.jpg\",\"contentUrl\":\"https:\/\/volcanes.net\/wp-content\/uploads\/2021\/04\/SE-PARTE-DEL-PRIMER-FORO-CONTRA-EL-MALTRATO-ANIMAL-01-1200x675-1.jpg\",\"width\":1200,\"height\":675},{\"@type\":\"BreadcrumbList\",\"@id\":\"https:\/\/volcanes.net\/?p=10706#breadcrumb\",\"itemListElement\":[{\"@type\":\"ListItem\",\"position\":1,\"name\":\"Portada\",\"item\":\"https:\/\/volcanes.net\/\"},{\"@type\":\"ListItem\",\"position\":2,\"name\":\"Realizar\u00e1n Primer Foro virtual de Protecci\u00f3n y Bienestar Animal en Ixtapaluca\"}]},{\"@type\":\"WebSite\",\"@id\":\"https:\/\/volcanes.net\/#website\",\"url\":\"https:\/\/volcanes.net\/\",\"name\":\"Volcanes.Net\",\"description\":\"Periodismo Profesional\",\"publisher\":{\"@id\":\"https:\/\/volcanes.net\/#organization\"},\"potentialAction\":[{\"@type\":\"SearchAction\",\"target\":{\"@type\":\"EntryPoint\",\"urlTemplate\":\"https:\/\/volcanes.net\/?s={search_term_string}\"},\"query-input\":{\"@type\":\"PropertyValueSpecification\",\"valueRequired\":true,\"valueName\":\"search_term_string\"}}],\"inLanguage\":\"es\"},{\"@type\":\"Organization\",\"@id\":\"https:\/\/volcanes.net\/#organization\",\"name\":\"Grupo Volcanes\",\"url\":\"https:\/\/volcanes.net\/\",\"logo\":{\"@type\":\"ImageObject\",\"inLanguage\":\"es\",\"@id\":\"https:\/\/volcanes.net\/#\/schema\/logo\/image\/\",\"url\":\"http:\/\/volcanes.net\/wp-content\/uploads\/2017\/12\/Avatar2.jpg\",\"contentUrl\":\"http:\/\/volcanes.net\/wp-content\/uploads\/2017\/12\/Avatar2.jpg\",\"width\":378,\"height\":378,\"caption\":\"Grupo Volcanes\"},\"image\":{\"@id\":\"https:\/\/volcanes.net\/#\/schema\/logo\/image\/\"},\"sameAs\":[\"https:\/\/www.facebook.com\/volcanes.net\/\"]},{\"@type\":\"Person\",\"@id\":\"https:\/\/volcanes.net\/#\/schema\/person\/4bf0f383940966a4abd53f5048c0e6b9\",\"name\":\"admin\",\"image\":{\"@type\":\"ImageObject\",\"inLanguage\":\"es\",\"@id\":\"https:\/\/volcanes.net\/#\/schema\/person\/image\/\",\"url\":\"https:\/\/secure.gravatar.com\/avatar\/ca004e6cba8462b8cb7abc86e382930c?s=96&d=mm&r=g\",\"contentUrl\":\"https:\/\/secure.gravatar.com\/avatar\/ca004e6cba8462b8cb7abc86e382930c?s=96&d=mm&r=g\",\"caption\":\"admin\"}}]}<\/script>\n<!-- \/ Yoast SEO plugin. -->","yoast_head_json":{"title":"Realizar\u00e1n Primer Foro virtual de Protecci\u00f3n y Bienestar Animal en Ixtapaluca - Volcanes","robots":{"index":"index","follow":"follow","max-snippet":"max-snippet:-1","max-image-preview":"max-image-preview:large","max-video-preview":"max-video-preview:-1"},"canonical":"https:\/\/volcanes.net\/?p=10706","og_locale":"es_MX","og_type":"article","og_title":"Realizar\u00e1n Primer Foro virtual de Protecci\u00f3n y Bienestar Animal en Ixtapaluca - Volcanes","og_description":"Ixtapaluca, Estado de M\u00e9xico.-Continuando con el compromiso para combatir el maltrato animal en el municipio,","og_url":"https:\/\/volcanes.net\/?p=10706","og_site_name":"Volcanes","article_publisher":"https:\/\/www.facebook.com\/volcanes.net\/","article_published_time":"2021-04-03T21:17:29+00:00","og_image":[{"width":1200,"height":675,"url":"https:\/\/volcanes.net\/wp-content\/uploads\/2021\/04\/SE-PARTE-DEL-PRIMER-FORO-CONTRA-EL-MALTRATO-ANIMAL-01-1200x675-1.jpg","type":"image\/jpeg"}],"author":"admin","twitter_card":"summary_large_image","twitter_misc":{"Escrito por":"admin","Tiempo de lectura":"1 minuto"},"schema":{"@context":"https:\/\/schema.org","@graph":[{"@type":"Article","@id":"https:\/\/volcanes.net\/?p=10706#article","isPartOf":{"@id":"https:\/\/volcanes.net\/?p=10706"},"author":{"name":"admin","@id":"https:\/\/volcanes.net\/#\/schema\/person\/4bf0f383940966a4abd53f5048c0e6b9"},"headline":"Realizar\u00e1n Primer Foro virtual de Protecci\u00f3n y Bienestar Animal en Ixtapaluca","datePublished":"2021-04-03T21:17:29+00:00","mainEntityOfPage":{"@id":"https:\/\/volcanes.net\/?p=10706"},"wordCount":264,"commentCount":0,"publisher":{"@id":"https:\/\/volcanes.net\/#organization"},"image":{"@id":"https:\/\/volcanes.net\/?p=10706#primaryimage"},"thumbnailUrl":"https:\/\/volcanes.net\/wp-content\/uploads\/2021\/04\/SE-PARTE-DEL-PRIMER-FORO-CONTRA-EL-MALTRATO-ANIMAL-01-1200x675-1.jpg","keywords":["Ixtapaluca"],"articleSection":["Municipales"],"inLanguage":"es","potentialAction":[{"@type":"CommentAction","name":"Comment","target":["https:\/\/volcanes.net\/?p=10706#respond"]}]},{"@type":"WebPage","@id":"https:\/\/volcanes.net\/?p=10706","url":"https:\/\/volcanes.net\/?p=10706","name":"Realizar\u00e1n Primer Foro virtual de Protecci\u00f3n y Bienestar Animal en Ixtapaluca - Volcanes","isPartOf":{"@id":"https:\/\/volcanes.net\/#website"},"primaryImageOfPage":{"@id":"https:\/\/volcanes.net\/?p=10706#primaryimage"},"image":{"@id":"https:\/\/volcanes.net\/?p=10706#primaryimage"},"thumbnailUrl":"https:\/\/volcanes.net\/wp-content\/uploads\/2021\/04\/SE-PARTE-DEL-PRIMER-FORO-CONTRA-EL-MALTRATO-ANIMAL-01-1200x675-1.jpg","datePublished":"2021-04-03T21:17:29+00:00","breadcrumb":{"@id":"https:\/\/volcanes.net\/?p=10706#breadcrumb"},"inLanguage":"es","potentialAction":[{"@type":"ReadAction","target":["https:\/\/volcanes.net\/?p=10706"]}]},{"@type":"ImageObject","inLanguage":"es","@id":"https:\/\/volcanes.net\/?p=10706#primaryimage","url":"https:\/\/volcanes.net\/wp-content\/uploads\/2021\/04\/SE-PARTE-DEL-PRIMER-FORO-CONTRA-EL-MALTRATO-ANIMAL-01-1200x675-1.jpg","contentUrl":"https:\/\/volcanes.net\/wp-content\/uploads\/2021\/04\/SE-PARTE-DEL-PRIMER-FORO-CONTRA-EL-MALTRATO-ANIMAL-01-1200x675-1.jpg","width":1200,"height":675},{"@type":"BreadcrumbList","@id":"https:\/\/volcanes.net\/?p=10706#breadcrumb","itemListElement":[{"@type":"ListItem","position":1,"name":"Portada","item":"https:\/\/volcanes.net\/"},{"@type":"ListItem","position":2,"name":"Realizar\u00e1n Primer Foro virtual de Protecci\u00f3n y Bienestar Animal en Ixtapaluca"}]},{"@type":"WebSite","@id":"https:\/\/volcanes.net\/#website","url":"https:\/\/volcanes.net\/","name":"Volcanes.Net","description":"Periodismo Profesional","publisher":{"@id":"https:\/\/volcanes.net\/#organization"},"potentialAction":[{"@type":"SearchAction","target":{"@type":"EntryPoint","urlTemplate":"https:\/\/volcanes.net\/?s={search_term_string}"},"query-input":{"@type":"PropertyValueSpecification","valueRequired":true,"valueName":"search_term_string"}}],"inLanguage":"es"},{"@type":"Organization","@id":"https:\/\/volcanes.net\/#organization","name":"Grupo Volcanes","url":"https:\/\/volcanes.net\/","logo":{"@type":"ImageObject","inLanguage":"es","@id":"https:\/\/volcanes.net\/#\/schema\/logo\/image\/","url":"http:\/\/volcanes.net\/wp-content\/uploads\/2017\/12\/Avatar2.jpg","contentUrl":"http:\/\/volcanes.net\/wp-content\/uploads\/2017\/12\/Avatar2.jpg","width":378,"height":378,"caption":"Grupo Volcanes"},"image":{"@id":"https:\/\/volcanes.net\/#\/schema\/logo\/image\/"},"sameAs":["https:\/\/www.facebook.com\/volcanes.net\/"]},{"@type":"Person","@id":"https:\/\/volcanes.net\/#\/schema\/person\/4bf0f383940966a4abd53f5048c0e6b9","name":"admin","image":{"@type":"ImageObject","inLanguage":"es","@id":"https:\/\/volcanes.net\/#\/schema\/person\/image\/","url":"https:\/\/secure.gravatar.com\/avatar\/ca004e6cba8462b8cb7abc86e382930c?s=96&d=mm&r=g","contentUrl":"https:\/\/secure.gravatar.com\/avatar\/ca004e6cba8462b8cb7abc86e382930c?s=96&d=mm&r=g","caption":"admin"}}]}},"_links":{"self":[{"href":"https:\/\/volcanes.net\/index.php?rest_route=\/wp\/v2\/posts\/10706"}],"collection":[{"href":"https:\/\/volcanes.net\/index.php?rest_route=\/wp\/v2\/posts"}],"about":[{"href":"https:\/\/volcanes.net\/index.php?rest_route=\/wp\/v2\/types\/post"}],"author":[{"embeddable":true,"href":"https:\/\/volcanes.net\/index.php?rest_route=\/wp\/v2\/users\/1"}],"replies":[{"embeddable":true,"href":"https:\/\/volcanes.net\/index.php?rest_route=%2Fwp%2Fv2%2Fcomments&post=10706"}],"version-history":[{"count":1,"href":"https:\/\/volcanes.net\/index.php?rest_route=\/wp\/v2\/posts\/10706\/revisions"}],"predecessor-version":[{"id":10708,"href":"https:\/\/volcanes.net\/index.php?rest_route=\/wp\/v2\/posts\/10706\/revisions\/10708"}],"wp:featuredmedia":[{"embeddable":true,"href":"https:\/\/volcanes.net\/index.php?rest_route=\/wp\/v2\/media\/10707"}],"wp:attachment":[{"href":"https:\/\/volcanes.net\/index.php?rest_route=%2Fwp%2Fv2%2Fmedia&parent=10706"}],"wp:term":[{"taxonomy":"category","embeddable":true,"href":"https:\/\/volcanes.net\/index.php?rest_route=%2Fwp%2Fv2%2Fcategories&post=10706"},{"taxonomy":"post_tag","embeddable":true,"href":"https:\/\/volcanes.net\/index.php?rest_route=%2Fwp%2Fv2%2Ftags&post=10706"}],"curies":[{"name":"wp","href":"https:\/\/api.w.org\/{rel}","templated":true}]}}