{"id":1071,"date":"2018-02-07T01:06:38","date_gmt":"2018-02-07T01:06:38","guid":{"rendered":"http:\/\/volcanes.net\/?p=1071"},"modified":"2018-02-07T01:06:38","modified_gmt":"2018-02-07T01:06:38","slug":"parque-ecologico-zacango-cuida-a-sus-huespedes","status":"publish","type":"post","link":"https:\/\/volcanes.net\/?p=1071","title":{"rendered":"Parque Ecol\u00f3gico Zacango cuida a sus hu\u00e9spedes"},"content":{"rendered":"<div style=\"margin-top: 0px; margin-bottom: 0px;\" class=\"sharethis-inline-share-buttons\" ><\/div><p>Por las bajas temperaturas registradas en el Valle de Toluca, el personal del Parque Ecol\u00f3gico \u201cZacango\u201d dio cobijas a la familia de grandes primates que habitan en este lugar. Dichas medidas forman parte del Programa de Invierno que tiene el parque para que los animales no sufran fr\u00edo ante las bajas temperaturas de la temporada.<\/p>\n<p>Estos primates, entre los que se encuentran tres chimpanc\u00e9s de nombre \u201cRebeca\u201d, \u201cCristina\u201d y \u201cJudo\u201d, el orangut\u00e1n \u201cEl G\u00fcero\u201d y la gorila \u201cArila\u201d, s\u00f3lo salen de sus dormitorios hasta las 10:30 horas.<\/p>\n<p>Al respecto, Carlos G\u00f3mez, Jefe del \u00c1rea de Bienestar Animal de Zacango, coment\u00f3 que, adem\u00e1s, los primates cuentan con un sistema de calefacci\u00f3n y humidificador dentro de sus dormitorios lo que les brinda temperaturas de 22 a 23 grados cent\u00edgrados como m\u00ednimo y humedad entre el 55 y 60 por ciento.<\/p>\n<p>El Programa de Invierno en Zacango comienza a finales de octubre e incluye a los primates neotropicales, grandes primates, elefantes, jirafas y rinocerontes. El plan incluye tambi\u00e9n alimentaci\u00f3n especial que incluye una dieta rica en vitaminas \u201cA\u201d y \u201cC\u201d para fortalecer el sistema inmunol\u00f3gico, un sistema t\u00e9rmico con calefactores de resistencia y de aceite y con niveles de humedad adecuados a la biolog\u00eda de cada especie, adem\u00e1s de medicina preventiva prolongada hasta los meses de febrero y marzo.<\/p>\n<p>Carlos G\u00f3mez explic\u00f3 que existe diferencia entre el umbral de sensibilidad de algunas especies comparado al del ser humano, por lo que a familias como los grandes felinos, que cuentan con camas de madera y cortinas en sus \u201ccasas de noche\u201d, se les da la opci\u00f3n de dejar la puerta abierta de sus dormitorios al exhibidor para que decidan entrar o no.<\/p>\n","protected":false},"excerpt":{"rendered":"<p>Por las bajas temperaturas registradas en el Valle de Toluca, el personal del Parque Ecol\u00f3gico<\/p>\n","protected":false},"author":1,"featured_media":1072,"comment_status":"open","ping_status":"open","sticky":false,"template":"","format":"standard","meta":{"footnotes":""},"categories":[1],"tags":[],"class_list":["post-1071","post","type-post","status-publish","format-standard","has-post-thumbnail","hentry","category-municipales"],"yoast_head":"<!-- This site is optimized with the Yoast SEO plugin v25.3 - https:\/\/yoast.com\/wordpress\/plugins\/seo\/ -->\n<title>Parque Ecol\u00f3gico Zacango cuida a sus hu\u00e9spedes - Volcanes<\/title>\n<meta name=\"robots\" content=\"index, follow, max-snippet:-1, max-image-preview:large, max-video-preview:-1\" \/>\n<link rel=\"canonical\" href=\"https:\/\/volcanes.net\/?p=1071\" \/>\n<meta property=\"og:locale\" content=\"es_MX\" \/>\n<meta property=\"og:type\" content=\"article\" \/>\n<meta property=\"og:title\" content=\"Parque Ecol\u00f3gico Zacango cuida a sus hu\u00e9spedes - Volcanes\" \/>\n<meta property=\"og:description\" content=\"Por las bajas temperaturas registradas en el Valle de Toluca, el personal del Parque Ecol\u00f3gico\" \/>\n<meta property=\"og:url\" content=\"https:\/\/volcanes.net\/?p=1071\" \/>\n<meta property=\"og:site_name\" content=\"Volcanes\" \/>\n<meta property=\"article:publisher\" content=\"https:\/\/www.facebook.com\/volcanes.net\/\" \/>\n<meta property=\"article:published_time\" content=\"2018-02-07T01:06:38+00:00\" \/>\n<meta property=\"og:image\" content=\"https:\/\/volcanes.net\/wp-content\/uploads\/2018\/02\/arila.jpg\" \/>\n\t<meta property=\"og:image:width\" content=\"448\" \/>\n\t<meta property=\"og:image:height\" content=\"248\" \/>\n\t<meta property=\"og:image:type\" content=\"image\/jpeg\" \/>\n<meta name=\"author\" content=\"admin\" \/>\n<meta name=\"twitter:card\" content=\"summary_large_image\" \/>\n<meta name=\"twitter:label1\" content=\"Escrito por\" \/>\n\t<meta name=\"twitter:data1\" content=\"admin\" \/>\n\t<meta name=\"twitter:label2\" content=\"Tiempo de lectura\" \/>\n\t<meta name=\"twitter:data2\" content=\"1 minuto\" \/>\n<script type=\"application\/ld+json\" class=\"yoast-schema-graph\">{\"@context\":\"https:\/\/schema.org\",\"@graph\":[{\"@type\":\"Article\",\"@id\":\"https:\/\/volcanes.net\/?p=1071#article\",\"isPartOf\":{\"@id\":\"https:\/\/volcanes.net\/?p=1071\"},\"author\":{\"name\":\"admin\",\"@id\":\"https:\/\/volcanes.net\/#\/schema\/person\/4bf0f383940966a4abd53f5048c0e6b9\"},\"headline\":\"Parque Ecol\u00f3gico Zacango cuida a sus hu\u00e9spedes\",\"datePublished\":\"2018-02-07T01:06:38+00:00\",\"mainEntityOfPage\":{\"@id\":\"https:\/\/volcanes.net\/?p=1071\"},\"wordCount\":301,\"commentCount\":0,\"publisher\":{\"@id\":\"https:\/\/volcanes.net\/#organization\"},\"image\":{\"@id\":\"https:\/\/volcanes.net\/?p=1071#primaryimage\"},\"thumbnailUrl\":\"https:\/\/volcanes.net\/wp-content\/uploads\/2018\/02\/arila.jpg\",\"articleSection\":[\"Municipales\"],\"inLanguage\":\"es\",\"potentialAction\":[{\"@type\":\"CommentAction\",\"name\":\"Comment\",\"target\":[\"https:\/\/volcanes.net\/?p=1071#respond\"]}]},{\"@type\":\"WebPage\",\"@id\":\"https:\/\/volcanes.net\/?p=1071\",\"url\":\"https:\/\/volcanes.net\/?p=1071\",\"name\":\"Parque Ecol\u00f3gico Zacango cuida a sus hu\u00e9spedes - Volcanes\",\"isPartOf\":{\"@id\":\"https:\/\/volcanes.net\/#website\"},\"primaryImageOfPage\":{\"@id\":\"https:\/\/volcanes.net\/?p=1071#primaryimage\"},\"image\":{\"@id\":\"https:\/\/volcanes.net\/?p=1071#primaryimage\"},\"thumbnailUrl\":\"https:\/\/volcanes.net\/wp-content\/uploads\/2018\/02\/arila.jpg\",\"datePublished\":\"2018-02-07T01:06:38+00:00\",\"breadcrumb\":{\"@id\":\"https:\/\/volcanes.net\/?p=1071#breadcrumb\"},\"inLanguage\":\"es\",\"potentialAction\":[{\"@type\":\"ReadAction\",\"target\":[\"https:\/\/volcanes.net\/?p=1071\"]}]},{\"@type\":\"ImageObject\",\"inLanguage\":\"es\",\"@id\":\"https:\/\/volcanes.net\/?p=1071#primaryimage\",\"url\":\"https:\/\/volcanes.net\/wp-content\/uploads\/2018\/02\/arila.jpg\",\"contentUrl\":\"https:\/\/volcanes.net\/wp-content\/uploads\/2018\/02\/arila.jpg\",\"width\":448,\"height\":248},{\"@type\":\"BreadcrumbList\",\"@id\":\"https:\/\/volcanes.net\/?p=1071#breadcrumb\",\"itemListElement\":[{\"@type\":\"ListItem\",\"position\":1,\"name\":\"Portada\",\"item\":\"https:\/\/volcanes.net\/\"},{\"@type\":\"ListItem\",\"position\":2,\"name\":\"Parque Ecol\u00f3gico Zacango cuida a sus hu\u00e9spedes\"}]},{\"@type\":\"WebSite\",\"@id\":\"https:\/\/volcanes.net\/#website\",\"url\":\"https:\/\/volcanes.net\/\",\"name\":\"Volcanes.Net\",\"description\":\"Periodismo Profesional\",\"publisher\":{\"@id\":\"https:\/\/volcanes.net\/#organization\"},\"potentialAction\":[{\"@type\":\"SearchAction\",\"target\":{\"@type\":\"EntryPoint\",\"urlTemplate\":\"https:\/\/volcanes.net\/?s={search_term_string}\"},\"query-input\":{\"@type\":\"PropertyValueSpecification\",\"valueRequired\":true,\"valueName\":\"search_term_string\"}}],\"inLanguage\":\"es\"},{\"@type\":\"Organization\",\"@id\":\"https:\/\/volcanes.net\/#organization\",\"name\":\"Grupo Volcanes\",\"url\":\"https:\/\/volcanes.net\/\",\"logo\":{\"@type\":\"ImageObject\",\"inLanguage\":\"es\",\"@id\":\"https:\/\/volcanes.net\/#\/schema\/logo\/image\/\",\"url\":\"http:\/\/volcanes.net\/wp-content\/uploads\/2017\/12\/Avatar2.jpg\",\"contentUrl\":\"http:\/\/volcanes.net\/wp-content\/uploads\/2017\/12\/Avatar2.jpg\",\"width\":378,\"height\":378,\"caption\":\"Grupo Volcanes\"},\"image\":{\"@id\":\"https:\/\/volcanes.net\/#\/schema\/logo\/image\/\"},\"sameAs\":[\"https:\/\/www.facebook.com\/volcanes.net\/\"]},{\"@type\":\"Person\",\"@id\":\"https:\/\/volcanes.net\/#\/schema\/person\/4bf0f383940966a4abd53f5048c0e6b9\",\"name\":\"admin\",\"image\":{\"@type\":\"ImageObject\",\"inLanguage\":\"es\",\"@id\":\"https:\/\/volcanes.net\/#\/schema\/person\/image\/\",\"url\":\"https:\/\/secure.gravatar.com\/avatar\/ca004e6cba8462b8cb7abc86e382930c?s=96&d=mm&r=g\",\"contentUrl\":\"https:\/\/secure.gravatar.com\/avatar\/ca004e6cba8462b8cb7abc86e382930c?s=96&d=mm&r=g\",\"caption\":\"admin\"}}]}<\/script>\n<!-- \/ Yoast SEO plugin. -->","yoast_head_json":{"title":"Parque Ecol\u00f3gico Zacango cuida a sus hu\u00e9spedes - Volcanes","robots":{"index":"index","follow":"follow","max-snippet":"max-snippet:-1","max-image-preview":"max-image-preview:large","max-video-preview":"max-video-preview:-1"},"canonical":"https:\/\/volcanes.net\/?p=1071","og_locale":"es_MX","og_type":"article","og_title":"Parque Ecol\u00f3gico Zacango cuida a sus hu\u00e9spedes - Volcanes","og_description":"Por las bajas temperaturas registradas en el Valle de Toluca, el personal del Parque Ecol\u00f3gico","og_url":"https:\/\/volcanes.net\/?p=1071","og_site_name":"Volcanes","article_publisher":"https:\/\/www.facebook.com\/volcanes.net\/","article_published_time":"2018-02-07T01:06:38+00:00","og_image":[{"width":448,"height":248,"url":"https:\/\/volcanes.net\/wp-content\/uploads\/2018\/02\/arila.jpg","type":"image\/jpeg"}],"author":"admin","twitter_card":"summary_large_image","twitter_misc":{"Escrito por":"admin","Tiempo de lectura":"1 minuto"},"schema":{"@context":"https:\/\/schema.org","@graph":[{"@type":"Article","@id":"https:\/\/volcanes.net\/?p=1071#article","isPartOf":{"@id":"https:\/\/volcanes.net\/?p=1071"},"author":{"name":"admin","@id":"https:\/\/volcanes.net\/#\/schema\/person\/4bf0f383940966a4abd53f5048c0e6b9"},"headline":"Parque Ecol\u00f3gico Zacango cuida a sus hu\u00e9spedes","datePublished":"2018-02-07T01:06:38+00:00","mainEntityOfPage":{"@id":"https:\/\/volcanes.net\/?p=1071"},"wordCount":301,"commentCount":0,"publisher":{"@id":"https:\/\/volcanes.net\/#organization"},"image":{"@id":"https:\/\/volcanes.net\/?p=1071#primaryimage"},"thumbnailUrl":"https:\/\/volcanes.net\/wp-content\/uploads\/2018\/02\/arila.jpg","articleSection":["Municipales"],"inLanguage":"es","potentialAction":[{"@type":"CommentAction","name":"Comment","target":["https:\/\/volcanes.net\/?p=1071#respond"]}]},{"@type":"WebPage","@id":"https:\/\/volcanes.net\/?p=1071","url":"https:\/\/volcanes.net\/?p=1071","name":"Parque Ecol\u00f3gico Zacango cuida a sus hu\u00e9spedes - Volcanes","isPartOf":{"@id":"https:\/\/volcanes.net\/#website"},"primaryImageOfPage":{"@id":"https:\/\/volcanes.net\/?p=1071#primaryimage"},"image":{"@id":"https:\/\/volcanes.net\/?p=1071#primaryimage"},"thumbnailUrl":"https:\/\/volcanes.net\/wp-content\/uploads\/2018\/02\/arila.jpg","datePublished":"2018-02-07T01:06:38+00:00","breadcrumb":{"@id":"https:\/\/volcanes.net\/?p=1071#breadcrumb"},"inLanguage":"es","potentialAction":[{"@type":"ReadAction","target":["https:\/\/volcanes.net\/?p=1071"]}]},{"@type":"ImageObject","inLanguage":"es","@id":"https:\/\/volcanes.net\/?p=1071#primaryimage","url":"https:\/\/volcanes.net\/wp-content\/uploads\/2018\/02\/arila.jpg","contentUrl":"https:\/\/volcanes.net\/wp-content\/uploads\/2018\/02\/arila.jpg","width":448,"height":248},{"@type":"BreadcrumbList","@id":"https:\/\/volcanes.net\/?p=1071#breadcrumb","itemListElement":[{"@type":"ListItem","position":1,"name":"Portada","item":"https:\/\/volcanes.net\/"},{"@type":"ListItem","position":2,"name":"Parque Ecol\u00f3gico Zacango cuida a sus hu\u00e9spedes"}]},{"@type":"WebSite","@id":"https:\/\/volcanes.net\/#website","url":"https:\/\/volcanes.net\/","name":"Volcanes.Net","description":"Periodismo Profesional","publisher":{"@id":"https:\/\/volcanes.net\/#organization"},"potentialAction":[{"@type":"SearchAction","target":{"@type":"EntryPoint","urlTemplate":"https:\/\/volcanes.net\/?s={search_term_string}"},"query-input":{"@type":"PropertyValueSpecification","valueRequired":true,"valueName":"search_term_string"}}],"inLanguage":"es"},{"@type":"Organization","@id":"https:\/\/volcanes.net\/#organization","name":"Grupo Volcanes","url":"https:\/\/volcanes.net\/","logo":{"@type":"ImageObject","inLanguage":"es","@id":"https:\/\/volcanes.net\/#\/schema\/logo\/image\/","url":"http:\/\/volcanes.net\/wp-content\/uploads\/2017\/12\/Avatar2.jpg","contentUrl":"http:\/\/volcanes.net\/wp-content\/uploads\/2017\/12\/Avatar2.jpg","width":378,"height":378,"caption":"Grupo Volcanes"},"image":{"@id":"https:\/\/volcanes.net\/#\/schema\/logo\/image\/"},"sameAs":["https:\/\/www.facebook.com\/volcanes.net\/"]},{"@type":"Person","@id":"https:\/\/volcanes.net\/#\/schema\/person\/4bf0f383940966a4abd53f5048c0e6b9","name":"admin","image":{"@type":"ImageObject","inLanguage":"es","@id":"https:\/\/volcanes.net\/#\/schema\/person\/image\/","url":"https:\/\/secure.gravatar.com\/avatar\/ca004e6cba8462b8cb7abc86e382930c?s=96&d=mm&r=g","contentUrl":"https:\/\/secure.gravatar.com\/avatar\/ca004e6cba8462b8cb7abc86e382930c?s=96&d=mm&r=g","caption":"admin"}}]}},"_links":{"self":[{"href":"https:\/\/volcanes.net\/index.php?rest_route=\/wp\/v2\/posts\/1071"}],"collection":[{"href":"https:\/\/volcanes.net\/index.php?rest_route=\/wp\/v2\/posts"}],"about":[{"href":"https:\/\/volcanes.net\/index.php?rest_route=\/wp\/v2\/types\/post"}],"author":[{"embeddable":true,"href":"https:\/\/volcanes.net\/index.php?rest_route=\/wp\/v2\/users\/1"}],"replies":[{"embeddable":true,"href":"https:\/\/volcanes.net\/index.php?rest_route=%2Fwp%2Fv2%2Fcomments&post=1071"}],"version-history":[{"count":1,"href":"https:\/\/volcanes.net\/index.php?rest_route=\/wp\/v2\/posts\/1071\/revisions"}],"predecessor-version":[{"id":1073,"href":"https:\/\/volcanes.net\/index.php?rest_route=\/wp\/v2\/posts\/1071\/revisions\/1073"}],"wp:featuredmedia":[{"embeddable":true,"href":"https:\/\/volcanes.net\/index.php?rest_route=\/wp\/v2\/media\/1072"}],"wp:attachment":[{"href":"https:\/\/volcanes.net\/index.php?rest_route=%2Fwp%2Fv2%2Fmedia&parent=1071"}],"wp:term":[{"taxonomy":"category","embeddable":true,"href":"https:\/\/volcanes.net\/index.php?rest_route=%2Fwp%2Fv2%2Fcategories&post=1071"},{"taxonomy":"post_tag","embeddable":true,"href":"https:\/\/volcanes.net\/index.php?rest_route=%2Fwp%2Fv2%2Ftags&post=1071"}],"curies":[{"name":"wp","href":"https:\/\/api.w.org\/{rel}","templated":true}]}}