{"id":10748,"date":"2021-04-07T13:33:26","date_gmt":"2021-04-07T19:33:26","guid":{"rendered":"http:\/\/volcanes.net\/?p=10748"},"modified":"2021-04-07T13:33:26","modified_gmt":"2021-04-07T19:33:26","slug":"chalco-cierra-la-jornada-de-vacunacion-anti-covid-19","status":"publish","type":"post","link":"https:\/\/volcanes.net\/?p=10748","title":{"rendered":"Chalco cierra la Jornada de Vacunaci\u00f3n Anti Covid-19"},"content":{"rendered":"<div style=\"margin-top: 0px; margin-bottom: 0px;\" class=\"sharethis-inline-share-buttons\" ><\/div><div dir=\"auto\">Chalco, Estado de M\u00e9xico.-\u00a0 Con un despliegue de m\u00e1s de 500 voluntarios de la administraci\u00f3n municipal, personal m\u00e9dico y brigadas de vacunadores del ISEM, el Gobierno de Chalco cerr\u00f3 el segundo d\u00eda de vacunaci\u00f3n contra Covid-19 con la aplicaci\u00f3n de 18 mil 450 dosis para los adultos mayores del municipio.<\/div>\n<div dir=\"auto\"><\/div>\n<div dir=\"auto\">En el segundo d\u00eda de esta hist\u00f3rica jornada, se sumaron al esfuerzo del transporte gratuito desde las comunidades, las unidades de traslado del Sistema Municipal DIF para recoger a domicilio a los adultos mayores con discapacidad, a quienes se les atendi\u00f3 directamente en los veh\u00edculos en la sede de vacunaci\u00f3n de la Plaza Tzinacantecuhtli.<\/div>\n<div dir=\"auto\"><\/div>\n<div dir=\"auto\">Se espera que este mi\u00e9rcoles 7 de abril, \u00faltimo d\u00eda de vacaci\u00f3n acudan m\u00e1s adultos mayores a recibir la dosis de inmunizaci\u00f3n para Covid-19 en un horario de 9:00 de la ma\u00f1ana a 5:00 de la tarde, con salidas de transporte gratuito desde todas las comunidades a las 8:00, 10:00, 12:00, 14:00 y 16:00 horas hacia el Deportivo Solidaridad.<\/div>\n","protected":false},"excerpt":{"rendered":"<p>Chalco, Estado de M\u00e9xico.-\u00a0 Con un despliegue de m\u00e1s de 500 voluntarios de la administraci\u00f3n<\/p>\n","protected":false},"author":1,"featured_media":10749,"comment_status":"open","ping_status":"open","sticky":false,"template":"","format":"standard","meta":{"footnotes":""},"categories":[1],"tags":[9],"class_list":["post-10748","post","type-post","status-publish","format-standard","has-post-thumbnail","hentry","category-municipales","tag-chalco"],"yoast_head":"<!-- This site is optimized with the Yoast SEO plugin v25.3 - https:\/\/yoast.com\/wordpress\/plugins\/seo\/ -->\n<title>Chalco cierra la Jornada de Vacunaci\u00f3n Anti Covid-19 - Volcanes<\/title>\n<meta name=\"robots\" content=\"index, follow, max-snippet:-1, max-image-preview:large, max-video-preview:-1\" \/>\n<link rel=\"canonical\" href=\"https:\/\/volcanes.net\/?p=10748\" \/>\n<meta property=\"og:locale\" content=\"es_MX\" \/>\n<meta property=\"og:type\" content=\"article\" \/>\n<meta property=\"og:title\" content=\"Chalco cierra la Jornada de Vacunaci\u00f3n Anti Covid-19 - Volcanes\" \/>\n<meta property=\"og:description\" content=\"Chalco, Estado de M\u00e9xico.-\u00a0 Con un despliegue de m\u00e1s de 500 voluntarios de la administraci\u00f3n\" \/>\n<meta property=\"og:url\" content=\"https:\/\/volcanes.net\/?p=10748\" \/>\n<meta property=\"og:site_name\" content=\"Volcanes\" \/>\n<meta property=\"article:publisher\" content=\"https:\/\/www.facebook.com\/volcanes.net\/\" \/>\n<meta property=\"article:published_time\" content=\"2021-04-07T19:33:26+00:00\" \/>\n<meta property=\"og:image\" content=\"https:\/\/volcanes.net\/wp-content\/uploads\/2021\/04\/wp-16177625891934003954957526264222-1.jpg\" \/>\n\t<meta property=\"og:image:width\" content=\"768\" \/>\n\t<meta property=\"og:image:height\" content=\"451\" \/>\n\t<meta property=\"og:image:type\" content=\"image\/jpeg\" \/>\n<meta name=\"author\" content=\"admin\" \/>\n<meta name=\"twitter:card\" content=\"summary_large_image\" \/>\n<meta name=\"twitter:label1\" content=\"Escrito por\" \/>\n\t<meta name=\"twitter:data1\" content=\"admin\" \/>\n\t<meta name=\"twitter:label2\" content=\"Tiempo de lectura\" \/>\n\t<meta name=\"twitter:data2\" content=\"1 minuto\" \/>\n<script type=\"application\/ld+json\" class=\"yoast-schema-graph\">{\"@context\":\"https:\/\/schema.org\",\"@graph\":[{\"@type\":\"Article\",\"@id\":\"https:\/\/volcanes.net\/?p=10748#article\",\"isPartOf\":{\"@id\":\"https:\/\/volcanes.net\/?p=10748\"},\"author\":{\"name\":\"admin\",\"@id\":\"https:\/\/volcanes.net\/#\/schema\/person\/4bf0f383940966a4abd53f5048c0e6b9\"},\"headline\":\"Chalco cierra la Jornada de Vacunaci\u00f3n Anti Covid-19\",\"datePublished\":\"2021-04-07T19:33:26+00:00\",\"mainEntityOfPage\":{\"@id\":\"https:\/\/volcanes.net\/?p=10748\"},\"wordCount\":179,\"commentCount\":0,\"publisher\":{\"@id\":\"https:\/\/volcanes.net\/#organization\"},\"image\":{\"@id\":\"https:\/\/volcanes.net\/?p=10748#primaryimage\"},\"thumbnailUrl\":\"https:\/\/volcanes.net\/wp-content\/uploads\/2021\/04\/wp-16177625891934003954957526264222-1.jpg\",\"keywords\":[\"Chalco\"],\"articleSection\":[\"Municipales\"],\"inLanguage\":\"es\",\"potentialAction\":[{\"@type\":\"CommentAction\",\"name\":\"Comment\",\"target\":[\"https:\/\/volcanes.net\/?p=10748#respond\"]}]},{\"@type\":\"WebPage\",\"@id\":\"https:\/\/volcanes.net\/?p=10748\",\"url\":\"https:\/\/volcanes.net\/?p=10748\",\"name\":\"Chalco cierra la Jornada de Vacunaci\u00f3n Anti Covid-19 - Volcanes\",\"isPartOf\":{\"@id\":\"https:\/\/volcanes.net\/#website\"},\"primaryImageOfPage\":{\"@id\":\"https:\/\/volcanes.net\/?p=10748#primaryimage\"},\"image\":{\"@id\":\"https:\/\/volcanes.net\/?p=10748#primaryimage\"},\"thumbnailUrl\":\"https:\/\/volcanes.net\/wp-content\/uploads\/2021\/04\/wp-16177625891934003954957526264222-1.jpg\",\"datePublished\":\"2021-04-07T19:33:26+00:00\",\"breadcrumb\":{\"@id\":\"https:\/\/volcanes.net\/?p=10748#breadcrumb\"},\"inLanguage\":\"es\",\"potentialAction\":[{\"@type\":\"ReadAction\",\"target\":[\"https:\/\/volcanes.net\/?p=10748\"]}]},{\"@type\":\"ImageObject\",\"inLanguage\":\"es\",\"@id\":\"https:\/\/volcanes.net\/?p=10748#primaryimage\",\"url\":\"https:\/\/volcanes.net\/wp-content\/uploads\/2021\/04\/wp-16177625891934003954957526264222-1.jpg\",\"contentUrl\":\"https:\/\/volcanes.net\/wp-content\/uploads\/2021\/04\/wp-16177625891934003954957526264222-1.jpg\",\"width\":768,\"height\":451},{\"@type\":\"BreadcrumbList\",\"@id\":\"https:\/\/volcanes.net\/?p=10748#breadcrumb\",\"itemListElement\":[{\"@type\":\"ListItem\",\"position\":1,\"name\":\"Portada\",\"item\":\"https:\/\/volcanes.net\/\"},{\"@type\":\"ListItem\",\"position\":2,\"name\":\"Chalco cierra la Jornada de Vacunaci\u00f3n Anti Covid-19\"}]},{\"@type\":\"WebSite\",\"@id\":\"https:\/\/volcanes.net\/#website\",\"url\":\"https:\/\/volcanes.net\/\",\"name\":\"Volcanes.Net\",\"description\":\"Periodismo Profesional\",\"publisher\":{\"@id\":\"https:\/\/volcanes.net\/#organization\"},\"potentialAction\":[{\"@type\":\"SearchAction\",\"target\":{\"@type\":\"EntryPoint\",\"urlTemplate\":\"https:\/\/volcanes.net\/?s={search_term_string}\"},\"query-input\":{\"@type\":\"PropertyValueSpecification\",\"valueRequired\":true,\"valueName\":\"search_term_string\"}}],\"inLanguage\":\"es\"},{\"@type\":\"Organization\",\"@id\":\"https:\/\/volcanes.net\/#organization\",\"name\":\"Grupo Volcanes\",\"url\":\"https:\/\/volcanes.net\/\",\"logo\":{\"@type\":\"ImageObject\",\"inLanguage\":\"es\",\"@id\":\"https:\/\/volcanes.net\/#\/schema\/logo\/image\/\",\"url\":\"http:\/\/volcanes.net\/wp-content\/uploads\/2017\/12\/Avatar2.jpg\",\"contentUrl\":\"http:\/\/volcanes.net\/wp-content\/uploads\/2017\/12\/Avatar2.jpg\",\"width\":378,\"height\":378,\"caption\":\"Grupo Volcanes\"},\"image\":{\"@id\":\"https:\/\/volcanes.net\/#\/schema\/logo\/image\/\"},\"sameAs\":[\"https:\/\/www.facebook.com\/volcanes.net\/\"]},{\"@type\":\"Person\",\"@id\":\"https:\/\/volcanes.net\/#\/schema\/person\/4bf0f383940966a4abd53f5048c0e6b9\",\"name\":\"admin\",\"image\":{\"@type\":\"ImageObject\",\"inLanguage\":\"es\",\"@id\":\"https:\/\/volcanes.net\/#\/schema\/person\/image\/\",\"url\":\"https:\/\/secure.gravatar.com\/avatar\/ca004e6cba8462b8cb7abc86e382930c?s=96&d=mm&r=g\",\"contentUrl\":\"https:\/\/secure.gravatar.com\/avatar\/ca004e6cba8462b8cb7abc86e382930c?s=96&d=mm&r=g\",\"caption\":\"admin\"}}]}<\/script>\n<!-- \/ Yoast SEO plugin. -->","yoast_head_json":{"title":"Chalco cierra la Jornada de Vacunaci\u00f3n Anti Covid-19 - Volcanes","robots":{"index":"index","follow":"follow","max-snippet":"max-snippet:-1","max-image-preview":"max-image-preview:large","max-video-preview":"max-video-preview:-1"},"canonical":"https:\/\/volcanes.net\/?p=10748","og_locale":"es_MX","og_type":"article","og_title":"Chalco cierra la Jornada de Vacunaci\u00f3n Anti Covid-19 - Volcanes","og_description":"Chalco, Estado de M\u00e9xico.-\u00a0 Con un despliegue de m\u00e1s de 500 voluntarios de la administraci\u00f3n","og_url":"https:\/\/volcanes.net\/?p=10748","og_site_name":"Volcanes","article_publisher":"https:\/\/www.facebook.com\/volcanes.net\/","article_published_time":"2021-04-07T19:33:26+00:00","og_image":[{"width":768,"height":451,"url":"https:\/\/volcanes.net\/wp-content\/uploads\/2021\/04\/wp-16177625891934003954957526264222-1.jpg","type":"image\/jpeg"}],"author":"admin","twitter_card":"summary_large_image","twitter_misc":{"Escrito por":"admin","Tiempo de lectura":"1 minuto"},"schema":{"@context":"https:\/\/schema.org","@graph":[{"@type":"Article","@id":"https:\/\/volcanes.net\/?p=10748#article","isPartOf":{"@id":"https:\/\/volcanes.net\/?p=10748"},"author":{"name":"admin","@id":"https:\/\/volcanes.net\/#\/schema\/person\/4bf0f383940966a4abd53f5048c0e6b9"},"headline":"Chalco cierra la Jornada de Vacunaci\u00f3n Anti Covid-19","datePublished":"2021-04-07T19:33:26+00:00","mainEntityOfPage":{"@id":"https:\/\/volcanes.net\/?p=10748"},"wordCount":179,"commentCount":0,"publisher":{"@id":"https:\/\/volcanes.net\/#organization"},"image":{"@id":"https:\/\/volcanes.net\/?p=10748#primaryimage"},"thumbnailUrl":"https:\/\/volcanes.net\/wp-content\/uploads\/2021\/04\/wp-16177625891934003954957526264222-1.jpg","keywords":["Chalco"],"articleSection":["Municipales"],"inLanguage":"es","potentialAction":[{"@type":"CommentAction","name":"Comment","target":["https:\/\/volcanes.net\/?p=10748#respond"]}]},{"@type":"WebPage","@id":"https:\/\/volcanes.net\/?p=10748","url":"https:\/\/volcanes.net\/?p=10748","name":"Chalco cierra la Jornada de Vacunaci\u00f3n Anti Covid-19 - Volcanes","isPartOf":{"@id":"https:\/\/volcanes.net\/#website"},"primaryImageOfPage":{"@id":"https:\/\/volcanes.net\/?p=10748#primaryimage"},"image":{"@id":"https:\/\/volcanes.net\/?p=10748#primaryimage"},"thumbnailUrl":"https:\/\/volcanes.net\/wp-content\/uploads\/2021\/04\/wp-16177625891934003954957526264222-1.jpg","datePublished":"2021-04-07T19:33:26+00:00","breadcrumb":{"@id":"https:\/\/volcanes.net\/?p=10748#breadcrumb"},"inLanguage":"es","potentialAction":[{"@type":"ReadAction","target":["https:\/\/volcanes.net\/?p=10748"]}]},{"@type":"ImageObject","inLanguage":"es","@id":"https:\/\/volcanes.net\/?p=10748#primaryimage","url":"https:\/\/volcanes.net\/wp-content\/uploads\/2021\/04\/wp-16177625891934003954957526264222-1.jpg","contentUrl":"https:\/\/volcanes.net\/wp-content\/uploads\/2021\/04\/wp-16177625891934003954957526264222-1.jpg","width":768,"height":451},{"@type":"BreadcrumbList","@id":"https:\/\/volcanes.net\/?p=10748#breadcrumb","itemListElement":[{"@type":"ListItem","position":1,"name":"Portada","item":"https:\/\/volcanes.net\/"},{"@type":"ListItem","position":2,"name":"Chalco cierra la Jornada de Vacunaci\u00f3n Anti Covid-19"}]},{"@type":"WebSite","@id":"https:\/\/volcanes.net\/#website","url":"https:\/\/volcanes.net\/","name":"Volcanes.Net","description":"Periodismo Profesional","publisher":{"@id":"https:\/\/volcanes.net\/#organization"},"potentialAction":[{"@type":"SearchAction","target":{"@type":"EntryPoint","urlTemplate":"https:\/\/volcanes.net\/?s={search_term_string}"},"query-input":{"@type":"PropertyValueSpecification","valueRequired":true,"valueName":"search_term_string"}}],"inLanguage":"es"},{"@type":"Organization","@id":"https:\/\/volcanes.net\/#organization","name":"Grupo Volcanes","url":"https:\/\/volcanes.net\/","logo":{"@type":"ImageObject","inLanguage":"es","@id":"https:\/\/volcanes.net\/#\/schema\/logo\/image\/","url":"http:\/\/volcanes.net\/wp-content\/uploads\/2017\/12\/Avatar2.jpg","contentUrl":"http:\/\/volcanes.net\/wp-content\/uploads\/2017\/12\/Avatar2.jpg","width":378,"height":378,"caption":"Grupo Volcanes"},"image":{"@id":"https:\/\/volcanes.net\/#\/schema\/logo\/image\/"},"sameAs":["https:\/\/www.facebook.com\/volcanes.net\/"]},{"@type":"Person","@id":"https:\/\/volcanes.net\/#\/schema\/person\/4bf0f383940966a4abd53f5048c0e6b9","name":"admin","image":{"@type":"ImageObject","inLanguage":"es","@id":"https:\/\/volcanes.net\/#\/schema\/person\/image\/","url":"https:\/\/secure.gravatar.com\/avatar\/ca004e6cba8462b8cb7abc86e382930c?s=96&d=mm&r=g","contentUrl":"https:\/\/secure.gravatar.com\/avatar\/ca004e6cba8462b8cb7abc86e382930c?s=96&d=mm&r=g","caption":"admin"}}]}},"_links":{"self":[{"href":"https:\/\/volcanes.net\/index.php?rest_route=\/wp\/v2\/posts\/10748"}],"collection":[{"href":"https:\/\/volcanes.net\/index.php?rest_route=\/wp\/v2\/posts"}],"about":[{"href":"https:\/\/volcanes.net\/index.php?rest_route=\/wp\/v2\/types\/post"}],"author":[{"embeddable":true,"href":"https:\/\/volcanes.net\/index.php?rest_route=\/wp\/v2\/users\/1"}],"replies":[{"embeddable":true,"href":"https:\/\/volcanes.net\/index.php?rest_route=%2Fwp%2Fv2%2Fcomments&post=10748"}],"version-history":[{"count":1,"href":"https:\/\/volcanes.net\/index.php?rest_route=\/wp\/v2\/posts\/10748\/revisions"}],"predecessor-version":[{"id":10750,"href":"https:\/\/volcanes.net\/index.php?rest_route=\/wp\/v2\/posts\/10748\/revisions\/10750"}],"wp:featuredmedia":[{"embeddable":true,"href":"https:\/\/volcanes.net\/index.php?rest_route=\/wp\/v2\/media\/10749"}],"wp:attachment":[{"href":"https:\/\/volcanes.net\/index.php?rest_route=%2Fwp%2Fv2%2Fmedia&parent=10748"}],"wp:term":[{"taxonomy":"category","embeddable":true,"href":"https:\/\/volcanes.net\/index.php?rest_route=%2Fwp%2Fv2%2Fcategories&post=10748"},{"taxonomy":"post_tag","embeddable":true,"href":"https:\/\/volcanes.net\/index.php?rest_route=%2Fwp%2Fv2%2Ftags&post=10748"}],"curies":[{"name":"wp","href":"https:\/\/api.w.org\/{rel}","templated":true}]}}