{"id":10752,"date":"2021-04-07T17:15:25","date_gmt":"2021-04-07T23:15:25","guid":{"rendered":"http:\/\/volcanes.net\/?p=10752"},"modified":"2021-04-07T17:15:25","modified_gmt":"2021-04-07T23:15:25","slug":"restauraran-al-santo-patrono-de-temamatla-san-juan-bautista","status":"publish","type":"post","link":"https:\/\/volcanes.net\/?p=10752","title":{"rendered":"Restaurar\u00e1n al Santo Patrono de Temamatla &#8220;San Juan Bautista&#8221;"},"content":{"rendered":"<div style=\"margin-top: 0px; margin-bottom: 0px;\" class=\"sharethis-inline-share-buttons\" ><\/div><p style=\"text-align: justify;\">Temamatla, Estado de M\u00e9xico.- La grey cat\u00f3lica de este municipio, agradece al alcalde, Juan Mart\u00edn Orozpe P\u00e9rez, por la donaci\u00f3n de 60 mil pesos para la restauraci\u00f3n de la imagen y Santo patrono de Temamatla, San Juan Bautista, la mayordom\u00eda y el p\u00e1rroco festejo dicho acontecimiento.<\/p>\n<p style=\"text-align: justify;\">Anita S\u00e1nchez Ortigoza, celebr\u00f3 que el presidente municipal, Juan Mart\u00edn Orozpe P\u00e9rez, haya cumplido con la feligres\u00eda de donar 60 mil pesos para la restauraci\u00f3n y preservaci\u00f3n de la imagen y Santo patrono de Temamatla, San Juan Bautista, imagen que con el tiempo se haya deteriorado.<\/p>\n<p style=\"text-align: justify;\">\u201cEs un acontecimiento que el alcalde haya cumplido su promesa de dar el dinero para la conservaci\u00f3n del Santo Patrono de Temamatla, que sin lugar a dudas, este Presidente Municipal, ha dado muestra de apoyar a la iglesia, as\u00ed como a la poblaci\u00f3n en general\u201d, dijo.<\/p>\n<p style=\"text-align: justify;\">Vecinos coincidieron en se\u00f1alar que \u201cHoy es un d\u00eda bendito, ya que este domingo de Pascua, nuestro alcalde, nos dio un excelente regalo para la feligres\u00eda, dar una importante donaci\u00f3n de 60 mil pesos, cosa que no se ve todos los d\u00edas\u201d.<\/p>\n<p style=\"text-align: justify;\">La mayordom\u00eda, est\u00e1 de pl\u00e1cemes, ya que la imagen de San Juan Bautista, ya necesitaba el mantenimiento, el cu\u00e1l va a quedar como nuevo, y agregaron, \u201cNos durar\u00e1 muchos a\u00f1os m\u00e1s\u201d.<\/p>\n<p style=\"text-align: justify;\">Dicho sea de paso, los habitantes de Temamatla, est\u00e1n contentos con el trabajo del alcalde, Juan Mart\u00edn Orozpe P\u00e9rez, ya que nunca ha discriminado a nadie, y que ha llevado bienestar a toda la poblaci\u00f3n.<\/p>\n","protected":false},"excerpt":{"rendered":"<p>Temamatla, Estado de M\u00e9xico.- La grey cat\u00f3lica de este municipio, agradece al alcalde, Juan Mart\u00edn<\/p>\n","protected":false},"author":1,"featured_media":10753,"comment_status":"open","ping_status":"open","sticky":false,"template":"","format":"standard","meta":{"footnotes":""},"categories":[1],"tags":[236],"class_list":["post-10752","post","type-post","status-publish","format-standard","has-post-thumbnail","hentry","category-municipales","tag-temamatla"],"yoast_head":"<!-- This site is optimized with the Yoast SEO plugin v25.3 - https:\/\/yoast.com\/wordpress\/plugins\/seo\/ -->\n<title>Restaurar\u00e1n al Santo Patrono de Temamatla &quot;San Juan Bautista&quot; - Volcanes<\/title>\n<meta name=\"robots\" content=\"index, follow, max-snippet:-1, max-image-preview:large, max-video-preview:-1\" \/>\n<link rel=\"canonical\" href=\"https:\/\/volcanes.net\/?p=10752\" \/>\n<meta property=\"og:locale\" content=\"es_MX\" \/>\n<meta property=\"og:type\" content=\"article\" \/>\n<meta property=\"og:title\" content=\"Restaurar\u00e1n al Santo Patrono de Temamatla &quot;San Juan Bautista&quot; - Volcanes\" \/>\n<meta property=\"og:description\" content=\"Temamatla, Estado de M\u00e9xico.- La grey cat\u00f3lica de este municipio, agradece al alcalde, Juan Mart\u00edn\" \/>\n<meta property=\"og:url\" content=\"https:\/\/volcanes.net\/?p=10752\" \/>\n<meta property=\"og:site_name\" content=\"Volcanes\" \/>\n<meta property=\"article:publisher\" content=\"https:\/\/www.facebook.com\/volcanes.net\/\" \/>\n<meta property=\"article:published_time\" content=\"2021-04-07T23:15:25+00:00\" \/>\n<meta property=\"og:image\" content=\"https:\/\/volcanes.net\/wp-content\/uploads\/2021\/04\/Fachada-de-Parroquia-de-San-Juan-Bautista_0.jpg\" \/>\n\t<meta property=\"og:image:width\" content=\"570\" \/>\n\t<meta property=\"og:image:height\" content=\"400\" \/>\n\t<meta property=\"og:image:type\" content=\"image\/jpeg\" \/>\n<meta name=\"author\" content=\"admin\" \/>\n<meta name=\"twitter:card\" content=\"summary_large_image\" \/>\n<meta name=\"twitter:label1\" content=\"Escrito por\" \/>\n\t<meta name=\"twitter:data1\" content=\"admin\" \/>\n\t<meta name=\"twitter:label2\" content=\"Tiempo de lectura\" \/>\n\t<meta name=\"twitter:data2\" content=\"1 minuto\" \/>\n<script type=\"application\/ld+json\" class=\"yoast-schema-graph\">{\"@context\":\"https:\/\/schema.org\",\"@graph\":[{\"@type\":\"Article\",\"@id\":\"https:\/\/volcanes.net\/?p=10752#article\",\"isPartOf\":{\"@id\":\"https:\/\/volcanes.net\/?p=10752\"},\"author\":{\"name\":\"admin\",\"@id\":\"https:\/\/volcanes.net\/#\/schema\/person\/4bf0f383940966a4abd53f5048c0e6b9\"},\"headline\":\"Restaurar\u00e1n al Santo Patrono de Temamatla &#8220;San Juan Bautista&#8221;\",\"datePublished\":\"2021-04-07T23:15:25+00:00\",\"mainEntityOfPage\":{\"@id\":\"https:\/\/volcanes.net\/?p=10752\"},\"wordCount\":284,\"commentCount\":0,\"publisher\":{\"@id\":\"https:\/\/volcanes.net\/#organization\"},\"image\":{\"@id\":\"https:\/\/volcanes.net\/?p=10752#primaryimage\"},\"thumbnailUrl\":\"https:\/\/volcanes.net\/wp-content\/uploads\/2021\/04\/Fachada-de-Parroquia-de-San-Juan-Bautista_0.jpg\",\"keywords\":[\"Temamatla\"],\"articleSection\":[\"Municipales\"],\"inLanguage\":\"es\",\"potentialAction\":[{\"@type\":\"CommentAction\",\"name\":\"Comment\",\"target\":[\"https:\/\/volcanes.net\/?p=10752#respond\"]}]},{\"@type\":\"WebPage\",\"@id\":\"https:\/\/volcanes.net\/?p=10752\",\"url\":\"https:\/\/volcanes.net\/?p=10752\",\"name\":\"Restaurar\u00e1n al Santo Patrono de Temamatla \\\"San Juan Bautista\\\" - Volcanes\",\"isPartOf\":{\"@id\":\"https:\/\/volcanes.net\/#website\"},\"primaryImageOfPage\":{\"@id\":\"https:\/\/volcanes.net\/?p=10752#primaryimage\"},\"image\":{\"@id\":\"https:\/\/volcanes.net\/?p=10752#primaryimage\"},\"thumbnailUrl\":\"https:\/\/volcanes.net\/wp-content\/uploads\/2021\/04\/Fachada-de-Parroquia-de-San-Juan-Bautista_0.jpg\",\"datePublished\":\"2021-04-07T23:15:25+00:00\",\"breadcrumb\":{\"@id\":\"https:\/\/volcanes.net\/?p=10752#breadcrumb\"},\"inLanguage\":\"es\",\"potentialAction\":[{\"@type\":\"ReadAction\",\"target\":[\"https:\/\/volcanes.net\/?p=10752\"]}]},{\"@type\":\"ImageObject\",\"inLanguage\":\"es\",\"@id\":\"https:\/\/volcanes.net\/?p=10752#primaryimage\",\"url\":\"https:\/\/volcanes.net\/wp-content\/uploads\/2021\/04\/Fachada-de-Parroquia-de-San-Juan-Bautista_0.jpg\",\"contentUrl\":\"https:\/\/volcanes.net\/wp-content\/uploads\/2021\/04\/Fachada-de-Parroquia-de-San-Juan-Bautista_0.jpg\",\"width\":570,\"height\":400},{\"@type\":\"BreadcrumbList\",\"@id\":\"https:\/\/volcanes.net\/?p=10752#breadcrumb\",\"itemListElement\":[{\"@type\":\"ListItem\",\"position\":1,\"name\":\"Portada\",\"item\":\"https:\/\/volcanes.net\/\"},{\"@type\":\"ListItem\",\"position\":2,\"name\":\"Restaurar\u00e1n al Santo Patrono de Temamatla &#8220;San Juan Bautista&#8221;\"}]},{\"@type\":\"WebSite\",\"@id\":\"https:\/\/volcanes.net\/#website\",\"url\":\"https:\/\/volcanes.net\/\",\"name\":\"Volcanes.Net\",\"description\":\"Periodismo Profesional\",\"publisher\":{\"@id\":\"https:\/\/volcanes.net\/#organization\"},\"potentialAction\":[{\"@type\":\"SearchAction\",\"target\":{\"@type\":\"EntryPoint\",\"urlTemplate\":\"https:\/\/volcanes.net\/?s={search_term_string}\"},\"query-input\":{\"@type\":\"PropertyValueSpecification\",\"valueRequired\":true,\"valueName\":\"search_term_string\"}}],\"inLanguage\":\"es\"},{\"@type\":\"Organization\",\"@id\":\"https:\/\/volcanes.net\/#organization\",\"name\":\"Grupo Volcanes\",\"url\":\"https:\/\/volcanes.net\/\",\"logo\":{\"@type\":\"ImageObject\",\"inLanguage\":\"es\",\"@id\":\"https:\/\/volcanes.net\/#\/schema\/logo\/image\/\",\"url\":\"http:\/\/volcanes.net\/wp-content\/uploads\/2017\/12\/Avatar2.jpg\",\"contentUrl\":\"http:\/\/volcanes.net\/wp-content\/uploads\/2017\/12\/Avatar2.jpg\",\"width\":378,\"height\":378,\"caption\":\"Grupo Volcanes\"},\"image\":{\"@id\":\"https:\/\/volcanes.net\/#\/schema\/logo\/image\/\"},\"sameAs\":[\"https:\/\/www.facebook.com\/volcanes.net\/\"]},{\"@type\":\"Person\",\"@id\":\"https:\/\/volcanes.net\/#\/schema\/person\/4bf0f383940966a4abd53f5048c0e6b9\",\"name\":\"admin\",\"image\":{\"@type\":\"ImageObject\",\"inLanguage\":\"es\",\"@id\":\"https:\/\/volcanes.net\/#\/schema\/person\/image\/\",\"url\":\"https:\/\/secure.gravatar.com\/avatar\/ca004e6cba8462b8cb7abc86e382930c?s=96&d=mm&r=g\",\"contentUrl\":\"https:\/\/secure.gravatar.com\/avatar\/ca004e6cba8462b8cb7abc86e382930c?s=96&d=mm&r=g\",\"caption\":\"admin\"}}]}<\/script>\n<!-- \/ Yoast SEO plugin. -->","yoast_head_json":{"title":"Restaurar\u00e1n al Santo Patrono de Temamatla \"San Juan Bautista\" - Volcanes","robots":{"index":"index","follow":"follow","max-snippet":"max-snippet:-1","max-image-preview":"max-image-preview:large","max-video-preview":"max-video-preview:-1"},"canonical":"https:\/\/volcanes.net\/?p=10752","og_locale":"es_MX","og_type":"article","og_title":"Restaurar\u00e1n al Santo Patrono de Temamatla \"San Juan Bautista\" - Volcanes","og_description":"Temamatla, Estado de M\u00e9xico.- La grey cat\u00f3lica de este municipio, agradece al alcalde, Juan Mart\u00edn","og_url":"https:\/\/volcanes.net\/?p=10752","og_site_name":"Volcanes","article_publisher":"https:\/\/www.facebook.com\/volcanes.net\/","article_published_time":"2021-04-07T23:15:25+00:00","og_image":[{"width":570,"height":400,"url":"https:\/\/volcanes.net\/wp-content\/uploads\/2021\/04\/Fachada-de-Parroquia-de-San-Juan-Bautista_0.jpg","type":"image\/jpeg"}],"author":"admin","twitter_card":"summary_large_image","twitter_misc":{"Escrito por":"admin","Tiempo de lectura":"1 minuto"},"schema":{"@context":"https:\/\/schema.org","@graph":[{"@type":"Article","@id":"https:\/\/volcanes.net\/?p=10752#article","isPartOf":{"@id":"https:\/\/volcanes.net\/?p=10752"},"author":{"name":"admin","@id":"https:\/\/volcanes.net\/#\/schema\/person\/4bf0f383940966a4abd53f5048c0e6b9"},"headline":"Restaurar\u00e1n al Santo Patrono de Temamatla &#8220;San Juan Bautista&#8221;","datePublished":"2021-04-07T23:15:25+00:00","mainEntityOfPage":{"@id":"https:\/\/volcanes.net\/?p=10752"},"wordCount":284,"commentCount":0,"publisher":{"@id":"https:\/\/volcanes.net\/#organization"},"image":{"@id":"https:\/\/volcanes.net\/?p=10752#primaryimage"},"thumbnailUrl":"https:\/\/volcanes.net\/wp-content\/uploads\/2021\/04\/Fachada-de-Parroquia-de-San-Juan-Bautista_0.jpg","keywords":["Temamatla"],"articleSection":["Municipales"],"inLanguage":"es","potentialAction":[{"@type":"CommentAction","name":"Comment","target":["https:\/\/volcanes.net\/?p=10752#respond"]}]},{"@type":"WebPage","@id":"https:\/\/volcanes.net\/?p=10752","url":"https:\/\/volcanes.net\/?p=10752","name":"Restaurar\u00e1n al Santo Patrono de Temamatla \"San Juan Bautista\" - Volcanes","isPartOf":{"@id":"https:\/\/volcanes.net\/#website"},"primaryImageOfPage":{"@id":"https:\/\/volcanes.net\/?p=10752#primaryimage"},"image":{"@id":"https:\/\/volcanes.net\/?p=10752#primaryimage"},"thumbnailUrl":"https:\/\/volcanes.net\/wp-content\/uploads\/2021\/04\/Fachada-de-Parroquia-de-San-Juan-Bautista_0.jpg","datePublished":"2021-04-07T23:15:25+00:00","breadcrumb":{"@id":"https:\/\/volcanes.net\/?p=10752#breadcrumb"},"inLanguage":"es","potentialAction":[{"@type":"ReadAction","target":["https:\/\/volcanes.net\/?p=10752"]}]},{"@type":"ImageObject","inLanguage":"es","@id":"https:\/\/volcanes.net\/?p=10752#primaryimage","url":"https:\/\/volcanes.net\/wp-content\/uploads\/2021\/04\/Fachada-de-Parroquia-de-San-Juan-Bautista_0.jpg","contentUrl":"https:\/\/volcanes.net\/wp-content\/uploads\/2021\/04\/Fachada-de-Parroquia-de-San-Juan-Bautista_0.jpg","width":570,"height":400},{"@type":"BreadcrumbList","@id":"https:\/\/volcanes.net\/?p=10752#breadcrumb","itemListElement":[{"@type":"ListItem","position":1,"name":"Portada","item":"https:\/\/volcanes.net\/"},{"@type":"ListItem","position":2,"name":"Restaurar\u00e1n al Santo Patrono de Temamatla &#8220;San Juan Bautista&#8221;"}]},{"@type":"WebSite","@id":"https:\/\/volcanes.net\/#website","url":"https:\/\/volcanes.net\/","name":"Volcanes.Net","description":"Periodismo Profesional","publisher":{"@id":"https:\/\/volcanes.net\/#organization"},"potentialAction":[{"@type":"SearchAction","target":{"@type":"EntryPoint","urlTemplate":"https:\/\/volcanes.net\/?s={search_term_string}"},"query-input":{"@type":"PropertyValueSpecification","valueRequired":true,"valueName":"search_term_string"}}],"inLanguage":"es"},{"@type":"Organization","@id":"https:\/\/volcanes.net\/#organization","name":"Grupo Volcanes","url":"https:\/\/volcanes.net\/","logo":{"@type":"ImageObject","inLanguage":"es","@id":"https:\/\/volcanes.net\/#\/schema\/logo\/image\/","url":"http:\/\/volcanes.net\/wp-content\/uploads\/2017\/12\/Avatar2.jpg","contentUrl":"http:\/\/volcanes.net\/wp-content\/uploads\/2017\/12\/Avatar2.jpg","width":378,"height":378,"caption":"Grupo Volcanes"},"image":{"@id":"https:\/\/volcanes.net\/#\/schema\/logo\/image\/"},"sameAs":["https:\/\/www.facebook.com\/volcanes.net\/"]},{"@type":"Person","@id":"https:\/\/volcanes.net\/#\/schema\/person\/4bf0f383940966a4abd53f5048c0e6b9","name":"admin","image":{"@type":"ImageObject","inLanguage":"es","@id":"https:\/\/volcanes.net\/#\/schema\/person\/image\/","url":"https:\/\/secure.gravatar.com\/avatar\/ca004e6cba8462b8cb7abc86e382930c?s=96&d=mm&r=g","contentUrl":"https:\/\/secure.gravatar.com\/avatar\/ca004e6cba8462b8cb7abc86e382930c?s=96&d=mm&r=g","caption":"admin"}}]}},"_links":{"self":[{"href":"https:\/\/volcanes.net\/index.php?rest_route=\/wp\/v2\/posts\/10752"}],"collection":[{"href":"https:\/\/volcanes.net\/index.php?rest_route=\/wp\/v2\/posts"}],"about":[{"href":"https:\/\/volcanes.net\/index.php?rest_route=\/wp\/v2\/types\/post"}],"author":[{"embeddable":true,"href":"https:\/\/volcanes.net\/index.php?rest_route=\/wp\/v2\/users\/1"}],"replies":[{"embeddable":true,"href":"https:\/\/volcanes.net\/index.php?rest_route=%2Fwp%2Fv2%2Fcomments&post=10752"}],"version-history":[{"count":1,"href":"https:\/\/volcanes.net\/index.php?rest_route=\/wp\/v2\/posts\/10752\/revisions"}],"predecessor-version":[{"id":10754,"href":"https:\/\/volcanes.net\/index.php?rest_route=\/wp\/v2\/posts\/10752\/revisions\/10754"}],"wp:featuredmedia":[{"embeddable":true,"href":"https:\/\/volcanes.net\/index.php?rest_route=\/wp\/v2\/media\/10753"}],"wp:attachment":[{"href":"https:\/\/volcanes.net\/index.php?rest_route=%2Fwp%2Fv2%2Fmedia&parent=10752"}],"wp:term":[{"taxonomy":"category","embeddable":true,"href":"https:\/\/volcanes.net\/index.php?rest_route=%2Fwp%2Fv2%2Fcategories&post=10752"},{"taxonomy":"post_tag","embeddable":true,"href":"https:\/\/volcanes.net\/index.php?rest_route=%2Fwp%2Fv2%2Ftags&post=10752"}],"curies":[{"name":"wp","href":"https:\/\/api.w.org\/{rel}","templated":true}]}}