{"id":10768,"date":"2021-04-08T14:32:27","date_gmt":"2021-04-08T20:32:27","guid":{"rendered":"http:\/\/volcanes.net\/?p=10768"},"modified":"2021-04-08T14:33:36","modified_gmt":"2021-04-08T20:33:36","slug":"en-tenango-del-aire-concluye-la-primera-jornada-de-vacunacion-contra-el-covid-19","status":"publish","type":"post","link":"https:\/\/volcanes.net\/?p=10768","title":{"rendered":"En Tenango del Aire concluye la primera jornada de vacunaci\u00f3n contra el Covid-19"},"content":{"rendered":"<div style=\"margin-top: 0px; margin-bottom: 0px;\" class=\"sharethis-inline-share-buttons\" ><\/div><div dir=\"auto\" style=\"text-align: justify;\">Tenango del Aire, Estado de M\u00e9xico.- Con trabajo, dedicaci\u00f3n, organizaci\u00f3n y sobre todo amor fue como se llev\u00f3 a cabo la jornada de vacunaci\u00f3n para nuestros adultos mayores de Tenango del Aire, adem\u00e1s del trabajo coordinado por el Gobierno Municipal, Sistema DIF Tenango del Aire, Gobierno del Estado de M\u00e9xico, ISEM y el Gobierno de M\u00e9xico a trav\u00e9s de la brigada correcaminos.<\/div>\n<div dir=\"auto\"><\/div>\n<div dir=\"auto\" style=\"text-align: justify;\"><\/div>\n<div dir=\"auto\" style=\"text-align: justify;\">De acuerdo con las autoridades municipales, fue desde tempranas horas que se recibieron a los primeros abuelitos Tenanguenses, para ser inmunizados contra el virus Covid-19.<\/div>\n<div dir=\"auto\"><\/div>\n<div dir=\"auto\" style=\"text-align: justify;\"><\/div>\n<div dir=\"auto\" style=\"text-align: justify;\">As\u00ed mismo, se cont\u00f3 con el servicio de transporte gratis para las comunidades m\u00e1s lejanas como Santiago Tepopula y San Juan Coxtocan, adem\u00e1s de que tambi\u00e9n hubo\u00a0 traslados especiales por parte de protecci\u00f3n civil para que todos los adultos mayores pudieran ser inmunizados con la primera dosis del biol\u00f3gico de la farmac\u00e9utica SINOVAC.<\/div>\n<div dir=\"auto\"><\/div>\n<div dir=\"auto\" style=\"text-align: justify;\"><\/div>\n<div dir=\"auto\" style=\"text-align: justify;\">Durante la aplicaci\u00f3n del biol\u00f3gico se tomaron las medidas pertinentes como aplicaci\u00f3n de sanitizante, gel antibactierial, traslado con silla de ruedas, hidrataci\u00f3n, asesor\u00eda m\u00e9dica y vigilancia policiaca.<\/div>\n<div dir=\"auto\"><\/div>\n<div dir=\"auto\" style=\"text-align: justify;\"><\/div>\n<div dir=\"auto\" style=\"text-align: justify;\">Por lo anterior, las autoridades municipales, agradecieron el apoyo del personal que particip\u00f3 en esta primera jornada de vacunaci\u00f3n que representa la continuidad para salir adelante en esta contingencia provocada por el virus Covid-19 que a acabo con la vida de miles de personas en todo el mundo.<\/div>\n<div class=\"adL\" dir=\"auto\" style=\"text-align: justify;\"><\/div>\n","protected":false},"excerpt":{"rendered":"<p>Tenango del Aire, Estado de M\u00e9xico.- Con trabajo, dedicaci\u00f3n, organizaci\u00f3n y sobre todo amor fue<\/p>\n","protected":false},"author":1,"featured_media":10769,"comment_status":"open","ping_status":"open","sticky":false,"template":"","format":"standard","meta":{"footnotes":""},"categories":[1],"tags":[17],"class_list":["post-10768","post","type-post","status-publish","format-standard","has-post-thumbnail","hentry","category-municipales","tag-tenango-del-aire"],"yoast_head":"<!-- This site is optimized with the Yoast SEO plugin v25.3 - https:\/\/yoast.com\/wordpress\/plugins\/seo\/ -->\n<title>En Tenango del Aire concluye la primera jornada de vacunaci\u00f3n contra el Covid-19 - Volcanes<\/title>\n<meta name=\"robots\" content=\"index, follow, max-snippet:-1, max-image-preview:large, max-video-preview:-1\" \/>\n<link rel=\"canonical\" href=\"https:\/\/volcanes.net\/?p=10768\" \/>\n<meta property=\"og:locale\" content=\"es_MX\" \/>\n<meta property=\"og:type\" content=\"article\" \/>\n<meta property=\"og:title\" content=\"En Tenango del Aire concluye la primera jornada de vacunaci\u00f3n contra el Covid-19 - Volcanes\" \/>\n<meta property=\"og:description\" content=\"Tenango del Aire, Estado de M\u00e9xico.- Con trabajo, dedicaci\u00f3n, organizaci\u00f3n y sobre todo amor fue\" \/>\n<meta property=\"og:url\" content=\"https:\/\/volcanes.net\/?p=10768\" \/>\n<meta property=\"og:site_name\" content=\"Volcanes\" \/>\n<meta property=\"article:publisher\" content=\"https:\/\/www.facebook.com\/volcanes.net\/\" \/>\n<meta property=\"article:published_time\" content=\"2021-04-08T20:32:27+00:00\" \/>\n<meta property=\"article:modified_time\" content=\"2021-04-08T20:33:36+00:00\" \/>\n<meta property=\"og:image\" content=\"https:\/\/volcanes.net\/wp-content\/uploads\/2021\/04\/FB_IMG_1617904009962.jpg\" \/>\n\t<meta property=\"og:image:width\" content=\"720\" \/>\n\t<meta property=\"og:image:height\" content=\"399\" \/>\n\t<meta property=\"og:image:type\" content=\"image\/jpeg\" \/>\n<meta name=\"author\" content=\"admin\" \/>\n<meta name=\"twitter:card\" content=\"summary_large_image\" \/>\n<meta name=\"twitter:label1\" content=\"Escrito por\" \/>\n\t<meta name=\"twitter:data1\" content=\"admin\" \/>\n\t<meta name=\"twitter:label2\" content=\"Tiempo de lectura\" \/>\n\t<meta name=\"twitter:data2\" content=\"1 minuto\" \/>\n<script type=\"application\/ld+json\" class=\"yoast-schema-graph\">{\"@context\":\"https:\/\/schema.org\",\"@graph\":[{\"@type\":\"Article\",\"@id\":\"https:\/\/volcanes.net\/?p=10768#article\",\"isPartOf\":{\"@id\":\"https:\/\/volcanes.net\/?p=10768\"},\"author\":{\"name\":\"admin\",\"@id\":\"https:\/\/volcanes.net\/#\/schema\/person\/4bf0f383940966a4abd53f5048c0e6b9\"},\"headline\":\"En Tenango del Aire concluye la primera jornada de vacunaci\u00f3n contra el Covid-19\",\"datePublished\":\"2021-04-08T20:32:27+00:00\",\"dateModified\":\"2021-04-08T20:33:36+00:00\",\"mainEntityOfPage\":{\"@id\":\"https:\/\/volcanes.net\/?p=10768\"},\"wordCount\":251,\"commentCount\":0,\"publisher\":{\"@id\":\"https:\/\/volcanes.net\/#organization\"},\"image\":{\"@id\":\"https:\/\/volcanes.net\/?p=10768#primaryimage\"},\"thumbnailUrl\":\"https:\/\/volcanes.net\/wp-content\/uploads\/2021\/04\/FB_IMG_1617904009962.jpg\",\"keywords\":[\"Tenango del Aire\"],\"articleSection\":[\"Municipales\"],\"inLanguage\":\"es\",\"potentialAction\":[{\"@type\":\"CommentAction\",\"name\":\"Comment\",\"target\":[\"https:\/\/volcanes.net\/?p=10768#respond\"]}]},{\"@type\":\"WebPage\",\"@id\":\"https:\/\/volcanes.net\/?p=10768\",\"url\":\"https:\/\/volcanes.net\/?p=10768\",\"name\":\"En Tenango del Aire concluye la primera jornada de vacunaci\u00f3n contra el Covid-19 - Volcanes\",\"isPartOf\":{\"@id\":\"https:\/\/volcanes.net\/#website\"},\"primaryImageOfPage\":{\"@id\":\"https:\/\/volcanes.net\/?p=10768#primaryimage\"},\"image\":{\"@id\":\"https:\/\/volcanes.net\/?p=10768#primaryimage\"},\"thumbnailUrl\":\"https:\/\/volcanes.net\/wp-content\/uploads\/2021\/04\/FB_IMG_1617904009962.jpg\",\"datePublished\":\"2021-04-08T20:32:27+00:00\",\"dateModified\":\"2021-04-08T20:33:36+00:00\",\"breadcrumb\":{\"@id\":\"https:\/\/volcanes.net\/?p=10768#breadcrumb\"},\"inLanguage\":\"es\",\"potentialAction\":[{\"@type\":\"ReadAction\",\"target\":[\"https:\/\/volcanes.net\/?p=10768\"]}]},{\"@type\":\"ImageObject\",\"inLanguage\":\"es\",\"@id\":\"https:\/\/volcanes.net\/?p=10768#primaryimage\",\"url\":\"https:\/\/volcanes.net\/wp-content\/uploads\/2021\/04\/FB_IMG_1617904009962.jpg\",\"contentUrl\":\"https:\/\/volcanes.net\/wp-content\/uploads\/2021\/04\/FB_IMG_1617904009962.jpg\",\"width\":720,\"height\":399},{\"@type\":\"BreadcrumbList\",\"@id\":\"https:\/\/volcanes.net\/?p=10768#breadcrumb\",\"itemListElement\":[{\"@type\":\"ListItem\",\"position\":1,\"name\":\"Portada\",\"item\":\"https:\/\/volcanes.net\/\"},{\"@type\":\"ListItem\",\"position\":2,\"name\":\"En Tenango del Aire concluye la primera jornada de vacunaci\u00f3n contra el Covid-19\"}]},{\"@type\":\"WebSite\",\"@id\":\"https:\/\/volcanes.net\/#website\",\"url\":\"https:\/\/volcanes.net\/\",\"name\":\"Volcanes.Net\",\"description\":\"Periodismo Profesional\",\"publisher\":{\"@id\":\"https:\/\/volcanes.net\/#organization\"},\"potentialAction\":[{\"@type\":\"SearchAction\",\"target\":{\"@type\":\"EntryPoint\",\"urlTemplate\":\"https:\/\/volcanes.net\/?s={search_term_string}\"},\"query-input\":{\"@type\":\"PropertyValueSpecification\",\"valueRequired\":true,\"valueName\":\"search_term_string\"}}],\"inLanguage\":\"es\"},{\"@type\":\"Organization\",\"@id\":\"https:\/\/volcanes.net\/#organization\",\"name\":\"Grupo Volcanes\",\"url\":\"https:\/\/volcanes.net\/\",\"logo\":{\"@type\":\"ImageObject\",\"inLanguage\":\"es\",\"@id\":\"https:\/\/volcanes.net\/#\/schema\/logo\/image\/\",\"url\":\"http:\/\/volcanes.net\/wp-content\/uploads\/2017\/12\/Avatar2.jpg\",\"contentUrl\":\"http:\/\/volcanes.net\/wp-content\/uploads\/2017\/12\/Avatar2.jpg\",\"width\":378,\"height\":378,\"caption\":\"Grupo Volcanes\"},\"image\":{\"@id\":\"https:\/\/volcanes.net\/#\/schema\/logo\/image\/\"},\"sameAs\":[\"https:\/\/www.facebook.com\/volcanes.net\/\"]},{\"@type\":\"Person\",\"@id\":\"https:\/\/volcanes.net\/#\/schema\/person\/4bf0f383940966a4abd53f5048c0e6b9\",\"name\":\"admin\",\"image\":{\"@type\":\"ImageObject\",\"inLanguage\":\"es\",\"@id\":\"https:\/\/volcanes.net\/#\/schema\/person\/image\/\",\"url\":\"https:\/\/secure.gravatar.com\/avatar\/ca004e6cba8462b8cb7abc86e382930c?s=96&d=mm&r=g\",\"contentUrl\":\"https:\/\/secure.gravatar.com\/avatar\/ca004e6cba8462b8cb7abc86e382930c?s=96&d=mm&r=g\",\"caption\":\"admin\"}}]}<\/script>\n<!-- \/ Yoast SEO plugin. -->","yoast_head_json":{"title":"En Tenango del Aire concluye la primera jornada de vacunaci\u00f3n contra el Covid-19 - Volcanes","robots":{"index":"index","follow":"follow","max-snippet":"max-snippet:-1","max-image-preview":"max-image-preview:large","max-video-preview":"max-video-preview:-1"},"canonical":"https:\/\/volcanes.net\/?p=10768","og_locale":"es_MX","og_type":"article","og_title":"En Tenango del Aire concluye la primera jornada de vacunaci\u00f3n contra el Covid-19 - Volcanes","og_description":"Tenango del Aire, Estado de M\u00e9xico.- Con trabajo, dedicaci\u00f3n, organizaci\u00f3n y sobre todo amor fue","og_url":"https:\/\/volcanes.net\/?p=10768","og_site_name":"Volcanes","article_publisher":"https:\/\/www.facebook.com\/volcanes.net\/","article_published_time":"2021-04-08T20:32:27+00:00","article_modified_time":"2021-04-08T20:33:36+00:00","og_image":[{"width":720,"height":399,"url":"https:\/\/volcanes.net\/wp-content\/uploads\/2021\/04\/FB_IMG_1617904009962.jpg","type":"image\/jpeg"}],"author":"admin","twitter_card":"summary_large_image","twitter_misc":{"Escrito por":"admin","Tiempo de lectura":"1 minuto"},"schema":{"@context":"https:\/\/schema.org","@graph":[{"@type":"Article","@id":"https:\/\/volcanes.net\/?p=10768#article","isPartOf":{"@id":"https:\/\/volcanes.net\/?p=10768"},"author":{"name":"admin","@id":"https:\/\/volcanes.net\/#\/schema\/person\/4bf0f383940966a4abd53f5048c0e6b9"},"headline":"En Tenango del Aire concluye la primera jornada de vacunaci\u00f3n contra el Covid-19","datePublished":"2021-04-08T20:32:27+00:00","dateModified":"2021-04-08T20:33:36+00:00","mainEntityOfPage":{"@id":"https:\/\/volcanes.net\/?p=10768"},"wordCount":251,"commentCount":0,"publisher":{"@id":"https:\/\/volcanes.net\/#organization"},"image":{"@id":"https:\/\/volcanes.net\/?p=10768#primaryimage"},"thumbnailUrl":"https:\/\/volcanes.net\/wp-content\/uploads\/2021\/04\/FB_IMG_1617904009962.jpg","keywords":["Tenango del Aire"],"articleSection":["Municipales"],"inLanguage":"es","potentialAction":[{"@type":"CommentAction","name":"Comment","target":["https:\/\/volcanes.net\/?p=10768#respond"]}]},{"@type":"WebPage","@id":"https:\/\/volcanes.net\/?p=10768","url":"https:\/\/volcanes.net\/?p=10768","name":"En Tenango del Aire concluye la primera jornada de vacunaci\u00f3n contra el Covid-19 - Volcanes","isPartOf":{"@id":"https:\/\/volcanes.net\/#website"},"primaryImageOfPage":{"@id":"https:\/\/volcanes.net\/?p=10768#primaryimage"},"image":{"@id":"https:\/\/volcanes.net\/?p=10768#primaryimage"},"thumbnailUrl":"https:\/\/volcanes.net\/wp-content\/uploads\/2021\/04\/FB_IMG_1617904009962.jpg","datePublished":"2021-04-08T20:32:27+00:00","dateModified":"2021-04-08T20:33:36+00:00","breadcrumb":{"@id":"https:\/\/volcanes.net\/?p=10768#breadcrumb"},"inLanguage":"es","potentialAction":[{"@type":"ReadAction","target":["https:\/\/volcanes.net\/?p=10768"]}]},{"@type":"ImageObject","inLanguage":"es","@id":"https:\/\/volcanes.net\/?p=10768#primaryimage","url":"https:\/\/volcanes.net\/wp-content\/uploads\/2021\/04\/FB_IMG_1617904009962.jpg","contentUrl":"https:\/\/volcanes.net\/wp-content\/uploads\/2021\/04\/FB_IMG_1617904009962.jpg","width":720,"height":399},{"@type":"BreadcrumbList","@id":"https:\/\/volcanes.net\/?p=10768#breadcrumb","itemListElement":[{"@type":"ListItem","position":1,"name":"Portada","item":"https:\/\/volcanes.net\/"},{"@type":"ListItem","position":2,"name":"En Tenango del Aire concluye la primera jornada de vacunaci\u00f3n contra el Covid-19"}]},{"@type":"WebSite","@id":"https:\/\/volcanes.net\/#website","url":"https:\/\/volcanes.net\/","name":"Volcanes.Net","description":"Periodismo Profesional","publisher":{"@id":"https:\/\/volcanes.net\/#organization"},"potentialAction":[{"@type":"SearchAction","target":{"@type":"EntryPoint","urlTemplate":"https:\/\/volcanes.net\/?s={search_term_string}"},"query-input":{"@type":"PropertyValueSpecification","valueRequired":true,"valueName":"search_term_string"}}],"inLanguage":"es"},{"@type":"Organization","@id":"https:\/\/volcanes.net\/#organization","name":"Grupo Volcanes","url":"https:\/\/volcanes.net\/","logo":{"@type":"ImageObject","inLanguage":"es","@id":"https:\/\/volcanes.net\/#\/schema\/logo\/image\/","url":"http:\/\/volcanes.net\/wp-content\/uploads\/2017\/12\/Avatar2.jpg","contentUrl":"http:\/\/volcanes.net\/wp-content\/uploads\/2017\/12\/Avatar2.jpg","width":378,"height":378,"caption":"Grupo Volcanes"},"image":{"@id":"https:\/\/volcanes.net\/#\/schema\/logo\/image\/"},"sameAs":["https:\/\/www.facebook.com\/volcanes.net\/"]},{"@type":"Person","@id":"https:\/\/volcanes.net\/#\/schema\/person\/4bf0f383940966a4abd53f5048c0e6b9","name":"admin","image":{"@type":"ImageObject","inLanguage":"es","@id":"https:\/\/volcanes.net\/#\/schema\/person\/image\/","url":"https:\/\/secure.gravatar.com\/avatar\/ca004e6cba8462b8cb7abc86e382930c?s=96&d=mm&r=g","contentUrl":"https:\/\/secure.gravatar.com\/avatar\/ca004e6cba8462b8cb7abc86e382930c?s=96&d=mm&r=g","caption":"admin"}}]}},"_links":{"self":[{"href":"https:\/\/volcanes.net\/index.php?rest_route=\/wp\/v2\/posts\/10768"}],"collection":[{"href":"https:\/\/volcanes.net\/index.php?rest_route=\/wp\/v2\/posts"}],"about":[{"href":"https:\/\/volcanes.net\/index.php?rest_route=\/wp\/v2\/types\/post"}],"author":[{"embeddable":true,"href":"https:\/\/volcanes.net\/index.php?rest_route=\/wp\/v2\/users\/1"}],"replies":[{"embeddable":true,"href":"https:\/\/volcanes.net\/index.php?rest_route=%2Fwp%2Fv2%2Fcomments&post=10768"}],"version-history":[{"count":3,"href":"https:\/\/volcanes.net\/index.php?rest_route=\/wp\/v2\/posts\/10768\/revisions"}],"predecessor-version":[{"id":10772,"href":"https:\/\/volcanes.net\/index.php?rest_route=\/wp\/v2\/posts\/10768\/revisions\/10772"}],"wp:featuredmedia":[{"embeddable":true,"href":"https:\/\/volcanes.net\/index.php?rest_route=\/wp\/v2\/media\/10769"}],"wp:attachment":[{"href":"https:\/\/volcanes.net\/index.php?rest_route=%2Fwp%2Fv2%2Fmedia&parent=10768"}],"wp:term":[{"taxonomy":"category","embeddable":true,"href":"https:\/\/volcanes.net\/index.php?rest_route=%2Fwp%2Fv2%2Fcategories&post=10768"},{"taxonomy":"post_tag","embeddable":true,"href":"https:\/\/volcanes.net\/index.php?rest_route=%2Fwp%2Fv2%2Ftags&post=10768"}],"curies":[{"name":"wp","href":"https:\/\/api.w.org\/{rel}","templated":true}]}}