{"id":1077,"date":"2018-02-07T01:10:18","date_gmt":"2018-02-07T01:10:18","guid":{"rendered":"http:\/\/volcanes.net\/?p=1077"},"modified":"2018-02-07T01:10:18","modified_gmt":"2018-02-07T01:10:18","slug":"sociedad-perdio-su-capacidad-de-asombro-ante-la-violencia","status":"publish","type":"post","link":"https:\/\/volcanes.net\/?p=1077","title":{"rendered":"Sociedad perdi\u00f3 su capacidad de asombro ante la violencia"},"content":{"rendered":"<div style=\"margin-top: 0px; margin-bottom: 0px;\" class=\"sharethis-inline-share-buttons\" ><\/div><ul>\n<li style=\"font-weight: 400\"><em>En la Deep web no hay un control jur\u00eddico de lo que se publica y por lo tanto, se vuelve atractiva. \u201cEl usuario puede presenciar cr\u00edmenes y a pesar de ello, quiere m\u00e1s\u201d.<\/em><\/li>\n<\/ul>\n<p style=\"font-weight: 400\"><strong>\u00a0<\/strong><\/p>\n<p style=\"font-weight: 400\"><strong>Toluca, M\u00e9x. \u2013 06 de febrero de 2018.<\/strong>\u00a0La sociedad perdi\u00f3 su capacidad de asombro ante la violencia, afirm\u00f3 el especialista David Chang Carrasco, en la Facultad de Humanidades de la Universidad Aut\u00f3noma del Estado de M\u00e9xico.<\/p>\n<p style=\"font-weight: 400\">Al dictar, en el marco del Primer Coloquio de Semi\u00f3tica en el Arte, la conferencia \u201cLa semiotizaci\u00f3n de la violencia como placer espectacular en la deep web\u201d, manifest\u00f3 que al ver im\u00e1genes o videos con alta carga violenta, la sociedad satisface su morbo y deseo de presenciar los l\u00edmites humanos.<\/p>\n<p style=\"font-weight: 400\">En la Deep web, precis\u00f3, se encuentra la informaci\u00f3n oculta de internet y para acceder a ella es necesario contar con programas especializados. \u201cEs la parte oscura de internet, por lo que al navegar en esta zona es necesario proteger la IP o direcci\u00f3n de conexi\u00f3n de tu computadora\u201d.<\/p>\n<p style=\"font-weight: 400\">El acad\u00e9mico de la Universidad Aut\u00f3noma Metropolitana explic\u00f3 que en la internet invisible la informaci\u00f3n se comparte de forma an\u00f3nima, lo que propicia que se publiquen conductas ilegales. \u201cA pesar de que existen polic\u00edas cibern\u00e9ticas, es poco probable que haya un control en la deep web\u201d.<\/p>\n<p style=\"font-weight: 400\">En esta zona oscura de la red, puntualiz\u00f3, no hay un control jur\u00eddico de lo que se publica y por lo tanto, se vuelve atractiva. \u201cEl usuario puede presenciar cr\u00edmenes y a pesar de ello, quiere m\u00e1s\u201d.<\/p>\n<p style=\"font-weight: 400\">Mediante su trabajo de investigaci\u00f3n, David Chang Carrasco busca llegar a una mayor comprensi\u00f3n de la violencia, la cual tiene diferentes vertientes. Algunos de los conceptos explorados a partir de su trabajo son: gore, sadismo y canibalismo, entre otros.<\/p>\n<p style=\"font-weight: 400\">El experto universitario indic\u00f3 que la internet es similar a un iceberg. En la superficie navega la mayor parte de la poblaci\u00f3n; sin embargo, es en los niveles profundos donde se concentran m\u00e1s de 50 por ciento de la informaci\u00f3n total que almacena la red.<\/p>\n<p style=\"font-weight: 400\">\n","protected":false},"excerpt":{"rendered":"<p>En la Deep web no hay un control jur\u00eddico de lo que se publica y<\/p>\n","protected":false},"author":1,"featured_media":1078,"comment_status":"open","ping_status":"open","sticky":false,"template":"","format":"standard","meta":{"footnotes":""},"categories":[1],"tags":[25,24],"class_list":["post-1077","post","type-post","status-publish","format-standard","has-post-thumbnail","hentry","category-municipales","tag-uaem","tag-uaemex"],"yoast_head":"<!-- This site is optimized with the Yoast SEO plugin v25.3 - https:\/\/yoast.com\/wordpress\/plugins\/seo\/ -->\n<title>Sociedad perdi\u00f3 su capacidad de asombro ante la violencia - Volcanes<\/title>\n<meta name=\"robots\" content=\"index, follow, max-snippet:-1, max-image-preview:large, max-video-preview:-1\" \/>\n<link rel=\"canonical\" href=\"https:\/\/volcanes.net\/?p=1077\" \/>\n<meta property=\"og:locale\" content=\"es_MX\" \/>\n<meta property=\"og:type\" content=\"article\" \/>\n<meta property=\"og:title\" content=\"Sociedad perdi\u00f3 su capacidad de asombro ante la violencia - Volcanes\" \/>\n<meta property=\"og:description\" content=\"En la Deep web no hay un control jur\u00eddico de lo que se publica y\" \/>\n<meta property=\"og:url\" content=\"https:\/\/volcanes.net\/?p=1077\" \/>\n<meta property=\"og:site_name\" content=\"Volcanes\" \/>\n<meta property=\"article:publisher\" content=\"https:\/\/www.facebook.com\/volcanes.net\/\" \/>\n<meta property=\"article:published_time\" content=\"2018-02-07T01:10:18+00:00\" \/>\n<meta property=\"og:image\" content=\"https:\/\/volcanes.net\/wp-content\/uploads\/2018\/02\/comun-0109-12.jpg\" \/>\n\t<meta property=\"og:image:width\" content=\"448\" \/>\n\t<meta property=\"og:image:height\" content=\"299\" \/>\n\t<meta property=\"og:image:type\" content=\"image\/jpeg\" \/>\n<meta name=\"author\" content=\"admin\" \/>\n<meta name=\"twitter:card\" content=\"summary_large_image\" \/>\n<meta name=\"twitter:label1\" content=\"Escrito por\" \/>\n\t<meta name=\"twitter:data1\" content=\"admin\" \/>\n\t<meta name=\"twitter:label2\" content=\"Tiempo de lectura\" \/>\n\t<meta name=\"twitter:data2\" content=\"2 minutos\" \/>\n<script type=\"application\/ld+json\" class=\"yoast-schema-graph\">{\"@context\":\"https:\/\/schema.org\",\"@graph\":[{\"@type\":\"Article\",\"@id\":\"https:\/\/volcanes.net\/?p=1077#article\",\"isPartOf\":{\"@id\":\"https:\/\/volcanes.net\/?p=1077\"},\"author\":{\"name\":\"admin\",\"@id\":\"https:\/\/volcanes.net\/#\/schema\/person\/4bf0f383940966a4abd53f5048c0e6b9\"},\"headline\":\"Sociedad perdi\u00f3 su capacidad de asombro ante la violencia\",\"datePublished\":\"2018-02-07T01:10:18+00:00\",\"mainEntityOfPage\":{\"@id\":\"https:\/\/volcanes.net\/?p=1077\"},\"wordCount\":368,\"commentCount\":0,\"publisher\":{\"@id\":\"https:\/\/volcanes.net\/#organization\"},\"image\":{\"@id\":\"https:\/\/volcanes.net\/?p=1077#primaryimage\"},\"thumbnailUrl\":\"https:\/\/volcanes.net\/wp-content\/uploads\/2018\/02\/comun-0109-12.jpg\",\"keywords\":[\"UAEM\",\"UAEMEX\"],\"articleSection\":[\"Municipales\"],\"inLanguage\":\"es\",\"potentialAction\":[{\"@type\":\"CommentAction\",\"name\":\"Comment\",\"target\":[\"https:\/\/volcanes.net\/?p=1077#respond\"]}]},{\"@type\":\"WebPage\",\"@id\":\"https:\/\/volcanes.net\/?p=1077\",\"url\":\"https:\/\/volcanes.net\/?p=1077\",\"name\":\"Sociedad perdi\u00f3 su capacidad de asombro ante la violencia - Volcanes\",\"isPartOf\":{\"@id\":\"https:\/\/volcanes.net\/#website\"},\"primaryImageOfPage\":{\"@id\":\"https:\/\/volcanes.net\/?p=1077#primaryimage\"},\"image\":{\"@id\":\"https:\/\/volcanes.net\/?p=1077#primaryimage\"},\"thumbnailUrl\":\"https:\/\/volcanes.net\/wp-content\/uploads\/2018\/02\/comun-0109-12.jpg\",\"datePublished\":\"2018-02-07T01:10:18+00:00\",\"breadcrumb\":{\"@id\":\"https:\/\/volcanes.net\/?p=1077#breadcrumb\"},\"inLanguage\":\"es\",\"potentialAction\":[{\"@type\":\"ReadAction\",\"target\":[\"https:\/\/volcanes.net\/?p=1077\"]}]},{\"@type\":\"ImageObject\",\"inLanguage\":\"es\",\"@id\":\"https:\/\/volcanes.net\/?p=1077#primaryimage\",\"url\":\"https:\/\/volcanes.net\/wp-content\/uploads\/2018\/02\/comun-0109-12.jpg\",\"contentUrl\":\"https:\/\/volcanes.net\/wp-content\/uploads\/2018\/02\/comun-0109-12.jpg\",\"width\":448,\"height\":299},{\"@type\":\"BreadcrumbList\",\"@id\":\"https:\/\/volcanes.net\/?p=1077#breadcrumb\",\"itemListElement\":[{\"@type\":\"ListItem\",\"position\":1,\"name\":\"Portada\",\"item\":\"https:\/\/volcanes.net\/\"},{\"@type\":\"ListItem\",\"position\":2,\"name\":\"Sociedad perdi\u00f3 su capacidad de asombro ante la violencia\"}]},{\"@type\":\"WebSite\",\"@id\":\"https:\/\/volcanes.net\/#website\",\"url\":\"https:\/\/volcanes.net\/\",\"name\":\"Volcanes.Net\",\"description\":\"Periodismo Profesional\",\"publisher\":{\"@id\":\"https:\/\/volcanes.net\/#organization\"},\"potentialAction\":[{\"@type\":\"SearchAction\",\"target\":{\"@type\":\"EntryPoint\",\"urlTemplate\":\"https:\/\/volcanes.net\/?s={search_term_string}\"},\"query-input\":{\"@type\":\"PropertyValueSpecification\",\"valueRequired\":true,\"valueName\":\"search_term_string\"}}],\"inLanguage\":\"es\"},{\"@type\":\"Organization\",\"@id\":\"https:\/\/volcanes.net\/#organization\",\"name\":\"Grupo Volcanes\",\"url\":\"https:\/\/volcanes.net\/\",\"logo\":{\"@type\":\"ImageObject\",\"inLanguage\":\"es\",\"@id\":\"https:\/\/volcanes.net\/#\/schema\/logo\/image\/\",\"url\":\"http:\/\/volcanes.net\/wp-content\/uploads\/2017\/12\/Avatar2.jpg\",\"contentUrl\":\"http:\/\/volcanes.net\/wp-content\/uploads\/2017\/12\/Avatar2.jpg\",\"width\":378,\"height\":378,\"caption\":\"Grupo Volcanes\"},\"image\":{\"@id\":\"https:\/\/volcanes.net\/#\/schema\/logo\/image\/\"},\"sameAs\":[\"https:\/\/www.facebook.com\/volcanes.net\/\"]},{\"@type\":\"Person\",\"@id\":\"https:\/\/volcanes.net\/#\/schema\/person\/4bf0f383940966a4abd53f5048c0e6b9\",\"name\":\"admin\",\"image\":{\"@type\":\"ImageObject\",\"inLanguage\":\"es\",\"@id\":\"https:\/\/volcanes.net\/#\/schema\/person\/image\/\",\"url\":\"https:\/\/secure.gravatar.com\/avatar\/ca004e6cba8462b8cb7abc86e382930c?s=96&d=mm&r=g\",\"contentUrl\":\"https:\/\/secure.gravatar.com\/avatar\/ca004e6cba8462b8cb7abc86e382930c?s=96&d=mm&r=g\",\"caption\":\"admin\"}}]}<\/script>\n<!-- \/ Yoast SEO plugin. -->","yoast_head_json":{"title":"Sociedad perdi\u00f3 su capacidad de asombro ante la violencia - Volcanes","robots":{"index":"index","follow":"follow","max-snippet":"max-snippet:-1","max-image-preview":"max-image-preview:large","max-video-preview":"max-video-preview:-1"},"canonical":"https:\/\/volcanes.net\/?p=1077","og_locale":"es_MX","og_type":"article","og_title":"Sociedad perdi\u00f3 su capacidad de asombro ante la violencia - Volcanes","og_description":"En la Deep web no hay un control jur\u00eddico de lo que se publica y","og_url":"https:\/\/volcanes.net\/?p=1077","og_site_name":"Volcanes","article_publisher":"https:\/\/www.facebook.com\/volcanes.net\/","article_published_time":"2018-02-07T01:10:18+00:00","og_image":[{"width":448,"height":299,"url":"https:\/\/volcanes.net\/wp-content\/uploads\/2018\/02\/comun-0109-12.jpg","type":"image\/jpeg"}],"author":"admin","twitter_card":"summary_large_image","twitter_misc":{"Escrito por":"admin","Tiempo de lectura":"2 minutos"},"schema":{"@context":"https:\/\/schema.org","@graph":[{"@type":"Article","@id":"https:\/\/volcanes.net\/?p=1077#article","isPartOf":{"@id":"https:\/\/volcanes.net\/?p=1077"},"author":{"name":"admin","@id":"https:\/\/volcanes.net\/#\/schema\/person\/4bf0f383940966a4abd53f5048c0e6b9"},"headline":"Sociedad perdi\u00f3 su capacidad de asombro ante la violencia","datePublished":"2018-02-07T01:10:18+00:00","mainEntityOfPage":{"@id":"https:\/\/volcanes.net\/?p=1077"},"wordCount":368,"commentCount":0,"publisher":{"@id":"https:\/\/volcanes.net\/#organization"},"image":{"@id":"https:\/\/volcanes.net\/?p=1077#primaryimage"},"thumbnailUrl":"https:\/\/volcanes.net\/wp-content\/uploads\/2018\/02\/comun-0109-12.jpg","keywords":["UAEM","UAEMEX"],"articleSection":["Municipales"],"inLanguage":"es","potentialAction":[{"@type":"CommentAction","name":"Comment","target":["https:\/\/volcanes.net\/?p=1077#respond"]}]},{"@type":"WebPage","@id":"https:\/\/volcanes.net\/?p=1077","url":"https:\/\/volcanes.net\/?p=1077","name":"Sociedad perdi\u00f3 su capacidad de asombro ante la violencia - Volcanes","isPartOf":{"@id":"https:\/\/volcanes.net\/#website"},"primaryImageOfPage":{"@id":"https:\/\/volcanes.net\/?p=1077#primaryimage"},"image":{"@id":"https:\/\/volcanes.net\/?p=1077#primaryimage"},"thumbnailUrl":"https:\/\/volcanes.net\/wp-content\/uploads\/2018\/02\/comun-0109-12.jpg","datePublished":"2018-02-07T01:10:18+00:00","breadcrumb":{"@id":"https:\/\/volcanes.net\/?p=1077#breadcrumb"},"inLanguage":"es","potentialAction":[{"@type":"ReadAction","target":["https:\/\/volcanes.net\/?p=1077"]}]},{"@type":"ImageObject","inLanguage":"es","@id":"https:\/\/volcanes.net\/?p=1077#primaryimage","url":"https:\/\/volcanes.net\/wp-content\/uploads\/2018\/02\/comun-0109-12.jpg","contentUrl":"https:\/\/volcanes.net\/wp-content\/uploads\/2018\/02\/comun-0109-12.jpg","width":448,"height":299},{"@type":"BreadcrumbList","@id":"https:\/\/volcanes.net\/?p=1077#breadcrumb","itemListElement":[{"@type":"ListItem","position":1,"name":"Portada","item":"https:\/\/volcanes.net\/"},{"@type":"ListItem","position":2,"name":"Sociedad perdi\u00f3 su capacidad de asombro ante la violencia"}]},{"@type":"WebSite","@id":"https:\/\/volcanes.net\/#website","url":"https:\/\/volcanes.net\/","name":"Volcanes.Net","description":"Periodismo Profesional","publisher":{"@id":"https:\/\/volcanes.net\/#organization"},"potentialAction":[{"@type":"SearchAction","target":{"@type":"EntryPoint","urlTemplate":"https:\/\/volcanes.net\/?s={search_term_string}"},"query-input":{"@type":"PropertyValueSpecification","valueRequired":true,"valueName":"search_term_string"}}],"inLanguage":"es"},{"@type":"Organization","@id":"https:\/\/volcanes.net\/#organization","name":"Grupo Volcanes","url":"https:\/\/volcanes.net\/","logo":{"@type":"ImageObject","inLanguage":"es","@id":"https:\/\/volcanes.net\/#\/schema\/logo\/image\/","url":"http:\/\/volcanes.net\/wp-content\/uploads\/2017\/12\/Avatar2.jpg","contentUrl":"http:\/\/volcanes.net\/wp-content\/uploads\/2017\/12\/Avatar2.jpg","width":378,"height":378,"caption":"Grupo Volcanes"},"image":{"@id":"https:\/\/volcanes.net\/#\/schema\/logo\/image\/"},"sameAs":["https:\/\/www.facebook.com\/volcanes.net\/"]},{"@type":"Person","@id":"https:\/\/volcanes.net\/#\/schema\/person\/4bf0f383940966a4abd53f5048c0e6b9","name":"admin","image":{"@type":"ImageObject","inLanguage":"es","@id":"https:\/\/volcanes.net\/#\/schema\/person\/image\/","url":"https:\/\/secure.gravatar.com\/avatar\/ca004e6cba8462b8cb7abc86e382930c?s=96&d=mm&r=g","contentUrl":"https:\/\/secure.gravatar.com\/avatar\/ca004e6cba8462b8cb7abc86e382930c?s=96&d=mm&r=g","caption":"admin"}}]}},"_links":{"self":[{"href":"https:\/\/volcanes.net\/index.php?rest_route=\/wp\/v2\/posts\/1077"}],"collection":[{"href":"https:\/\/volcanes.net\/index.php?rest_route=\/wp\/v2\/posts"}],"about":[{"href":"https:\/\/volcanes.net\/index.php?rest_route=\/wp\/v2\/types\/post"}],"author":[{"embeddable":true,"href":"https:\/\/volcanes.net\/index.php?rest_route=\/wp\/v2\/users\/1"}],"replies":[{"embeddable":true,"href":"https:\/\/volcanes.net\/index.php?rest_route=%2Fwp%2Fv2%2Fcomments&post=1077"}],"version-history":[{"count":1,"href":"https:\/\/volcanes.net\/index.php?rest_route=\/wp\/v2\/posts\/1077\/revisions"}],"predecessor-version":[{"id":1079,"href":"https:\/\/volcanes.net\/index.php?rest_route=\/wp\/v2\/posts\/1077\/revisions\/1079"}],"wp:featuredmedia":[{"embeddable":true,"href":"https:\/\/volcanes.net\/index.php?rest_route=\/wp\/v2\/media\/1078"}],"wp:attachment":[{"href":"https:\/\/volcanes.net\/index.php?rest_route=%2Fwp%2Fv2%2Fmedia&parent=1077"}],"wp:term":[{"taxonomy":"category","embeddable":true,"href":"https:\/\/volcanes.net\/index.php?rest_route=%2Fwp%2Fv2%2Fcategories&post=1077"},{"taxonomy":"post_tag","embeddable":true,"href":"https:\/\/volcanes.net\/index.php?rest_route=%2Fwp%2Fv2%2Ftags&post=1077"}],"curies":[{"name":"wp","href":"https:\/\/api.w.org\/{rel}","templated":true}]}}