{"id":1082,"date":"2018-02-07T16:21:35","date_gmt":"2018-02-07T16:21:35","guid":{"rendered":"http:\/\/volcanes.net\/?p=1082"},"modified":"2018-02-07T16:21:35","modified_gmt":"2018-02-07T16:21:35","slug":"lopez-obrador-intolerante-con-la-prensa-libre-afirma-ochoa-reza","status":"publish","type":"post","link":"https:\/\/volcanes.net\/?p=1082","title":{"rendered":"L\u00f3pez Obrador, intolerante con la prensa libre, afirma Ochoa Reza"},"content":{"rendered":"<div style=\"margin-top: 0px; margin-bottom: 0px;\" class=\"sharethis-inline-share-buttons\" ><\/div><p>El presidente nacional del Partido Revolucionario Institucional (PRI), Enrique Ochoa Reza, afirm\u00f3 que a M\u00e9xico no le conviene una persona como Andr\u00e9s Manuel L\u00f3pez Obrador, que desacredita el periodismo libre y ataca a los periodistas e intelectuales \u201cs\u00f3lo porque piensan distinto a \u00e9l\u201d.<\/p>\n<p>\u201cEn un pa\u00eds de pa\u00eds de libertades, democr\u00e1tico, no podemos tener una persona como L\u00f3pez, que tiene como par\u00e1metro convertir a M\u00e9xico en Venezuela; eso no le conviene a nuestro pa\u00eds, no le conviene tener a una persona que es intolerante ante la prensa libre\u201d, manifest\u00f3 en entrevista en La Red de Radio Red.<\/p>\n<p>Refiri\u00f3 que en estos\u00a0d\u00edas, el precandidato de Morena ha decidido atacar a periodistas e intelectuales del pa\u00eds \u201cpor el simple hecho de que piensan distinto a \u00e9l; los fustiga porque \u201csigue siendo el mismo de siempre\u201d.<\/p>\n<p>\u201cSe ofende si alg\u00fan periodista hace su trabajo y hace cuestionamientos propios de una democracia; est\u00e1 constantemente desacreditando a los medios de comunicaci\u00f3n que simplemente hacen su trabajo\u201d en un pa\u00eds de libertades,\u00a0expres\u00f3.<\/p>\n<p>El dirigente\u00a0priista asegur\u00f3 que previo al cierre de las precampa\u00f1as, el aspirante tricolor a la candidatura a la Presidencia de la Rep\u00fablica, Jos\u00e9 Antonio Meade, estar\u00e1\u00a0en diversos estados \u201cescuchando a la gente, hablando con los medios de comunicaci\u00f3n y dando a conocer sus propuestas\u201d, pues\u00a0contin\u00faa un proceso electoral muy amplio.<\/p>\n<p>Dijo que seguir\u00e1n construyendo el mejor escenario para la competencia democr\u00e1tica, donde los mexicanos\u00a0elegir\u00e1n entre dos caminos: \u201cun\u00a0camino de propuestas y de preparaci\u00f3n, como el que encabeza Jos\u00e9 Antonio Meade, y otro de locuras, como el que encabeza L\u00f3pez, que propone liberar a los delincuentes de las c\u00e1rceles y a los narcotraficantes y ponerlos en la calle\u201d.<\/p>\n<p>Tras afirmar que avanzan en las preferencias de los encuestados, reiter\u00f3 la propuesta de Meade Kuribre\u00f1a de aplicar la ley con firmeza para que las nuevas generaciones est\u00e9n alejadas del crimen, mejorar los empleos y generar riqueza que se distribuya de una manera m\u00e1s equitativa.<\/p>\n","protected":false},"excerpt":{"rendered":"<p>El presidente nacional del Partido Revolucionario Institucional (PRI), Enrique Ochoa Reza, afirm\u00f3 que a M\u00e9xico<\/p>\n","protected":false},"author":1,"featured_media":1085,"comment_status":"open","ping_status":"open","sticky":false,"template":"","format":"standard","meta":{"footnotes":""},"categories":[1],"tags":[10],"class_list":["post-1082","post","type-post","status-publish","format-standard","has-post-thumbnail","hentry","category-municipales","tag-pri"],"yoast_head":"<!-- This site is optimized with the Yoast SEO plugin v25.3 - https:\/\/yoast.com\/wordpress\/plugins\/seo\/ -->\n<title>L\u00f3pez Obrador, intolerante con la prensa libre, afirma Ochoa Reza - Volcanes<\/title>\n<meta name=\"robots\" content=\"index, follow, max-snippet:-1, max-image-preview:large, max-video-preview:-1\" \/>\n<link rel=\"canonical\" href=\"https:\/\/volcanes.net\/?p=1082\" \/>\n<meta property=\"og:locale\" content=\"es_MX\" \/>\n<meta property=\"og:type\" content=\"article\" \/>\n<meta property=\"og:title\" content=\"L\u00f3pez Obrador, intolerante con la prensa libre, afirma Ochoa Reza - Volcanes\" \/>\n<meta property=\"og:description\" content=\"El presidente nacional del Partido Revolucionario Institucional (PRI), Enrique Ochoa Reza, afirm\u00f3 que a M\u00e9xico\" \/>\n<meta property=\"og:url\" content=\"https:\/\/volcanes.net\/?p=1082\" \/>\n<meta property=\"og:site_name\" content=\"Volcanes\" \/>\n<meta property=\"article:publisher\" content=\"https:\/\/www.facebook.com\/volcanes.net\/\" \/>\n<meta property=\"article:published_time\" content=\"2018-02-07T16:21:35+00:00\" \/>\n<meta property=\"og:image\" content=\"https:\/\/volcanes.net\/wp-content\/uploads\/2018\/02\/ochoa3.jpg\" \/>\n\t<meta property=\"og:image:width\" content=\"400\" \/>\n\t<meta property=\"og:image:height\" content=\"200\" \/>\n\t<meta property=\"og:image:type\" content=\"image\/jpeg\" \/>\n<meta name=\"author\" content=\"admin\" \/>\n<meta name=\"twitter:card\" content=\"summary_large_image\" \/>\n<meta name=\"twitter:label1\" content=\"Escrito por\" \/>\n\t<meta name=\"twitter:data1\" content=\"admin\" \/>\n\t<meta name=\"twitter:label2\" content=\"Tiempo de lectura\" \/>\n\t<meta name=\"twitter:data2\" content=\"2 minutos\" \/>\n<script type=\"application\/ld+json\" class=\"yoast-schema-graph\">{\"@context\":\"https:\/\/schema.org\",\"@graph\":[{\"@type\":\"Article\",\"@id\":\"https:\/\/volcanes.net\/?p=1082#article\",\"isPartOf\":{\"@id\":\"https:\/\/volcanes.net\/?p=1082\"},\"author\":{\"name\":\"admin\",\"@id\":\"https:\/\/volcanes.net\/#\/schema\/person\/4bf0f383940966a4abd53f5048c0e6b9\"},\"headline\":\"L\u00f3pez Obrador, intolerante con la prensa libre, afirma Ochoa Reza\",\"datePublished\":\"2018-02-07T16:21:35+00:00\",\"mainEntityOfPage\":{\"@id\":\"https:\/\/volcanes.net\/?p=1082\"},\"wordCount\":365,\"commentCount\":0,\"publisher\":{\"@id\":\"https:\/\/volcanes.net\/#organization\"},\"image\":{\"@id\":\"https:\/\/volcanes.net\/?p=1082#primaryimage\"},\"thumbnailUrl\":\"https:\/\/volcanes.net\/wp-content\/uploads\/2018\/02\/ochoa3.jpg\",\"keywords\":[\"PRI\"],\"articleSection\":[\"Municipales\"],\"inLanguage\":\"es\",\"potentialAction\":[{\"@type\":\"CommentAction\",\"name\":\"Comment\",\"target\":[\"https:\/\/volcanes.net\/?p=1082#respond\"]}]},{\"@type\":\"WebPage\",\"@id\":\"https:\/\/volcanes.net\/?p=1082\",\"url\":\"https:\/\/volcanes.net\/?p=1082\",\"name\":\"L\u00f3pez Obrador, intolerante con la prensa libre, afirma Ochoa Reza - Volcanes\",\"isPartOf\":{\"@id\":\"https:\/\/volcanes.net\/#website\"},\"primaryImageOfPage\":{\"@id\":\"https:\/\/volcanes.net\/?p=1082#primaryimage\"},\"image\":{\"@id\":\"https:\/\/volcanes.net\/?p=1082#primaryimage\"},\"thumbnailUrl\":\"https:\/\/volcanes.net\/wp-content\/uploads\/2018\/02\/ochoa3.jpg\",\"datePublished\":\"2018-02-07T16:21:35+00:00\",\"breadcrumb\":{\"@id\":\"https:\/\/volcanes.net\/?p=1082#breadcrumb\"},\"inLanguage\":\"es\",\"potentialAction\":[{\"@type\":\"ReadAction\",\"target\":[\"https:\/\/volcanes.net\/?p=1082\"]}]},{\"@type\":\"ImageObject\",\"inLanguage\":\"es\",\"@id\":\"https:\/\/volcanes.net\/?p=1082#primaryimage\",\"url\":\"https:\/\/volcanes.net\/wp-content\/uploads\/2018\/02\/ochoa3.jpg\",\"contentUrl\":\"https:\/\/volcanes.net\/wp-content\/uploads\/2018\/02\/ochoa3.jpg\",\"width\":400,\"height\":200},{\"@type\":\"BreadcrumbList\",\"@id\":\"https:\/\/volcanes.net\/?p=1082#breadcrumb\",\"itemListElement\":[{\"@type\":\"ListItem\",\"position\":1,\"name\":\"Portada\",\"item\":\"https:\/\/volcanes.net\/\"},{\"@type\":\"ListItem\",\"position\":2,\"name\":\"L\u00f3pez Obrador, intolerante con la prensa libre, afirma Ochoa Reza\"}]},{\"@type\":\"WebSite\",\"@id\":\"https:\/\/volcanes.net\/#website\",\"url\":\"https:\/\/volcanes.net\/\",\"name\":\"Volcanes.Net\",\"description\":\"Periodismo Profesional\",\"publisher\":{\"@id\":\"https:\/\/volcanes.net\/#organization\"},\"potentialAction\":[{\"@type\":\"SearchAction\",\"target\":{\"@type\":\"EntryPoint\",\"urlTemplate\":\"https:\/\/volcanes.net\/?s={search_term_string}\"},\"query-input\":{\"@type\":\"PropertyValueSpecification\",\"valueRequired\":true,\"valueName\":\"search_term_string\"}}],\"inLanguage\":\"es\"},{\"@type\":\"Organization\",\"@id\":\"https:\/\/volcanes.net\/#organization\",\"name\":\"Grupo Volcanes\",\"url\":\"https:\/\/volcanes.net\/\",\"logo\":{\"@type\":\"ImageObject\",\"inLanguage\":\"es\",\"@id\":\"https:\/\/volcanes.net\/#\/schema\/logo\/image\/\",\"url\":\"http:\/\/volcanes.net\/wp-content\/uploads\/2017\/12\/Avatar2.jpg\",\"contentUrl\":\"http:\/\/volcanes.net\/wp-content\/uploads\/2017\/12\/Avatar2.jpg\",\"width\":378,\"height\":378,\"caption\":\"Grupo Volcanes\"},\"image\":{\"@id\":\"https:\/\/volcanes.net\/#\/schema\/logo\/image\/\"},\"sameAs\":[\"https:\/\/www.facebook.com\/volcanes.net\/\"]},{\"@type\":\"Person\",\"@id\":\"https:\/\/volcanes.net\/#\/schema\/person\/4bf0f383940966a4abd53f5048c0e6b9\",\"name\":\"admin\",\"image\":{\"@type\":\"ImageObject\",\"inLanguage\":\"es\",\"@id\":\"https:\/\/volcanes.net\/#\/schema\/person\/image\/\",\"url\":\"https:\/\/secure.gravatar.com\/avatar\/ca004e6cba8462b8cb7abc86e382930c?s=96&d=mm&r=g\",\"contentUrl\":\"https:\/\/secure.gravatar.com\/avatar\/ca004e6cba8462b8cb7abc86e382930c?s=96&d=mm&r=g\",\"caption\":\"admin\"}}]}<\/script>\n<!-- \/ Yoast SEO plugin. -->","yoast_head_json":{"title":"L\u00f3pez Obrador, intolerante con la prensa libre, afirma Ochoa Reza - Volcanes","robots":{"index":"index","follow":"follow","max-snippet":"max-snippet:-1","max-image-preview":"max-image-preview:large","max-video-preview":"max-video-preview:-1"},"canonical":"https:\/\/volcanes.net\/?p=1082","og_locale":"es_MX","og_type":"article","og_title":"L\u00f3pez Obrador, intolerante con la prensa libre, afirma Ochoa Reza - Volcanes","og_description":"El presidente nacional del Partido Revolucionario Institucional (PRI), Enrique Ochoa Reza, afirm\u00f3 que a M\u00e9xico","og_url":"https:\/\/volcanes.net\/?p=1082","og_site_name":"Volcanes","article_publisher":"https:\/\/www.facebook.com\/volcanes.net\/","article_published_time":"2018-02-07T16:21:35+00:00","og_image":[{"width":400,"height":200,"url":"https:\/\/volcanes.net\/wp-content\/uploads\/2018\/02\/ochoa3.jpg","type":"image\/jpeg"}],"author":"admin","twitter_card":"summary_large_image","twitter_misc":{"Escrito por":"admin","Tiempo de lectura":"2 minutos"},"schema":{"@context":"https:\/\/schema.org","@graph":[{"@type":"Article","@id":"https:\/\/volcanes.net\/?p=1082#article","isPartOf":{"@id":"https:\/\/volcanes.net\/?p=1082"},"author":{"name":"admin","@id":"https:\/\/volcanes.net\/#\/schema\/person\/4bf0f383940966a4abd53f5048c0e6b9"},"headline":"L\u00f3pez Obrador, intolerante con la prensa libre, afirma Ochoa Reza","datePublished":"2018-02-07T16:21:35+00:00","mainEntityOfPage":{"@id":"https:\/\/volcanes.net\/?p=1082"},"wordCount":365,"commentCount":0,"publisher":{"@id":"https:\/\/volcanes.net\/#organization"},"image":{"@id":"https:\/\/volcanes.net\/?p=1082#primaryimage"},"thumbnailUrl":"https:\/\/volcanes.net\/wp-content\/uploads\/2018\/02\/ochoa3.jpg","keywords":["PRI"],"articleSection":["Municipales"],"inLanguage":"es","potentialAction":[{"@type":"CommentAction","name":"Comment","target":["https:\/\/volcanes.net\/?p=1082#respond"]}]},{"@type":"WebPage","@id":"https:\/\/volcanes.net\/?p=1082","url":"https:\/\/volcanes.net\/?p=1082","name":"L\u00f3pez Obrador, intolerante con la prensa libre, afirma Ochoa Reza - Volcanes","isPartOf":{"@id":"https:\/\/volcanes.net\/#website"},"primaryImageOfPage":{"@id":"https:\/\/volcanes.net\/?p=1082#primaryimage"},"image":{"@id":"https:\/\/volcanes.net\/?p=1082#primaryimage"},"thumbnailUrl":"https:\/\/volcanes.net\/wp-content\/uploads\/2018\/02\/ochoa3.jpg","datePublished":"2018-02-07T16:21:35+00:00","breadcrumb":{"@id":"https:\/\/volcanes.net\/?p=1082#breadcrumb"},"inLanguage":"es","potentialAction":[{"@type":"ReadAction","target":["https:\/\/volcanes.net\/?p=1082"]}]},{"@type":"ImageObject","inLanguage":"es","@id":"https:\/\/volcanes.net\/?p=1082#primaryimage","url":"https:\/\/volcanes.net\/wp-content\/uploads\/2018\/02\/ochoa3.jpg","contentUrl":"https:\/\/volcanes.net\/wp-content\/uploads\/2018\/02\/ochoa3.jpg","width":400,"height":200},{"@type":"BreadcrumbList","@id":"https:\/\/volcanes.net\/?p=1082#breadcrumb","itemListElement":[{"@type":"ListItem","position":1,"name":"Portada","item":"https:\/\/volcanes.net\/"},{"@type":"ListItem","position":2,"name":"L\u00f3pez Obrador, intolerante con la prensa libre, afirma Ochoa Reza"}]},{"@type":"WebSite","@id":"https:\/\/volcanes.net\/#website","url":"https:\/\/volcanes.net\/","name":"Volcanes.Net","description":"Periodismo Profesional","publisher":{"@id":"https:\/\/volcanes.net\/#organization"},"potentialAction":[{"@type":"SearchAction","target":{"@type":"EntryPoint","urlTemplate":"https:\/\/volcanes.net\/?s={search_term_string}"},"query-input":{"@type":"PropertyValueSpecification","valueRequired":true,"valueName":"search_term_string"}}],"inLanguage":"es"},{"@type":"Organization","@id":"https:\/\/volcanes.net\/#organization","name":"Grupo Volcanes","url":"https:\/\/volcanes.net\/","logo":{"@type":"ImageObject","inLanguage":"es","@id":"https:\/\/volcanes.net\/#\/schema\/logo\/image\/","url":"http:\/\/volcanes.net\/wp-content\/uploads\/2017\/12\/Avatar2.jpg","contentUrl":"http:\/\/volcanes.net\/wp-content\/uploads\/2017\/12\/Avatar2.jpg","width":378,"height":378,"caption":"Grupo Volcanes"},"image":{"@id":"https:\/\/volcanes.net\/#\/schema\/logo\/image\/"},"sameAs":["https:\/\/www.facebook.com\/volcanes.net\/"]},{"@type":"Person","@id":"https:\/\/volcanes.net\/#\/schema\/person\/4bf0f383940966a4abd53f5048c0e6b9","name":"admin","image":{"@type":"ImageObject","inLanguage":"es","@id":"https:\/\/volcanes.net\/#\/schema\/person\/image\/","url":"https:\/\/secure.gravatar.com\/avatar\/ca004e6cba8462b8cb7abc86e382930c?s=96&d=mm&r=g","contentUrl":"https:\/\/secure.gravatar.com\/avatar\/ca004e6cba8462b8cb7abc86e382930c?s=96&d=mm&r=g","caption":"admin"}}]}},"_links":{"self":[{"href":"https:\/\/volcanes.net\/index.php?rest_route=\/wp\/v2\/posts\/1082"}],"collection":[{"href":"https:\/\/volcanes.net\/index.php?rest_route=\/wp\/v2\/posts"}],"about":[{"href":"https:\/\/volcanes.net\/index.php?rest_route=\/wp\/v2\/types\/post"}],"author":[{"embeddable":true,"href":"https:\/\/volcanes.net\/index.php?rest_route=\/wp\/v2\/users\/1"}],"replies":[{"embeddable":true,"href":"https:\/\/volcanes.net\/index.php?rest_route=%2Fwp%2Fv2%2Fcomments&post=1082"}],"version-history":[{"count":1,"href":"https:\/\/volcanes.net\/index.php?rest_route=\/wp\/v2\/posts\/1082\/revisions"}],"predecessor-version":[{"id":1086,"href":"https:\/\/volcanes.net\/index.php?rest_route=\/wp\/v2\/posts\/1082\/revisions\/1086"}],"wp:featuredmedia":[{"embeddable":true,"href":"https:\/\/volcanes.net\/index.php?rest_route=\/wp\/v2\/media\/1085"}],"wp:attachment":[{"href":"https:\/\/volcanes.net\/index.php?rest_route=%2Fwp%2Fv2%2Fmedia&parent=1082"}],"wp:term":[{"taxonomy":"category","embeddable":true,"href":"https:\/\/volcanes.net\/index.php?rest_route=%2Fwp%2Fv2%2Fcategories&post=1082"},{"taxonomy":"post_tag","embeddable":true,"href":"https:\/\/volcanes.net\/index.php?rest_route=%2Fwp%2Fv2%2Ftags&post=1082"}],"curies":[{"name":"wp","href":"https:\/\/api.w.org\/{rel}","templated":true}]}}