{"id":10897,"date":"2021-04-21T14:02:09","date_gmt":"2021-04-21T20:02:09","guid":{"rendered":"http:\/\/volcanes.net\/?p=10897"},"modified":"2021-04-21T14:04:32","modified_gmt":"2021-04-21T20:04:32","slug":"denise-hauffen-va-por-presidencia-municipal-de-amecameca","status":"publish","type":"post","link":"https:\/\/volcanes.net\/?p=10897","title":{"rendered":"Denisse Hauffen va por presidencia municipal de Amecameca"},"content":{"rendered":"<div style=\"margin-top: 0px; margin-bottom: 0px;\" class=\"sharethis-inline-share-buttons\" ><\/div><div dir=\"auto\">\n<div dir=\"auto\">Amecameca, Estado de M\u00e9xico.- Ante el pr\u00f3ximo proceso electoral que se avecina, Denisse Hauffen realiz\u00f3 su registro como aspirante del partido Movimiento Ciudadano en el municipio de Amecameca, por lo que el pr\u00f3ximo 6 de junio competir\u00e1 por las elecciones presidenciales 2021.<\/div>\n<div dir=\"auto\"><\/div>\n<div dir=\"auto\">En entrevista con la precandidata a la presidencia municipal de Amecameca, coment\u00f3 que su partido ha sido cercana a la gente, adem\u00e1s de que trabajan de manera contin\u00faa y recalc\u00f3 que el partido Movimiento Ciudadano se caracteriza por ser cercano a la gente, impulsando proyectos sociales, deportivos y de salud; as\u00ed mismo, Hauffen se\u00f1ala que la ciudadan\u00eda exige justicia ante las acciones sociales, de seguridad, salud y desarrollo de obra p\u00fablica.<\/div>\n<div dir=\"auto\"><\/div>\n<div dir=\"auto\">Denisse Hauffen, explic\u00f3 que su registro como aspirante a la presidencia municipal es con base a que conoce los problemas que aquejan a las familias Amecamequenses, porque ah\u00ed vive y ha recorrido sus calles, colonias y pueblos, por lo que tienen en claro cu\u00e1les son las necesidades del municipio, &#8220;pues vengo de la necesidad y del esfuerzo&#8221;.<\/div>\n<div dir=\"auto\"><\/div>\n<div dir=\"auto\">&#8220;En Movimiento Ciudadano, no habr\u00e1 cabida para aspirantes que, tengan problemas legales o que no hayan cumplido con sus pensiones alimentarias, queremos personas que amen a sus familias, ya que, en la Casa de Movimiento Ciudadano, caben todos, menos para personas deshonestas&#8221;, dijo Hauffen.<\/div>\n<\/div>\n","protected":false},"excerpt":{"rendered":"<p>Amecameca, Estado de M\u00e9xico.- Ante el pr\u00f3ximo proceso electoral que se avecina, Denisse Hauffen realiz\u00f3<\/p>\n","protected":false},"author":1,"featured_media":10899,"comment_status":"open","ping_status":"open","sticky":false,"template":"","format":"standard","meta":{"footnotes":""},"categories":[1],"tags":[7],"class_list":["post-10897","post","type-post","status-publish","format-standard","has-post-thumbnail","hentry","category-municipales","tag-amecameca"],"yoast_head":"<!-- This site is optimized with the Yoast SEO plugin v25.3 - https:\/\/yoast.com\/wordpress\/plugins\/seo\/ -->\n<title>Denisse Hauffen va por presidencia municipal de Amecameca - Volcanes<\/title>\n<meta name=\"robots\" content=\"index, follow, max-snippet:-1, max-image-preview:large, max-video-preview:-1\" \/>\n<link rel=\"canonical\" href=\"https:\/\/volcanes.net\/?p=10897\" \/>\n<meta property=\"og:locale\" content=\"es_MX\" \/>\n<meta property=\"og:type\" content=\"article\" \/>\n<meta property=\"og:title\" content=\"Denisse Hauffen va por presidencia municipal de Amecameca - Volcanes\" \/>\n<meta property=\"og:description\" content=\"Amecameca, Estado de M\u00e9xico.- Ante el pr\u00f3ximo proceso electoral que se avecina, Denisse Hauffen realiz\u00f3\" \/>\n<meta property=\"og:url\" content=\"https:\/\/volcanes.net\/?p=10897\" \/>\n<meta property=\"og:site_name\" content=\"Volcanes\" \/>\n<meta property=\"article:publisher\" content=\"https:\/\/www.facebook.com\/volcanes.net\/\" \/>\n<meta property=\"article:published_time\" content=\"2021-04-21T20:02:09+00:00\" \/>\n<meta property=\"article:modified_time\" content=\"2021-04-21T20:04:32+00:00\" \/>\n<meta property=\"og:image\" content=\"https:\/\/volcanes.net\/wp-content\/uploads\/2021\/04\/IMG_20210416_141953891_BURST000_COVER_TOP-scaled-1.jpg\" \/>\n\t<meta property=\"og:image:width\" content=\"768\" \/>\n\t<meta property=\"og:image:height\" content=\"575\" \/>\n\t<meta property=\"og:image:type\" content=\"image\/jpeg\" \/>\n<meta name=\"author\" content=\"admin\" \/>\n<meta name=\"twitter:card\" content=\"summary_large_image\" \/>\n<meta name=\"twitter:label1\" content=\"Escrito por\" \/>\n\t<meta name=\"twitter:data1\" content=\"admin\" \/>\n\t<meta name=\"twitter:label2\" content=\"Tiempo de lectura\" \/>\n\t<meta name=\"twitter:data2\" content=\"1 minuto\" \/>\n<script type=\"application\/ld+json\" class=\"yoast-schema-graph\">{\"@context\":\"https:\/\/schema.org\",\"@graph\":[{\"@type\":\"Article\",\"@id\":\"https:\/\/volcanes.net\/?p=10897#article\",\"isPartOf\":{\"@id\":\"https:\/\/volcanes.net\/?p=10897\"},\"author\":{\"name\":\"admin\",\"@id\":\"https:\/\/volcanes.net\/#\/schema\/person\/4bf0f383940966a4abd53f5048c0e6b9\"},\"headline\":\"Denisse Hauffen va por presidencia municipal de Amecameca\",\"datePublished\":\"2021-04-21T20:02:09+00:00\",\"dateModified\":\"2021-04-21T20:04:32+00:00\",\"mainEntityOfPage\":{\"@id\":\"https:\/\/volcanes.net\/?p=10897\"},\"wordCount\":230,\"commentCount\":0,\"publisher\":{\"@id\":\"https:\/\/volcanes.net\/#organization\"},\"image\":{\"@id\":\"https:\/\/volcanes.net\/?p=10897#primaryimage\"},\"thumbnailUrl\":\"https:\/\/volcanes.net\/wp-content\/uploads\/2021\/04\/IMG_20210416_141953891_BURST000_COVER_TOP-scaled-1.jpg\",\"keywords\":[\"Amecameca\"],\"articleSection\":[\"Municipales\"],\"inLanguage\":\"es\",\"potentialAction\":[{\"@type\":\"CommentAction\",\"name\":\"Comment\",\"target\":[\"https:\/\/volcanes.net\/?p=10897#respond\"]}]},{\"@type\":\"WebPage\",\"@id\":\"https:\/\/volcanes.net\/?p=10897\",\"url\":\"https:\/\/volcanes.net\/?p=10897\",\"name\":\"Denisse Hauffen va por presidencia municipal de Amecameca - Volcanes\",\"isPartOf\":{\"@id\":\"https:\/\/volcanes.net\/#website\"},\"primaryImageOfPage\":{\"@id\":\"https:\/\/volcanes.net\/?p=10897#primaryimage\"},\"image\":{\"@id\":\"https:\/\/volcanes.net\/?p=10897#primaryimage\"},\"thumbnailUrl\":\"https:\/\/volcanes.net\/wp-content\/uploads\/2021\/04\/IMG_20210416_141953891_BURST000_COVER_TOP-scaled-1.jpg\",\"datePublished\":\"2021-04-21T20:02:09+00:00\",\"dateModified\":\"2021-04-21T20:04:32+00:00\",\"breadcrumb\":{\"@id\":\"https:\/\/volcanes.net\/?p=10897#breadcrumb\"},\"inLanguage\":\"es\",\"potentialAction\":[{\"@type\":\"ReadAction\",\"target\":[\"https:\/\/volcanes.net\/?p=10897\"]}]},{\"@type\":\"ImageObject\",\"inLanguage\":\"es\",\"@id\":\"https:\/\/volcanes.net\/?p=10897#primaryimage\",\"url\":\"https:\/\/volcanes.net\/wp-content\/uploads\/2021\/04\/IMG_20210416_141953891_BURST000_COVER_TOP-scaled-1.jpg\",\"contentUrl\":\"https:\/\/volcanes.net\/wp-content\/uploads\/2021\/04\/IMG_20210416_141953891_BURST000_COVER_TOP-scaled-1.jpg\",\"width\":768,\"height\":575},{\"@type\":\"BreadcrumbList\",\"@id\":\"https:\/\/volcanes.net\/?p=10897#breadcrumb\",\"itemListElement\":[{\"@type\":\"ListItem\",\"position\":1,\"name\":\"Portada\",\"item\":\"https:\/\/volcanes.net\/\"},{\"@type\":\"ListItem\",\"position\":2,\"name\":\"Denisse Hauffen va por presidencia municipal de Amecameca\"}]},{\"@type\":\"WebSite\",\"@id\":\"https:\/\/volcanes.net\/#website\",\"url\":\"https:\/\/volcanes.net\/\",\"name\":\"Volcanes.Net\",\"description\":\"Periodismo Profesional\",\"publisher\":{\"@id\":\"https:\/\/volcanes.net\/#organization\"},\"potentialAction\":[{\"@type\":\"SearchAction\",\"target\":{\"@type\":\"EntryPoint\",\"urlTemplate\":\"https:\/\/volcanes.net\/?s={search_term_string}\"},\"query-input\":{\"@type\":\"PropertyValueSpecification\",\"valueRequired\":true,\"valueName\":\"search_term_string\"}}],\"inLanguage\":\"es\"},{\"@type\":\"Organization\",\"@id\":\"https:\/\/volcanes.net\/#organization\",\"name\":\"Grupo Volcanes\",\"url\":\"https:\/\/volcanes.net\/\",\"logo\":{\"@type\":\"ImageObject\",\"inLanguage\":\"es\",\"@id\":\"https:\/\/volcanes.net\/#\/schema\/logo\/image\/\",\"url\":\"http:\/\/volcanes.net\/wp-content\/uploads\/2017\/12\/Avatar2.jpg\",\"contentUrl\":\"http:\/\/volcanes.net\/wp-content\/uploads\/2017\/12\/Avatar2.jpg\",\"width\":378,\"height\":378,\"caption\":\"Grupo Volcanes\"},\"image\":{\"@id\":\"https:\/\/volcanes.net\/#\/schema\/logo\/image\/\"},\"sameAs\":[\"https:\/\/www.facebook.com\/volcanes.net\/\"]},{\"@type\":\"Person\",\"@id\":\"https:\/\/volcanes.net\/#\/schema\/person\/4bf0f383940966a4abd53f5048c0e6b9\",\"name\":\"admin\",\"image\":{\"@type\":\"ImageObject\",\"inLanguage\":\"es\",\"@id\":\"https:\/\/volcanes.net\/#\/schema\/person\/image\/\",\"url\":\"https:\/\/secure.gravatar.com\/avatar\/ca004e6cba8462b8cb7abc86e382930c?s=96&d=mm&r=g\",\"contentUrl\":\"https:\/\/secure.gravatar.com\/avatar\/ca004e6cba8462b8cb7abc86e382930c?s=96&d=mm&r=g\",\"caption\":\"admin\"}}]}<\/script>\n<!-- \/ Yoast SEO plugin. -->","yoast_head_json":{"title":"Denisse Hauffen va por presidencia municipal de Amecameca - Volcanes","robots":{"index":"index","follow":"follow","max-snippet":"max-snippet:-1","max-image-preview":"max-image-preview:large","max-video-preview":"max-video-preview:-1"},"canonical":"https:\/\/volcanes.net\/?p=10897","og_locale":"es_MX","og_type":"article","og_title":"Denisse Hauffen va por presidencia municipal de Amecameca - Volcanes","og_description":"Amecameca, Estado de M\u00e9xico.- Ante el pr\u00f3ximo proceso electoral que se avecina, Denisse Hauffen realiz\u00f3","og_url":"https:\/\/volcanes.net\/?p=10897","og_site_name":"Volcanes","article_publisher":"https:\/\/www.facebook.com\/volcanes.net\/","article_published_time":"2021-04-21T20:02:09+00:00","article_modified_time":"2021-04-21T20:04:32+00:00","og_image":[{"width":768,"height":575,"url":"https:\/\/volcanes.net\/wp-content\/uploads\/2021\/04\/IMG_20210416_141953891_BURST000_COVER_TOP-scaled-1.jpg","type":"image\/jpeg"}],"author":"admin","twitter_card":"summary_large_image","twitter_misc":{"Escrito por":"admin","Tiempo de lectura":"1 minuto"},"schema":{"@context":"https:\/\/schema.org","@graph":[{"@type":"Article","@id":"https:\/\/volcanes.net\/?p=10897#article","isPartOf":{"@id":"https:\/\/volcanes.net\/?p=10897"},"author":{"name":"admin","@id":"https:\/\/volcanes.net\/#\/schema\/person\/4bf0f383940966a4abd53f5048c0e6b9"},"headline":"Denisse Hauffen va por presidencia municipal de Amecameca","datePublished":"2021-04-21T20:02:09+00:00","dateModified":"2021-04-21T20:04:32+00:00","mainEntityOfPage":{"@id":"https:\/\/volcanes.net\/?p=10897"},"wordCount":230,"commentCount":0,"publisher":{"@id":"https:\/\/volcanes.net\/#organization"},"image":{"@id":"https:\/\/volcanes.net\/?p=10897#primaryimage"},"thumbnailUrl":"https:\/\/volcanes.net\/wp-content\/uploads\/2021\/04\/IMG_20210416_141953891_BURST000_COVER_TOP-scaled-1.jpg","keywords":["Amecameca"],"articleSection":["Municipales"],"inLanguage":"es","potentialAction":[{"@type":"CommentAction","name":"Comment","target":["https:\/\/volcanes.net\/?p=10897#respond"]}]},{"@type":"WebPage","@id":"https:\/\/volcanes.net\/?p=10897","url":"https:\/\/volcanes.net\/?p=10897","name":"Denisse Hauffen va por presidencia municipal de Amecameca - Volcanes","isPartOf":{"@id":"https:\/\/volcanes.net\/#website"},"primaryImageOfPage":{"@id":"https:\/\/volcanes.net\/?p=10897#primaryimage"},"image":{"@id":"https:\/\/volcanes.net\/?p=10897#primaryimage"},"thumbnailUrl":"https:\/\/volcanes.net\/wp-content\/uploads\/2021\/04\/IMG_20210416_141953891_BURST000_COVER_TOP-scaled-1.jpg","datePublished":"2021-04-21T20:02:09+00:00","dateModified":"2021-04-21T20:04:32+00:00","breadcrumb":{"@id":"https:\/\/volcanes.net\/?p=10897#breadcrumb"},"inLanguage":"es","potentialAction":[{"@type":"ReadAction","target":["https:\/\/volcanes.net\/?p=10897"]}]},{"@type":"ImageObject","inLanguage":"es","@id":"https:\/\/volcanes.net\/?p=10897#primaryimage","url":"https:\/\/volcanes.net\/wp-content\/uploads\/2021\/04\/IMG_20210416_141953891_BURST000_COVER_TOP-scaled-1.jpg","contentUrl":"https:\/\/volcanes.net\/wp-content\/uploads\/2021\/04\/IMG_20210416_141953891_BURST000_COVER_TOP-scaled-1.jpg","width":768,"height":575},{"@type":"BreadcrumbList","@id":"https:\/\/volcanes.net\/?p=10897#breadcrumb","itemListElement":[{"@type":"ListItem","position":1,"name":"Portada","item":"https:\/\/volcanes.net\/"},{"@type":"ListItem","position":2,"name":"Denisse Hauffen va por presidencia municipal de Amecameca"}]},{"@type":"WebSite","@id":"https:\/\/volcanes.net\/#website","url":"https:\/\/volcanes.net\/","name":"Volcanes.Net","description":"Periodismo Profesional","publisher":{"@id":"https:\/\/volcanes.net\/#organization"},"potentialAction":[{"@type":"SearchAction","target":{"@type":"EntryPoint","urlTemplate":"https:\/\/volcanes.net\/?s={search_term_string}"},"query-input":{"@type":"PropertyValueSpecification","valueRequired":true,"valueName":"search_term_string"}}],"inLanguage":"es"},{"@type":"Organization","@id":"https:\/\/volcanes.net\/#organization","name":"Grupo Volcanes","url":"https:\/\/volcanes.net\/","logo":{"@type":"ImageObject","inLanguage":"es","@id":"https:\/\/volcanes.net\/#\/schema\/logo\/image\/","url":"http:\/\/volcanes.net\/wp-content\/uploads\/2017\/12\/Avatar2.jpg","contentUrl":"http:\/\/volcanes.net\/wp-content\/uploads\/2017\/12\/Avatar2.jpg","width":378,"height":378,"caption":"Grupo Volcanes"},"image":{"@id":"https:\/\/volcanes.net\/#\/schema\/logo\/image\/"},"sameAs":["https:\/\/www.facebook.com\/volcanes.net\/"]},{"@type":"Person","@id":"https:\/\/volcanes.net\/#\/schema\/person\/4bf0f383940966a4abd53f5048c0e6b9","name":"admin","image":{"@type":"ImageObject","inLanguage":"es","@id":"https:\/\/volcanes.net\/#\/schema\/person\/image\/","url":"https:\/\/secure.gravatar.com\/avatar\/ca004e6cba8462b8cb7abc86e382930c?s=96&d=mm&r=g","contentUrl":"https:\/\/secure.gravatar.com\/avatar\/ca004e6cba8462b8cb7abc86e382930c?s=96&d=mm&r=g","caption":"admin"}}]}},"_links":{"self":[{"href":"https:\/\/volcanes.net\/index.php?rest_route=\/wp\/v2\/posts\/10897"}],"collection":[{"href":"https:\/\/volcanes.net\/index.php?rest_route=\/wp\/v2\/posts"}],"about":[{"href":"https:\/\/volcanes.net\/index.php?rest_route=\/wp\/v2\/types\/post"}],"author":[{"embeddable":true,"href":"https:\/\/volcanes.net\/index.php?rest_route=\/wp\/v2\/users\/1"}],"replies":[{"embeddable":true,"href":"https:\/\/volcanes.net\/index.php?rest_route=%2Fwp%2Fv2%2Fcomments&post=10897"}],"version-history":[{"count":4,"href":"https:\/\/volcanes.net\/index.php?rest_route=\/wp\/v2\/posts\/10897\/revisions"}],"predecessor-version":[{"id":10903,"href":"https:\/\/volcanes.net\/index.php?rest_route=\/wp\/v2\/posts\/10897\/revisions\/10903"}],"wp:featuredmedia":[{"embeddable":true,"href":"https:\/\/volcanes.net\/index.php?rest_route=\/wp\/v2\/media\/10899"}],"wp:attachment":[{"href":"https:\/\/volcanes.net\/index.php?rest_route=%2Fwp%2Fv2%2Fmedia&parent=10897"}],"wp:term":[{"taxonomy":"category","embeddable":true,"href":"https:\/\/volcanes.net\/index.php?rest_route=%2Fwp%2Fv2%2Fcategories&post=10897"},{"taxonomy":"post_tag","embeddable":true,"href":"https:\/\/volcanes.net\/index.php?rest_route=%2Fwp%2Fv2%2Ftags&post=10897"}],"curies":[{"name":"wp","href":"https:\/\/api.w.org\/{rel}","templated":true}]}}