{"id":10904,"date":"2021-04-21T16:34:59","date_gmt":"2021-04-21T22:34:59","guid":{"rendered":"http:\/\/volcanes.net\/?p=10904"},"modified":"2021-04-21T16:34:59","modified_gmt":"2021-04-21T22:34:59","slug":"rumbo-a-las-elecciones-2021-y-comienza-la-guerra-sucia-entre-candidatos","status":"publish","type":"post","link":"https:\/\/volcanes.net\/?p=10904","title":{"rendered":"Rumbo a las elecciones 2021 y comienza la guerra sucia entre candidatos"},"content":{"rendered":"<div style=\"margin-top: 0px; margin-bottom: 0px;\" class=\"sharethis-inline-share-buttons\" ><\/div><div dir=\"auto\">Valle de Chalco, Estado de M\u00e9xico.- Rumbo a las pr\u00f3ximas elecciones 2021, a realizarse el 6 de junio del presente a\u00f1o, fecha en que la ciudadan\u00eda votar\u00e1 para definir a su pr\u00f3ximo gobernante y como es de esperar durante las campa\u00f1as comienza la guerra sucia en las redes sociales, en p\u00e1ginas con personajes que se escudan en avatares para no dar la cara, haciendo se\u00f1alamientos sin fundamento, de manera ofensiva con la intenci\u00f3n de desacreditar el trabajo de l\u00edderes, trat\u00e1ndolos de involucrar en hechos turbios, obedeciendo a intereses obscuros.<\/div>\n<div dir=\"auto\"><\/div>\n<div dir=\"auto\">Este es el caso de algunos se\u00f1alamientos que se hicieron en contra de Francisco Ju\u00e1rez Garc\u00eda, a quien quieren vincular con un tiradero al aire libre que se encuentra en el paraje conocido como \u201cEl Naranjo\u201d en el municipio de Chalco, que en d\u00edas pasados fue clausurado por las autoridades estatales al resultar un foco de infecci\u00f3n por la quema de basura.<\/div>\n<div dir=\"auto\"><\/div>\n<div dir=\"auto\">En una informaci\u00f3n difamatoria que anda circulando en ciertas p\u00e1ginas de Facebook, se\u00f1alan que Francisco Ju\u00e1rez es el due\u00f1o del lugar, sin embargo, en documentos que llegaron a nuestra redacci\u00f3n consta que el arrendador es el se\u00f1or Lucio L\u00f3pez Mart\u00ednez, quien le rent\u00f3 a Mar\u00eda Luisa Mercado Hern\u00e1ndez, representante de la \u201cFundaci\u00f3n Magnolia por una Vida Digna\u201d, el contrato fue realizado el 5 de mayo de 2019 y vence en la misma fecha de este a\u00f1o.<\/div>\n<div dir=\"auto\"><\/div>\n<div dir=\"auto\">Es as\u00ed como queda desmentido las falsedades que se hicieron con dolo en contra de Ju\u00e1rez Garc\u00eda, quien desde hace muchos a\u00f1os trabaja al frente de Visi\u00f3n Ciudadana A.C., organizaci\u00f3n que encabeza varias causas sociales, tanto en Valle de Chalco, como en Chalco.<\/div>\n<div dir=\"auto\"><\/div>\n<div dir=\"auto\">Adem\u00e1s de ser promotor del Movimiento Nacional por la Esperanza que encabeza Ren\u00e9 Bejarano Mart\u00ednez en el pa\u00eds, en donde se tiene la visi\u00f3n de que la gente pueda acceder a mejores condiciones de vida a trav\u00e9s de la gesti\u00f3n y proyectos en donde se involucra la participaci\u00f3n ciudadana por el buen vivir.<\/div>\n<div dir=\"auto\"><\/div>\n<div dir=\"auto\">No es la primera vez que desde el anonimato se pretenda enturbiar la imagen de l\u00edderes y pol\u00edticos que tienen tras de s\u00ed un trabajo que los respalda, porque para ciertos grupos o personajes representan una seria amenaza sobre todo en tiempos electorales, en donde el apoyo de verdaderos representantes sociales, con capital pol\u00edtico, puede sumar a aquellos que tienen aspiraciones en la elecci\u00f3n de junio pr\u00f3ximo.<\/div>\n","protected":false},"excerpt":{"rendered":"<p>Valle de Chalco, Estado de M\u00e9xico.- Rumbo a las pr\u00f3ximas elecciones 2021, a realizarse el<\/p>\n","protected":false},"author":1,"featured_media":10905,"comment_status":"open","ping_status":"open","sticky":false,"template":"","format":"standard","meta":{"footnotes":""},"categories":[1],"tags":[5],"class_list":["post-10904","post","type-post","status-publish","format-standard","has-post-thumbnail","hentry","category-municipales","tag-valle-de-chalco"],"yoast_head":"<!-- This site is optimized with the Yoast SEO plugin v25.3 - https:\/\/yoast.com\/wordpress\/plugins\/seo\/ -->\n<title>Rumbo a las elecciones 2021 y comienza la guerra sucia entre candidatos - Volcanes<\/title>\n<meta name=\"robots\" content=\"index, follow, max-snippet:-1, max-image-preview:large, max-video-preview:-1\" \/>\n<link rel=\"canonical\" href=\"https:\/\/volcanes.net\/?p=10904\" \/>\n<meta property=\"og:locale\" content=\"es_MX\" \/>\n<meta property=\"og:type\" content=\"article\" \/>\n<meta property=\"og:title\" content=\"Rumbo a las elecciones 2021 y comienza la guerra sucia entre candidatos - Volcanes\" \/>\n<meta property=\"og:description\" content=\"Valle de Chalco, Estado de M\u00e9xico.- Rumbo a las pr\u00f3ximas elecciones 2021, a realizarse el\" \/>\n<meta property=\"og:url\" content=\"https:\/\/volcanes.net\/?p=10904\" \/>\n<meta property=\"og:site_name\" content=\"Volcanes\" \/>\n<meta property=\"article:publisher\" content=\"https:\/\/www.facebook.com\/volcanes.net\/\" \/>\n<meta property=\"article:published_time\" content=\"2021-04-21T22:34:59+00:00\" \/>\n<meta property=\"og:image\" content=\"https:\/\/volcanes.net\/wp-content\/uploads\/2021\/04\/IMG-20210419-WA0000.jpg\" \/>\n\t<meta property=\"og:image:width\" content=\"540\" \/>\n\t<meta property=\"og:image:height\" content=\"540\" \/>\n\t<meta property=\"og:image:type\" content=\"image\/jpeg\" \/>\n<meta name=\"author\" content=\"admin\" \/>\n<meta name=\"twitter:card\" content=\"summary_large_image\" \/>\n<meta name=\"twitter:label1\" content=\"Escrito por\" \/>\n\t<meta name=\"twitter:data1\" content=\"admin\" \/>\n\t<meta name=\"twitter:label2\" content=\"Tiempo de lectura\" \/>\n\t<meta name=\"twitter:data2\" content=\"2 minutos\" \/>\n<script type=\"application\/ld+json\" class=\"yoast-schema-graph\">{\"@context\":\"https:\/\/schema.org\",\"@graph\":[{\"@type\":\"Article\",\"@id\":\"https:\/\/volcanes.net\/?p=10904#article\",\"isPartOf\":{\"@id\":\"https:\/\/volcanes.net\/?p=10904\"},\"author\":{\"name\":\"admin\",\"@id\":\"https:\/\/volcanes.net\/#\/schema\/person\/4bf0f383940966a4abd53f5048c0e6b9\"},\"headline\":\"Rumbo a las elecciones 2021 y comienza la guerra sucia entre candidatos\",\"datePublished\":\"2021-04-21T22:34:59+00:00\",\"mainEntityOfPage\":{\"@id\":\"https:\/\/volcanes.net\/?p=10904\"},\"wordCount\":445,\"commentCount\":0,\"publisher\":{\"@id\":\"https:\/\/volcanes.net\/#organization\"},\"image\":{\"@id\":\"https:\/\/volcanes.net\/?p=10904#primaryimage\"},\"thumbnailUrl\":\"https:\/\/volcanes.net\/wp-content\/uploads\/2021\/04\/IMG-20210419-WA0000.jpg\",\"keywords\":[\"Valle de Chalco\"],\"articleSection\":[\"Municipales\"],\"inLanguage\":\"es\",\"potentialAction\":[{\"@type\":\"CommentAction\",\"name\":\"Comment\",\"target\":[\"https:\/\/volcanes.net\/?p=10904#respond\"]}]},{\"@type\":\"WebPage\",\"@id\":\"https:\/\/volcanes.net\/?p=10904\",\"url\":\"https:\/\/volcanes.net\/?p=10904\",\"name\":\"Rumbo a las elecciones 2021 y comienza la guerra sucia entre candidatos - Volcanes\",\"isPartOf\":{\"@id\":\"https:\/\/volcanes.net\/#website\"},\"primaryImageOfPage\":{\"@id\":\"https:\/\/volcanes.net\/?p=10904#primaryimage\"},\"image\":{\"@id\":\"https:\/\/volcanes.net\/?p=10904#primaryimage\"},\"thumbnailUrl\":\"https:\/\/volcanes.net\/wp-content\/uploads\/2021\/04\/IMG-20210419-WA0000.jpg\",\"datePublished\":\"2021-04-21T22:34:59+00:00\",\"breadcrumb\":{\"@id\":\"https:\/\/volcanes.net\/?p=10904#breadcrumb\"},\"inLanguage\":\"es\",\"potentialAction\":[{\"@type\":\"ReadAction\",\"target\":[\"https:\/\/volcanes.net\/?p=10904\"]}]},{\"@type\":\"ImageObject\",\"inLanguage\":\"es\",\"@id\":\"https:\/\/volcanes.net\/?p=10904#primaryimage\",\"url\":\"https:\/\/volcanes.net\/wp-content\/uploads\/2021\/04\/IMG-20210419-WA0000.jpg\",\"contentUrl\":\"https:\/\/volcanes.net\/wp-content\/uploads\/2021\/04\/IMG-20210419-WA0000.jpg\",\"width\":540,\"height\":540},{\"@type\":\"BreadcrumbList\",\"@id\":\"https:\/\/volcanes.net\/?p=10904#breadcrumb\",\"itemListElement\":[{\"@type\":\"ListItem\",\"position\":1,\"name\":\"Portada\",\"item\":\"https:\/\/volcanes.net\/\"},{\"@type\":\"ListItem\",\"position\":2,\"name\":\"Rumbo a las elecciones 2021 y comienza la guerra sucia entre candidatos\"}]},{\"@type\":\"WebSite\",\"@id\":\"https:\/\/volcanes.net\/#website\",\"url\":\"https:\/\/volcanes.net\/\",\"name\":\"Volcanes.Net\",\"description\":\"Periodismo Profesional\",\"publisher\":{\"@id\":\"https:\/\/volcanes.net\/#organization\"},\"potentialAction\":[{\"@type\":\"SearchAction\",\"target\":{\"@type\":\"EntryPoint\",\"urlTemplate\":\"https:\/\/volcanes.net\/?s={search_term_string}\"},\"query-input\":{\"@type\":\"PropertyValueSpecification\",\"valueRequired\":true,\"valueName\":\"search_term_string\"}}],\"inLanguage\":\"es\"},{\"@type\":\"Organization\",\"@id\":\"https:\/\/volcanes.net\/#organization\",\"name\":\"Grupo Volcanes\",\"url\":\"https:\/\/volcanes.net\/\",\"logo\":{\"@type\":\"ImageObject\",\"inLanguage\":\"es\",\"@id\":\"https:\/\/volcanes.net\/#\/schema\/logo\/image\/\",\"url\":\"http:\/\/volcanes.net\/wp-content\/uploads\/2017\/12\/Avatar2.jpg\",\"contentUrl\":\"http:\/\/volcanes.net\/wp-content\/uploads\/2017\/12\/Avatar2.jpg\",\"width\":378,\"height\":378,\"caption\":\"Grupo Volcanes\"},\"image\":{\"@id\":\"https:\/\/volcanes.net\/#\/schema\/logo\/image\/\"},\"sameAs\":[\"https:\/\/www.facebook.com\/volcanes.net\/\"]},{\"@type\":\"Person\",\"@id\":\"https:\/\/volcanes.net\/#\/schema\/person\/4bf0f383940966a4abd53f5048c0e6b9\",\"name\":\"admin\",\"image\":{\"@type\":\"ImageObject\",\"inLanguage\":\"es\",\"@id\":\"https:\/\/volcanes.net\/#\/schema\/person\/image\/\",\"url\":\"https:\/\/secure.gravatar.com\/avatar\/ca004e6cba8462b8cb7abc86e382930c?s=96&d=mm&r=g\",\"contentUrl\":\"https:\/\/secure.gravatar.com\/avatar\/ca004e6cba8462b8cb7abc86e382930c?s=96&d=mm&r=g\",\"caption\":\"admin\"}}]}<\/script>\n<!-- \/ Yoast SEO plugin. -->","yoast_head_json":{"title":"Rumbo a las elecciones 2021 y comienza la guerra sucia entre candidatos - Volcanes","robots":{"index":"index","follow":"follow","max-snippet":"max-snippet:-1","max-image-preview":"max-image-preview:large","max-video-preview":"max-video-preview:-1"},"canonical":"https:\/\/volcanes.net\/?p=10904","og_locale":"es_MX","og_type":"article","og_title":"Rumbo a las elecciones 2021 y comienza la guerra sucia entre candidatos - Volcanes","og_description":"Valle de Chalco, Estado de M\u00e9xico.- Rumbo a las pr\u00f3ximas elecciones 2021, a realizarse el","og_url":"https:\/\/volcanes.net\/?p=10904","og_site_name":"Volcanes","article_publisher":"https:\/\/www.facebook.com\/volcanes.net\/","article_published_time":"2021-04-21T22:34:59+00:00","og_image":[{"width":540,"height":540,"url":"https:\/\/volcanes.net\/wp-content\/uploads\/2021\/04\/IMG-20210419-WA0000.jpg","type":"image\/jpeg"}],"author":"admin","twitter_card":"summary_large_image","twitter_misc":{"Escrito por":"admin","Tiempo de lectura":"2 minutos"},"schema":{"@context":"https:\/\/schema.org","@graph":[{"@type":"Article","@id":"https:\/\/volcanes.net\/?p=10904#article","isPartOf":{"@id":"https:\/\/volcanes.net\/?p=10904"},"author":{"name":"admin","@id":"https:\/\/volcanes.net\/#\/schema\/person\/4bf0f383940966a4abd53f5048c0e6b9"},"headline":"Rumbo a las elecciones 2021 y comienza la guerra sucia entre candidatos","datePublished":"2021-04-21T22:34:59+00:00","mainEntityOfPage":{"@id":"https:\/\/volcanes.net\/?p=10904"},"wordCount":445,"commentCount":0,"publisher":{"@id":"https:\/\/volcanes.net\/#organization"},"image":{"@id":"https:\/\/volcanes.net\/?p=10904#primaryimage"},"thumbnailUrl":"https:\/\/volcanes.net\/wp-content\/uploads\/2021\/04\/IMG-20210419-WA0000.jpg","keywords":["Valle de Chalco"],"articleSection":["Municipales"],"inLanguage":"es","potentialAction":[{"@type":"CommentAction","name":"Comment","target":["https:\/\/volcanes.net\/?p=10904#respond"]}]},{"@type":"WebPage","@id":"https:\/\/volcanes.net\/?p=10904","url":"https:\/\/volcanes.net\/?p=10904","name":"Rumbo a las elecciones 2021 y comienza la guerra sucia entre candidatos - Volcanes","isPartOf":{"@id":"https:\/\/volcanes.net\/#website"},"primaryImageOfPage":{"@id":"https:\/\/volcanes.net\/?p=10904#primaryimage"},"image":{"@id":"https:\/\/volcanes.net\/?p=10904#primaryimage"},"thumbnailUrl":"https:\/\/volcanes.net\/wp-content\/uploads\/2021\/04\/IMG-20210419-WA0000.jpg","datePublished":"2021-04-21T22:34:59+00:00","breadcrumb":{"@id":"https:\/\/volcanes.net\/?p=10904#breadcrumb"},"inLanguage":"es","potentialAction":[{"@type":"ReadAction","target":["https:\/\/volcanes.net\/?p=10904"]}]},{"@type":"ImageObject","inLanguage":"es","@id":"https:\/\/volcanes.net\/?p=10904#primaryimage","url":"https:\/\/volcanes.net\/wp-content\/uploads\/2021\/04\/IMG-20210419-WA0000.jpg","contentUrl":"https:\/\/volcanes.net\/wp-content\/uploads\/2021\/04\/IMG-20210419-WA0000.jpg","width":540,"height":540},{"@type":"BreadcrumbList","@id":"https:\/\/volcanes.net\/?p=10904#breadcrumb","itemListElement":[{"@type":"ListItem","position":1,"name":"Portada","item":"https:\/\/volcanes.net\/"},{"@type":"ListItem","position":2,"name":"Rumbo a las elecciones 2021 y comienza la guerra sucia entre candidatos"}]},{"@type":"WebSite","@id":"https:\/\/volcanes.net\/#website","url":"https:\/\/volcanes.net\/","name":"Volcanes.Net","description":"Periodismo Profesional","publisher":{"@id":"https:\/\/volcanes.net\/#organization"},"potentialAction":[{"@type":"SearchAction","target":{"@type":"EntryPoint","urlTemplate":"https:\/\/volcanes.net\/?s={search_term_string}"},"query-input":{"@type":"PropertyValueSpecification","valueRequired":true,"valueName":"search_term_string"}}],"inLanguage":"es"},{"@type":"Organization","@id":"https:\/\/volcanes.net\/#organization","name":"Grupo Volcanes","url":"https:\/\/volcanes.net\/","logo":{"@type":"ImageObject","inLanguage":"es","@id":"https:\/\/volcanes.net\/#\/schema\/logo\/image\/","url":"http:\/\/volcanes.net\/wp-content\/uploads\/2017\/12\/Avatar2.jpg","contentUrl":"http:\/\/volcanes.net\/wp-content\/uploads\/2017\/12\/Avatar2.jpg","width":378,"height":378,"caption":"Grupo Volcanes"},"image":{"@id":"https:\/\/volcanes.net\/#\/schema\/logo\/image\/"},"sameAs":["https:\/\/www.facebook.com\/volcanes.net\/"]},{"@type":"Person","@id":"https:\/\/volcanes.net\/#\/schema\/person\/4bf0f383940966a4abd53f5048c0e6b9","name":"admin","image":{"@type":"ImageObject","inLanguage":"es","@id":"https:\/\/volcanes.net\/#\/schema\/person\/image\/","url":"https:\/\/secure.gravatar.com\/avatar\/ca004e6cba8462b8cb7abc86e382930c?s=96&d=mm&r=g","contentUrl":"https:\/\/secure.gravatar.com\/avatar\/ca004e6cba8462b8cb7abc86e382930c?s=96&d=mm&r=g","caption":"admin"}}]}},"_links":{"self":[{"href":"https:\/\/volcanes.net\/index.php?rest_route=\/wp\/v2\/posts\/10904"}],"collection":[{"href":"https:\/\/volcanes.net\/index.php?rest_route=\/wp\/v2\/posts"}],"about":[{"href":"https:\/\/volcanes.net\/index.php?rest_route=\/wp\/v2\/types\/post"}],"author":[{"embeddable":true,"href":"https:\/\/volcanes.net\/index.php?rest_route=\/wp\/v2\/users\/1"}],"replies":[{"embeddable":true,"href":"https:\/\/volcanes.net\/index.php?rest_route=%2Fwp%2Fv2%2Fcomments&post=10904"}],"version-history":[{"count":1,"href":"https:\/\/volcanes.net\/index.php?rest_route=\/wp\/v2\/posts\/10904\/revisions"}],"predecessor-version":[{"id":10906,"href":"https:\/\/volcanes.net\/index.php?rest_route=\/wp\/v2\/posts\/10904\/revisions\/10906"}],"wp:featuredmedia":[{"embeddable":true,"href":"https:\/\/volcanes.net\/index.php?rest_route=\/wp\/v2\/media\/10905"}],"wp:attachment":[{"href":"https:\/\/volcanes.net\/index.php?rest_route=%2Fwp%2Fv2%2Fmedia&parent=10904"}],"wp:term":[{"taxonomy":"category","embeddable":true,"href":"https:\/\/volcanes.net\/index.php?rest_route=%2Fwp%2Fv2%2Fcategories&post=10904"},{"taxonomy":"post_tag","embeddable":true,"href":"https:\/\/volcanes.net\/index.php?rest_route=%2Fwp%2Fv2%2Ftags&post=10904"}],"curies":[{"name":"wp","href":"https:\/\/api.w.org\/{rel}","templated":true}]}}