{"id":10928,"date":"2021-04-23T14:58:23","date_gmt":"2021-04-23T20:58:23","guid":{"rendered":"http:\/\/volcanes.net\/?p=10928"},"modified":"2021-04-23T14:58:23","modified_gmt":"2021-04-23T20:58:23","slug":"valentin-martinez-castillo-solicito-su-licencia-para-poder-ausentarse-por-las-elecciones-del-2021-en-ozumba","status":"publish","type":"post","link":"https:\/\/volcanes.net\/?p=10928","title":{"rendered":"Valent\u00edn Mart\u00ednez Castillo solicit\u00f3 su licencia para poder ausentarse por las elecciones del 2021 en Ozumba"},"content":{"rendered":"<div style=\"margin-top: 0px; margin-bottom: 0px;\" class=\"sharethis-inline-share-buttons\" ><\/div><div dir=\"auto\" style=\"text-align: justify;\">Ozumba, Estado de M\u00e9xico.- El presidente municipal constitucional de Ozumba, Valent\u00edn Mart\u00ednez Castillo, que encabeza la administraci\u00f3n 2019-2021, solicit\u00f3 su licencia para poder ausentarse, esto con miras a participar en el pr\u00f3ximo proceso electoral 2021, por lo que en sesi\u00f3n de Cabildo, se design\u00f3 al 8\u00b0 Regidor\u00a0 Marco Antonio P\u00e1ez Vel\u00e1zquez como presidente municipal por Ministerio de Ley.<\/div>\n<div dir=\"auto\" style=\"text-align: justify;\"><\/div>\n<div dir=\"auto\" style=\"text-align: justify;\">Por lo anterior, as\u00ed lo dio a conocer el H. Ayuntamiento de Ozumba, esto luego de que fuera otorgada la licencia temporal a Mart\u00ednez Castillo, para separarse de su cargo como el actual presidente constitucional.<\/div>\n<div dir=\"auto\" style=\"text-align: justify;\"><\/div>\n<div dir=\"auto\" style=\"text-align: justify;\">Cabe mencionar que ante el pr\u00f3ximo proceso electoral que se avecina, Valent\u00edn Mart\u00ednez Castillo, competir\u00e1 el pr\u00f3ximo 6 de junio por las elecciones 2021 por la presidencia municipal de Ozumba por Morena.<\/div>\n","protected":false},"excerpt":{"rendered":"<p>Ozumba, Estado de M\u00e9xico.- El presidente municipal constitucional de Ozumba, Valent\u00edn Mart\u00ednez Castillo, que encabeza<\/p>\n","protected":false},"author":1,"featured_media":10929,"comment_status":"open","ping_status":"open","sticky":false,"template":"","format":"standard","meta":{"footnotes":""},"categories":[1],"tags":[14],"class_list":["post-10928","post","type-post","status-publish","format-standard","has-post-thumbnail","hentry","category-municipales","tag-ozumba"],"yoast_head":"<!-- This site is optimized with the Yoast SEO plugin v25.3 - https:\/\/yoast.com\/wordpress\/plugins\/seo\/ -->\n<title>Valent\u00edn Mart\u00ednez Castillo solicit\u00f3 su licencia para poder ausentarse por las elecciones del 2021 en Ozumba - Volcanes<\/title>\n<meta name=\"robots\" content=\"index, follow, max-snippet:-1, max-image-preview:large, max-video-preview:-1\" \/>\n<link rel=\"canonical\" href=\"https:\/\/volcanes.net\/?p=10928\" \/>\n<meta property=\"og:locale\" content=\"es_MX\" \/>\n<meta property=\"og:type\" content=\"article\" \/>\n<meta property=\"og:title\" content=\"Valent\u00edn Mart\u00ednez Castillo solicit\u00f3 su licencia para poder ausentarse por las elecciones del 2021 en Ozumba - Volcanes\" \/>\n<meta property=\"og:description\" content=\"Ozumba, Estado de M\u00e9xico.- El presidente municipal constitucional de Ozumba, Valent\u00edn Mart\u00ednez Castillo, que encabeza\" \/>\n<meta property=\"og:url\" content=\"https:\/\/volcanes.net\/?p=10928\" \/>\n<meta property=\"og:site_name\" content=\"Volcanes\" \/>\n<meta property=\"article:publisher\" content=\"https:\/\/www.facebook.com\/volcanes.net\/\" \/>\n<meta property=\"article:published_time\" content=\"2021-04-23T20:58:23+00:00\" \/>\n<meta property=\"og:image\" content=\"https:\/\/volcanes.net\/wp-content\/uploads\/2021\/04\/FB_IMG_1619199708227.jpg\" \/>\n\t<meta property=\"og:image:width\" content=\"720\" \/>\n\t<meta property=\"og:image:height\" content=\"932\" \/>\n\t<meta property=\"og:image:type\" content=\"image\/jpeg\" \/>\n<meta name=\"author\" content=\"admin\" \/>\n<meta name=\"twitter:card\" content=\"summary_large_image\" \/>\n<meta name=\"twitter:label1\" content=\"Escrito por\" \/>\n\t<meta name=\"twitter:data1\" content=\"admin\" \/>\n\t<meta name=\"twitter:label2\" content=\"Tiempo de lectura\" \/>\n\t<meta name=\"twitter:data2\" content=\"1 minuto\" \/>\n<script type=\"application\/ld+json\" class=\"yoast-schema-graph\">{\"@context\":\"https:\/\/schema.org\",\"@graph\":[{\"@type\":\"Article\",\"@id\":\"https:\/\/volcanes.net\/?p=10928#article\",\"isPartOf\":{\"@id\":\"https:\/\/volcanes.net\/?p=10928\"},\"author\":{\"name\":\"admin\",\"@id\":\"https:\/\/volcanes.net\/#\/schema\/person\/4bf0f383940966a4abd53f5048c0e6b9\"},\"headline\":\"Valent\u00edn Mart\u00ednez Castillo solicit\u00f3 su licencia para poder ausentarse por las elecciones del 2021 en Ozumba\",\"datePublished\":\"2021-04-23T20:58:23+00:00\",\"mainEntityOfPage\":{\"@id\":\"https:\/\/volcanes.net\/?p=10928\"},\"wordCount\":152,\"commentCount\":0,\"publisher\":{\"@id\":\"https:\/\/volcanes.net\/#organization\"},\"image\":{\"@id\":\"https:\/\/volcanes.net\/?p=10928#primaryimage\"},\"thumbnailUrl\":\"https:\/\/volcanes.net\/wp-content\/uploads\/2021\/04\/FB_IMG_1619199708227.jpg\",\"keywords\":[\"Ozumba\"],\"articleSection\":[\"Municipales\"],\"inLanguage\":\"es\",\"potentialAction\":[{\"@type\":\"CommentAction\",\"name\":\"Comment\",\"target\":[\"https:\/\/volcanes.net\/?p=10928#respond\"]}]},{\"@type\":\"WebPage\",\"@id\":\"https:\/\/volcanes.net\/?p=10928\",\"url\":\"https:\/\/volcanes.net\/?p=10928\",\"name\":\"Valent\u00edn Mart\u00ednez Castillo solicit\u00f3 su licencia para poder ausentarse por las elecciones del 2021 en Ozumba - Volcanes\",\"isPartOf\":{\"@id\":\"https:\/\/volcanes.net\/#website\"},\"primaryImageOfPage\":{\"@id\":\"https:\/\/volcanes.net\/?p=10928#primaryimage\"},\"image\":{\"@id\":\"https:\/\/volcanes.net\/?p=10928#primaryimage\"},\"thumbnailUrl\":\"https:\/\/volcanes.net\/wp-content\/uploads\/2021\/04\/FB_IMG_1619199708227.jpg\",\"datePublished\":\"2021-04-23T20:58:23+00:00\",\"breadcrumb\":{\"@id\":\"https:\/\/volcanes.net\/?p=10928#breadcrumb\"},\"inLanguage\":\"es\",\"potentialAction\":[{\"@type\":\"ReadAction\",\"target\":[\"https:\/\/volcanes.net\/?p=10928\"]}]},{\"@type\":\"ImageObject\",\"inLanguage\":\"es\",\"@id\":\"https:\/\/volcanes.net\/?p=10928#primaryimage\",\"url\":\"https:\/\/volcanes.net\/wp-content\/uploads\/2021\/04\/FB_IMG_1619199708227.jpg\",\"contentUrl\":\"https:\/\/volcanes.net\/wp-content\/uploads\/2021\/04\/FB_IMG_1619199708227.jpg\",\"width\":720,\"height\":932},{\"@type\":\"BreadcrumbList\",\"@id\":\"https:\/\/volcanes.net\/?p=10928#breadcrumb\",\"itemListElement\":[{\"@type\":\"ListItem\",\"position\":1,\"name\":\"Portada\",\"item\":\"https:\/\/volcanes.net\/\"},{\"@type\":\"ListItem\",\"position\":2,\"name\":\"Valent\u00edn Mart\u00ednez Castillo solicit\u00f3 su licencia para poder ausentarse por las elecciones del 2021 en Ozumba\"}]},{\"@type\":\"WebSite\",\"@id\":\"https:\/\/volcanes.net\/#website\",\"url\":\"https:\/\/volcanes.net\/\",\"name\":\"Volcanes.Net\",\"description\":\"Periodismo Profesional\",\"publisher\":{\"@id\":\"https:\/\/volcanes.net\/#organization\"},\"potentialAction\":[{\"@type\":\"SearchAction\",\"target\":{\"@type\":\"EntryPoint\",\"urlTemplate\":\"https:\/\/volcanes.net\/?s={search_term_string}\"},\"query-input\":{\"@type\":\"PropertyValueSpecification\",\"valueRequired\":true,\"valueName\":\"search_term_string\"}}],\"inLanguage\":\"es\"},{\"@type\":\"Organization\",\"@id\":\"https:\/\/volcanes.net\/#organization\",\"name\":\"Grupo Volcanes\",\"url\":\"https:\/\/volcanes.net\/\",\"logo\":{\"@type\":\"ImageObject\",\"inLanguage\":\"es\",\"@id\":\"https:\/\/volcanes.net\/#\/schema\/logo\/image\/\",\"url\":\"http:\/\/volcanes.net\/wp-content\/uploads\/2017\/12\/Avatar2.jpg\",\"contentUrl\":\"http:\/\/volcanes.net\/wp-content\/uploads\/2017\/12\/Avatar2.jpg\",\"width\":378,\"height\":378,\"caption\":\"Grupo Volcanes\"},\"image\":{\"@id\":\"https:\/\/volcanes.net\/#\/schema\/logo\/image\/\"},\"sameAs\":[\"https:\/\/www.facebook.com\/volcanes.net\/\"]},{\"@type\":\"Person\",\"@id\":\"https:\/\/volcanes.net\/#\/schema\/person\/4bf0f383940966a4abd53f5048c0e6b9\",\"name\":\"admin\",\"image\":{\"@type\":\"ImageObject\",\"inLanguage\":\"es\",\"@id\":\"https:\/\/volcanes.net\/#\/schema\/person\/image\/\",\"url\":\"https:\/\/secure.gravatar.com\/avatar\/ca004e6cba8462b8cb7abc86e382930c?s=96&d=mm&r=g\",\"contentUrl\":\"https:\/\/secure.gravatar.com\/avatar\/ca004e6cba8462b8cb7abc86e382930c?s=96&d=mm&r=g\",\"caption\":\"admin\"}}]}<\/script>\n<!-- \/ Yoast SEO plugin. -->","yoast_head_json":{"title":"Valent\u00edn Mart\u00ednez Castillo solicit\u00f3 su licencia para poder ausentarse por las elecciones del 2021 en Ozumba - Volcanes","robots":{"index":"index","follow":"follow","max-snippet":"max-snippet:-1","max-image-preview":"max-image-preview:large","max-video-preview":"max-video-preview:-1"},"canonical":"https:\/\/volcanes.net\/?p=10928","og_locale":"es_MX","og_type":"article","og_title":"Valent\u00edn Mart\u00ednez Castillo solicit\u00f3 su licencia para poder ausentarse por las elecciones del 2021 en Ozumba - Volcanes","og_description":"Ozumba, Estado de M\u00e9xico.- El presidente municipal constitucional de Ozumba, Valent\u00edn Mart\u00ednez Castillo, que encabeza","og_url":"https:\/\/volcanes.net\/?p=10928","og_site_name":"Volcanes","article_publisher":"https:\/\/www.facebook.com\/volcanes.net\/","article_published_time":"2021-04-23T20:58:23+00:00","og_image":[{"width":720,"height":932,"url":"https:\/\/volcanes.net\/wp-content\/uploads\/2021\/04\/FB_IMG_1619199708227.jpg","type":"image\/jpeg"}],"author":"admin","twitter_card":"summary_large_image","twitter_misc":{"Escrito por":"admin","Tiempo de lectura":"1 minuto"},"schema":{"@context":"https:\/\/schema.org","@graph":[{"@type":"Article","@id":"https:\/\/volcanes.net\/?p=10928#article","isPartOf":{"@id":"https:\/\/volcanes.net\/?p=10928"},"author":{"name":"admin","@id":"https:\/\/volcanes.net\/#\/schema\/person\/4bf0f383940966a4abd53f5048c0e6b9"},"headline":"Valent\u00edn Mart\u00ednez Castillo solicit\u00f3 su licencia para poder ausentarse por las elecciones del 2021 en Ozumba","datePublished":"2021-04-23T20:58:23+00:00","mainEntityOfPage":{"@id":"https:\/\/volcanes.net\/?p=10928"},"wordCount":152,"commentCount":0,"publisher":{"@id":"https:\/\/volcanes.net\/#organization"},"image":{"@id":"https:\/\/volcanes.net\/?p=10928#primaryimage"},"thumbnailUrl":"https:\/\/volcanes.net\/wp-content\/uploads\/2021\/04\/FB_IMG_1619199708227.jpg","keywords":["Ozumba"],"articleSection":["Municipales"],"inLanguage":"es","potentialAction":[{"@type":"CommentAction","name":"Comment","target":["https:\/\/volcanes.net\/?p=10928#respond"]}]},{"@type":"WebPage","@id":"https:\/\/volcanes.net\/?p=10928","url":"https:\/\/volcanes.net\/?p=10928","name":"Valent\u00edn Mart\u00ednez Castillo solicit\u00f3 su licencia para poder ausentarse por las elecciones del 2021 en Ozumba - Volcanes","isPartOf":{"@id":"https:\/\/volcanes.net\/#website"},"primaryImageOfPage":{"@id":"https:\/\/volcanes.net\/?p=10928#primaryimage"},"image":{"@id":"https:\/\/volcanes.net\/?p=10928#primaryimage"},"thumbnailUrl":"https:\/\/volcanes.net\/wp-content\/uploads\/2021\/04\/FB_IMG_1619199708227.jpg","datePublished":"2021-04-23T20:58:23+00:00","breadcrumb":{"@id":"https:\/\/volcanes.net\/?p=10928#breadcrumb"},"inLanguage":"es","potentialAction":[{"@type":"ReadAction","target":["https:\/\/volcanes.net\/?p=10928"]}]},{"@type":"ImageObject","inLanguage":"es","@id":"https:\/\/volcanes.net\/?p=10928#primaryimage","url":"https:\/\/volcanes.net\/wp-content\/uploads\/2021\/04\/FB_IMG_1619199708227.jpg","contentUrl":"https:\/\/volcanes.net\/wp-content\/uploads\/2021\/04\/FB_IMG_1619199708227.jpg","width":720,"height":932},{"@type":"BreadcrumbList","@id":"https:\/\/volcanes.net\/?p=10928#breadcrumb","itemListElement":[{"@type":"ListItem","position":1,"name":"Portada","item":"https:\/\/volcanes.net\/"},{"@type":"ListItem","position":2,"name":"Valent\u00edn Mart\u00ednez Castillo solicit\u00f3 su licencia para poder ausentarse por las elecciones del 2021 en Ozumba"}]},{"@type":"WebSite","@id":"https:\/\/volcanes.net\/#website","url":"https:\/\/volcanes.net\/","name":"Volcanes.Net","description":"Periodismo Profesional","publisher":{"@id":"https:\/\/volcanes.net\/#organization"},"potentialAction":[{"@type":"SearchAction","target":{"@type":"EntryPoint","urlTemplate":"https:\/\/volcanes.net\/?s={search_term_string}"},"query-input":{"@type":"PropertyValueSpecification","valueRequired":true,"valueName":"search_term_string"}}],"inLanguage":"es"},{"@type":"Organization","@id":"https:\/\/volcanes.net\/#organization","name":"Grupo Volcanes","url":"https:\/\/volcanes.net\/","logo":{"@type":"ImageObject","inLanguage":"es","@id":"https:\/\/volcanes.net\/#\/schema\/logo\/image\/","url":"http:\/\/volcanes.net\/wp-content\/uploads\/2017\/12\/Avatar2.jpg","contentUrl":"http:\/\/volcanes.net\/wp-content\/uploads\/2017\/12\/Avatar2.jpg","width":378,"height":378,"caption":"Grupo Volcanes"},"image":{"@id":"https:\/\/volcanes.net\/#\/schema\/logo\/image\/"},"sameAs":["https:\/\/www.facebook.com\/volcanes.net\/"]},{"@type":"Person","@id":"https:\/\/volcanes.net\/#\/schema\/person\/4bf0f383940966a4abd53f5048c0e6b9","name":"admin","image":{"@type":"ImageObject","inLanguage":"es","@id":"https:\/\/volcanes.net\/#\/schema\/person\/image\/","url":"https:\/\/secure.gravatar.com\/avatar\/ca004e6cba8462b8cb7abc86e382930c?s=96&d=mm&r=g","contentUrl":"https:\/\/secure.gravatar.com\/avatar\/ca004e6cba8462b8cb7abc86e382930c?s=96&d=mm&r=g","caption":"admin"}}]}},"_links":{"self":[{"href":"https:\/\/volcanes.net\/index.php?rest_route=\/wp\/v2\/posts\/10928"}],"collection":[{"href":"https:\/\/volcanes.net\/index.php?rest_route=\/wp\/v2\/posts"}],"about":[{"href":"https:\/\/volcanes.net\/index.php?rest_route=\/wp\/v2\/types\/post"}],"author":[{"embeddable":true,"href":"https:\/\/volcanes.net\/index.php?rest_route=\/wp\/v2\/users\/1"}],"replies":[{"embeddable":true,"href":"https:\/\/volcanes.net\/index.php?rest_route=%2Fwp%2Fv2%2Fcomments&post=10928"}],"version-history":[{"count":1,"href":"https:\/\/volcanes.net\/index.php?rest_route=\/wp\/v2\/posts\/10928\/revisions"}],"predecessor-version":[{"id":10930,"href":"https:\/\/volcanes.net\/index.php?rest_route=\/wp\/v2\/posts\/10928\/revisions\/10930"}],"wp:featuredmedia":[{"embeddable":true,"href":"https:\/\/volcanes.net\/index.php?rest_route=\/wp\/v2\/media\/10929"}],"wp:attachment":[{"href":"https:\/\/volcanes.net\/index.php?rest_route=%2Fwp%2Fv2%2Fmedia&parent=10928"}],"wp:term":[{"taxonomy":"category","embeddable":true,"href":"https:\/\/volcanes.net\/index.php?rest_route=%2Fwp%2Fv2%2Fcategories&post=10928"},{"taxonomy":"post_tag","embeddable":true,"href":"https:\/\/volcanes.net\/index.php?rest_route=%2Fwp%2Fv2%2Ftags&post=10928"}],"curies":[{"name":"wp","href":"https:\/\/api.w.org\/{rel}","templated":true}]}}