{"id":10969,"date":"2021-04-20T23:03:14","date_gmt":"2021-04-21T05:03:14","guid":{"rendered":"http:\/\/volcanes.net\/?p=10969"},"modified":"2021-04-23T23:05:04","modified_gmt":"2021-04-24T05:05:04","slug":"en-pleno-congreso-mexiquense-llega-carestia-del-agua","status":"publish","type":"post","link":"https:\/\/volcanes.net\/?p=10969","title":{"rendered":"En pleno congreso mexiquense llega carest\u00eda del agua"},"content":{"rendered":"<div style=\"margin-top: 0px; margin-bottom: 0px;\" class=\"sharethis-inline-share-buttons\" ><\/div><p>El Congreso mexiquense aprob\u00f3 por unanimidad puntos de acuerdo en su sesi\u00f3n de este martes sobre la problem\u00e1tica de abasto de agua potable que se presenta en diferentes puntos de la entidad.<br \/>\nAnte el anuncio del programa que llevar\u00e1 agua de la Presa Mad\u00edn a la capital del pa\u00eds, el Pleno legislativo llam\u00f3 a los gobiernos federal y del Estado de M\u00e9xico a \u00b4\u00b4garantizar el derecho de acceso al agua a los mexiquenses que la reciben de la Presa Mad\u00edn, en caso de llevarse a cabo el proyecto de suministro a la Ciudad de M\u00e9xico\u00b4\u00b4.<br \/>\nPor ello, solicit\u00f3 un informe detallado respecto a la sustentabilidad del proyecto h\u00eddrico de Presa Mad\u00edn con la Ciudad de M\u00e9xico y que ambos niveles de gobierno destinen recursos suficientes para habilitar la infraestructura de la Presa San Juan, ubicada en la reserva de los Ciervos, en Atizap\u00e1n de Zaragoza.<br \/>\nLas y los diputados recibieron un pronunciamiento sobre la problem\u00e1tica de Ecatepec en materia de agua potable y solicitaron al presidente municipal de Huehuetoca se realicen acciones para regularizar el suministro del l\u00edquido a quienes habitan en diversas colonias y fraccionamientos, mientras que a la Secretar\u00eda del Campo le pidieron el desazolve y acondicionamiento oportuno de los jag\u00fceyes en la entidad, al recordar que sirven como medio auxiliar de riego y abrevadero mientras llega la temporada de lluvias.<br \/>\nLlaman a erradicar la violencia pol\u00edtica de g\u00e9nero<br \/>\nEl Congreso emiti\u00f3 por unanimidad otros exhortos, uno al Instituto Electoral del Estado de M\u00e9xico (IEEM) y a los partidos pol\u00edticos para fortalecer las acciones para prevenir, atender, sancionar y erradicar la violencia pol\u00edtica contra las mujeres en raz\u00f3n de g\u00e9nero, particularmente durante el proceso electoral de este a\u00f1o.<br \/>\nLa iniciativa recuerda que este 6 de junio en el pa\u00eds se elegir\u00e1n a m\u00e1s de 21 mil cargos p\u00fablicos, mientras que habr\u00e1 en disputa 2 mil 254 cargos de elecci\u00f3n popular en la entidad, como los son regidur\u00edas, sindicaturas, presidencias municipales y diputaciones locales, en las cuales se tendr\u00e1n como candidatas a mil 127 mujeres.<br \/>\nEl Congreso local tambi\u00e9n llam\u00f3 a la Secretar\u00eda de Movilidad y de Comunicaciones del gobierno estatal, as\u00ed como a los 125 municipios a dise\u00f1ar pol\u00edticas de movilidad sustentable y seguridad vial con una visi\u00f3n de g\u00e9nero, con programas y campa\u00f1as que fomenten el uso de ciclov\u00edas que permitan proporcionar movilidad sustentable y segura para todas y todos.<\/p>\n","protected":false},"excerpt":{"rendered":"<p>El Congreso mexiquense aprob\u00f3 por unanimidad puntos de acuerdo en su sesi\u00f3n de este martes<\/p>\n","protected":false},"author":1,"featured_media":10970,"comment_status":"open","ping_status":"open","sticky":false,"template":"","format":"standard","meta":{"footnotes":""},"categories":[3],"tags":[],"class_list":["post-10969","post","type-post","status-publish","format-standard","has-post-thumbnail","hentry","category-estatales"],"yoast_head":"<!-- This site is optimized with the Yoast SEO plugin v25.3 - https:\/\/yoast.com\/wordpress\/plugins\/seo\/ -->\n<title>En pleno congreso mexiquense llega carest\u00eda del agua - Volcanes<\/title>\n<meta name=\"robots\" content=\"index, follow, max-snippet:-1, max-image-preview:large, max-video-preview:-1\" \/>\n<link rel=\"canonical\" href=\"https:\/\/volcanes.net\/?p=10969\" \/>\n<meta property=\"og:locale\" content=\"es_MX\" \/>\n<meta property=\"og:type\" content=\"article\" \/>\n<meta property=\"og:title\" content=\"En pleno congreso mexiquense llega carest\u00eda del agua - Volcanes\" \/>\n<meta property=\"og:description\" content=\"El Congreso mexiquense aprob\u00f3 por unanimidad puntos de acuerdo en su sesi\u00f3n de este martes\" \/>\n<meta property=\"og:url\" content=\"https:\/\/volcanes.net\/?p=10969\" \/>\n<meta property=\"og:site_name\" content=\"Volcanes\" \/>\n<meta property=\"article:publisher\" content=\"https:\/\/www.facebook.com\/volcanes.net\/\" \/>\n<meta property=\"article:published_time\" content=\"2021-04-21T05:03:14+00:00\" \/>\n<meta property=\"article:modified_time\" content=\"2021-04-24T05:05:04+00:00\" \/>\n<meta property=\"og:image\" content=\"https:\/\/volcanes.net\/wp-content\/uploads\/2021\/04\/20carestia-agua-.jpeg\" \/>\n\t<meta property=\"og:image:width\" content=\"1024\" \/>\n\t<meta property=\"og:image:height\" content=\"683\" \/>\n\t<meta property=\"og:image:type\" content=\"image\/jpeg\" \/>\n<meta name=\"author\" content=\"admin\" \/>\n<meta name=\"twitter:card\" content=\"summary_large_image\" \/>\n<meta name=\"twitter:label1\" content=\"Escrito por\" \/>\n\t<meta name=\"twitter:data1\" content=\"admin\" \/>\n\t<meta name=\"twitter:label2\" content=\"Tiempo de lectura\" \/>\n\t<meta name=\"twitter:data2\" content=\"2 minutos\" \/>\n<script type=\"application\/ld+json\" class=\"yoast-schema-graph\">{\"@context\":\"https:\/\/schema.org\",\"@graph\":[{\"@type\":\"Article\",\"@id\":\"https:\/\/volcanes.net\/?p=10969#article\",\"isPartOf\":{\"@id\":\"https:\/\/volcanes.net\/?p=10969\"},\"author\":{\"name\":\"admin\",\"@id\":\"https:\/\/volcanes.net\/#\/schema\/person\/4bf0f383940966a4abd53f5048c0e6b9\"},\"headline\":\"En pleno congreso mexiquense llega carest\u00eda del agua\",\"datePublished\":\"2021-04-21T05:03:14+00:00\",\"dateModified\":\"2021-04-24T05:05:04+00:00\",\"mainEntityOfPage\":{\"@id\":\"https:\/\/volcanes.net\/?p=10969\"},\"wordCount\":434,\"commentCount\":0,\"publisher\":{\"@id\":\"https:\/\/volcanes.net\/#organization\"},\"image\":{\"@id\":\"https:\/\/volcanes.net\/?p=10969#primaryimage\"},\"thumbnailUrl\":\"https:\/\/volcanes.net\/wp-content\/uploads\/2021\/04\/20carestia-agua-.jpeg\",\"articleSection\":[\"Estatales\"],\"inLanguage\":\"es\",\"potentialAction\":[{\"@type\":\"CommentAction\",\"name\":\"Comment\",\"target\":[\"https:\/\/volcanes.net\/?p=10969#respond\"]}]},{\"@type\":\"WebPage\",\"@id\":\"https:\/\/volcanes.net\/?p=10969\",\"url\":\"https:\/\/volcanes.net\/?p=10969\",\"name\":\"En pleno congreso mexiquense llega carest\u00eda del agua - Volcanes\",\"isPartOf\":{\"@id\":\"https:\/\/volcanes.net\/#website\"},\"primaryImageOfPage\":{\"@id\":\"https:\/\/volcanes.net\/?p=10969#primaryimage\"},\"image\":{\"@id\":\"https:\/\/volcanes.net\/?p=10969#primaryimage\"},\"thumbnailUrl\":\"https:\/\/volcanes.net\/wp-content\/uploads\/2021\/04\/20carestia-agua-.jpeg\",\"datePublished\":\"2021-04-21T05:03:14+00:00\",\"dateModified\":\"2021-04-24T05:05:04+00:00\",\"breadcrumb\":{\"@id\":\"https:\/\/volcanes.net\/?p=10969#breadcrumb\"},\"inLanguage\":\"es\",\"potentialAction\":[{\"@type\":\"ReadAction\",\"target\":[\"https:\/\/volcanes.net\/?p=10969\"]}]},{\"@type\":\"ImageObject\",\"inLanguage\":\"es\",\"@id\":\"https:\/\/volcanes.net\/?p=10969#primaryimage\",\"url\":\"https:\/\/volcanes.net\/wp-content\/uploads\/2021\/04\/20carestia-agua-.jpeg\",\"contentUrl\":\"https:\/\/volcanes.net\/wp-content\/uploads\/2021\/04\/20carestia-agua-.jpeg\",\"width\":1024,\"height\":683},{\"@type\":\"BreadcrumbList\",\"@id\":\"https:\/\/volcanes.net\/?p=10969#breadcrumb\",\"itemListElement\":[{\"@type\":\"ListItem\",\"position\":1,\"name\":\"Portada\",\"item\":\"https:\/\/volcanes.net\/\"},{\"@type\":\"ListItem\",\"position\":2,\"name\":\"En pleno congreso mexiquense llega carest\u00eda del agua\"}]},{\"@type\":\"WebSite\",\"@id\":\"https:\/\/volcanes.net\/#website\",\"url\":\"https:\/\/volcanes.net\/\",\"name\":\"Volcanes.Net\",\"description\":\"Periodismo Profesional\",\"publisher\":{\"@id\":\"https:\/\/volcanes.net\/#organization\"},\"potentialAction\":[{\"@type\":\"SearchAction\",\"target\":{\"@type\":\"EntryPoint\",\"urlTemplate\":\"https:\/\/volcanes.net\/?s={search_term_string}\"},\"query-input\":{\"@type\":\"PropertyValueSpecification\",\"valueRequired\":true,\"valueName\":\"search_term_string\"}}],\"inLanguage\":\"es\"},{\"@type\":\"Organization\",\"@id\":\"https:\/\/volcanes.net\/#organization\",\"name\":\"Grupo Volcanes\",\"url\":\"https:\/\/volcanes.net\/\",\"logo\":{\"@type\":\"ImageObject\",\"inLanguage\":\"es\",\"@id\":\"https:\/\/volcanes.net\/#\/schema\/logo\/image\/\",\"url\":\"http:\/\/volcanes.net\/wp-content\/uploads\/2017\/12\/Avatar2.jpg\",\"contentUrl\":\"http:\/\/volcanes.net\/wp-content\/uploads\/2017\/12\/Avatar2.jpg\",\"width\":378,\"height\":378,\"caption\":\"Grupo Volcanes\"},\"image\":{\"@id\":\"https:\/\/volcanes.net\/#\/schema\/logo\/image\/\"},\"sameAs\":[\"https:\/\/www.facebook.com\/volcanes.net\/\"]},{\"@type\":\"Person\",\"@id\":\"https:\/\/volcanes.net\/#\/schema\/person\/4bf0f383940966a4abd53f5048c0e6b9\",\"name\":\"admin\",\"image\":{\"@type\":\"ImageObject\",\"inLanguage\":\"es\",\"@id\":\"https:\/\/volcanes.net\/#\/schema\/person\/image\/\",\"url\":\"https:\/\/secure.gravatar.com\/avatar\/ca004e6cba8462b8cb7abc86e382930c?s=96&d=mm&r=g\",\"contentUrl\":\"https:\/\/secure.gravatar.com\/avatar\/ca004e6cba8462b8cb7abc86e382930c?s=96&d=mm&r=g\",\"caption\":\"admin\"}}]}<\/script>\n<!-- \/ Yoast SEO plugin. -->","yoast_head_json":{"title":"En pleno congreso mexiquense llega carest\u00eda del agua - Volcanes","robots":{"index":"index","follow":"follow","max-snippet":"max-snippet:-1","max-image-preview":"max-image-preview:large","max-video-preview":"max-video-preview:-1"},"canonical":"https:\/\/volcanes.net\/?p=10969","og_locale":"es_MX","og_type":"article","og_title":"En pleno congreso mexiquense llega carest\u00eda del agua - Volcanes","og_description":"El Congreso mexiquense aprob\u00f3 por unanimidad puntos de acuerdo en su sesi\u00f3n de este martes","og_url":"https:\/\/volcanes.net\/?p=10969","og_site_name":"Volcanes","article_publisher":"https:\/\/www.facebook.com\/volcanes.net\/","article_published_time":"2021-04-21T05:03:14+00:00","article_modified_time":"2021-04-24T05:05:04+00:00","og_image":[{"width":1024,"height":683,"url":"https:\/\/volcanes.net\/wp-content\/uploads\/2021\/04\/20carestia-agua-.jpeg","type":"image\/jpeg"}],"author":"admin","twitter_card":"summary_large_image","twitter_misc":{"Escrito por":"admin","Tiempo de lectura":"2 minutos"},"schema":{"@context":"https:\/\/schema.org","@graph":[{"@type":"Article","@id":"https:\/\/volcanes.net\/?p=10969#article","isPartOf":{"@id":"https:\/\/volcanes.net\/?p=10969"},"author":{"name":"admin","@id":"https:\/\/volcanes.net\/#\/schema\/person\/4bf0f383940966a4abd53f5048c0e6b9"},"headline":"En pleno congreso mexiquense llega carest\u00eda del agua","datePublished":"2021-04-21T05:03:14+00:00","dateModified":"2021-04-24T05:05:04+00:00","mainEntityOfPage":{"@id":"https:\/\/volcanes.net\/?p=10969"},"wordCount":434,"commentCount":0,"publisher":{"@id":"https:\/\/volcanes.net\/#organization"},"image":{"@id":"https:\/\/volcanes.net\/?p=10969#primaryimage"},"thumbnailUrl":"https:\/\/volcanes.net\/wp-content\/uploads\/2021\/04\/20carestia-agua-.jpeg","articleSection":["Estatales"],"inLanguage":"es","potentialAction":[{"@type":"CommentAction","name":"Comment","target":["https:\/\/volcanes.net\/?p=10969#respond"]}]},{"@type":"WebPage","@id":"https:\/\/volcanes.net\/?p=10969","url":"https:\/\/volcanes.net\/?p=10969","name":"En pleno congreso mexiquense llega carest\u00eda del agua - Volcanes","isPartOf":{"@id":"https:\/\/volcanes.net\/#website"},"primaryImageOfPage":{"@id":"https:\/\/volcanes.net\/?p=10969#primaryimage"},"image":{"@id":"https:\/\/volcanes.net\/?p=10969#primaryimage"},"thumbnailUrl":"https:\/\/volcanes.net\/wp-content\/uploads\/2021\/04\/20carestia-agua-.jpeg","datePublished":"2021-04-21T05:03:14+00:00","dateModified":"2021-04-24T05:05:04+00:00","breadcrumb":{"@id":"https:\/\/volcanes.net\/?p=10969#breadcrumb"},"inLanguage":"es","potentialAction":[{"@type":"ReadAction","target":["https:\/\/volcanes.net\/?p=10969"]}]},{"@type":"ImageObject","inLanguage":"es","@id":"https:\/\/volcanes.net\/?p=10969#primaryimage","url":"https:\/\/volcanes.net\/wp-content\/uploads\/2021\/04\/20carestia-agua-.jpeg","contentUrl":"https:\/\/volcanes.net\/wp-content\/uploads\/2021\/04\/20carestia-agua-.jpeg","width":1024,"height":683},{"@type":"BreadcrumbList","@id":"https:\/\/volcanes.net\/?p=10969#breadcrumb","itemListElement":[{"@type":"ListItem","position":1,"name":"Portada","item":"https:\/\/volcanes.net\/"},{"@type":"ListItem","position":2,"name":"En pleno congreso mexiquense llega carest\u00eda del agua"}]},{"@type":"WebSite","@id":"https:\/\/volcanes.net\/#website","url":"https:\/\/volcanes.net\/","name":"Volcanes.Net","description":"Periodismo Profesional","publisher":{"@id":"https:\/\/volcanes.net\/#organization"},"potentialAction":[{"@type":"SearchAction","target":{"@type":"EntryPoint","urlTemplate":"https:\/\/volcanes.net\/?s={search_term_string}"},"query-input":{"@type":"PropertyValueSpecification","valueRequired":true,"valueName":"search_term_string"}}],"inLanguage":"es"},{"@type":"Organization","@id":"https:\/\/volcanes.net\/#organization","name":"Grupo Volcanes","url":"https:\/\/volcanes.net\/","logo":{"@type":"ImageObject","inLanguage":"es","@id":"https:\/\/volcanes.net\/#\/schema\/logo\/image\/","url":"http:\/\/volcanes.net\/wp-content\/uploads\/2017\/12\/Avatar2.jpg","contentUrl":"http:\/\/volcanes.net\/wp-content\/uploads\/2017\/12\/Avatar2.jpg","width":378,"height":378,"caption":"Grupo Volcanes"},"image":{"@id":"https:\/\/volcanes.net\/#\/schema\/logo\/image\/"},"sameAs":["https:\/\/www.facebook.com\/volcanes.net\/"]},{"@type":"Person","@id":"https:\/\/volcanes.net\/#\/schema\/person\/4bf0f383940966a4abd53f5048c0e6b9","name":"admin","image":{"@type":"ImageObject","inLanguage":"es","@id":"https:\/\/volcanes.net\/#\/schema\/person\/image\/","url":"https:\/\/secure.gravatar.com\/avatar\/ca004e6cba8462b8cb7abc86e382930c?s=96&d=mm&r=g","contentUrl":"https:\/\/secure.gravatar.com\/avatar\/ca004e6cba8462b8cb7abc86e382930c?s=96&d=mm&r=g","caption":"admin"}}]}},"_links":{"self":[{"href":"https:\/\/volcanes.net\/index.php?rest_route=\/wp\/v2\/posts\/10969"}],"collection":[{"href":"https:\/\/volcanes.net\/index.php?rest_route=\/wp\/v2\/posts"}],"about":[{"href":"https:\/\/volcanes.net\/index.php?rest_route=\/wp\/v2\/types\/post"}],"author":[{"embeddable":true,"href":"https:\/\/volcanes.net\/index.php?rest_route=\/wp\/v2\/users\/1"}],"replies":[{"embeddable":true,"href":"https:\/\/volcanes.net\/index.php?rest_route=%2Fwp%2Fv2%2Fcomments&post=10969"}],"version-history":[{"count":1,"href":"https:\/\/volcanes.net\/index.php?rest_route=\/wp\/v2\/posts\/10969\/revisions"}],"predecessor-version":[{"id":10971,"href":"https:\/\/volcanes.net\/index.php?rest_route=\/wp\/v2\/posts\/10969\/revisions\/10971"}],"wp:featuredmedia":[{"embeddable":true,"href":"https:\/\/volcanes.net\/index.php?rest_route=\/wp\/v2\/media\/10970"}],"wp:attachment":[{"href":"https:\/\/volcanes.net\/index.php?rest_route=%2Fwp%2Fv2%2Fmedia&parent=10969"}],"wp:term":[{"taxonomy":"category","embeddable":true,"href":"https:\/\/volcanes.net\/index.php?rest_route=%2Fwp%2Fv2%2Fcategories&post=10969"},{"taxonomy":"post_tag","embeddable":true,"href":"https:\/\/volcanes.net\/index.php?rest_route=%2Fwp%2Fv2%2Ftags&post=10969"}],"curies":[{"name":"wp","href":"https:\/\/api.w.org\/{rel}","templated":true}]}}