{"id":10974,"date":"2021-04-20T23:09:00","date_gmt":"2021-04-21T05:09:00","guid":{"rendered":"http:\/\/volcanes.net\/?p=10974"},"modified":"2021-04-23T23:10:41","modified_gmt":"2021-04-24T05:10:41","slug":"en-el-congreso-se-determino-programas-sociales-que-se-suspenden-por-veda-electoral","status":"publish","type":"post","link":"https:\/\/volcanes.net\/?p=10974","title":{"rendered":"En el congreso se determin\u00f3 programas sociales que se suspenden por veda electoral"},"content":{"rendered":"<div style=\"margin-top: 0px; margin-bottom: 0px;\" class=\"sharethis-inline-share-buttons\" ><\/div><p>El Congreso del Estado de M\u00e9xico aval\u00f3 por unanimidad que del 29 de abril al 6 de junio de 2021 las autoridades estatales y municipales, as\u00ed como las y los legisladores locales, se abstendr\u00e1n de establecer y operar programas de apoyo social o comunitario que impliquen entrega a la poblaci\u00f3n de materiales, alimentos o cualquier elemento que forme parte de los programas asistenciales o de promoci\u00f3n y desarrollo social.<br \/>\nLo anterior con excepci\u00f3n de los casos de extrema urgencia debido a enfermedades, desastres naturales, siniestros u otros eventos de igual naturaleza, por lo que las autoridades estatales y municipales seguir\u00e1n desarrollando las funciones y servicios p\u00fablicos necesarios para la atenci\u00f3n y desarrollo de la poblaci\u00f3n, de acuerdo con su normatividad y en apego a las disposiciones electorales.<br \/>\nEn este sentido, las y los diputados establecieron que se deben garantizar las acciones medidas y lineamientos en materia de salud y bienestar de la poblaci\u00f3n ante la emergencia sanitaria, por lo que deben continuar las medidas destinadas a la m\u00e1xima protecci\u00f3n de la salud y educaci\u00f3n de las y los mexiquenses, para mantener la curva de recuperaci\u00f3n en materia de salubridad y para garantizar el acceso a las condiciones m\u00ednimas de bienestar.<br \/>\nEl punto de acuerdo, presentado por la Junta de Coordinaci\u00f3n Pol\u00edtica en la \u00faltima sesi\u00f3n del Octavo Periodo Ordinario, detalla que la Legislatura promover\u00e1 medidas necesarias para su cumplimiento en el \u00e1mbito de sus competencias y que los beneficiarios de los programas de contenido social que no los reciban durante la veda electoral podr\u00e1n solicitar su reintegraci\u00f3n.<\/p>\n","protected":false},"excerpt":{"rendered":"<p>El Congreso del Estado de M\u00e9xico aval\u00f3 por unanimidad que del 29 de abril al<\/p>\n","protected":false},"author":1,"featured_media":10975,"comment_status":"open","ping_status":"open","sticky":false,"template":"","format":"standard","meta":{"footnotes":""},"categories":[3],"tags":[],"class_list":["post-10974","post","type-post","status-publish","format-standard","has-post-thumbnail","hentry","category-estatales"],"yoast_head":"<!-- This site is optimized with the Yoast SEO plugin v25.3 - https:\/\/yoast.com\/wordpress\/plugins\/seo\/ -->\n<title>En el congreso se determin\u00f3 programas sociales que se suspenden por veda electoral - Volcanes<\/title>\n<meta name=\"robots\" content=\"index, follow, max-snippet:-1, max-image-preview:large, max-video-preview:-1\" \/>\n<link rel=\"canonical\" href=\"https:\/\/volcanes.net\/?p=10974\" \/>\n<meta property=\"og:locale\" content=\"es_MX\" \/>\n<meta property=\"og:type\" content=\"article\" \/>\n<meta property=\"og:title\" content=\"En el congreso se determin\u00f3 programas sociales que se suspenden por veda electoral - Volcanes\" \/>\n<meta property=\"og:description\" content=\"El Congreso del Estado de M\u00e9xico aval\u00f3 por unanimidad que del 29 de abril al\" \/>\n<meta property=\"og:url\" content=\"https:\/\/volcanes.net\/?p=10974\" \/>\n<meta property=\"og:site_name\" content=\"Volcanes\" \/>\n<meta property=\"article:publisher\" content=\"https:\/\/www.facebook.com\/volcanes.net\/\" \/>\n<meta property=\"article:published_time\" content=\"2021-04-21T05:09:00+00:00\" \/>\n<meta property=\"article:modified_time\" content=\"2021-04-24T05:10:41+00:00\" \/>\n<meta property=\"og:image\" content=\"https:\/\/volcanes.net\/wp-content\/uploads\/2021\/04\/20programas-.jpeg\" \/>\n\t<meta property=\"og:image:width\" content=\"1024\" \/>\n\t<meta property=\"og:image:height\" content=\"683\" \/>\n\t<meta property=\"og:image:type\" content=\"image\/jpeg\" \/>\n<meta name=\"author\" content=\"admin\" \/>\n<meta name=\"twitter:card\" content=\"summary_large_image\" \/>\n<meta name=\"twitter:label1\" content=\"Escrito por\" \/>\n\t<meta name=\"twitter:data1\" content=\"admin\" \/>\n\t<meta name=\"twitter:label2\" content=\"Tiempo de lectura\" \/>\n\t<meta name=\"twitter:data2\" content=\"1 minuto\" \/>\n<script type=\"application\/ld+json\" class=\"yoast-schema-graph\">{\"@context\":\"https:\/\/schema.org\",\"@graph\":[{\"@type\":\"Article\",\"@id\":\"https:\/\/volcanes.net\/?p=10974#article\",\"isPartOf\":{\"@id\":\"https:\/\/volcanes.net\/?p=10974\"},\"author\":{\"name\":\"admin\",\"@id\":\"https:\/\/volcanes.net\/#\/schema\/person\/4bf0f383940966a4abd53f5048c0e6b9\"},\"headline\":\"En el congreso se determin\u00f3 programas sociales que se suspenden por veda electoral\",\"datePublished\":\"2021-04-21T05:09:00+00:00\",\"dateModified\":\"2021-04-24T05:10:41+00:00\",\"mainEntityOfPage\":{\"@id\":\"https:\/\/volcanes.net\/?p=10974\"},\"wordCount\":287,\"commentCount\":0,\"publisher\":{\"@id\":\"https:\/\/volcanes.net\/#organization\"},\"image\":{\"@id\":\"https:\/\/volcanes.net\/?p=10974#primaryimage\"},\"thumbnailUrl\":\"https:\/\/volcanes.net\/wp-content\/uploads\/2021\/04\/20programas-.jpeg\",\"articleSection\":[\"Estatales\"],\"inLanguage\":\"es\",\"potentialAction\":[{\"@type\":\"CommentAction\",\"name\":\"Comment\",\"target\":[\"https:\/\/volcanes.net\/?p=10974#respond\"]}]},{\"@type\":\"WebPage\",\"@id\":\"https:\/\/volcanes.net\/?p=10974\",\"url\":\"https:\/\/volcanes.net\/?p=10974\",\"name\":\"En el congreso se determin\u00f3 programas sociales que se suspenden por veda electoral - Volcanes\",\"isPartOf\":{\"@id\":\"https:\/\/volcanes.net\/#website\"},\"primaryImageOfPage\":{\"@id\":\"https:\/\/volcanes.net\/?p=10974#primaryimage\"},\"image\":{\"@id\":\"https:\/\/volcanes.net\/?p=10974#primaryimage\"},\"thumbnailUrl\":\"https:\/\/volcanes.net\/wp-content\/uploads\/2021\/04\/20programas-.jpeg\",\"datePublished\":\"2021-04-21T05:09:00+00:00\",\"dateModified\":\"2021-04-24T05:10:41+00:00\",\"breadcrumb\":{\"@id\":\"https:\/\/volcanes.net\/?p=10974#breadcrumb\"},\"inLanguage\":\"es\",\"potentialAction\":[{\"@type\":\"ReadAction\",\"target\":[\"https:\/\/volcanes.net\/?p=10974\"]}]},{\"@type\":\"ImageObject\",\"inLanguage\":\"es\",\"@id\":\"https:\/\/volcanes.net\/?p=10974#primaryimage\",\"url\":\"https:\/\/volcanes.net\/wp-content\/uploads\/2021\/04\/20programas-.jpeg\",\"contentUrl\":\"https:\/\/volcanes.net\/wp-content\/uploads\/2021\/04\/20programas-.jpeg\",\"width\":1024,\"height\":683},{\"@type\":\"BreadcrumbList\",\"@id\":\"https:\/\/volcanes.net\/?p=10974#breadcrumb\",\"itemListElement\":[{\"@type\":\"ListItem\",\"position\":1,\"name\":\"Portada\",\"item\":\"https:\/\/volcanes.net\/\"},{\"@type\":\"ListItem\",\"position\":2,\"name\":\"En el congreso se determin\u00f3 programas sociales que se suspenden por veda electoral\"}]},{\"@type\":\"WebSite\",\"@id\":\"https:\/\/volcanes.net\/#website\",\"url\":\"https:\/\/volcanes.net\/\",\"name\":\"Volcanes.Net\",\"description\":\"Periodismo Profesional\",\"publisher\":{\"@id\":\"https:\/\/volcanes.net\/#organization\"},\"potentialAction\":[{\"@type\":\"SearchAction\",\"target\":{\"@type\":\"EntryPoint\",\"urlTemplate\":\"https:\/\/volcanes.net\/?s={search_term_string}\"},\"query-input\":{\"@type\":\"PropertyValueSpecification\",\"valueRequired\":true,\"valueName\":\"search_term_string\"}}],\"inLanguage\":\"es\"},{\"@type\":\"Organization\",\"@id\":\"https:\/\/volcanes.net\/#organization\",\"name\":\"Grupo Volcanes\",\"url\":\"https:\/\/volcanes.net\/\",\"logo\":{\"@type\":\"ImageObject\",\"inLanguage\":\"es\",\"@id\":\"https:\/\/volcanes.net\/#\/schema\/logo\/image\/\",\"url\":\"http:\/\/volcanes.net\/wp-content\/uploads\/2017\/12\/Avatar2.jpg\",\"contentUrl\":\"http:\/\/volcanes.net\/wp-content\/uploads\/2017\/12\/Avatar2.jpg\",\"width\":378,\"height\":378,\"caption\":\"Grupo Volcanes\"},\"image\":{\"@id\":\"https:\/\/volcanes.net\/#\/schema\/logo\/image\/\"},\"sameAs\":[\"https:\/\/www.facebook.com\/volcanes.net\/\"]},{\"@type\":\"Person\",\"@id\":\"https:\/\/volcanes.net\/#\/schema\/person\/4bf0f383940966a4abd53f5048c0e6b9\",\"name\":\"admin\",\"image\":{\"@type\":\"ImageObject\",\"inLanguage\":\"es\",\"@id\":\"https:\/\/volcanes.net\/#\/schema\/person\/image\/\",\"url\":\"https:\/\/secure.gravatar.com\/avatar\/ca004e6cba8462b8cb7abc86e382930c?s=96&d=mm&r=g\",\"contentUrl\":\"https:\/\/secure.gravatar.com\/avatar\/ca004e6cba8462b8cb7abc86e382930c?s=96&d=mm&r=g\",\"caption\":\"admin\"}}]}<\/script>\n<!-- \/ Yoast SEO plugin. -->","yoast_head_json":{"title":"En el congreso se determin\u00f3 programas sociales que se suspenden por veda electoral - Volcanes","robots":{"index":"index","follow":"follow","max-snippet":"max-snippet:-1","max-image-preview":"max-image-preview:large","max-video-preview":"max-video-preview:-1"},"canonical":"https:\/\/volcanes.net\/?p=10974","og_locale":"es_MX","og_type":"article","og_title":"En el congreso se determin\u00f3 programas sociales que se suspenden por veda electoral - Volcanes","og_description":"El Congreso del Estado de M\u00e9xico aval\u00f3 por unanimidad que del 29 de abril al","og_url":"https:\/\/volcanes.net\/?p=10974","og_site_name":"Volcanes","article_publisher":"https:\/\/www.facebook.com\/volcanes.net\/","article_published_time":"2021-04-21T05:09:00+00:00","article_modified_time":"2021-04-24T05:10:41+00:00","og_image":[{"width":1024,"height":683,"url":"https:\/\/volcanes.net\/wp-content\/uploads\/2021\/04\/20programas-.jpeg","type":"image\/jpeg"}],"author":"admin","twitter_card":"summary_large_image","twitter_misc":{"Escrito por":"admin","Tiempo de lectura":"1 minuto"},"schema":{"@context":"https:\/\/schema.org","@graph":[{"@type":"Article","@id":"https:\/\/volcanes.net\/?p=10974#article","isPartOf":{"@id":"https:\/\/volcanes.net\/?p=10974"},"author":{"name":"admin","@id":"https:\/\/volcanes.net\/#\/schema\/person\/4bf0f383940966a4abd53f5048c0e6b9"},"headline":"En el congreso se determin\u00f3 programas sociales que se suspenden por veda electoral","datePublished":"2021-04-21T05:09:00+00:00","dateModified":"2021-04-24T05:10:41+00:00","mainEntityOfPage":{"@id":"https:\/\/volcanes.net\/?p=10974"},"wordCount":287,"commentCount":0,"publisher":{"@id":"https:\/\/volcanes.net\/#organization"},"image":{"@id":"https:\/\/volcanes.net\/?p=10974#primaryimage"},"thumbnailUrl":"https:\/\/volcanes.net\/wp-content\/uploads\/2021\/04\/20programas-.jpeg","articleSection":["Estatales"],"inLanguage":"es","potentialAction":[{"@type":"CommentAction","name":"Comment","target":["https:\/\/volcanes.net\/?p=10974#respond"]}]},{"@type":"WebPage","@id":"https:\/\/volcanes.net\/?p=10974","url":"https:\/\/volcanes.net\/?p=10974","name":"En el congreso se determin\u00f3 programas sociales que se suspenden por veda electoral - Volcanes","isPartOf":{"@id":"https:\/\/volcanes.net\/#website"},"primaryImageOfPage":{"@id":"https:\/\/volcanes.net\/?p=10974#primaryimage"},"image":{"@id":"https:\/\/volcanes.net\/?p=10974#primaryimage"},"thumbnailUrl":"https:\/\/volcanes.net\/wp-content\/uploads\/2021\/04\/20programas-.jpeg","datePublished":"2021-04-21T05:09:00+00:00","dateModified":"2021-04-24T05:10:41+00:00","breadcrumb":{"@id":"https:\/\/volcanes.net\/?p=10974#breadcrumb"},"inLanguage":"es","potentialAction":[{"@type":"ReadAction","target":["https:\/\/volcanes.net\/?p=10974"]}]},{"@type":"ImageObject","inLanguage":"es","@id":"https:\/\/volcanes.net\/?p=10974#primaryimage","url":"https:\/\/volcanes.net\/wp-content\/uploads\/2021\/04\/20programas-.jpeg","contentUrl":"https:\/\/volcanes.net\/wp-content\/uploads\/2021\/04\/20programas-.jpeg","width":1024,"height":683},{"@type":"BreadcrumbList","@id":"https:\/\/volcanes.net\/?p=10974#breadcrumb","itemListElement":[{"@type":"ListItem","position":1,"name":"Portada","item":"https:\/\/volcanes.net\/"},{"@type":"ListItem","position":2,"name":"En el congreso se determin\u00f3 programas sociales que se suspenden por veda electoral"}]},{"@type":"WebSite","@id":"https:\/\/volcanes.net\/#website","url":"https:\/\/volcanes.net\/","name":"Volcanes.Net","description":"Periodismo Profesional","publisher":{"@id":"https:\/\/volcanes.net\/#organization"},"potentialAction":[{"@type":"SearchAction","target":{"@type":"EntryPoint","urlTemplate":"https:\/\/volcanes.net\/?s={search_term_string}"},"query-input":{"@type":"PropertyValueSpecification","valueRequired":true,"valueName":"search_term_string"}}],"inLanguage":"es"},{"@type":"Organization","@id":"https:\/\/volcanes.net\/#organization","name":"Grupo Volcanes","url":"https:\/\/volcanes.net\/","logo":{"@type":"ImageObject","inLanguage":"es","@id":"https:\/\/volcanes.net\/#\/schema\/logo\/image\/","url":"http:\/\/volcanes.net\/wp-content\/uploads\/2017\/12\/Avatar2.jpg","contentUrl":"http:\/\/volcanes.net\/wp-content\/uploads\/2017\/12\/Avatar2.jpg","width":378,"height":378,"caption":"Grupo Volcanes"},"image":{"@id":"https:\/\/volcanes.net\/#\/schema\/logo\/image\/"},"sameAs":["https:\/\/www.facebook.com\/volcanes.net\/"]},{"@type":"Person","@id":"https:\/\/volcanes.net\/#\/schema\/person\/4bf0f383940966a4abd53f5048c0e6b9","name":"admin","image":{"@type":"ImageObject","inLanguage":"es","@id":"https:\/\/volcanes.net\/#\/schema\/person\/image\/","url":"https:\/\/secure.gravatar.com\/avatar\/ca004e6cba8462b8cb7abc86e382930c?s=96&d=mm&r=g","contentUrl":"https:\/\/secure.gravatar.com\/avatar\/ca004e6cba8462b8cb7abc86e382930c?s=96&d=mm&r=g","caption":"admin"}}]}},"_links":{"self":[{"href":"https:\/\/volcanes.net\/index.php?rest_route=\/wp\/v2\/posts\/10974"}],"collection":[{"href":"https:\/\/volcanes.net\/index.php?rest_route=\/wp\/v2\/posts"}],"about":[{"href":"https:\/\/volcanes.net\/index.php?rest_route=\/wp\/v2\/types\/post"}],"author":[{"embeddable":true,"href":"https:\/\/volcanes.net\/index.php?rest_route=\/wp\/v2\/users\/1"}],"replies":[{"embeddable":true,"href":"https:\/\/volcanes.net\/index.php?rest_route=%2Fwp%2Fv2%2Fcomments&post=10974"}],"version-history":[{"count":1,"href":"https:\/\/volcanes.net\/index.php?rest_route=\/wp\/v2\/posts\/10974\/revisions"}],"predecessor-version":[{"id":10976,"href":"https:\/\/volcanes.net\/index.php?rest_route=\/wp\/v2\/posts\/10974\/revisions\/10976"}],"wp:featuredmedia":[{"embeddable":true,"href":"https:\/\/volcanes.net\/index.php?rest_route=\/wp\/v2\/media\/10975"}],"wp:attachment":[{"href":"https:\/\/volcanes.net\/index.php?rest_route=%2Fwp%2Fv2%2Fmedia&parent=10974"}],"wp:term":[{"taxonomy":"category","embeddable":true,"href":"https:\/\/volcanes.net\/index.php?rest_route=%2Fwp%2Fv2%2Fcategories&post=10974"},{"taxonomy":"post_tag","embeddable":true,"href":"https:\/\/volcanes.net\/index.php?rest_route=%2Fwp%2Fv2%2Ftags&post=10974"}],"curies":[{"name":"wp","href":"https:\/\/api.w.org\/{rel}","templated":true}]}}